{"id":133806,"date":"2026-03-10T07:21:25","date_gmt":"2026-03-10T10:21:25","guid":{"rendered":"https:\/\/www.noticiasradioreflejos.com.ar\/2021\/?p=133806"},"modified":"2026-03-10T07:22:32","modified_gmt":"2026-03-10T10:22:32","slug":"una-argentina-gano-el-maraton-de-las-islas-malvinas-candela-cerrone-se-impuso-y-se-lo-dedico-a-los-caidos","status":"publish","type":"post","link":"https:\/\/www.noticiasradioreflejos.com.ar\/2021\/una-argentina-gano-el-maraton-de-las-islas-malvinas-candela-cerrone-se-impuso-y-se-lo-dedico-a-los-caidos\/","title":{"rendered":"Una argentina gan\u00f3 el marat\u00f3n de las Islas Malvinas: Candela Cerrone se impuso y se lo dedic\u00f3 a los ca\u00eddos"},"content":{"rendered":"<p>La atleta, oriunda de Pinamar, recorri\u00f3 los 42K en poco m\u00e1s de 3 horas y 14 minutos.<!--more-->La atleta argentina <strong>Candela Cerrone,<\/strong>\u00a0nacida en Pinamar,\u00a0se consagr\u00f3 ganadora de la\u00a0<strong>15\u00aa edici\u00f3n de la\u00a0<\/strong><strong>Stanley Marathon<\/strong>, disputada este domingo en las\u00a0Islas Malvinas.<\/p>\n<div class=\"column-main\">\n<div class=\"article-body\" data-tadevel-template=\"web\/article-body\">\n<div class=\"article-body-content\">\n<p>Con un tiempo oficial de\u00a0<strong>3 horas, 14 minutos y 30 segundos<\/strong>, la corredora logr\u00f3 el\u00a0<strong>primer puesto en la categor\u00eda femenina<\/strong>\u00a0de esta competencia, que es considerada el\u00a0<strong>marat\u00f3n m\u00e1s austral del mundo<\/strong>.<\/p>\n<p>El evento, certificado por la Association of International Marathons and Distance Races, se desarroll\u00f3 en coincidencia con el D\u00eda Internacional de la Mujer y bajo condiciones clim\u00e1ticas extremadamente exigentes.<\/p>\n<p><a href=\"https:\/\/www.noticiasradioreflejos.com.ar\/2021\/una-argentina-gano-el-maraton-de-las-islas-malvinas-candela-cerrone-se-impuso-y-se-lo-dedico-a-los-caidos\/720-31\/\" rel=\"attachment wp-att-133807\"><img loading=\"lazy\" decoding=\"async\" class=\"aligncenter size-full wp-image-133807\" src=\"https:\/\/www.noticiasradioreflejos.com.ar\/2021\/wp-content\/uploads\/2026\/03\/720-4.webp\" alt=\"\" width=\"839\" height=\"720\" srcset=\"https:\/\/www.noticiasradioreflejos.com.ar\/2021\/wp-content\/uploads\/2026\/03\/720-4.webp 839w, https:\/\/www.noticiasradioreflejos.com.ar\/2021\/wp-content\/uploads\/2026\/03\/720-4-300x257.webp 300w, https:\/\/www.noticiasradioreflejos.com.ar\/2021\/wp-content\/uploads\/2026\/03\/720-4-768x659.webp 768w, https:\/\/www.noticiasradioreflejos.com.ar\/2021\/wp-content\/uploads\/2026\/03\/720-4-750x644.webp 750w\" sizes=\"auto, (max-width: 839px) 100vw, 839px\" \/><\/a><\/p>\n<h3>Un circuito duro y con viento extremo<\/h3>\n<h3><span style=\"color: #333333; font-size: 15px;\">La carrera present\u00f3 un desaf\u00edo particular para los corredores debido a <\/span><strong style=\"color: #333333; font-size: 15px;\">las fuertes r\u00e1fagas de viento y la irregularidad del terreno<\/strong><span style=\"color: #333333; font-size: 15px;\">, factores que suelen caracterizar al circuito de las Malvinas.<\/span><\/h3>\n<p>A esto se sum\u00f3 una particularidad reglamentaria: por normas locales, los atletas no pueden competir con\u00a0<strong>insignias nacionales en su indumentaria<\/strong>, por lo que Cerrone particip\u00f3 sin s\u00edmbolos argentinos.<\/p>\n<p>Ese contexto hizo a\u00fan m\u00e1s significativo el cierre de la competencia, cuando la maratonista celebr\u00f3 su logro tras cruzar la meta.<\/p>\n<h3>\u201cFue muy emotivo y muy duro\u201d<\/h3>\n<p>Luego de quedarse con el triunfo,\u00a0Candela Cerrone\u00a0describi\u00f3 lo que signific\u00f3 completar la carrera en condiciones tan exigentes.<\/p>\n<p>\u201c<strong>Fue todo muy emotivo y tambi\u00e9n muy duro<\/strong>\u201d, expres\u00f3 la atleta tras finalizar la prueba.<\/p>\n<p>La victoria de la corredora argentina en uno de los circuitos m\u00e1s extremos del planeta se convirti\u00f3 en\u00a0<strong>un logro destacado para el atletismo nacional<\/strong>, en una competencia que cada a\u00f1o convoca a corredores de distintos pa\u00edses atra\u00eddos por el desaf\u00edo deportivo y las condiciones \u00fanicas del lugar.<\/p>\n<p><a href=\"https:\/\/noticiasargentinas.com\/-agenciana_t6916e70a4551e78eb9423f59\">#AgenciaNA<\/a><\/p>\n<\/div>\n<\/div>\n<\/div>\n","protected":false},"excerpt":{"rendered":"<p>La atleta, oriunda de Pinamar, recorri\u00f3 los 42K en poco m\u00e1s de 3 horas y 14 minutos.<\/p>\n","protected":false},"author":3,"featured_media":133807,"comment_status":"closed","ping_status":"closed","sticky":false,"template":"","format":"standard","meta":{"footnotes":""},"categories":[27],"tags":[],"class_list":["post-133806","post","type-post","status-publish","format-standard","has-post-thumbnail","hentry","category-deportes"],"yoast_head":"<!-- This site is optimized with the Yoast SEO plugin v25.9 - https:\/\/yoast.com\/wordpress\/plugins\/seo\/ -->\n<title>Una argentina gan\u00f3 el marat\u00f3n de las Islas Malvinas: Candela Cerrone se impuso y se lo dedic\u00f3 a los ca\u00eddos - Noticias Radio Reflejos<\/title>\n<meta name=\"robots\" content=\"index, follow, max-snippet:-1, max-image-preview:large, max-video-preview:-1\" \/>\n<link rel=\"canonical\" href=\"https:\/\/www.noticiasradioreflejos.com.ar\/2021\/una-argentina-gano-el-maraton-de-las-islas-malvinas-candela-cerrone-se-impuso-y-se-lo-dedico-a-los-caidos\/\" \/>\n<meta property=\"og:locale\" content=\"es_ES\" \/>\n<meta property=\"og:type\" content=\"article\" \/>\n<meta property=\"og:title\" content=\"Una argentina gan\u00f3 el marat\u00f3n de las Islas Malvinas: Candela Cerrone se impuso y se lo dedic\u00f3 a los ca\u00eddos - Noticias Radio Reflejos\" \/>\n<meta property=\"og:description\" content=\"La atleta, oriunda de Pinamar, recorri\u00f3 los 42K en poco m\u00e1s de 3 horas y 14 minutos.\" \/>\n<meta property=\"og:url\" content=\"https:\/\/www.noticiasradioreflejos.com.ar\/2021\/una-argentina-gano-el-maraton-de-las-islas-malvinas-candela-cerrone-se-impuso-y-se-lo-dedico-a-los-caidos\/\" \/>\n<meta property=\"og:site_name\" content=\"Noticias Radio Reflejos\" \/>\n<meta property=\"article:published_time\" content=\"2026-03-10T10:21:25+00:00\" \/>\n<meta property=\"article:modified_time\" content=\"2026-03-10T10:22:32+00:00\" \/>\n<meta property=\"og:image\" content=\"https:\/\/www.noticiasradioreflejos.com.ar\/2021\/wp-content\/uploads\/2026\/03\/720-4.webp\" \/>\n\t<meta property=\"og:image:width\" content=\"839\" \/>\n\t<meta property=\"og:image:height\" content=\"720\" \/>\n\t<meta property=\"og:image:type\" content=\"image\/webp\" \/>\n<meta name=\"author\" content=\"Arnaldo Botto\" \/>\n<meta name=\"twitter:card\" content=\"summary_large_image\" \/>\n<script type=\"application\/ld+json\" class=\"yoast-schema-graph\">{\"@context\":\"https:\/\/schema.org\",\"@graph\":[{\"@type\":\"WebPage\",\"@id\":\"https:\/\/www.noticiasradioreflejos.com.ar\/2021\/una-argentina-gano-el-maraton-de-las-islas-malvinas-candela-cerrone-se-impuso-y-se-lo-dedico-a-los-caidos\/\",\"url\":\"https:\/\/www.noticiasradioreflejos.com.ar\/2021\/una-argentina-gano-el-maraton-de-las-islas-malvinas-candela-cerrone-se-impuso-y-se-lo-dedico-a-los-caidos\/\",\"name\":\"Una argentina gan\u00f3 el marat\u00f3n de las Islas Malvinas: Candela Cerrone se impuso y se lo dedic\u00f3 a los ca\u00eddos - Noticias Radio Reflejos\",\"isPartOf\":{\"@id\":\"https:\/\/www.noticiasradioreflejos.com.ar\/2021\/#website\"},\"primaryImageOfPage\":{\"@id\":\"https:\/\/www.noticiasradioreflejos.com.ar\/2021\/una-argentina-gano-el-maraton-de-las-islas-malvinas-candela-cerrone-se-impuso-y-se-lo-dedico-a-los-caidos\/#primaryimage\"},\"image\":{\"@id\":\"https:\/\/www.noticiasradioreflejos.com.ar\/2021\/una-argentina-gano-el-maraton-de-las-islas-malvinas-candela-cerrone-se-impuso-y-se-lo-dedico-a-los-caidos\/#primaryimage\"},\"thumbnailUrl\":\"https:\/\/www.noticiasradioreflejos.com.ar\/2021\/wp-content\/uploads\/2026\/03\/720-4.webp\",\"datePublished\":\"2026-03-10T10:21:25+00:00\",\"dateModified\":\"2026-03-10T10:22:32+00:00\",\"author\":{\"@id\":\"https:\/\/www.noticiasradioreflejos.com.ar\/2021\/#\/schema\/person\/ad82545263dcc5ec0996818884fd5fb1\"},\"breadcrumb\":{\"@id\":\"https:\/\/www.noticiasradioreflejos.com.ar\/2021\/una-argentina-gano-el-maraton-de-las-islas-malvinas-candela-cerrone-se-impuso-y-se-lo-dedico-a-los-caidos\/#breadcrumb\"},\"inLanguage\":\"es\",\"potentialAction\":[{\"@type\":\"ReadAction\",\"target\":[\"https:\/\/www.noticiasradioreflejos.com.ar\/2021\/una-argentina-gano-el-maraton-de-las-islas-malvinas-candela-cerrone-se-impuso-y-se-lo-dedico-a-los-caidos\/\"]}]},{\"@type\":\"ImageObject\",\"inLanguage\":\"es\",\"@id\":\"https:\/\/www.noticiasradioreflejos.com.ar\/2021\/una-argentina-gano-el-maraton-de-las-islas-malvinas-candela-cerrone-se-impuso-y-se-lo-dedico-a-los-caidos\/#primaryimage\",\"url\":\"https:\/\/www.noticiasradioreflejos.com.ar\/2021\/wp-content\/uploads\/2026\/03\/720-4.webp\",\"contentUrl\":\"https:\/\/www.noticiasradioreflejos.com.ar\/2021\/wp-content\/uploads\/2026\/03\/720-4.webp\",\"width\":839,\"height\":720},{\"@type\":\"BreadcrumbList\",\"@id\":\"https:\/\/www.noticiasradioreflejos.com.ar\/2021\/una-argentina-gano-el-maraton-de-las-islas-malvinas-candela-cerrone-se-impuso-y-se-lo-dedico-a-los-caidos\/#breadcrumb\",\"itemListElement\":[{\"@type\":\"ListItem\",\"position\":1,\"name\":\"Portada\",\"item\":\"https:\/\/www.noticiasradioreflejos.com.ar\/2021\/\"},{\"@type\":\"ListItem\",\"position\":2,\"name\":\"Una argentina gan\u00f3 el marat\u00f3n de las Islas Malvinas: Candela Cerrone se impuso y se lo dedic\u00f3 a los ca\u00eddos\"}]},{\"@type\":\"WebSite\",\"@id\":\"https:\/\/www.noticiasradioreflejos.com.ar\/2021\/#website\",\"url\":\"https:\/\/www.noticiasradioreflejos.com.ar\/2021\/\",\"name\":\"Noticias Radio Reflejos\",\"description\":\"Las noticias de mi comarca\",\"potentialAction\":[{\"@type\":\"SearchAction\",\"target\":{\"@type\":\"EntryPoint\",\"urlTemplate\":\"https:\/\/www.noticiasradioreflejos.com.ar\/2021\/?s={search_term_string}\"},\"query-input\":{\"@type\":\"PropertyValueSpecification\",\"valueRequired\":true,\"valueName\":\"search_term_string\"}}],\"inLanguage\":\"es\"},{\"@type\":\"Person\",\"@id\":\"https:\/\/www.noticiasradioreflejos.com.ar\/2021\/#\/schema\/person\/ad82545263dcc5ec0996818884fd5fb1\",\"name\":\"Arnaldo Botto\",\"image\":{\"@type\":\"ImageObject\",\"inLanguage\":\"es\",\"@id\":\"https:\/\/www.noticiasradioreflejos.com.ar\/2021\/#\/schema\/person\/image\/\",\"url\":\"https:\/\/secure.gravatar.com\/avatar\/55cb5e37c1efa326397366e6974cb338056df65cb50e7d64d1cf314e87504837?s=96&d=mm&r=g\",\"contentUrl\":\"https:\/\/secure.gravatar.com\/avatar\/55cb5e37c1efa326397366e6974cb338056df65cb50e7d64d1cf314e87504837?s=96&d=mm&r=g\",\"caption\":\"Arnaldo Botto\"},\"url\":\"https:\/\/www.noticiasradioreflejos.com.ar\/2021\/author\/arnaldo\/\"}]}<\/script>\n<!-- \/ Yoast SEO plugin. -->","yoast_head_json":{"title":"Una argentina gan\u00f3 el marat\u00f3n de las Islas Malvinas: Candela Cerrone se impuso y se lo dedic\u00f3 a los ca\u00eddos - Noticias Radio Reflejos","robots":{"index":"index","follow":"follow","max-snippet":"max-snippet:-1","max-image-preview":"max-image-preview:large","max-video-preview":"max-video-preview:-1"},"canonical":"https:\/\/www.noticiasradioreflejos.com.ar\/2021\/una-argentina-gano-el-maraton-de-las-islas-malvinas-candela-cerrone-se-impuso-y-se-lo-dedico-a-los-caidos\/","og_locale":"es_ES","og_type":"article","og_title":"Una argentina gan\u00f3 el marat\u00f3n de las Islas Malvinas: Candela Cerrone se impuso y se lo dedic\u00f3 a los ca\u00eddos - Noticias Radio Reflejos","og_description":"La atleta, oriunda de Pinamar, recorri\u00f3 los 42K en poco m\u00e1s de 3 horas y 14 minutos.","og_url":"https:\/\/www.noticiasradioreflejos.com.ar\/2021\/una-argentina-gano-el-maraton-de-las-islas-malvinas-candela-cerrone-se-impuso-y-se-lo-dedico-a-los-caidos\/","og_site_name":"Noticias Radio Reflejos","article_published_time":"2026-03-10T10:21:25+00:00","article_modified_time":"2026-03-10T10:22:32+00:00","og_image":[{"width":839,"height":720,"url":"https:\/\/www.noticiasradioreflejos.com.ar\/2021\/wp-content\/uploads\/2026\/03\/720-4.webp","type":"image\/webp"}],"author":"Arnaldo Botto","twitter_card":"summary_large_image","schema":{"@context":"https:\/\/schema.org","@graph":[{"@type":"WebPage","@id":"https:\/\/www.noticiasradioreflejos.com.ar\/2021\/una-argentina-gano-el-maraton-de-las-islas-malvinas-candela-cerrone-se-impuso-y-se-lo-dedico-a-los-caidos\/","url":"https:\/\/www.noticiasradioreflejos.com.ar\/2021\/una-argentina-gano-el-maraton-de-las-islas-malvinas-candela-cerrone-se-impuso-y-se-lo-dedico-a-los-caidos\/","name":"Una argentina gan\u00f3 el marat\u00f3n de las Islas Malvinas: Candela Cerrone se impuso y se lo dedic\u00f3 a los ca\u00eddos - Noticias Radio Reflejos","isPartOf":{"@id":"https:\/\/www.noticiasradioreflejos.com.ar\/2021\/#website"},"primaryImageOfPage":{"@id":"https:\/\/www.noticiasradioreflejos.com.ar\/2021\/una-argentina-gano-el-maraton-de-las-islas-malvinas-candela-cerrone-se-impuso-y-se-lo-dedico-a-los-caidos\/#primaryimage"},"image":{"@id":"https:\/\/www.noticiasradioreflejos.com.ar\/2021\/una-argentina-gano-el-maraton-de-las-islas-malvinas-candela-cerrone-se-impuso-y-se-lo-dedico-a-los-caidos\/#primaryimage"},"thumbnailUrl":"https:\/\/www.noticiasradioreflejos.com.ar\/2021\/wp-content\/uploads\/2026\/03\/720-4.webp","datePublished":"2026-03-10T10:21:25+00:00","dateModified":"2026-03-10T10:22:32+00:00","author":{"@id":"https:\/\/www.noticiasradioreflejos.com.ar\/2021\/#\/schema\/person\/ad82545263dcc5ec0996818884fd5fb1"},"breadcrumb":{"@id":"https:\/\/www.noticiasradioreflejos.com.ar\/2021\/una-argentina-gano-el-maraton-de-las-islas-malvinas-candela-cerrone-se-impuso-y-se-lo-dedico-a-los-caidos\/#breadcrumb"},"inLanguage":"es","potentialAction":[{"@type":"ReadAction","target":["https:\/\/www.noticiasradioreflejos.com.ar\/2021\/una-argentina-gano-el-maraton-de-las-islas-malvinas-candela-cerrone-se-impuso-y-se-lo-dedico-a-los-caidos\/"]}]},{"@type":"ImageObject","inLanguage":"es","@id":"https:\/\/www.noticiasradioreflejos.com.ar\/2021\/una-argentina-gano-el-maraton-de-las-islas-malvinas-candela-cerrone-se-impuso-y-se-lo-dedico-a-los-caidos\/#primaryimage","url":"https:\/\/www.noticiasradioreflejos.com.ar\/2021\/wp-content\/uploads\/2026\/03\/720-4.webp","contentUrl":"https:\/\/www.noticiasradioreflejos.com.ar\/2021\/wp-content\/uploads\/2026\/03\/720-4.webp","width":839,"height":720},{"@type":"BreadcrumbList","@id":"https:\/\/www.noticiasradioreflejos.com.ar\/2021\/una-argentina-gano-el-maraton-de-las-islas-malvinas-candela-cerrone-se-impuso-y-se-lo-dedico-a-los-caidos\/#breadcrumb","itemListElement":[{"@type":"ListItem","position":1,"name":"Portada","item":"https:\/\/www.noticiasradioreflejos.com.ar\/2021\/"},{"@type":"ListItem","position":2,"name":"Una argentina gan\u00f3 el marat\u00f3n de las Islas Malvinas: Candela Cerrone se impuso y se lo dedic\u00f3 a los ca\u00eddos"}]},{"@type":"WebSite","@id":"https:\/\/www.noticiasradioreflejos.com.ar\/2021\/#website","url":"https:\/\/www.noticiasradioreflejos.com.ar\/2021\/","name":"Noticias Radio Reflejos","description":"Las noticias de mi comarca","potentialAction":[{"@type":"SearchAction","target":{"@type":"EntryPoint","urlTemplate":"https:\/\/www.noticiasradioreflejos.com.ar\/2021\/?s={search_term_string}"},"query-input":{"@type":"PropertyValueSpecification","valueRequired":true,"valueName":"search_term_string"}}],"inLanguage":"es"},{"@type":"Person","@id":"https:\/\/www.noticiasradioreflejos.com.ar\/2021\/#\/schema\/person\/ad82545263dcc5ec0996818884fd5fb1","name":"Arnaldo Botto","image":{"@type":"ImageObject","inLanguage":"es","@id":"https:\/\/www.noticiasradioreflejos.com.ar\/2021\/#\/schema\/person\/image\/","url":"https:\/\/secure.gravatar.com\/avatar\/55cb5e37c1efa326397366e6974cb338056df65cb50e7d64d1cf314e87504837?s=96&d=mm&r=g","contentUrl":"https:\/\/secure.gravatar.com\/avatar\/55cb5e37c1efa326397366e6974cb338056df65cb50e7d64d1cf314e87504837?s=96&d=mm&r=g","caption":"Arnaldo Botto"},"url":"https:\/\/www.noticiasradioreflejos.com.ar\/2021\/author\/arnaldo\/"}]}},"_links":{"self":[{"href":"https:\/\/www.noticiasradioreflejos.com.ar\/2021\/wp-json\/wp\/v2\/posts\/133806","targetHints":{"allow":["GET"]}}],"collection":[{"href":"https:\/\/www.noticiasradioreflejos.com.ar\/2021\/wp-json\/wp\/v2\/posts"}],"about":[{"href":"https:\/\/www.noticiasradioreflejos.com.ar\/2021\/wp-json\/wp\/v2\/types\/post"}],"author":[{"embeddable":true,"href":"https:\/\/www.noticiasradioreflejos.com.ar\/2021\/wp-json\/wp\/v2\/users\/3"}],"replies":[{"embeddable":true,"href":"https:\/\/www.noticiasradioreflejos.com.ar\/2021\/wp-json\/wp\/v2\/comments?post=133806"}],"version-history":[{"count":2,"href":"https:\/\/www.noticiasradioreflejos.com.ar\/2021\/wp-json\/wp\/v2\/posts\/133806\/revisions"}],"predecessor-version":[{"id":133809,"href":"https:\/\/www.noticiasradioreflejos.com.ar\/2021\/wp-json\/wp\/v2\/posts\/133806\/revisions\/133809"}],"wp:featuredmedia":[{"embeddable":true,"href":"https:\/\/www.noticiasradioreflejos.com.ar\/2021\/wp-json\/wp\/v2\/media\/133807"}],"wp:attachment":[{"href":"https:\/\/www.noticiasradioreflejos.com.ar\/2021\/wp-json\/wp\/v2\/media?parent=133806"}],"wp:term":[{"taxonomy":"category","embeddable":true,"href":"https:\/\/www.noticiasradioreflejos.com.ar\/2021\/wp-json\/wp\/v2\/categories?post=133806"},{"taxonomy":"post_tag","embeddable":true,"href":"https:\/\/www.noticiasradioreflejos.com.ar\/2021\/wp-json\/wp\/v2\/tags?post=133806"}],"curies":[{"name":"wp","href":"https:\/\/api.w.org\/{rel}","templated":true}]}}