{"id":133798,"date":"2026-03-10T06:51:22","date_gmt":"2026-03-10T09:51:22","guid":{"rendered":"https:\/\/www.noticiasradioreflejos.com.ar\/2021\/?p=133798"},"modified":"2026-03-10T07:09:10","modified_gmt":"2026-03-10T10:09:10","slug":"a-la-venta-la-historica-renault-fuego-de-diego-maradona-una-joya-de-coleccion-con-adn-de-campeon","status":"publish","type":"post","link":"https:\/\/www.noticiasradioreflejos.com.ar\/2021\/a-la-venta-la-historica-renault-fuego-de-diego-maradona-una-joya-de-coleccion-con-adn-de-campeon\/","title":{"rendered":"A la venta la hist\u00f3rica Renault Fuego de Diego Maradona: una joya de colecci\u00f3n con ADN de campe\u00f3n"},"content":{"rendered":"<p>El veh\u00edculo que el \u00abDiez\u00bb compr\u00f3 0 km en 1991 vuelve a escena. Con apenas 67.000 kil\u00f3metros y un estado de conservaci\u00f3n inmaculado, la cup\u00e9 Renault Fuego GTA Max que perteneci\u00f3 al astro del f\u00fatbol mundial busca due\u00f1o. La piloto e influencer Aixa Franke es la encargada de comercializar esta pieza de culto por la que piden una cifra cercana a los 65.000 d\u00f3lares.<!--more--><\/p>\n<p data-path-to-node=\"3\">Diego Armando Maradona fue un gran amante de los autos, y entre sus m\u00e1quinas m\u00e1s ic\u00f3nicas aparece la <b data-path-to-node=\"3\" data-index-in-node=\"116\">Renault Fuego GTA Max de 1991<\/b>. El astro la compr\u00f3 en junio de aquel a\u00f1o, tras su regreso al pa\u00eds luego de la suspensi\u00f3n en Italia, y la utiliz\u00f3 para moverse por Buenos Aires antes de su partida al Sevilla en julio de 1992.<\/p>\n<p data-path-to-node=\"3\"><a href=\"https:\/\/www.noticiasradioreflejos.com.ar\/2021\/a-la-venta-la-historica-renault-fuego-de-diego-maradona-una-joya-de-coleccion-con-adn-de-campeon\/cupe-fuego\/\" rel=\"attachment wp-att-133801\"><img loading=\"lazy\" decoding=\"async\" class=\"aligncenter size-full wp-image-133801\" src=\"https:\/\/www.noticiasradioreflejos.com.ar\/2021\/wp-content\/uploads\/2026\/03\/cupe-fuego.jpg\" alt=\"\" width=\"988\" height=\"553\" srcset=\"https:\/\/www.noticiasradioreflejos.com.ar\/2021\/wp-content\/uploads\/2026\/03\/cupe-fuego.jpg 988w, https:\/\/www.noticiasradioreflejos.com.ar\/2021\/wp-content\/uploads\/2026\/03\/cupe-fuego-300x168.jpg 300w, https:\/\/www.noticiasradioreflejos.com.ar\/2021\/wp-content\/uploads\/2026\/03\/cupe-fuego-768x430.jpg 768w, https:\/\/www.noticiasradioreflejos.com.ar\/2021\/wp-content\/uploads\/2026\/03\/cupe-fuego-750x420.jpg 750w\" sizes=\"auto, (max-width: 988px) 100vw, 988px\" \/><\/a> <a href=\"https:\/\/www.noticiasradioreflejos.com.ar\/2021\/a-la-venta-la-historica-renault-fuego-de-diego-maradona-una-joya-de-coleccion-con-adn-de-campeon\/diego-y-la-fuego\/\" rel=\"attachment wp-att-133802\"><img loading=\"lazy\" decoding=\"async\" class=\"aligncenter size-full wp-image-133802\" src=\"https:\/\/www.noticiasradioreflejos.com.ar\/2021\/wp-content\/uploads\/2026\/03\/Diego-y-la-fuego.jpg\" alt=\"\" width=\"990\" height=\"794\" srcset=\"https:\/\/www.noticiasradioreflejos.com.ar\/2021\/wp-content\/uploads\/2026\/03\/Diego-y-la-fuego.jpg 990w, https:\/\/www.noticiasradioreflejos.com.ar\/2021\/wp-content\/uploads\/2026\/03\/Diego-y-la-fuego-300x241.jpg 300w, https:\/\/www.noticiasradioreflejos.com.ar\/2021\/wp-content\/uploads\/2026\/03\/Diego-y-la-fuego-768x616.jpg 768w, https:\/\/www.noticiasradioreflejos.com.ar\/2021\/wp-content\/uploads\/2026\/03\/Diego-y-la-fuego-750x602.jpg 750w\" sizes=\"auto, (max-width: 990px) 100vw, 990px\" \/><\/a><\/p>\n<h3 data-path-to-node=\"4\"><b data-path-to-node=\"4\" data-index-in-node=\"0\">Historia y potencia nacional<\/b><\/h3>\n<p data-path-to-node=\"5\">Este modelo, equipado con un motor de <b data-path-to-node=\"5\" data-index-in-node=\"38\">2.2 litros y 123 caballos de potencia<\/b>, fue en su \u00e9poca el auto de fabricaci\u00f3n nacional m\u00e1s veloz, alcanzando los <b data-path-to-node=\"5\" data-index-in-node=\"151\">198 km\/h<\/b>. Maradona la utilizaba frecuentemente para ir a entrenar a los bosques de Palermo y qued\u00f3 inmortalizada en sus visitas al programa <i data-path-to-node=\"5\" data-index-in-node=\"291\">Ritmo de la Noche<\/i> de Marcelo Tinelli, o aquel domingo de 1991 cuando visit\u00f3 el Aut\u00f3dromo de Buenos Aires para acompa\u00f1ar a Oscar Aventin en una carrera de TC.<\/p>\n<h3 data-path-to-node=\"6\"><b data-path-to-node=\"6\" data-index-in-node=\"0\">Un estado de conservaci\u00f3n \u00fanico<\/b><\/h3>\n<p data-path-to-node=\"7\">A pesar de haber pasado por varios due\u00f1os tras ser vendida originalmente a Benigno Rosende y Calvo, el coche se mantuvo como un objeto de culto. Seg\u00fan revel\u00f3 la piloto <b data-path-to-node=\"7\" data-index-in-node=\"168\">Aixa Franke<\/b>, quien hoy gestiona su venta, el auto luce impecable porque nunca fue de uso diario. Los n\u00fameros hablan por s\u00ed solos:<\/p>\n<ul data-path-to-node=\"8\">\n<li>\n<p data-path-to-node=\"8,0,0\"><b data-path-to-node=\"8,0,0\" data-index-in-node=\"0\">Kilometraje:<\/b> Apenas <b data-path-to-node=\"8,0,0\" data-index-in-node=\"20\">67.622 km<\/b>.<\/p>\n<\/li>\n<li>\n<p data-path-to-node=\"8,1,0\"><b data-path-to-node=\"8,1,0\" data-index-in-node=\"0\">Precio actual:<\/b> Los due\u00f1os piden <b data-path-to-node=\"8,1,0\" data-index-in-node=\"32\">65.000 d\u00f3lares<\/b>.<\/p>\n<\/li>\n<li>\n<p data-path-to-node=\"8,2,0\"><b data-path-to-node=\"8,2,0\" data-index-in-node=\"0\">Historial reciente:<\/b> En 2018 se ofrec\u00eda a 23.000 d\u00f3lares y en 2022 lleg\u00f3 a subastarse mediante el sistema de NFTs.<\/p>\n<\/li>\n<\/ul>\n<h3 data-path-to-node=\"9\"><b data-path-to-node=\"9\" data-index-in-node=\"0\">La vigencia de un mito<\/b><\/h3>\n<p data-path-to-node=\"10\">La Renault Fuego no solo es recordada por Maradona; tambi\u00e9n es leyenda del automovilismo argentino con ocho t\u00edtulos consecutivos en el TC 2000 de la mano de figuras como <b data-path-to-node=\"10\" data-index-in-node=\"170\">Juan Mar\u00eda Traverso<\/b>.<\/p>\n<p data-path-to-node=\"11\">Hoy, mientras el mundo del f\u00fatbol y los fierros se prepara para un nuevo a\u00f1o mundialista, esta cup\u00e9 vuelve a los primeros planos, record\u00e1ndonos la pasi\u00f3n de Diego por la velocidad y el dise\u00f1o nacional.<\/p>\n<div style=\"width: 480px;\" class=\"wp-video\"><video class=\"wp-video-shortcode\" id=\"video-133798-1\" width=\"480\" height=\"480\" preload=\"metadata\" controls=\"controls\"><source type=\"video\/mp4\" src=\"https:\/\/www.noticiasradioreflejos.com.ar\/2021\/wp-content\/uploads\/2026\/03\/diego.mp4?_=1\" \/><a href=\"https:\/\/www.noticiasradioreflejos.com.ar\/2021\/wp-content\/uploads\/2026\/03\/diego.mp4\">https:\/\/www.noticiasradioreflejos.com.ar\/2021\/wp-content\/uploads\/2026\/03\/diego.mp4<\/a><\/video><\/div>\n<p data-path-to-node=\"11\"><strong>Fuente Infobae<\/strong><\/p>\n","protected":false},"excerpt":{"rendered":"<p>El veh\u00edculo que el \u00abDiez\u00bb compr\u00f3 0 km en 1991 vuelve a escena. Con apenas 67.000 kil\u00f3metros y un estado de conservaci\u00f3n inmaculado, la cup\u00e9 Renault Fuego GTA Max que perteneci\u00f3 al astro del f\u00fatbol mundial busca due\u00f1o. La piloto e influencer Aixa Franke es la encargada de comercializar esta pieza de culto por la [&hellip;]<\/p>\n","protected":false},"author":3,"featured_media":133801,"comment_status":"closed","ping_status":"closed","sticky":false,"template":"","format":"standard","meta":{"footnotes":""},"categories":[26],"tags":[],"class_list":["post-133798","post","type-post","status-publish","format-standard","has-post-thumbnail","hentry","category-sociedad"],"yoast_head":"<!-- This site is optimized with the Yoast SEO plugin v25.9 - https:\/\/yoast.com\/wordpress\/plugins\/seo\/ -->\n<title>A la venta la hist\u00f3rica Renault Fuego de Diego Maradona: una joya de colecci\u00f3n con ADN de campe\u00f3n - Noticias Radio Reflejos<\/title>\n<meta name=\"robots\" content=\"index, follow, max-snippet:-1, max-image-preview:large, max-video-preview:-1\" \/>\n<link rel=\"canonical\" href=\"https:\/\/www.noticiasradioreflejos.com.ar\/2021\/a-la-venta-la-historica-renault-fuego-de-diego-maradona-una-joya-de-coleccion-con-adn-de-campeon\/\" \/>\n<meta property=\"og:locale\" content=\"es_ES\" \/>\n<meta property=\"og:type\" content=\"article\" \/>\n<meta property=\"og:title\" content=\"A la venta la hist\u00f3rica Renault Fuego de Diego Maradona: una joya de colecci\u00f3n con ADN de campe\u00f3n - Noticias Radio Reflejos\" \/>\n<meta property=\"og:description\" content=\"El veh\u00edculo que el \u00abDiez\u00bb compr\u00f3 0 km en 1991 vuelve a escena. Con apenas 67.000 kil\u00f3metros y un estado de conservaci\u00f3n inmaculado, la cup\u00e9 Renault Fuego GTA Max que perteneci\u00f3 al astro del f\u00fatbol mundial busca due\u00f1o. La piloto e influencer Aixa Franke es la encargada de comercializar esta pieza de culto por la [&hellip;]\" \/>\n<meta property=\"og:url\" content=\"https:\/\/www.noticiasradioreflejos.com.ar\/2021\/a-la-venta-la-historica-renault-fuego-de-diego-maradona-una-joya-de-coleccion-con-adn-de-campeon\/\" \/>\n<meta property=\"og:site_name\" content=\"Noticias Radio Reflejos\" \/>\n<meta property=\"article:published_time\" content=\"2026-03-10T09:51:22+00:00\" \/>\n<meta property=\"article:modified_time\" content=\"2026-03-10T10:09:10+00:00\" \/>\n<meta property=\"og:image\" content=\"https:\/\/www.noticiasradioreflejos.com.ar\/2021\/wp-content\/uploads\/2026\/03\/cupe-fuego.jpg\" \/>\n\t<meta property=\"og:image:width\" content=\"988\" \/>\n\t<meta property=\"og:image:height\" content=\"553\" \/>\n\t<meta property=\"og:image:type\" content=\"image\/jpeg\" \/>\n<meta name=\"author\" content=\"Arnaldo Botto\" \/>\n<meta name=\"twitter:card\" content=\"summary_large_image\" \/>\n<script type=\"application\/ld+json\" class=\"yoast-schema-graph\">{\"@context\":\"https:\/\/schema.org\",\"@graph\":[{\"@type\":\"WebPage\",\"@id\":\"https:\/\/www.noticiasradioreflejos.com.ar\/2021\/a-la-venta-la-historica-renault-fuego-de-diego-maradona-una-joya-de-coleccion-con-adn-de-campeon\/\",\"url\":\"https:\/\/www.noticiasradioreflejos.com.ar\/2021\/a-la-venta-la-historica-renault-fuego-de-diego-maradona-una-joya-de-coleccion-con-adn-de-campeon\/\",\"name\":\"A la venta la hist\u00f3rica Renault Fuego de Diego Maradona: una joya de colecci\u00f3n con ADN de campe\u00f3n - Noticias Radio Reflejos\",\"isPartOf\":{\"@id\":\"https:\/\/www.noticiasradioreflejos.com.ar\/2021\/#website\"},\"primaryImageOfPage\":{\"@id\":\"https:\/\/www.noticiasradioreflejos.com.ar\/2021\/a-la-venta-la-historica-renault-fuego-de-diego-maradona-una-joya-de-coleccion-con-adn-de-campeon\/#primaryimage\"},\"image\":{\"@id\":\"https:\/\/www.noticiasradioreflejos.com.ar\/2021\/a-la-venta-la-historica-renault-fuego-de-diego-maradona-una-joya-de-coleccion-con-adn-de-campeon\/#primaryimage\"},\"thumbnailUrl\":\"https:\/\/www.noticiasradioreflejos.com.ar\/2021\/wp-content\/uploads\/2026\/03\/cupe-fuego.jpg\",\"datePublished\":\"2026-03-10T09:51:22+00:00\",\"dateModified\":\"2026-03-10T10:09:10+00:00\",\"author\":{\"@id\":\"https:\/\/www.noticiasradioreflejos.com.ar\/2021\/#\/schema\/person\/ad82545263dcc5ec0996818884fd5fb1\"},\"breadcrumb\":{\"@id\":\"https:\/\/www.noticiasradioreflejos.com.ar\/2021\/a-la-venta-la-historica-renault-fuego-de-diego-maradona-una-joya-de-coleccion-con-adn-de-campeon\/#breadcrumb\"},\"inLanguage\":\"es\",\"potentialAction\":[{\"@type\":\"ReadAction\",\"target\":[\"https:\/\/www.noticiasradioreflejos.com.ar\/2021\/a-la-venta-la-historica-renault-fuego-de-diego-maradona-una-joya-de-coleccion-con-adn-de-campeon\/\"]}]},{\"@type\":\"ImageObject\",\"inLanguage\":\"es\",\"@id\":\"https:\/\/www.noticiasradioreflejos.com.ar\/2021\/a-la-venta-la-historica-renault-fuego-de-diego-maradona-una-joya-de-coleccion-con-adn-de-campeon\/#primaryimage\",\"url\":\"https:\/\/www.noticiasradioreflejos.com.ar\/2021\/wp-content\/uploads\/2026\/03\/cupe-fuego.jpg\",\"contentUrl\":\"https:\/\/www.noticiasradioreflejos.com.ar\/2021\/wp-content\/uploads\/2026\/03\/cupe-fuego.jpg\",\"width\":988,\"height\":553},{\"@type\":\"BreadcrumbList\",\"@id\":\"https:\/\/www.noticiasradioreflejos.com.ar\/2021\/a-la-venta-la-historica-renault-fuego-de-diego-maradona-una-joya-de-coleccion-con-adn-de-campeon\/#breadcrumb\",\"itemListElement\":[{\"@type\":\"ListItem\",\"position\":1,\"name\":\"Portada\",\"item\":\"https:\/\/www.noticiasradioreflejos.com.ar\/2021\/\"},{\"@type\":\"ListItem\",\"position\":2,\"name\":\"A la venta la hist\u00f3rica Renault Fuego de Diego Maradona: una joya de colecci\u00f3n con ADN de campe\u00f3n\"}]},{\"@type\":\"WebSite\",\"@id\":\"https:\/\/www.noticiasradioreflejos.com.ar\/2021\/#website\",\"url\":\"https:\/\/www.noticiasradioreflejos.com.ar\/2021\/\",\"name\":\"Noticias Radio Reflejos\",\"description\":\"Las noticias de mi comarca\",\"potentialAction\":[{\"@type\":\"SearchAction\",\"target\":{\"@type\":\"EntryPoint\",\"urlTemplate\":\"https:\/\/www.noticiasradioreflejos.com.ar\/2021\/?s={search_term_string}\"},\"query-input\":{\"@type\":\"PropertyValueSpecification\",\"valueRequired\":true,\"valueName\":\"search_term_string\"}}],\"inLanguage\":\"es\"},{\"@type\":\"Person\",\"@id\":\"https:\/\/www.noticiasradioreflejos.com.ar\/2021\/#\/schema\/person\/ad82545263dcc5ec0996818884fd5fb1\",\"name\":\"Arnaldo Botto\",\"image\":{\"@type\":\"ImageObject\",\"inLanguage\":\"es\",\"@id\":\"https:\/\/www.noticiasradioreflejos.com.ar\/2021\/#\/schema\/person\/image\/\",\"url\":\"https:\/\/secure.gravatar.com\/avatar\/55cb5e37c1efa326397366e6974cb338056df65cb50e7d64d1cf314e87504837?s=96&d=mm&r=g\",\"contentUrl\":\"https:\/\/secure.gravatar.com\/avatar\/55cb5e37c1efa326397366e6974cb338056df65cb50e7d64d1cf314e87504837?s=96&d=mm&r=g\",\"caption\":\"Arnaldo Botto\"},\"url\":\"https:\/\/www.noticiasradioreflejos.com.ar\/2021\/author\/arnaldo\/\"}]}<\/script>\n<!-- \/ Yoast SEO plugin. -->","yoast_head_json":{"title":"A la venta la hist\u00f3rica Renault Fuego de Diego Maradona: una joya de colecci\u00f3n con ADN de campe\u00f3n - Noticias Radio Reflejos","robots":{"index":"index","follow":"follow","max-snippet":"max-snippet:-1","max-image-preview":"max-image-preview:large","max-video-preview":"max-video-preview:-1"},"canonical":"https:\/\/www.noticiasradioreflejos.com.ar\/2021\/a-la-venta-la-historica-renault-fuego-de-diego-maradona-una-joya-de-coleccion-con-adn-de-campeon\/","og_locale":"es_ES","og_type":"article","og_title":"A la venta la hist\u00f3rica Renault Fuego de Diego Maradona: una joya de colecci\u00f3n con ADN de campe\u00f3n - Noticias Radio Reflejos","og_description":"El veh\u00edculo que el \u00abDiez\u00bb compr\u00f3 0 km en 1991 vuelve a escena. Con apenas 67.000 kil\u00f3metros y un estado de conservaci\u00f3n inmaculado, la cup\u00e9 Renault Fuego GTA Max que perteneci\u00f3 al astro del f\u00fatbol mundial busca due\u00f1o. La piloto e influencer Aixa Franke es la encargada de comercializar esta pieza de culto por la [&hellip;]","og_url":"https:\/\/www.noticiasradioreflejos.com.ar\/2021\/a-la-venta-la-historica-renault-fuego-de-diego-maradona-una-joya-de-coleccion-con-adn-de-campeon\/","og_site_name":"Noticias Radio Reflejos","article_published_time":"2026-03-10T09:51:22+00:00","article_modified_time":"2026-03-10T10:09:10+00:00","og_image":[{"width":988,"height":553,"url":"https:\/\/www.noticiasradioreflejos.com.ar\/2021\/wp-content\/uploads\/2026\/03\/cupe-fuego.jpg","type":"image\/jpeg"}],"author":"Arnaldo Botto","twitter_card":"summary_large_image","schema":{"@context":"https:\/\/schema.org","@graph":[{"@type":"WebPage","@id":"https:\/\/www.noticiasradioreflejos.com.ar\/2021\/a-la-venta-la-historica-renault-fuego-de-diego-maradona-una-joya-de-coleccion-con-adn-de-campeon\/","url":"https:\/\/www.noticiasradioreflejos.com.ar\/2021\/a-la-venta-la-historica-renault-fuego-de-diego-maradona-una-joya-de-coleccion-con-adn-de-campeon\/","name":"A la venta la hist\u00f3rica Renault Fuego de Diego Maradona: una joya de colecci\u00f3n con ADN de campe\u00f3n - Noticias Radio Reflejos","isPartOf":{"@id":"https:\/\/www.noticiasradioreflejos.com.ar\/2021\/#website"},"primaryImageOfPage":{"@id":"https:\/\/www.noticiasradioreflejos.com.ar\/2021\/a-la-venta-la-historica-renault-fuego-de-diego-maradona-una-joya-de-coleccion-con-adn-de-campeon\/#primaryimage"},"image":{"@id":"https:\/\/www.noticiasradioreflejos.com.ar\/2021\/a-la-venta-la-historica-renault-fuego-de-diego-maradona-una-joya-de-coleccion-con-adn-de-campeon\/#primaryimage"},"thumbnailUrl":"https:\/\/www.noticiasradioreflejos.com.ar\/2021\/wp-content\/uploads\/2026\/03\/cupe-fuego.jpg","datePublished":"2026-03-10T09:51:22+00:00","dateModified":"2026-03-10T10:09:10+00:00","author":{"@id":"https:\/\/www.noticiasradioreflejos.com.ar\/2021\/#\/schema\/person\/ad82545263dcc5ec0996818884fd5fb1"},"breadcrumb":{"@id":"https:\/\/www.noticiasradioreflejos.com.ar\/2021\/a-la-venta-la-historica-renault-fuego-de-diego-maradona-una-joya-de-coleccion-con-adn-de-campeon\/#breadcrumb"},"inLanguage":"es","potentialAction":[{"@type":"ReadAction","target":["https:\/\/www.noticiasradioreflejos.com.ar\/2021\/a-la-venta-la-historica-renault-fuego-de-diego-maradona-una-joya-de-coleccion-con-adn-de-campeon\/"]}]},{"@type":"ImageObject","inLanguage":"es","@id":"https:\/\/www.noticiasradioreflejos.com.ar\/2021\/a-la-venta-la-historica-renault-fuego-de-diego-maradona-una-joya-de-coleccion-con-adn-de-campeon\/#primaryimage","url":"https:\/\/www.noticiasradioreflejos.com.ar\/2021\/wp-content\/uploads\/2026\/03\/cupe-fuego.jpg","contentUrl":"https:\/\/www.noticiasradioreflejos.com.ar\/2021\/wp-content\/uploads\/2026\/03\/cupe-fuego.jpg","width":988,"height":553},{"@type":"BreadcrumbList","@id":"https:\/\/www.noticiasradioreflejos.com.ar\/2021\/a-la-venta-la-historica-renault-fuego-de-diego-maradona-una-joya-de-coleccion-con-adn-de-campeon\/#breadcrumb","itemListElement":[{"@type":"ListItem","position":1,"name":"Portada","item":"https:\/\/www.noticiasradioreflejos.com.ar\/2021\/"},{"@type":"ListItem","position":2,"name":"A la venta la hist\u00f3rica Renault Fuego de Diego Maradona: una joya de colecci\u00f3n con ADN de campe\u00f3n"}]},{"@type":"WebSite","@id":"https:\/\/www.noticiasradioreflejos.com.ar\/2021\/#website","url":"https:\/\/www.noticiasradioreflejos.com.ar\/2021\/","name":"Noticias Radio Reflejos","description":"Las noticias de mi comarca","potentialAction":[{"@type":"SearchAction","target":{"@type":"EntryPoint","urlTemplate":"https:\/\/www.noticiasradioreflejos.com.ar\/2021\/?s={search_term_string}"},"query-input":{"@type":"PropertyValueSpecification","valueRequired":true,"valueName":"search_term_string"}}],"inLanguage":"es"},{"@type":"Person","@id":"https:\/\/www.noticiasradioreflejos.com.ar\/2021\/#\/schema\/person\/ad82545263dcc5ec0996818884fd5fb1","name":"Arnaldo Botto","image":{"@type":"ImageObject","inLanguage":"es","@id":"https:\/\/www.noticiasradioreflejos.com.ar\/2021\/#\/schema\/person\/image\/","url":"https:\/\/secure.gravatar.com\/avatar\/55cb5e37c1efa326397366e6974cb338056df65cb50e7d64d1cf314e87504837?s=96&d=mm&r=g","contentUrl":"https:\/\/secure.gravatar.com\/avatar\/55cb5e37c1efa326397366e6974cb338056df65cb50e7d64d1cf314e87504837?s=96&d=mm&r=g","caption":"Arnaldo Botto"},"url":"https:\/\/www.noticiasradioreflejos.com.ar\/2021\/author\/arnaldo\/"}]}},"_links":{"self":[{"href":"https:\/\/www.noticiasradioreflejos.com.ar\/2021\/wp-json\/wp\/v2\/posts\/133798","targetHints":{"allow":["GET"]}}],"collection":[{"href":"https:\/\/www.noticiasradioreflejos.com.ar\/2021\/wp-json\/wp\/v2\/posts"}],"about":[{"href":"https:\/\/www.noticiasradioreflejos.com.ar\/2021\/wp-json\/wp\/v2\/types\/post"}],"author":[{"embeddable":true,"href":"https:\/\/www.noticiasradioreflejos.com.ar\/2021\/wp-json\/wp\/v2\/users\/3"}],"replies":[{"embeddable":true,"href":"https:\/\/www.noticiasradioreflejos.com.ar\/2021\/wp-json\/wp\/v2\/comments?post=133798"}],"version-history":[{"count":3,"href":"https:\/\/www.noticiasradioreflejos.com.ar\/2021\/wp-json\/wp\/v2\/posts\/133798\/revisions"}],"predecessor-version":[{"id":133805,"href":"https:\/\/www.noticiasradioreflejos.com.ar\/2021\/wp-json\/wp\/v2\/posts\/133798\/revisions\/133805"}],"wp:featuredmedia":[{"embeddable":true,"href":"https:\/\/www.noticiasradioreflejos.com.ar\/2021\/wp-json\/wp\/v2\/media\/133801"}],"wp:attachment":[{"href":"https:\/\/www.noticiasradioreflejos.com.ar\/2021\/wp-json\/wp\/v2\/media?parent=133798"}],"wp:term":[{"taxonomy":"category","embeddable":true,"href":"https:\/\/www.noticiasradioreflejos.com.ar\/2021\/wp-json\/wp\/v2\/categories?post=133798"},{"taxonomy":"post_tag","embeddable":true,"href":"https:\/\/www.noticiasradioreflejos.com.ar\/2021\/wp-json\/wp\/v2\/tags?post=133798"}],"curies":[{"name":"wp","href":"https:\/\/api.w.org\/{rel}","templated":true}]}}