{"id":133791,"date":"2026-03-09T20:14:59","date_gmt":"2026-03-09T23:14:59","guid":{"rendered":"https:\/\/www.noticiasradioreflejos.com.ar\/2021\/?p=133791"},"modified":"2026-03-09T20:14:59","modified_gmt":"2026-03-09T23:14:59","slug":"multiples-allanamientos-en-saavedra-y-tornquist-tras-un-robo-calificado","status":"publish","type":"post","link":"https:\/\/www.noticiasradioreflejos.com.ar\/2021\/multiples-allanamientos-en-saavedra-y-tornquist-tras-un-robo-calificado\/","title":{"rendered":"M\u00faltiples allanamientos en Saavedra y Tornquist tras un robo calificado"},"content":{"rendered":"<p>En un operativo conjunto y simult\u00e1neo, la Polic\u00eda de la Provincia desarticul\u00f3 una red vinculada a un robo ocurrido en la localidad de Saavedra. Tras cuatro registros en ambas localidades, se lograron secuestrar elementos denunciados como sustra\u00eddos, incluyendo un chaleco antibalas perteneciente a la fuerza policial. Hay varios investigados en la causa.<\/p>\n<p><!--more--><\/p>\n<p data-path-to-node=\"3\"><b data-path-to-node=\"3\" data-index-in-node=\"0\"><\/b> La Comisar\u00eda Saavedra Seccional Segunda inform\u00f3 en las \u00faltimas horas el resultado positivo de una serie de tareas investigativas iniciadas a fines de enero, ra\u00edz de una denuncia por un robo ocurrido en una vivienda de Saavedra. Seg\u00fan el parte oficial, autores ignorados hab\u00edan ingresado a una propiedad tras violentar una ventana, sustrayendo diversos elementos de valor.<\/p>\n<p data-path-to-node=\"4\">La investigaci\u00f3n, caratulada como <b data-path-to-node=\"4\" data-index-in-node=\"34\">\u201cROBO\u201d<\/b> (IPP N\u00b0 2331-26), cont\u00f3 con la intervenci\u00f3n de la Ayudant\u00eda Fiscal Descentralizada del Partido de Saavedra, a cargo de la Dra. Mayra Cavalier Valiere. Tras semanas de recolecci\u00f3n de pruebas por parte de efectivos locales y la Sub D.D.I. de Coronel Su\u00e1rez, la Jueza de Garant\u00edas N\u00b0 1 de Bah\u00eda Blanca, Dra. Marisa Prome, orden\u00f3 cuatro allanamientos simult\u00e1neos.<\/p>\n<p data-path-to-node=\"4\"><a href=\"https:\/\/www.noticiasradioreflejos.com.ar\/2021\/multiples-allanamientos-en-saavedra-y-tornquist-tras-un-robo-calificado\/193801_82_13-jpg_1000\/\" rel=\"attachment wp-att-133793\"><img loading=\"lazy\" decoding=\"async\" class=\"aligncenter size-full wp-image-133793\" src=\"https:\/\/www.noticiasradioreflejos.com.ar\/2021\/wp-content\/uploads\/2026\/03\/193801_82_13.jpg_1000.jpg\" alt=\"\" width=\"1000\" height=\"666\" srcset=\"https:\/\/www.noticiasradioreflejos.com.ar\/2021\/wp-content\/uploads\/2026\/03\/193801_82_13.jpg_1000.jpg 1000w, https:\/\/www.noticiasradioreflejos.com.ar\/2021\/wp-content\/uploads\/2026\/03\/193801_82_13.jpg_1000-300x200.jpg 300w, https:\/\/www.noticiasradioreflejos.com.ar\/2021\/wp-content\/uploads\/2026\/03\/193801_82_13.jpg_1000-768x511.jpg 768w, https:\/\/www.noticiasradioreflejos.com.ar\/2021\/wp-content\/uploads\/2026\/03\/193801_82_13.jpg_1000-750x500.jpg 750w\" sizes=\"auto, (max-width: 1000px) 100vw, 1000px\" \/><\/a><\/p>\n<h3 data-path-to-node=\"5\"><b data-path-to-node=\"5\" data-index-in-node=\"0\">Los operativos en detalle<\/b><\/h3>\n<p data-path-to-node=\"6\">El despliegue policial se dividi\u00f3 entre las localidades de Saavedra y Tornquist:<\/p>\n<ul data-path-to-node=\"7\">\n<li>\n<p data-path-to-node=\"7,0,0\"><b data-path-to-node=\"7,0,0\" data-index-in-node=\"0\">En Saavedra:<\/b> Se allan\u00f3 un domicilio en Av. Mitre al 200, residencia de una mujer identificada como Carina P\u00e9rez. En el lugar, la polic\u00eda logr\u00f3 recuperar elementos denunciados por el damnificado y, llamativamente, se procedi\u00f3 al <b data-path-to-node=\"7,0,0\" data-index-in-node=\"228\">secuestro de un chaleco antibalas<\/b> perteneciente a la Polic\u00eda de la Provincia de Buenos Aires.<\/p>\n<\/li>\n<li>\n<p data-path-to-node=\"7,1,0\"><b data-path-to-node=\"7,1,0\" data-index-in-node=\"0\">En Tornquist:<\/b> Los procedimientos se extendieron a tres viviendas ubicadas en las calles <b data-path-to-node=\"7,1,0\" data-index-in-node=\"88\">Bernardo Houssay N\u00b0 888<\/b> (donde reside Agust\u00edn Villarreal), <b data-path-to-node=\"7,1,0\" data-index-in-node=\"147\">Lavalle N\u00b0 255<\/b> (residencia de Hugo Pastor) y una finca sin n\u00famero en <b data-path-to-node=\"7,1,0\" data-index-in-node=\"216\">Av. Gral. Paz<\/b> (donde habitan Lucas Mat\u00edas Ferreyra y Clara Valentina Franco). En estos puntos se incautaron diversos elementos probatorios de alto inter\u00e9s para el avance de la causa.<\/p>\n<\/li>\n<\/ul>\n<h3 data-path-to-node=\"8\"><b data-path-to-node=\"8\" data-index-in-node=\"0\">Trabajo en conjunto<\/b><\/h3>\n<p data-path-to-node=\"9\">Para garantizar el \u00e9xito de las irrupciones, el operativo cont\u00f3 con la participaci\u00f3n coordinada de personal de la Comisar\u00eda de Saavedra 2da, efectivos de la Sub D.D.I. de Coronel Su\u00e1rez y el Grupo T\u00e9cnico Operativo (G.T.O.) de la Comisar\u00eda de Pig\u00fc\u00e9 1ra.<\/p>\n<p data-path-to-node=\"10\">Por el momento, las autoridades contin\u00faan con las diligencias de rigor para determinar el grado de responsabilidad de cada uno de los moradores en el hecho original, mientras los elementos recuperados permanecen a disposici\u00f3n de la justicia.<\/p>\n<p data-path-to-node=\"10\">\n<p data-path-to-node=\"10\"><a href=\"https:\/\/www.noticiasradioreflejos.com.ar\/2021\/multiples-allanamientos-en-saavedra-y-tornquist-tras-un-robo-calificado\/193846_73_policia1-jpg_800\/\" rel=\"attachment wp-att-133794\"><img loading=\"lazy\" decoding=\"async\" class=\"aligncenter size-full wp-image-133794\" src=\"https:\/\/www.noticiasradioreflejos.com.ar\/2021\/wp-content\/uploads\/2026\/03\/193846_73_policia1.jpg_800.jpg\" alt=\"\" width=\"800\" height=\"346\" srcset=\"https:\/\/www.noticiasradioreflejos.com.ar\/2021\/wp-content\/uploads\/2026\/03\/193846_73_policia1.jpg_800.jpg 800w, https:\/\/www.noticiasradioreflejos.com.ar\/2021\/wp-content\/uploads\/2026\/03\/193846_73_policia1.jpg_800-300x130.jpg 300w, https:\/\/www.noticiasradioreflejos.com.ar\/2021\/wp-content\/uploads\/2026\/03\/193846_73_policia1.jpg_800-768x332.jpg 768w, https:\/\/www.noticiasradioreflejos.com.ar\/2021\/wp-content\/uploads\/2026\/03\/193846_73_policia1.jpg_800-750x324.jpg 750w\" sizes=\"auto, (max-width: 800px) 100vw, 800px\" \/><\/a><\/p>\n<p data-path-to-node=\"10\"><em><strong>fuente Noticias Tornquist<\/strong><\/em><\/p>\n","protected":false},"excerpt":{"rendered":"<p>En un operativo conjunto y simult\u00e1neo, la Polic\u00eda de la Provincia desarticul\u00f3 una red vinculada a un robo ocurrido en la localidad de Saavedra. Tras cuatro registros en ambas localidades, se lograron secuestrar elementos denunciados como sustra\u00eddos, incluyendo un chaleco antibalas perteneciente a la fuerza policial. Hay varios investigados en la causa.<\/p>\n","protected":false},"author":3,"featured_media":133792,"comment_status":"closed","ping_status":"closed","sticky":false,"template":"","format":"standard","meta":{"footnotes":""},"categories":[29],"tags":[48],"class_list":["post-133791","post","type-post","status-publish","format-standard","has-post-thumbnail","hentry","category-policiales","tag-destacada"],"yoast_head":"<!-- This site is optimized with the Yoast SEO plugin v25.9 - https:\/\/yoast.com\/wordpress\/plugins\/seo\/ -->\n<title>M\u00faltiples allanamientos en Saavedra y Tornquist tras un robo calificado - Noticias Radio Reflejos<\/title>\n<meta name=\"robots\" content=\"index, follow, max-snippet:-1, max-image-preview:large, max-video-preview:-1\" \/>\n<link rel=\"canonical\" href=\"https:\/\/www.noticiasradioreflejos.com.ar\/2021\/multiples-allanamientos-en-saavedra-y-tornquist-tras-un-robo-calificado\/\" \/>\n<meta property=\"og:locale\" content=\"es_ES\" \/>\n<meta property=\"og:type\" content=\"article\" \/>\n<meta property=\"og:title\" content=\"M\u00faltiples allanamientos en Saavedra y Tornquist tras un robo calificado - Noticias Radio Reflejos\" \/>\n<meta property=\"og:description\" content=\"En un operativo conjunto y simult\u00e1neo, la Polic\u00eda de la Provincia desarticul\u00f3 una red vinculada a un robo ocurrido en la localidad de Saavedra. Tras cuatro registros en ambas localidades, se lograron secuestrar elementos denunciados como sustra\u00eddos, incluyendo un chaleco antibalas perteneciente a la fuerza policial. Hay varios investigados en la causa.\" \/>\n<meta property=\"og:url\" content=\"https:\/\/www.noticiasradioreflejos.com.ar\/2021\/multiples-allanamientos-en-saavedra-y-tornquist-tras-un-robo-calificado\/\" \/>\n<meta property=\"og:site_name\" content=\"Noticias Radio Reflejos\" \/>\n<meta property=\"article:published_time\" content=\"2026-03-09T23:14:59+00:00\" \/>\n<meta property=\"og:image\" content=\"https:\/\/www.noticiasradioreflejos.com.ar\/2021\/wp-content\/uploads\/2026\/03\/allanamiento.jpg\" \/>\n\t<meta property=\"og:image:width\" content=\"1000\" \/>\n\t<meta property=\"og:image:height\" content=\"648\" \/>\n\t<meta property=\"og:image:type\" content=\"image\/jpeg\" \/>\n<meta name=\"author\" content=\"Arnaldo Botto\" \/>\n<meta name=\"twitter:card\" content=\"summary_large_image\" \/>\n<script type=\"application\/ld+json\" class=\"yoast-schema-graph\">{\"@context\":\"https:\/\/schema.org\",\"@graph\":[{\"@type\":\"WebPage\",\"@id\":\"https:\/\/www.noticiasradioreflejos.com.ar\/2021\/multiples-allanamientos-en-saavedra-y-tornquist-tras-un-robo-calificado\/\",\"url\":\"https:\/\/www.noticiasradioreflejos.com.ar\/2021\/multiples-allanamientos-en-saavedra-y-tornquist-tras-un-robo-calificado\/\",\"name\":\"M\u00faltiples allanamientos en Saavedra y Tornquist tras un robo calificado - Noticias Radio Reflejos\",\"isPartOf\":{\"@id\":\"https:\/\/www.noticiasradioreflejos.com.ar\/2021\/#website\"},\"primaryImageOfPage\":{\"@id\":\"https:\/\/www.noticiasradioreflejos.com.ar\/2021\/multiples-allanamientos-en-saavedra-y-tornquist-tras-un-robo-calificado\/#primaryimage\"},\"image\":{\"@id\":\"https:\/\/www.noticiasradioreflejos.com.ar\/2021\/multiples-allanamientos-en-saavedra-y-tornquist-tras-un-robo-calificado\/#primaryimage\"},\"thumbnailUrl\":\"https:\/\/www.noticiasradioreflejos.com.ar\/2021\/wp-content\/uploads\/2026\/03\/allanamiento.jpg\",\"datePublished\":\"2026-03-09T23:14:59+00:00\",\"author\":{\"@id\":\"https:\/\/www.noticiasradioreflejos.com.ar\/2021\/#\/schema\/person\/ad82545263dcc5ec0996818884fd5fb1\"},\"breadcrumb\":{\"@id\":\"https:\/\/www.noticiasradioreflejos.com.ar\/2021\/multiples-allanamientos-en-saavedra-y-tornquist-tras-un-robo-calificado\/#breadcrumb\"},\"inLanguage\":\"es\",\"potentialAction\":[{\"@type\":\"ReadAction\",\"target\":[\"https:\/\/www.noticiasradioreflejos.com.ar\/2021\/multiples-allanamientos-en-saavedra-y-tornquist-tras-un-robo-calificado\/\"]}]},{\"@type\":\"ImageObject\",\"inLanguage\":\"es\",\"@id\":\"https:\/\/www.noticiasradioreflejos.com.ar\/2021\/multiples-allanamientos-en-saavedra-y-tornquist-tras-un-robo-calificado\/#primaryimage\",\"url\":\"https:\/\/www.noticiasradioreflejos.com.ar\/2021\/wp-content\/uploads\/2026\/03\/allanamiento.jpg\",\"contentUrl\":\"https:\/\/www.noticiasradioreflejos.com.ar\/2021\/wp-content\/uploads\/2026\/03\/allanamiento.jpg\",\"width\":1000,\"height\":648},{\"@type\":\"BreadcrumbList\",\"@id\":\"https:\/\/www.noticiasradioreflejos.com.ar\/2021\/multiples-allanamientos-en-saavedra-y-tornquist-tras-un-robo-calificado\/#breadcrumb\",\"itemListElement\":[{\"@type\":\"ListItem\",\"position\":1,\"name\":\"Portada\",\"item\":\"https:\/\/www.noticiasradioreflejos.com.ar\/2021\/\"},{\"@type\":\"ListItem\",\"position\":2,\"name\":\"M\u00faltiples allanamientos en Saavedra y Tornquist tras un robo calificado\"}]},{\"@type\":\"WebSite\",\"@id\":\"https:\/\/www.noticiasradioreflejos.com.ar\/2021\/#website\",\"url\":\"https:\/\/www.noticiasradioreflejos.com.ar\/2021\/\",\"name\":\"Noticias Radio Reflejos\",\"description\":\"Las noticias de mi comarca\",\"potentialAction\":[{\"@type\":\"SearchAction\",\"target\":{\"@type\":\"EntryPoint\",\"urlTemplate\":\"https:\/\/www.noticiasradioreflejos.com.ar\/2021\/?s={search_term_string}\"},\"query-input\":{\"@type\":\"PropertyValueSpecification\",\"valueRequired\":true,\"valueName\":\"search_term_string\"}}],\"inLanguage\":\"es\"},{\"@type\":\"Person\",\"@id\":\"https:\/\/www.noticiasradioreflejos.com.ar\/2021\/#\/schema\/person\/ad82545263dcc5ec0996818884fd5fb1\",\"name\":\"Arnaldo Botto\",\"image\":{\"@type\":\"ImageObject\",\"inLanguage\":\"es\",\"@id\":\"https:\/\/www.noticiasradioreflejos.com.ar\/2021\/#\/schema\/person\/image\/\",\"url\":\"https:\/\/secure.gravatar.com\/avatar\/55cb5e37c1efa326397366e6974cb338056df65cb50e7d64d1cf314e87504837?s=96&d=mm&r=g\",\"contentUrl\":\"https:\/\/secure.gravatar.com\/avatar\/55cb5e37c1efa326397366e6974cb338056df65cb50e7d64d1cf314e87504837?s=96&d=mm&r=g\",\"caption\":\"Arnaldo Botto\"},\"url\":\"https:\/\/www.noticiasradioreflejos.com.ar\/2021\/author\/arnaldo\/\"}]}<\/script>\n<!-- \/ Yoast SEO plugin. -->","yoast_head_json":{"title":"M\u00faltiples allanamientos en Saavedra y Tornquist tras un robo calificado - Noticias Radio Reflejos","robots":{"index":"index","follow":"follow","max-snippet":"max-snippet:-1","max-image-preview":"max-image-preview:large","max-video-preview":"max-video-preview:-1"},"canonical":"https:\/\/www.noticiasradioreflejos.com.ar\/2021\/multiples-allanamientos-en-saavedra-y-tornquist-tras-un-robo-calificado\/","og_locale":"es_ES","og_type":"article","og_title":"M\u00faltiples allanamientos en Saavedra y Tornquist tras un robo calificado - Noticias Radio Reflejos","og_description":"En un operativo conjunto y simult\u00e1neo, la Polic\u00eda de la Provincia desarticul\u00f3 una red vinculada a un robo ocurrido en la localidad de Saavedra. Tras cuatro registros en ambas localidades, se lograron secuestrar elementos denunciados como sustra\u00eddos, incluyendo un chaleco antibalas perteneciente a la fuerza policial. Hay varios investigados en la causa.","og_url":"https:\/\/www.noticiasradioreflejos.com.ar\/2021\/multiples-allanamientos-en-saavedra-y-tornquist-tras-un-robo-calificado\/","og_site_name":"Noticias Radio Reflejos","article_published_time":"2026-03-09T23:14:59+00:00","og_image":[{"width":1000,"height":648,"url":"https:\/\/www.noticiasradioreflejos.com.ar\/2021\/wp-content\/uploads\/2026\/03\/allanamiento.jpg","type":"image\/jpeg"}],"author":"Arnaldo Botto","twitter_card":"summary_large_image","schema":{"@context":"https:\/\/schema.org","@graph":[{"@type":"WebPage","@id":"https:\/\/www.noticiasradioreflejos.com.ar\/2021\/multiples-allanamientos-en-saavedra-y-tornquist-tras-un-robo-calificado\/","url":"https:\/\/www.noticiasradioreflejos.com.ar\/2021\/multiples-allanamientos-en-saavedra-y-tornquist-tras-un-robo-calificado\/","name":"M\u00faltiples allanamientos en Saavedra y Tornquist tras un robo calificado - Noticias Radio Reflejos","isPartOf":{"@id":"https:\/\/www.noticiasradioreflejos.com.ar\/2021\/#website"},"primaryImageOfPage":{"@id":"https:\/\/www.noticiasradioreflejos.com.ar\/2021\/multiples-allanamientos-en-saavedra-y-tornquist-tras-un-robo-calificado\/#primaryimage"},"image":{"@id":"https:\/\/www.noticiasradioreflejos.com.ar\/2021\/multiples-allanamientos-en-saavedra-y-tornquist-tras-un-robo-calificado\/#primaryimage"},"thumbnailUrl":"https:\/\/www.noticiasradioreflejos.com.ar\/2021\/wp-content\/uploads\/2026\/03\/allanamiento.jpg","datePublished":"2026-03-09T23:14:59+00:00","author":{"@id":"https:\/\/www.noticiasradioreflejos.com.ar\/2021\/#\/schema\/person\/ad82545263dcc5ec0996818884fd5fb1"},"breadcrumb":{"@id":"https:\/\/www.noticiasradioreflejos.com.ar\/2021\/multiples-allanamientos-en-saavedra-y-tornquist-tras-un-robo-calificado\/#breadcrumb"},"inLanguage":"es","potentialAction":[{"@type":"ReadAction","target":["https:\/\/www.noticiasradioreflejos.com.ar\/2021\/multiples-allanamientos-en-saavedra-y-tornquist-tras-un-robo-calificado\/"]}]},{"@type":"ImageObject","inLanguage":"es","@id":"https:\/\/www.noticiasradioreflejos.com.ar\/2021\/multiples-allanamientos-en-saavedra-y-tornquist-tras-un-robo-calificado\/#primaryimage","url":"https:\/\/www.noticiasradioreflejos.com.ar\/2021\/wp-content\/uploads\/2026\/03\/allanamiento.jpg","contentUrl":"https:\/\/www.noticiasradioreflejos.com.ar\/2021\/wp-content\/uploads\/2026\/03\/allanamiento.jpg","width":1000,"height":648},{"@type":"BreadcrumbList","@id":"https:\/\/www.noticiasradioreflejos.com.ar\/2021\/multiples-allanamientos-en-saavedra-y-tornquist-tras-un-robo-calificado\/#breadcrumb","itemListElement":[{"@type":"ListItem","position":1,"name":"Portada","item":"https:\/\/www.noticiasradioreflejos.com.ar\/2021\/"},{"@type":"ListItem","position":2,"name":"M\u00faltiples allanamientos en Saavedra y Tornquist tras un robo calificado"}]},{"@type":"WebSite","@id":"https:\/\/www.noticiasradioreflejos.com.ar\/2021\/#website","url":"https:\/\/www.noticiasradioreflejos.com.ar\/2021\/","name":"Noticias Radio Reflejos","description":"Las noticias de mi comarca","potentialAction":[{"@type":"SearchAction","target":{"@type":"EntryPoint","urlTemplate":"https:\/\/www.noticiasradioreflejos.com.ar\/2021\/?s={search_term_string}"},"query-input":{"@type":"PropertyValueSpecification","valueRequired":true,"valueName":"search_term_string"}}],"inLanguage":"es"},{"@type":"Person","@id":"https:\/\/www.noticiasradioreflejos.com.ar\/2021\/#\/schema\/person\/ad82545263dcc5ec0996818884fd5fb1","name":"Arnaldo Botto","image":{"@type":"ImageObject","inLanguage":"es","@id":"https:\/\/www.noticiasradioreflejos.com.ar\/2021\/#\/schema\/person\/image\/","url":"https:\/\/secure.gravatar.com\/avatar\/55cb5e37c1efa326397366e6974cb338056df65cb50e7d64d1cf314e87504837?s=96&d=mm&r=g","contentUrl":"https:\/\/secure.gravatar.com\/avatar\/55cb5e37c1efa326397366e6974cb338056df65cb50e7d64d1cf314e87504837?s=96&d=mm&r=g","caption":"Arnaldo Botto"},"url":"https:\/\/www.noticiasradioreflejos.com.ar\/2021\/author\/arnaldo\/"}]}},"_links":{"self":[{"href":"https:\/\/www.noticiasradioreflejos.com.ar\/2021\/wp-json\/wp\/v2\/posts\/133791","targetHints":{"allow":["GET"]}}],"collection":[{"href":"https:\/\/www.noticiasradioreflejos.com.ar\/2021\/wp-json\/wp\/v2\/posts"}],"about":[{"href":"https:\/\/www.noticiasradioreflejos.com.ar\/2021\/wp-json\/wp\/v2\/types\/post"}],"author":[{"embeddable":true,"href":"https:\/\/www.noticiasradioreflejos.com.ar\/2021\/wp-json\/wp\/v2\/users\/3"}],"replies":[{"embeddable":true,"href":"https:\/\/www.noticiasradioreflejos.com.ar\/2021\/wp-json\/wp\/v2\/comments?post=133791"}],"version-history":[{"count":2,"href":"https:\/\/www.noticiasradioreflejos.com.ar\/2021\/wp-json\/wp\/v2\/posts\/133791\/revisions"}],"predecessor-version":[{"id":133796,"href":"https:\/\/www.noticiasradioreflejos.com.ar\/2021\/wp-json\/wp\/v2\/posts\/133791\/revisions\/133796"}],"wp:featuredmedia":[{"embeddable":true,"href":"https:\/\/www.noticiasradioreflejos.com.ar\/2021\/wp-json\/wp\/v2\/media\/133792"}],"wp:attachment":[{"href":"https:\/\/www.noticiasradioreflejos.com.ar\/2021\/wp-json\/wp\/v2\/media?parent=133791"}],"wp:term":[{"taxonomy":"category","embeddable":true,"href":"https:\/\/www.noticiasradioreflejos.com.ar\/2021\/wp-json\/wp\/v2\/categories?post=133791"},{"taxonomy":"post_tag","embeddable":true,"href":"https:\/\/www.noticiasradioreflejos.com.ar\/2021\/wp-json\/wp\/v2\/tags?post=133791"}],"curies":[{"name":"wp","href":"https:\/\/api.w.org\/{rel}","templated":true}]}}