{"id":133786,"date":"2026-03-09T19:44:53","date_gmt":"2026-03-09T22:44:53","guid":{"rendered":"https:\/\/www.noticiasradioreflejos.com.ar\/2021\/?p=133786"},"modified":"2026-03-09T19:44:53","modified_gmt":"2026-03-09T22:44:53","slug":"incertidumbre-en-la-escuela-tecnica-mas-de-50-familias-de-la-comarca-reclaman-por-el-boleto-estudiantil","status":"publish","type":"post","link":"https:\/\/www.noticiasradioreflejos.com.ar\/2021\/incertidumbre-en-la-escuela-tecnica-mas-de-50-familias-de-la-comarca-reclaman-por-el-boleto-estudiantil\/","title":{"rendered":"Incertidumbre en la Escuela T\u00e9cnica: M\u00e1s de 50 familias de la Comarca reclaman por el Boleto Estudiantil"},"content":{"rendered":"<p>A m\u00e1s de una semana del inicio del ciclo lectivo, los alumnos de Sierra de la Ventana, Villa Ventana y Saldungaray que asisten a la T\u00e9cnica N\u00b0 1 de Tornquist a\u00fan no cuentan con el pase de transporte. El costo diario por estudiante ronda los $10.000, una cifra inalcanzable para la econom\u00eda familiar. \u00abParece un deja vu lo que vivimos todos los a\u00f1os\u00bb, expresaron los padres en una carta abierta.<!--more--><\/p>\n<p data-path-to-node=\"3\">\u00a0La comunidad educativa de la Escuela Secundaria T\u00e9cnica N\u00b0 1 de la cabecera del distrito se encuentra en estado de alerta. Familias residentes en las localidades de la Comarca Serrana denunciaron la falta de respuestas concretas respecto a la vigencia del boleto estudiantil, una herramienta vital para garantizar el acceso a la educaci\u00f3n t\u00e9cnica.<\/p>\n<p data-path-to-node=\"4\">Seg\u00fan el comunicado enviado por las familias, la respuesta obtenida hasta el momento es la de un \u00abvac\u00edo administrativo\u00bb. Mientras la escuela y las empresas de transporte manifiestan no tener directivas, desde el Ejecutivo Municipal se aduce que se busca \u00abdestrabar\u00bb un art\u00edculo para que la Provincia de Buenos Aires autorice el subsidio correspondiente.<\/p>\n<h3 data-path-to-node=\"5\"><b data-path-to-node=\"5\" data-index-in-node=\"0\">Un gasto insostenible<\/b><\/h3>\n<p data-path-to-node=\"6\">La situaci\u00f3n econ\u00f3mica actual agrava el conflicto. Para las familias, costear el transporte de forma particular representa un gasto de casi <b data-path-to-node=\"6\" data-index-in-node=\"140\">$10.000 diarios por hijo<\/b>, lo que pone en riesgo la continuidad pedag\u00f3gica de los adolescentes.<\/p>\n<p data-path-to-node=\"7\">\u00abYa no son 10 chicos los que viajan, son muchos m\u00e1s. Es hora de que los ejecutivos pongan las cartas sobre la mesa y gestionen una resoluci\u00f3n clara y concreta\u00bb, sostuvieron los padres, quienes recalcaron que esta situaci\u00f3n genera, adem\u00e1s, un estr\u00e9s innecesario en los alumnos que sienten la carga econ\u00f3mica que su elecci\u00f3n educativa representa para sus hogares.<\/p>\n<h3 data-path-to-node=\"8\"><b data-path-to-node=\"8\" data-index-in-node=\"0\">Pedido de respuestas contundentes<\/b><\/h3>\n<p data-path-to-node=\"9\">El reclamo est\u00e1 dirigido a las autoridades municipales y provinciales competentes, exigi\u00e9ndoles que agilicen los tr\u00e1mites de manera inmediata. Las familias consideran que, habiendo iniciado ya marzo, es inadmisible que no se haya previsto la log\u00edstica y el financiamiento de un servicio que se repite a\u00f1o tras a\u00f1o.<\/p>\n<p data-path-to-node=\"10\">\u00abEsperamos que esta carta sea le\u00edda y que se act\u00fae con la celeridad que el caso merece. Nuestros hijos quieren estudiar y es deber del Estado garantizar que puedan llegar a la escuela\u00bb, concluye el texto firmado por las <b data-path-to-node=\"10\" data-index-in-node=\"220\">Familias de la Escuela T\u00e9cnica<\/b>.<\/p>\n","protected":false},"excerpt":{"rendered":"<p>A m\u00e1s de una semana del inicio del ciclo lectivo, los alumnos de Sierra de la Ventana, Villa Ventana y Saldungaray que asisten a la T\u00e9cnica N\u00b0 1 de Tornquist a\u00fan no cuentan con el pase de transporte. El costo diario por estudiante ronda los $10.000, una cifra inalcanzable para la econom\u00eda familiar. \u00abParece un [&hellip;]<\/p>\n","protected":false},"author":3,"featured_media":74835,"comment_status":"closed","ping_status":"closed","sticky":false,"template":"","format":"standard","meta":{"footnotes":""},"categories":[34,24],"tags":[],"class_list":["post-133786","post","type-post","status-publish","format-standard","has-post-thumbnail","hentry","category-educacion","category-politica"],"yoast_head":"<!-- This site is optimized with the Yoast SEO plugin v25.9 - https:\/\/yoast.com\/wordpress\/plugins\/seo\/ -->\n<title>Incertidumbre en la Escuela T\u00e9cnica: M\u00e1s de 50 familias de la Comarca reclaman por el Boleto Estudiantil - Noticias Radio Reflejos<\/title>\n<meta name=\"robots\" content=\"index, follow, max-snippet:-1, max-image-preview:large, max-video-preview:-1\" \/>\n<link rel=\"canonical\" href=\"https:\/\/www.noticiasradioreflejos.com.ar\/2021\/incertidumbre-en-la-escuela-tecnica-mas-de-50-familias-de-la-comarca-reclaman-por-el-boleto-estudiantil\/\" \/>\n<meta property=\"og:locale\" content=\"es_ES\" \/>\n<meta property=\"og:type\" content=\"article\" \/>\n<meta property=\"og:title\" content=\"Incertidumbre en la Escuela T\u00e9cnica: M\u00e1s de 50 familias de la Comarca reclaman por el Boleto Estudiantil - Noticias Radio Reflejos\" \/>\n<meta property=\"og:description\" content=\"A m\u00e1s de una semana del inicio del ciclo lectivo, los alumnos de Sierra de la Ventana, Villa Ventana y Saldungaray que asisten a la T\u00e9cnica N\u00b0 1 de Tornquist a\u00fan no cuentan con el pase de transporte. El costo diario por estudiante ronda los $10.000, una cifra inalcanzable para la econom\u00eda familiar. \u00abParece un [&hellip;]\" \/>\n<meta property=\"og:url\" content=\"https:\/\/www.noticiasradioreflejos.com.ar\/2021\/incertidumbre-en-la-escuela-tecnica-mas-de-50-familias-de-la-comarca-reclaman-por-el-boleto-estudiantil\/\" \/>\n<meta property=\"og:site_name\" content=\"Noticias Radio Reflejos\" \/>\n<meta property=\"article:published_time\" content=\"2026-03-09T22:44:53+00:00\" \/>\n<meta property=\"og:image\" content=\"https:\/\/www.noticiasradioreflejos.com.ar\/2021\/wp-content\/uploads\/2022\/07\/escuelatecnica1tqt.jpg\" \/>\n\t<meta property=\"og:image:width\" content=\"960\" \/>\n\t<meta property=\"og:image:height\" content=\"640\" \/>\n\t<meta property=\"og:image:type\" content=\"image\/jpeg\" \/>\n<meta name=\"author\" content=\"Arnaldo Botto\" \/>\n<meta name=\"twitter:card\" content=\"summary_large_image\" \/>\n<script type=\"application\/ld+json\" class=\"yoast-schema-graph\">{\"@context\":\"https:\/\/schema.org\",\"@graph\":[{\"@type\":\"WebPage\",\"@id\":\"https:\/\/www.noticiasradioreflejos.com.ar\/2021\/incertidumbre-en-la-escuela-tecnica-mas-de-50-familias-de-la-comarca-reclaman-por-el-boleto-estudiantil\/\",\"url\":\"https:\/\/www.noticiasradioreflejos.com.ar\/2021\/incertidumbre-en-la-escuela-tecnica-mas-de-50-familias-de-la-comarca-reclaman-por-el-boleto-estudiantil\/\",\"name\":\"Incertidumbre en la Escuela T\u00e9cnica: M\u00e1s de 50 familias de la Comarca reclaman por el Boleto Estudiantil - Noticias Radio Reflejos\",\"isPartOf\":{\"@id\":\"https:\/\/www.noticiasradioreflejos.com.ar\/2021\/#website\"},\"primaryImageOfPage\":{\"@id\":\"https:\/\/www.noticiasradioreflejos.com.ar\/2021\/incertidumbre-en-la-escuela-tecnica-mas-de-50-familias-de-la-comarca-reclaman-por-el-boleto-estudiantil\/#primaryimage\"},\"image\":{\"@id\":\"https:\/\/www.noticiasradioreflejos.com.ar\/2021\/incertidumbre-en-la-escuela-tecnica-mas-de-50-familias-de-la-comarca-reclaman-por-el-boleto-estudiantil\/#primaryimage\"},\"thumbnailUrl\":\"https:\/\/www.noticiasradioreflejos.com.ar\/2021\/wp-content\/uploads\/2022\/07\/escuelatecnica1tqt.jpg\",\"datePublished\":\"2026-03-09T22:44:53+00:00\",\"author\":{\"@id\":\"https:\/\/www.noticiasradioreflejos.com.ar\/2021\/#\/schema\/person\/ad82545263dcc5ec0996818884fd5fb1\"},\"breadcrumb\":{\"@id\":\"https:\/\/www.noticiasradioreflejos.com.ar\/2021\/incertidumbre-en-la-escuela-tecnica-mas-de-50-familias-de-la-comarca-reclaman-por-el-boleto-estudiantil\/#breadcrumb\"},\"inLanguage\":\"es\",\"potentialAction\":[{\"@type\":\"ReadAction\",\"target\":[\"https:\/\/www.noticiasradioreflejos.com.ar\/2021\/incertidumbre-en-la-escuela-tecnica-mas-de-50-familias-de-la-comarca-reclaman-por-el-boleto-estudiantil\/\"]}]},{\"@type\":\"ImageObject\",\"inLanguage\":\"es\",\"@id\":\"https:\/\/www.noticiasradioreflejos.com.ar\/2021\/incertidumbre-en-la-escuela-tecnica-mas-de-50-familias-de-la-comarca-reclaman-por-el-boleto-estudiantil\/#primaryimage\",\"url\":\"https:\/\/www.noticiasradioreflejos.com.ar\/2021\/wp-content\/uploads\/2022\/07\/escuelatecnica1tqt.jpg\",\"contentUrl\":\"https:\/\/www.noticiasradioreflejos.com.ar\/2021\/wp-content\/uploads\/2022\/07\/escuelatecnica1tqt.jpg\",\"width\":960,\"height\":640},{\"@type\":\"BreadcrumbList\",\"@id\":\"https:\/\/www.noticiasradioreflejos.com.ar\/2021\/incertidumbre-en-la-escuela-tecnica-mas-de-50-familias-de-la-comarca-reclaman-por-el-boleto-estudiantil\/#breadcrumb\",\"itemListElement\":[{\"@type\":\"ListItem\",\"position\":1,\"name\":\"Portada\",\"item\":\"https:\/\/www.noticiasradioreflejos.com.ar\/2021\/\"},{\"@type\":\"ListItem\",\"position\":2,\"name\":\"Incertidumbre en la Escuela T\u00e9cnica: M\u00e1s de 50 familias de la Comarca reclaman por el Boleto Estudiantil\"}]},{\"@type\":\"WebSite\",\"@id\":\"https:\/\/www.noticiasradioreflejos.com.ar\/2021\/#website\",\"url\":\"https:\/\/www.noticiasradioreflejos.com.ar\/2021\/\",\"name\":\"Noticias Radio Reflejos\",\"description\":\"Las noticias de mi comarca\",\"potentialAction\":[{\"@type\":\"SearchAction\",\"target\":{\"@type\":\"EntryPoint\",\"urlTemplate\":\"https:\/\/www.noticiasradioreflejos.com.ar\/2021\/?s={search_term_string}\"},\"query-input\":{\"@type\":\"PropertyValueSpecification\",\"valueRequired\":true,\"valueName\":\"search_term_string\"}}],\"inLanguage\":\"es\"},{\"@type\":\"Person\",\"@id\":\"https:\/\/www.noticiasradioreflejos.com.ar\/2021\/#\/schema\/person\/ad82545263dcc5ec0996818884fd5fb1\",\"name\":\"Arnaldo Botto\",\"image\":{\"@type\":\"ImageObject\",\"inLanguage\":\"es\",\"@id\":\"https:\/\/www.noticiasradioreflejos.com.ar\/2021\/#\/schema\/person\/image\/\",\"url\":\"https:\/\/secure.gravatar.com\/avatar\/55cb5e37c1efa326397366e6974cb338056df65cb50e7d64d1cf314e87504837?s=96&d=mm&r=g\",\"contentUrl\":\"https:\/\/secure.gravatar.com\/avatar\/55cb5e37c1efa326397366e6974cb338056df65cb50e7d64d1cf314e87504837?s=96&d=mm&r=g\",\"caption\":\"Arnaldo Botto\"},\"url\":\"https:\/\/www.noticiasradioreflejos.com.ar\/2021\/author\/arnaldo\/\"}]}<\/script>\n<!-- \/ Yoast SEO plugin. -->","yoast_head_json":{"title":"Incertidumbre en la Escuela T\u00e9cnica: M\u00e1s de 50 familias de la Comarca reclaman por el Boleto Estudiantil - Noticias Radio Reflejos","robots":{"index":"index","follow":"follow","max-snippet":"max-snippet:-1","max-image-preview":"max-image-preview:large","max-video-preview":"max-video-preview:-1"},"canonical":"https:\/\/www.noticiasradioreflejos.com.ar\/2021\/incertidumbre-en-la-escuela-tecnica-mas-de-50-familias-de-la-comarca-reclaman-por-el-boleto-estudiantil\/","og_locale":"es_ES","og_type":"article","og_title":"Incertidumbre en la Escuela T\u00e9cnica: M\u00e1s de 50 familias de la Comarca reclaman por el Boleto Estudiantil - Noticias Radio Reflejos","og_description":"A m\u00e1s de una semana del inicio del ciclo lectivo, los alumnos de Sierra de la Ventana, Villa Ventana y Saldungaray que asisten a la T\u00e9cnica N\u00b0 1 de Tornquist a\u00fan no cuentan con el pase de transporte. El costo diario por estudiante ronda los $10.000, una cifra inalcanzable para la econom\u00eda familiar. \u00abParece un [&hellip;]","og_url":"https:\/\/www.noticiasradioreflejos.com.ar\/2021\/incertidumbre-en-la-escuela-tecnica-mas-de-50-familias-de-la-comarca-reclaman-por-el-boleto-estudiantil\/","og_site_name":"Noticias Radio Reflejos","article_published_time":"2026-03-09T22:44:53+00:00","og_image":[{"width":960,"height":640,"url":"https:\/\/www.noticiasradioreflejos.com.ar\/2021\/wp-content\/uploads\/2022\/07\/escuelatecnica1tqt.jpg","type":"image\/jpeg"}],"author":"Arnaldo Botto","twitter_card":"summary_large_image","schema":{"@context":"https:\/\/schema.org","@graph":[{"@type":"WebPage","@id":"https:\/\/www.noticiasradioreflejos.com.ar\/2021\/incertidumbre-en-la-escuela-tecnica-mas-de-50-familias-de-la-comarca-reclaman-por-el-boleto-estudiantil\/","url":"https:\/\/www.noticiasradioreflejos.com.ar\/2021\/incertidumbre-en-la-escuela-tecnica-mas-de-50-familias-de-la-comarca-reclaman-por-el-boleto-estudiantil\/","name":"Incertidumbre en la Escuela T\u00e9cnica: M\u00e1s de 50 familias de la Comarca reclaman por el Boleto Estudiantil - Noticias Radio Reflejos","isPartOf":{"@id":"https:\/\/www.noticiasradioreflejos.com.ar\/2021\/#website"},"primaryImageOfPage":{"@id":"https:\/\/www.noticiasradioreflejos.com.ar\/2021\/incertidumbre-en-la-escuela-tecnica-mas-de-50-familias-de-la-comarca-reclaman-por-el-boleto-estudiantil\/#primaryimage"},"image":{"@id":"https:\/\/www.noticiasradioreflejos.com.ar\/2021\/incertidumbre-en-la-escuela-tecnica-mas-de-50-familias-de-la-comarca-reclaman-por-el-boleto-estudiantil\/#primaryimage"},"thumbnailUrl":"https:\/\/www.noticiasradioreflejos.com.ar\/2021\/wp-content\/uploads\/2022\/07\/escuelatecnica1tqt.jpg","datePublished":"2026-03-09T22:44:53+00:00","author":{"@id":"https:\/\/www.noticiasradioreflejos.com.ar\/2021\/#\/schema\/person\/ad82545263dcc5ec0996818884fd5fb1"},"breadcrumb":{"@id":"https:\/\/www.noticiasradioreflejos.com.ar\/2021\/incertidumbre-en-la-escuela-tecnica-mas-de-50-familias-de-la-comarca-reclaman-por-el-boleto-estudiantil\/#breadcrumb"},"inLanguage":"es","potentialAction":[{"@type":"ReadAction","target":["https:\/\/www.noticiasradioreflejos.com.ar\/2021\/incertidumbre-en-la-escuela-tecnica-mas-de-50-familias-de-la-comarca-reclaman-por-el-boleto-estudiantil\/"]}]},{"@type":"ImageObject","inLanguage":"es","@id":"https:\/\/www.noticiasradioreflejos.com.ar\/2021\/incertidumbre-en-la-escuela-tecnica-mas-de-50-familias-de-la-comarca-reclaman-por-el-boleto-estudiantil\/#primaryimage","url":"https:\/\/www.noticiasradioreflejos.com.ar\/2021\/wp-content\/uploads\/2022\/07\/escuelatecnica1tqt.jpg","contentUrl":"https:\/\/www.noticiasradioreflejos.com.ar\/2021\/wp-content\/uploads\/2022\/07\/escuelatecnica1tqt.jpg","width":960,"height":640},{"@type":"BreadcrumbList","@id":"https:\/\/www.noticiasradioreflejos.com.ar\/2021\/incertidumbre-en-la-escuela-tecnica-mas-de-50-familias-de-la-comarca-reclaman-por-el-boleto-estudiantil\/#breadcrumb","itemListElement":[{"@type":"ListItem","position":1,"name":"Portada","item":"https:\/\/www.noticiasradioreflejos.com.ar\/2021\/"},{"@type":"ListItem","position":2,"name":"Incertidumbre en la Escuela T\u00e9cnica: M\u00e1s de 50 familias de la Comarca reclaman por el Boleto Estudiantil"}]},{"@type":"WebSite","@id":"https:\/\/www.noticiasradioreflejos.com.ar\/2021\/#website","url":"https:\/\/www.noticiasradioreflejos.com.ar\/2021\/","name":"Noticias Radio Reflejos","description":"Las noticias de mi comarca","potentialAction":[{"@type":"SearchAction","target":{"@type":"EntryPoint","urlTemplate":"https:\/\/www.noticiasradioreflejos.com.ar\/2021\/?s={search_term_string}"},"query-input":{"@type":"PropertyValueSpecification","valueRequired":true,"valueName":"search_term_string"}}],"inLanguage":"es"},{"@type":"Person","@id":"https:\/\/www.noticiasradioreflejos.com.ar\/2021\/#\/schema\/person\/ad82545263dcc5ec0996818884fd5fb1","name":"Arnaldo Botto","image":{"@type":"ImageObject","inLanguage":"es","@id":"https:\/\/www.noticiasradioreflejos.com.ar\/2021\/#\/schema\/person\/image\/","url":"https:\/\/secure.gravatar.com\/avatar\/55cb5e37c1efa326397366e6974cb338056df65cb50e7d64d1cf314e87504837?s=96&d=mm&r=g","contentUrl":"https:\/\/secure.gravatar.com\/avatar\/55cb5e37c1efa326397366e6974cb338056df65cb50e7d64d1cf314e87504837?s=96&d=mm&r=g","caption":"Arnaldo Botto"},"url":"https:\/\/www.noticiasradioreflejos.com.ar\/2021\/author\/arnaldo\/"}]}},"_links":{"self":[{"href":"https:\/\/www.noticiasradioreflejos.com.ar\/2021\/wp-json\/wp\/v2\/posts\/133786","targetHints":{"allow":["GET"]}}],"collection":[{"href":"https:\/\/www.noticiasradioreflejos.com.ar\/2021\/wp-json\/wp\/v2\/posts"}],"about":[{"href":"https:\/\/www.noticiasradioreflejos.com.ar\/2021\/wp-json\/wp\/v2\/types\/post"}],"author":[{"embeddable":true,"href":"https:\/\/www.noticiasradioreflejos.com.ar\/2021\/wp-json\/wp\/v2\/users\/3"}],"replies":[{"embeddable":true,"href":"https:\/\/www.noticiasradioreflejos.com.ar\/2021\/wp-json\/wp\/v2\/comments?post=133786"}],"version-history":[{"count":1,"href":"https:\/\/www.noticiasradioreflejos.com.ar\/2021\/wp-json\/wp\/v2\/posts\/133786\/revisions"}],"predecessor-version":[{"id":133787,"href":"https:\/\/www.noticiasradioreflejos.com.ar\/2021\/wp-json\/wp\/v2\/posts\/133786\/revisions\/133787"}],"wp:featuredmedia":[{"embeddable":true,"href":"https:\/\/www.noticiasradioreflejos.com.ar\/2021\/wp-json\/wp\/v2\/media\/74835"}],"wp:attachment":[{"href":"https:\/\/www.noticiasradioreflejos.com.ar\/2021\/wp-json\/wp\/v2\/media?parent=133786"}],"wp:term":[{"taxonomy":"category","embeddable":true,"href":"https:\/\/www.noticiasradioreflejos.com.ar\/2021\/wp-json\/wp\/v2\/categories?post=133786"},{"taxonomy":"post_tag","embeddable":true,"href":"https:\/\/www.noticiasradioreflejos.com.ar\/2021\/wp-json\/wp\/v2\/tags?post=133786"}],"curies":[{"name":"wp","href":"https:\/\/api.w.org\/{rel}","templated":true}]}}