{"id":133784,"date":"2026-03-09T19:28:48","date_gmt":"2026-03-09T22:28:48","guid":{"rendered":"https:\/\/www.noticiasradioreflejos.com.ar\/2021\/?p=133784"},"modified":"2026-03-09T19:29:00","modified_gmt":"2026-03-09T22:29:00","slug":"balance-del-lunes-el-alerta-paso-por-la-comarca-con-lluvias-leves-y-rafagas-moderadas","status":"publish","type":"post","link":"https:\/\/www.noticiasradioreflejos.com.ar\/2021\/balance-del-lunes-el-alerta-paso-por-la-comarca-con-lluvias-leves-y-rafagas-moderadas\/","title":{"rendered":"Balance del lunes: El alerta pas\u00f3 por la Comarca con lluvias leves y r\u00e1fagas moderadas"},"content":{"rendered":"<p>Tras la vigencia del alerta amarillo, las precipitaciones en la zona serrana fueron de car\u00e1cter d\u00e9bil, registr\u00e1ndose apenas 6 mm en Sierra y Villa Ventana. Sin embargo, el fen\u00f3meno descarg\u00f3 con mayor fuerza hacia el oeste, con registros que superaron los 40 mm en Felipe Sola. Para este martes se espera una notable mejor\u00eda en las condiciones, con un ascenso de la temperatura que rozar\u00e1 los 27\u00b0C y vientos leves del sector norte.<\/p>\n<p data-path-to-node=\"4\"><!--more-->\u00a0Luego de una jornada marcada por la incertidumbre meteorol\u00f3gica, el frente de tormenta atraves\u00f3 la regi\u00f3n dejando un panorama dispar en cuanto a milimetrajes. Con el cielo cubierto desde la madrugada, los primeros chaparrones se produjeron cerca de las 7 de la ma\u00f1ana; aunque reci\u00e9n pasado el mediod\u00eda comenz\u00f3 a hacerse m\u00e1s intenso y, llegada las 18:00 hs aproximadamente, las lluvias cesaron definitivamente.<\/p>\n<p data-path-to-node=\"8\">En cuanto al viento, si bien la jornada se caracteriz\u00f3 por una relativa calma, nuestra estaci\u00f3n meteorol\u00f3gica registr\u00f3 una r\u00e1faga m\u00e1xima de <b data-path-to-node=\"8\" data-index-in-node=\"140\">44 km\/h<\/b> en horas del mediod\u00eda. Al caer la tarde, reina la calma bajo un cielo todav\u00eda totalmente cubierto.<\/p>\n<h3 data-path-to-node=\"9\"><b data-path-to-node=\"9\" data-index-in-node=\"0\">Pron\u00f3stico para el martes<\/b><\/h3>\n<p data-path-to-node=\"10\">Para ma\u00f1ana, el Servicio Meteorol\u00f3gico anticipa un cambio en la masa de aire que traer\u00e1 condiciones m\u00e1s primaverales:<\/p>\n<ul data-path-to-node=\"11\">\n<li>\n<p data-path-to-node=\"11,0,0\"><b data-path-to-node=\"11,0,0\" data-index-in-node=\"0\">Temperaturas:<\/b> M\u00ednima de 14\u00b0C y una m\u00e1xima que ascender\u00e1 hasta los <b data-path-to-node=\"11,0,0\" data-index-in-node=\"66\">26 o 27 grados<\/b>.<\/p>\n<\/li>\n<li>\n<p data-path-to-node=\"11,1,0\"><b data-path-to-node=\"11,1,0\" data-index-in-node=\"0\">Cielo:<\/b> Nubosidad variable sin probabilidad de lluvias.<\/p>\n<\/li>\n<li>\n<p data-path-to-node=\"11,2,0\"><b data-path-to-node=\"11,2,0\" data-index-in-node=\"0\">Viento:<\/b> Del sector norte, suave y sostenido, con velocidades entre los 15 y 30 km\/h.<\/p>\n<\/li>\n<\/ul>\n<p>&nbsp;<\/p>\n<h3 data-path-to-node=\"5\"><b data-path-to-node=\"5\" data-index-in-node=\"0\">Registros de lluvia en la regi\u00f3n<\/b><\/h3>\n<p data-path-to-node=\"6\">Mientras que en el coraz\u00f3n de la Comarca Serrana el agua fue escasa, del otro lado de los cordones se dieron los mayores acumulados:<\/p>\n<p data-path-to-node=\"6\">\n<p>6 mm Sierra de la Ventana<br \/>\n5,6 mm en Sierras Grandes<br \/>\n5 mm en Las Acacias<br \/>\n6 mm Villa Ventana<br \/>\n8 mm San Andres de la Sierra<br \/>\n9 mm Villa Serrana La Gruta<br \/>\n12 mm Tornquist-Centro<br \/>\n26 mm Chasico<br \/>\n20 mm Tres Picos<br \/>\n27.5 mm en Pig\u00fc\u00e9<br \/>\n11 mm en Saavedra<br \/>\n13 mm en Arroyo Corto<br \/>\n34 mm en Goyena<br \/>\n6 mm en Guamin\u00ed<br \/>\n22 mm en Carhu\u00e9<br \/>\n15 mm en Huanguel\u00e9n<br \/>\n46 mm en Felipe Sola<br \/>\n3,2 mm en Cabildo<br \/>\n2.5 mm en Bajo Hondo<br \/>\n4 mm en el Pantanoso<br \/>\n6.3 mm en Funke<br \/>\n5 mm en San Eloy<br \/>\n17 mm en San Miguel Arc\u00e1ngel<br \/>\n24 mm en Bah\u00eda Blanca<br \/>\n4 mm en Salliquel\u00f3<br \/>\n8 mm en Daireaux<br \/>\n1,5 mm en L\u00edbano<\/p>\n","protected":false},"excerpt":{"rendered":"<p>Tras la vigencia del alerta amarillo, las precipitaciones en la zona serrana fueron de car\u00e1cter d\u00e9bil, registr\u00e1ndose apenas 6 mm en Sierra y Villa Ventana. Sin embargo, el fen\u00f3meno descarg\u00f3 con mayor fuerza hacia el oeste, con registros que superaron los 40 mm en Felipe Sola. Para este martes se espera una notable mejor\u00eda en [&hellip;]<\/p>\n","protected":false},"author":3,"featured_media":106555,"comment_status":"closed","ping_status":"closed","sticky":false,"template":"","format":"standard","meta":{"footnotes":""},"categories":[46],"tags":[48],"class_list":["post-133784","post","type-post","status-publish","format-standard","has-post-thumbnail","hentry","category-ciencia-y-tecnologia","tag-destacada"],"yoast_head":"<!-- This site is optimized with the Yoast SEO plugin v25.9 - https:\/\/yoast.com\/wordpress\/plugins\/seo\/ -->\n<title>Balance del lunes: El alerta pas\u00f3 por la Comarca con lluvias leves y r\u00e1fagas moderadas - Noticias Radio Reflejos<\/title>\n<meta name=\"robots\" content=\"index, follow, max-snippet:-1, max-image-preview:large, max-video-preview:-1\" \/>\n<link rel=\"canonical\" href=\"https:\/\/www.noticiasradioreflejos.com.ar\/2021\/balance-del-lunes-el-alerta-paso-por-la-comarca-con-lluvias-leves-y-rafagas-moderadas\/\" \/>\n<meta property=\"og:locale\" content=\"es_ES\" \/>\n<meta property=\"og:type\" content=\"article\" \/>\n<meta property=\"og:title\" content=\"Balance del lunes: El alerta pas\u00f3 por la Comarca con lluvias leves y r\u00e1fagas moderadas - Noticias Radio Reflejos\" \/>\n<meta property=\"og:description\" content=\"Tras la vigencia del alerta amarillo, las precipitaciones en la zona serrana fueron de car\u00e1cter d\u00e9bil, registr\u00e1ndose apenas 6 mm en Sierra y Villa Ventana. Sin embargo, el fen\u00f3meno descarg\u00f3 con mayor fuerza hacia el oeste, con registros que superaron los 40 mm en Felipe Sola. Para este martes se espera una notable mejor\u00eda en [&hellip;]\" \/>\n<meta property=\"og:url\" content=\"https:\/\/www.noticiasradioreflejos.com.ar\/2021\/balance-del-lunes-el-alerta-paso-por-la-comarca-con-lluvias-leves-y-rafagas-moderadas\/\" \/>\n<meta property=\"og:site_name\" content=\"Noticias Radio Reflejos\" \/>\n<meta property=\"article:published_time\" content=\"2026-03-09T22:28:48+00:00\" \/>\n<meta property=\"article:modified_time\" content=\"2026-03-09T22:29:00+00:00\" \/>\n<meta property=\"og:image\" content=\"https:\/\/www.noticiasradioreflejos.com.ar\/2021\/wp-content\/uploads\/2024\/08\/Sierra-lluvia.jpeg\" \/>\n\t<meta property=\"og:image:width\" content=\"1600\" \/>\n\t<meta property=\"og:image:height\" content=\"900\" \/>\n\t<meta property=\"og:image:type\" content=\"image\/jpeg\" \/>\n<meta name=\"author\" content=\"Arnaldo Botto\" \/>\n<meta name=\"twitter:card\" content=\"summary_large_image\" \/>\n<script type=\"application\/ld+json\" class=\"yoast-schema-graph\">{\"@context\":\"https:\/\/schema.org\",\"@graph\":[{\"@type\":\"WebPage\",\"@id\":\"https:\/\/www.noticiasradioreflejos.com.ar\/2021\/balance-del-lunes-el-alerta-paso-por-la-comarca-con-lluvias-leves-y-rafagas-moderadas\/\",\"url\":\"https:\/\/www.noticiasradioreflejos.com.ar\/2021\/balance-del-lunes-el-alerta-paso-por-la-comarca-con-lluvias-leves-y-rafagas-moderadas\/\",\"name\":\"Balance del lunes: El alerta pas\u00f3 por la Comarca con lluvias leves y r\u00e1fagas moderadas - Noticias Radio Reflejos\",\"isPartOf\":{\"@id\":\"https:\/\/www.noticiasradioreflejos.com.ar\/2021\/#website\"},\"primaryImageOfPage\":{\"@id\":\"https:\/\/www.noticiasradioreflejos.com.ar\/2021\/balance-del-lunes-el-alerta-paso-por-la-comarca-con-lluvias-leves-y-rafagas-moderadas\/#primaryimage\"},\"image\":{\"@id\":\"https:\/\/www.noticiasradioreflejos.com.ar\/2021\/balance-del-lunes-el-alerta-paso-por-la-comarca-con-lluvias-leves-y-rafagas-moderadas\/#primaryimage\"},\"thumbnailUrl\":\"https:\/\/www.noticiasradioreflejos.com.ar\/2021\/wp-content\/uploads\/2024\/08\/Sierra-lluvia.jpeg\",\"datePublished\":\"2026-03-09T22:28:48+00:00\",\"dateModified\":\"2026-03-09T22:29:00+00:00\",\"author\":{\"@id\":\"https:\/\/www.noticiasradioreflejos.com.ar\/2021\/#\/schema\/person\/ad82545263dcc5ec0996818884fd5fb1\"},\"breadcrumb\":{\"@id\":\"https:\/\/www.noticiasradioreflejos.com.ar\/2021\/balance-del-lunes-el-alerta-paso-por-la-comarca-con-lluvias-leves-y-rafagas-moderadas\/#breadcrumb\"},\"inLanguage\":\"es\",\"potentialAction\":[{\"@type\":\"ReadAction\",\"target\":[\"https:\/\/www.noticiasradioreflejos.com.ar\/2021\/balance-del-lunes-el-alerta-paso-por-la-comarca-con-lluvias-leves-y-rafagas-moderadas\/\"]}]},{\"@type\":\"ImageObject\",\"inLanguage\":\"es\",\"@id\":\"https:\/\/www.noticiasradioreflejos.com.ar\/2021\/balance-del-lunes-el-alerta-paso-por-la-comarca-con-lluvias-leves-y-rafagas-moderadas\/#primaryimage\",\"url\":\"https:\/\/www.noticiasradioreflejos.com.ar\/2021\/wp-content\/uploads\/2024\/08\/Sierra-lluvia.jpeg\",\"contentUrl\":\"https:\/\/www.noticiasradioreflejos.com.ar\/2021\/wp-content\/uploads\/2024\/08\/Sierra-lluvia.jpeg\",\"width\":1600,\"height\":900},{\"@type\":\"BreadcrumbList\",\"@id\":\"https:\/\/www.noticiasradioreflejos.com.ar\/2021\/balance-del-lunes-el-alerta-paso-por-la-comarca-con-lluvias-leves-y-rafagas-moderadas\/#breadcrumb\",\"itemListElement\":[{\"@type\":\"ListItem\",\"position\":1,\"name\":\"Portada\",\"item\":\"https:\/\/www.noticiasradioreflejos.com.ar\/2021\/\"},{\"@type\":\"ListItem\",\"position\":2,\"name\":\"Balance del lunes: El alerta pas\u00f3 por la Comarca con lluvias leves y r\u00e1fagas moderadas\"}]},{\"@type\":\"WebSite\",\"@id\":\"https:\/\/www.noticiasradioreflejos.com.ar\/2021\/#website\",\"url\":\"https:\/\/www.noticiasradioreflejos.com.ar\/2021\/\",\"name\":\"Noticias Radio Reflejos\",\"description\":\"Las noticias de mi comarca\",\"potentialAction\":[{\"@type\":\"SearchAction\",\"target\":{\"@type\":\"EntryPoint\",\"urlTemplate\":\"https:\/\/www.noticiasradioreflejos.com.ar\/2021\/?s={search_term_string}\"},\"query-input\":{\"@type\":\"PropertyValueSpecification\",\"valueRequired\":true,\"valueName\":\"search_term_string\"}}],\"inLanguage\":\"es\"},{\"@type\":\"Person\",\"@id\":\"https:\/\/www.noticiasradioreflejos.com.ar\/2021\/#\/schema\/person\/ad82545263dcc5ec0996818884fd5fb1\",\"name\":\"Arnaldo Botto\",\"image\":{\"@type\":\"ImageObject\",\"inLanguage\":\"es\",\"@id\":\"https:\/\/www.noticiasradioreflejos.com.ar\/2021\/#\/schema\/person\/image\/\",\"url\":\"https:\/\/secure.gravatar.com\/avatar\/55cb5e37c1efa326397366e6974cb338056df65cb50e7d64d1cf314e87504837?s=96&d=mm&r=g\",\"contentUrl\":\"https:\/\/secure.gravatar.com\/avatar\/55cb5e37c1efa326397366e6974cb338056df65cb50e7d64d1cf314e87504837?s=96&d=mm&r=g\",\"caption\":\"Arnaldo Botto\"},\"url\":\"https:\/\/www.noticiasradioreflejos.com.ar\/2021\/author\/arnaldo\/\"}]}<\/script>\n<!-- \/ Yoast SEO plugin. -->","yoast_head_json":{"title":"Balance del lunes: El alerta pas\u00f3 por la Comarca con lluvias leves y r\u00e1fagas moderadas - Noticias Radio Reflejos","robots":{"index":"index","follow":"follow","max-snippet":"max-snippet:-1","max-image-preview":"max-image-preview:large","max-video-preview":"max-video-preview:-1"},"canonical":"https:\/\/www.noticiasradioreflejos.com.ar\/2021\/balance-del-lunes-el-alerta-paso-por-la-comarca-con-lluvias-leves-y-rafagas-moderadas\/","og_locale":"es_ES","og_type":"article","og_title":"Balance del lunes: El alerta pas\u00f3 por la Comarca con lluvias leves y r\u00e1fagas moderadas - Noticias Radio Reflejos","og_description":"Tras la vigencia del alerta amarillo, las precipitaciones en la zona serrana fueron de car\u00e1cter d\u00e9bil, registr\u00e1ndose apenas 6 mm en Sierra y Villa Ventana. Sin embargo, el fen\u00f3meno descarg\u00f3 con mayor fuerza hacia el oeste, con registros que superaron los 40 mm en Felipe Sola. Para este martes se espera una notable mejor\u00eda en [&hellip;]","og_url":"https:\/\/www.noticiasradioreflejos.com.ar\/2021\/balance-del-lunes-el-alerta-paso-por-la-comarca-con-lluvias-leves-y-rafagas-moderadas\/","og_site_name":"Noticias Radio Reflejos","article_published_time":"2026-03-09T22:28:48+00:00","article_modified_time":"2026-03-09T22:29:00+00:00","og_image":[{"width":1600,"height":900,"url":"https:\/\/www.noticiasradioreflejos.com.ar\/2021\/wp-content\/uploads\/2024\/08\/Sierra-lluvia.jpeg","type":"image\/jpeg"}],"author":"Arnaldo Botto","twitter_card":"summary_large_image","schema":{"@context":"https:\/\/schema.org","@graph":[{"@type":"WebPage","@id":"https:\/\/www.noticiasradioreflejos.com.ar\/2021\/balance-del-lunes-el-alerta-paso-por-la-comarca-con-lluvias-leves-y-rafagas-moderadas\/","url":"https:\/\/www.noticiasradioreflejos.com.ar\/2021\/balance-del-lunes-el-alerta-paso-por-la-comarca-con-lluvias-leves-y-rafagas-moderadas\/","name":"Balance del lunes: El alerta pas\u00f3 por la Comarca con lluvias leves y r\u00e1fagas moderadas - Noticias Radio Reflejos","isPartOf":{"@id":"https:\/\/www.noticiasradioreflejos.com.ar\/2021\/#website"},"primaryImageOfPage":{"@id":"https:\/\/www.noticiasradioreflejos.com.ar\/2021\/balance-del-lunes-el-alerta-paso-por-la-comarca-con-lluvias-leves-y-rafagas-moderadas\/#primaryimage"},"image":{"@id":"https:\/\/www.noticiasradioreflejos.com.ar\/2021\/balance-del-lunes-el-alerta-paso-por-la-comarca-con-lluvias-leves-y-rafagas-moderadas\/#primaryimage"},"thumbnailUrl":"https:\/\/www.noticiasradioreflejos.com.ar\/2021\/wp-content\/uploads\/2024\/08\/Sierra-lluvia.jpeg","datePublished":"2026-03-09T22:28:48+00:00","dateModified":"2026-03-09T22:29:00+00:00","author":{"@id":"https:\/\/www.noticiasradioreflejos.com.ar\/2021\/#\/schema\/person\/ad82545263dcc5ec0996818884fd5fb1"},"breadcrumb":{"@id":"https:\/\/www.noticiasradioreflejos.com.ar\/2021\/balance-del-lunes-el-alerta-paso-por-la-comarca-con-lluvias-leves-y-rafagas-moderadas\/#breadcrumb"},"inLanguage":"es","potentialAction":[{"@type":"ReadAction","target":["https:\/\/www.noticiasradioreflejos.com.ar\/2021\/balance-del-lunes-el-alerta-paso-por-la-comarca-con-lluvias-leves-y-rafagas-moderadas\/"]}]},{"@type":"ImageObject","inLanguage":"es","@id":"https:\/\/www.noticiasradioreflejos.com.ar\/2021\/balance-del-lunes-el-alerta-paso-por-la-comarca-con-lluvias-leves-y-rafagas-moderadas\/#primaryimage","url":"https:\/\/www.noticiasradioreflejos.com.ar\/2021\/wp-content\/uploads\/2024\/08\/Sierra-lluvia.jpeg","contentUrl":"https:\/\/www.noticiasradioreflejos.com.ar\/2021\/wp-content\/uploads\/2024\/08\/Sierra-lluvia.jpeg","width":1600,"height":900},{"@type":"BreadcrumbList","@id":"https:\/\/www.noticiasradioreflejos.com.ar\/2021\/balance-del-lunes-el-alerta-paso-por-la-comarca-con-lluvias-leves-y-rafagas-moderadas\/#breadcrumb","itemListElement":[{"@type":"ListItem","position":1,"name":"Portada","item":"https:\/\/www.noticiasradioreflejos.com.ar\/2021\/"},{"@type":"ListItem","position":2,"name":"Balance del lunes: El alerta pas\u00f3 por la Comarca con lluvias leves y r\u00e1fagas moderadas"}]},{"@type":"WebSite","@id":"https:\/\/www.noticiasradioreflejos.com.ar\/2021\/#website","url":"https:\/\/www.noticiasradioreflejos.com.ar\/2021\/","name":"Noticias Radio Reflejos","description":"Las noticias de mi comarca","potentialAction":[{"@type":"SearchAction","target":{"@type":"EntryPoint","urlTemplate":"https:\/\/www.noticiasradioreflejos.com.ar\/2021\/?s={search_term_string}"},"query-input":{"@type":"PropertyValueSpecification","valueRequired":true,"valueName":"search_term_string"}}],"inLanguage":"es"},{"@type":"Person","@id":"https:\/\/www.noticiasradioreflejos.com.ar\/2021\/#\/schema\/person\/ad82545263dcc5ec0996818884fd5fb1","name":"Arnaldo Botto","image":{"@type":"ImageObject","inLanguage":"es","@id":"https:\/\/www.noticiasradioreflejos.com.ar\/2021\/#\/schema\/person\/image\/","url":"https:\/\/secure.gravatar.com\/avatar\/55cb5e37c1efa326397366e6974cb338056df65cb50e7d64d1cf314e87504837?s=96&d=mm&r=g","contentUrl":"https:\/\/secure.gravatar.com\/avatar\/55cb5e37c1efa326397366e6974cb338056df65cb50e7d64d1cf314e87504837?s=96&d=mm&r=g","caption":"Arnaldo Botto"},"url":"https:\/\/www.noticiasradioreflejos.com.ar\/2021\/author\/arnaldo\/"}]}},"_links":{"self":[{"href":"https:\/\/www.noticiasradioreflejos.com.ar\/2021\/wp-json\/wp\/v2\/posts\/133784","targetHints":{"allow":["GET"]}}],"collection":[{"href":"https:\/\/www.noticiasradioreflejos.com.ar\/2021\/wp-json\/wp\/v2\/posts"}],"about":[{"href":"https:\/\/www.noticiasradioreflejos.com.ar\/2021\/wp-json\/wp\/v2\/types\/post"}],"author":[{"embeddable":true,"href":"https:\/\/www.noticiasradioreflejos.com.ar\/2021\/wp-json\/wp\/v2\/users\/3"}],"replies":[{"embeddable":true,"href":"https:\/\/www.noticiasradioreflejos.com.ar\/2021\/wp-json\/wp\/v2\/comments?post=133784"}],"version-history":[{"count":1,"href":"https:\/\/www.noticiasradioreflejos.com.ar\/2021\/wp-json\/wp\/v2\/posts\/133784\/revisions"}],"predecessor-version":[{"id":133785,"href":"https:\/\/www.noticiasradioreflejos.com.ar\/2021\/wp-json\/wp\/v2\/posts\/133784\/revisions\/133785"}],"wp:featuredmedia":[{"embeddable":true,"href":"https:\/\/www.noticiasradioreflejos.com.ar\/2021\/wp-json\/wp\/v2\/media\/106555"}],"wp:attachment":[{"href":"https:\/\/www.noticiasradioreflejos.com.ar\/2021\/wp-json\/wp\/v2\/media?parent=133784"}],"wp:term":[{"taxonomy":"category","embeddable":true,"href":"https:\/\/www.noticiasradioreflejos.com.ar\/2021\/wp-json\/wp\/v2\/categories?post=133784"},{"taxonomy":"post_tag","embeddable":true,"href":"https:\/\/www.noticiasradioreflejos.com.ar\/2021\/wp-json\/wp\/v2\/tags?post=133784"}],"curies":[{"name":"wp","href":"https:\/\/api.w.org\/{rel}","templated":true}]}}