{"id":133780,"date":"2026-03-09T19:09:43","date_gmt":"2026-03-09T22:09:43","guid":{"rendered":"https:\/\/www.noticiasradioreflejos.com.ar\/2021\/?p=133780"},"modified":"2026-03-09T19:09:43","modified_gmt":"2026-03-09T22:09:43","slug":"el-rector-de-la-universidad-austral-llamo-a-humanizar-la-tecnologia-ningun-algoritmo-podra-reemplazar-lo-humano-en-la-educacion","status":"publish","type":"post","link":"https:\/\/www.noticiasradioreflejos.com.ar\/2021\/el-rector-de-la-universidad-austral-llamo-a-humanizar-la-tecnologia-ningun-algoritmo-podra-reemplazar-lo-humano-en-la-educacion\/","title":{"rendered":"El Rector de la Universidad Austral llam\u00f3 a humanizar la tecnolog\u00eda: \u201cNing\u00fan algoritmo podr\u00e1 reemplazar lo humano en la educaci\u00f3n\u201d"},"content":{"rendered":"<p>En el Campus de Pilar, el Rector de la Universidad Austral, Mag. Juli\u00e1n Rodr\u00edguez, inaugur\u00f3 el a\u00f1o acad\u00e9mico 2026 con un llamado a humanizar la tecnolog\u00eda y a formar personas capaces de utilizarla con sentido cr\u00edtico. Durante su discurso, tambi\u00e9n present\u00f3 los principales ejes de la proyecci\u00f3n institucional hacia 2030, con foco en educaci\u00f3n, salud y tecnolog\u00eda al servicio de la persona.<br \/>\n<!--more--><\/p>\n<p>Con un mensaje centrado en los desaf\u00edos que plantea la transformaci\u00f3n tecnol\u00f3gica y en la proyecci\u00f3n estrat\u00e9gica de la Universidad hacia el futuro, el\u00a0<strong>Rector de la Universidad Austral, Mag. Juli\u00e1n Rodr\u00edguez<\/strong>, inaugur\u00f3 el a\u00f1o acad\u00e9mico 2026 ante la comunidad universitaria. En su intervenci\u00f3n, invit\u00f3 a renovar el compromiso con la misi\u00f3n institucional y plante\u00f3 dos ejes que orientar\u00e1n el rumbo de la Universidad en los pr\u00f3ximos a\u00f1os: la educaci\u00f3n en la era digital y la proyecci\u00f3n hacia 2030.<\/p>\n<p>\u201cCada comienzo es una oportunidad para renovar el compromiso con nuestra misi\u00f3n, acrecentar la ilusi\u00f3n por la tarea que tenemos entre manos y volver a preguntarnos qui\u00e9nes somos y hacia d\u00f3nde queremos ir\u201d, expres\u00f3.<\/p>\n<p>En su mensaje, Rodr\u00edguez reflexion\u00f3 sobre las\u00a0<strong>profundas transformaciones\u00a0<\/strong>que atraviesa el mundo contempor\u00e1neo, marcadas por el\u00a0<strong>avance acelerado de la tecnolog\u00eda\u00a0<\/strong>en \u00e1mbitos como\u00a0<strong>la educaci\u00f3n, la salud y el trabajo<\/strong>. En ese contexto, subray\u00f3 la necesidad de abordar estos cambios con una mirada abierta pero prudente. \u201c\u00bfQu\u00e9 actitud vamos a asumir ante la revoluci\u00f3n tecnol\u00f3gica? Apertura, pero con discernimiento; agilidad, pero con humanismo\u201d, se\u00f1al\u00f3.<\/p>\n<p>Al mismo tiempo, advirti\u00f3 sobre el riesgo de\u00a0<strong>perder de vista la dimensi\u00f3n humana de la educaci\u00f3n en un contexto de creciente digitalizaci\u00f3n<\/strong>: \u201cUna universidad sin visi\u00f3n corre el riesgo de caer en un eficientismo sin alma, donde el conocimiento se estandariza y el esp\u00edritu se debilita\u201d.<\/p>\n<p>Rodr\u00edguez record\u00f3 que, desde el humanismo cristiano que inspira a la instituci\u00f3n<strong>, el desaf\u00edo no es resistir la innovaci\u00f3n tecnol\u00f3gica, sino orientarla al servicio de la persona<\/strong>. \u201cNing\u00fan algoritmo podr\u00e1 sustituir lo que hace humana a la educaci\u00f3n: la poes\u00eda, la iron\u00eda, el amor, el arte y la alegr\u00eda del descubrimiento\u201d, afirm\u00f3.<\/p>\n<p>A la vez, el Rector destac\u00f3 que la formaci\u00f3n universitaria debe\u00a0<strong>preparar a los estudiantes para desenvolverse en un entorno tecnol\u00f3gico cambiante<\/strong>, pero\u00a0<strong>sin perder de vista las capacidades propiamente humanas<\/strong>. \u201cNuestra responsabilidad es preparar a los alumnos para que utilicen estas herramientas con\u00a0<strong>sentido cr\u00edtico, desarrollando la empat\u00eda, el juicio prudencial y la inteligencia emocional<\/strong>; capacidades que ninguna m\u00e1quina podr\u00e1 reemplazar\u201d, sostuvo.<\/p>\n<p>En este marco, reafirm\u00f3 la importancia del modelo educativo de la Universidad Austral, basado en el acompa\u00f1amiento personal. \u201cNuestro modelo de acompa\u00f1amiento personal, el\u00a0<em>cor ad cor loquitur<\/em>, sigue siendo nuestro pilar: formamos personas, no solo profesionales\u201d, indic\u00f3.<\/p>\n<p><strong>Proyecci\u00f3n 2030: salud, tecnolog\u00eda y una universidad con mayor impacto<\/strong><\/p>\n<p>El Rector tambi\u00e9n present\u00f3 los\u00a0<strong>principales lineamientos de la proyecci\u00f3n estrat\u00e9gica\u00a0<\/strong>de la Universidad hacia 2030. Entre ellos, destac\u00f3 el objetivo de potenciar el\u00a0<strong>ecosistema Austral\u00a0<\/strong>en\u00a0<strong>salud y tecnolog\u00eda aplicada, articulando las capacidades acad\u00e9micas, cient\u00edficas y asistenciales<\/strong>\u00a0de la instituci\u00f3n.<\/p>\n<p>\u201cQueremos ser un punto de referencia que brinde\u00a0<strong>asistencia sanitaria de vanguardia<\/strong>, apalancada en la\u00a0<strong>investigaci\u00f3n traslacional<\/strong>, pero sin perder de vista nunca la dimensi\u00f3n corporal y espiritual de la persona\u201d, explic\u00f3.<\/p>\n<p>Esta\u00a0<strong>visi\u00f3n integrada\u00a0<\/strong>busca fortalecer la\u00a0<strong>relevancia regional\u00a0<\/strong>de la Universidad, posicion\u00e1ndola como un\u00a0<strong>hub de salud y tecnolog\u00eda con impronta humanista<\/strong>. Para ello, se apoyar\u00e1 especialmente en el trabajo conjunto del Hospital Universitario Austral (HUA), la Facultad de Ingenier\u00eda, la Facultad de Ciencias Biom\u00e9dicas y el Parque Tecnol\u00f3gico.<\/p>\n<p>Rodr\u00edguez tambi\u00e9n se\u00f1al\u00f3 que los proyectos de infraestructura en marcha, incluidos los vinculados al HUA, implicar\u00e1n inversiones de magnitud y requerir\u00e1n un mayor compromiso de toda la comunidad universitaria.<\/p>\n<p>Entre las iniciativas estrat\u00e9gicas, el Rector destac\u00f3 la priorizaci\u00f3n de la\u00a0<strong>investigaci\u00f3n orientada a responder a los desaf\u00edos de la sociedad<\/strong>. En ese marco, record\u00f3 que la Universidad defini\u00f3 cinco l\u00edneas prioritarias que guiar\u00e1n sus decisiones futuras: tecnolog\u00edas aplicadas a la salud; medicina de precisi\u00f3n, investigaci\u00f3n traslacional y cl\u00ednica; sociedad, democracia y calidad institucional; cuidado, bienestar y florecimiento humano; e innovaci\u00f3n, transformaci\u00f3n digital y sostenibilidad.<\/p>\n<p>Asimismo,\u00a0<strong>se avanzar\u00e1 en una profunda innovaci\u00f3n curricular<\/strong>, revisando los planes de estudio para dotarlos de\u00a0<strong>mayor flexibilidad\u00a0<\/strong>y promover la\u00a0<strong>interdisciplinariedad<\/strong>.<\/p>\n<p>\u201cEstamos revisando los planes de estudio para generar, con mayor agilidad, propuestas acad\u00e9micas pertinentes a las necesidades de la sociedad.\u00a0<strong>La realidad es compleja y el exceso de apego a la disciplina puede llevar a la miop\u00eda<\/strong>\u201d, se\u00f1al\u00f3.<\/p>\n<p>Adem\u00e1s, la Universidad desarrollar\u00e1\u00a0<strong>nuevas propuestas acad\u00e9micas\u00a0<\/strong>orientadas a p\u00fablicos diversos, incluyendo personas que buscan adquirir nuevas capacidades profesionales o ampliar su formaci\u00f3n cultural en \u00e1mbitos como el arte, la literatura o la geopol\u00edtica.<\/p>\n<p>En el cierre de su discurso, el Rector invit\u00f3 a toda la comunidad universitaria a renovar el sentido profundo de la tarea educativa y del impacto que la Universidad busca generar en la sociedad.<\/p>\n<p>\u201cQueremos ser la universidad que genere el mayor impacto positivo en las personas. Buscamos mejorar la sociedad a trav\u00e9s de ustedes: hombres y mujeres comprometidos con la verdad, la libertad y la compasi\u00f3n. Y, desde ya,\u00a0<strong>transformar la sociedad a trav\u00e9s de la actuaci\u00f3n de nuestros graduados<\/strong>\u201d, concluy\u00f3.<\/p>\n<table width=\"100%\">\n<tbody>\n<tr>\n<td><\/td>\n<\/tr>\n<\/tbody>\n<\/table>\n","protected":false},"excerpt":{"rendered":"<p>En el Campus de Pilar, el Rector de la Universidad Austral, Mag. Juli\u00e1n Rodr\u00edguez, inaugur\u00f3 el a\u00f1o acad\u00e9mico 2026 con un llamado a humanizar la tecnolog\u00eda y a formar personas capaces de utilizarla con sentido cr\u00edtico. Durante su discurso, tambi\u00e9n present\u00f3 los principales ejes de la proyecci\u00f3n institucional hacia 2030, con foco en educaci\u00f3n, salud [&hellip;]<\/p>\n","protected":false},"author":3,"featured_media":133781,"comment_status":"closed","ping_status":"closed","sticky":false,"template":"","format":"standard","meta":{"footnotes":""},"categories":[34],"tags":[],"class_list":["post-133780","post","type-post","status-publish","format-standard","has-post-thumbnail","hentry","category-educacion"],"yoast_head":"<!-- This site is optimized with the Yoast SEO plugin v25.9 - https:\/\/yoast.com\/wordpress\/plugins\/seo\/ -->\n<title>El Rector de la Universidad Austral llam\u00f3 a humanizar la tecnolog\u00eda: \u201cNing\u00fan algoritmo podr\u00e1 reemplazar lo humano en la educaci\u00f3n\u201d - Noticias Radio Reflejos<\/title>\n<meta name=\"robots\" content=\"index, follow, max-snippet:-1, max-image-preview:large, max-video-preview:-1\" \/>\n<link rel=\"canonical\" href=\"https:\/\/www.noticiasradioreflejos.com.ar\/2021\/el-rector-de-la-universidad-austral-llamo-a-humanizar-la-tecnologia-ningun-algoritmo-podra-reemplazar-lo-humano-en-la-educacion\/\" \/>\n<meta property=\"og:locale\" content=\"es_ES\" \/>\n<meta property=\"og:type\" content=\"article\" \/>\n<meta property=\"og:title\" content=\"El Rector de la Universidad Austral llam\u00f3 a humanizar la tecnolog\u00eda: \u201cNing\u00fan algoritmo podr\u00e1 reemplazar lo humano en la educaci\u00f3n\u201d - Noticias Radio Reflejos\" \/>\n<meta property=\"og:description\" content=\"En el Campus de Pilar, el Rector de la Universidad Austral, Mag. Juli\u00e1n Rodr\u00edguez, inaugur\u00f3 el a\u00f1o acad\u00e9mico 2026 con un llamado a humanizar la tecnolog\u00eda y a formar personas capaces de utilizarla con sentido cr\u00edtico. Durante su discurso, tambi\u00e9n present\u00f3 los principales ejes de la proyecci\u00f3n institucional hacia 2030, con foco en educaci\u00f3n, salud [&hellip;]\" \/>\n<meta property=\"og:url\" content=\"https:\/\/www.noticiasradioreflejos.com.ar\/2021\/el-rector-de-la-universidad-austral-llamo-a-humanizar-la-tecnologia-ningun-algoritmo-podra-reemplazar-lo-humano-en-la-educacion\/\" \/>\n<meta property=\"og:site_name\" content=\"Noticias Radio Reflejos\" \/>\n<meta property=\"article:published_time\" content=\"2026-03-09T22:09:43+00:00\" \/>\n<meta property=\"og:image\" content=\"https:\/\/www.noticiasradioreflejos.com.ar\/2021\/wp-content\/uploads\/2026\/03\/Rector-Univ.-Austral-scaled.jpg\" \/>\n\t<meta property=\"og:image:width\" content=\"2560\" \/>\n\t<meta property=\"og:image:height\" content=\"1707\" \/>\n\t<meta property=\"og:image:type\" content=\"image\/jpeg\" \/>\n<meta name=\"author\" content=\"Arnaldo Botto\" \/>\n<meta name=\"twitter:card\" content=\"summary_large_image\" \/>\n<script type=\"application\/ld+json\" class=\"yoast-schema-graph\">{\"@context\":\"https:\/\/schema.org\",\"@graph\":[{\"@type\":\"WebPage\",\"@id\":\"https:\/\/www.noticiasradioreflejos.com.ar\/2021\/el-rector-de-la-universidad-austral-llamo-a-humanizar-la-tecnologia-ningun-algoritmo-podra-reemplazar-lo-humano-en-la-educacion\/\",\"url\":\"https:\/\/www.noticiasradioreflejos.com.ar\/2021\/el-rector-de-la-universidad-austral-llamo-a-humanizar-la-tecnologia-ningun-algoritmo-podra-reemplazar-lo-humano-en-la-educacion\/\",\"name\":\"El Rector de la Universidad Austral llam\u00f3 a humanizar la tecnolog\u00eda: \u201cNing\u00fan algoritmo podr\u00e1 reemplazar lo humano en la educaci\u00f3n\u201d - Noticias Radio Reflejos\",\"isPartOf\":{\"@id\":\"https:\/\/www.noticiasradioreflejos.com.ar\/2021\/#website\"},\"primaryImageOfPage\":{\"@id\":\"https:\/\/www.noticiasradioreflejos.com.ar\/2021\/el-rector-de-la-universidad-austral-llamo-a-humanizar-la-tecnologia-ningun-algoritmo-podra-reemplazar-lo-humano-en-la-educacion\/#primaryimage\"},\"image\":{\"@id\":\"https:\/\/www.noticiasradioreflejos.com.ar\/2021\/el-rector-de-la-universidad-austral-llamo-a-humanizar-la-tecnologia-ningun-algoritmo-podra-reemplazar-lo-humano-en-la-educacion\/#primaryimage\"},\"thumbnailUrl\":\"https:\/\/www.noticiasradioreflejos.com.ar\/2021\/wp-content\/uploads\/2026\/03\/Rector-Univ.-Austral-scaled.jpg\",\"datePublished\":\"2026-03-09T22:09:43+00:00\",\"author\":{\"@id\":\"https:\/\/www.noticiasradioreflejos.com.ar\/2021\/#\/schema\/person\/ad82545263dcc5ec0996818884fd5fb1\"},\"breadcrumb\":{\"@id\":\"https:\/\/www.noticiasradioreflejos.com.ar\/2021\/el-rector-de-la-universidad-austral-llamo-a-humanizar-la-tecnologia-ningun-algoritmo-podra-reemplazar-lo-humano-en-la-educacion\/#breadcrumb\"},\"inLanguage\":\"es\",\"potentialAction\":[{\"@type\":\"ReadAction\",\"target\":[\"https:\/\/www.noticiasradioreflejos.com.ar\/2021\/el-rector-de-la-universidad-austral-llamo-a-humanizar-la-tecnologia-ningun-algoritmo-podra-reemplazar-lo-humano-en-la-educacion\/\"]}]},{\"@type\":\"ImageObject\",\"inLanguage\":\"es\",\"@id\":\"https:\/\/www.noticiasradioreflejos.com.ar\/2021\/el-rector-de-la-universidad-austral-llamo-a-humanizar-la-tecnologia-ningun-algoritmo-podra-reemplazar-lo-humano-en-la-educacion\/#primaryimage\",\"url\":\"https:\/\/www.noticiasradioreflejos.com.ar\/2021\/wp-content\/uploads\/2026\/03\/Rector-Univ.-Austral-scaled.jpg\",\"contentUrl\":\"https:\/\/www.noticiasradioreflejos.com.ar\/2021\/wp-content\/uploads\/2026\/03\/Rector-Univ.-Austral-scaled.jpg\",\"width\":2560,\"height\":1707},{\"@type\":\"BreadcrumbList\",\"@id\":\"https:\/\/www.noticiasradioreflejos.com.ar\/2021\/el-rector-de-la-universidad-austral-llamo-a-humanizar-la-tecnologia-ningun-algoritmo-podra-reemplazar-lo-humano-en-la-educacion\/#breadcrumb\",\"itemListElement\":[{\"@type\":\"ListItem\",\"position\":1,\"name\":\"Portada\",\"item\":\"https:\/\/www.noticiasradioreflejos.com.ar\/2021\/\"},{\"@type\":\"ListItem\",\"position\":2,\"name\":\"El Rector de la Universidad Austral llam\u00f3 a humanizar la tecnolog\u00eda: \u201cNing\u00fan algoritmo podr\u00e1 reemplazar lo humano en la educaci\u00f3n\u201d\"}]},{\"@type\":\"WebSite\",\"@id\":\"https:\/\/www.noticiasradioreflejos.com.ar\/2021\/#website\",\"url\":\"https:\/\/www.noticiasradioreflejos.com.ar\/2021\/\",\"name\":\"Noticias Radio Reflejos\",\"description\":\"Las noticias de mi comarca\",\"potentialAction\":[{\"@type\":\"SearchAction\",\"target\":{\"@type\":\"EntryPoint\",\"urlTemplate\":\"https:\/\/www.noticiasradioreflejos.com.ar\/2021\/?s={search_term_string}\"},\"query-input\":{\"@type\":\"PropertyValueSpecification\",\"valueRequired\":true,\"valueName\":\"search_term_string\"}}],\"inLanguage\":\"es\"},{\"@type\":\"Person\",\"@id\":\"https:\/\/www.noticiasradioreflejos.com.ar\/2021\/#\/schema\/person\/ad82545263dcc5ec0996818884fd5fb1\",\"name\":\"Arnaldo Botto\",\"image\":{\"@type\":\"ImageObject\",\"inLanguage\":\"es\",\"@id\":\"https:\/\/www.noticiasradioreflejos.com.ar\/2021\/#\/schema\/person\/image\/\",\"url\":\"https:\/\/secure.gravatar.com\/avatar\/55cb5e37c1efa326397366e6974cb338056df65cb50e7d64d1cf314e87504837?s=96&d=mm&r=g\",\"contentUrl\":\"https:\/\/secure.gravatar.com\/avatar\/55cb5e37c1efa326397366e6974cb338056df65cb50e7d64d1cf314e87504837?s=96&d=mm&r=g\",\"caption\":\"Arnaldo Botto\"},\"url\":\"https:\/\/www.noticiasradioreflejos.com.ar\/2021\/author\/arnaldo\/\"}]}<\/script>\n<!-- \/ Yoast SEO plugin. -->","yoast_head_json":{"title":"El Rector de la Universidad Austral llam\u00f3 a humanizar la tecnolog\u00eda: \u201cNing\u00fan algoritmo podr\u00e1 reemplazar lo humano en la educaci\u00f3n\u201d - Noticias Radio Reflejos","robots":{"index":"index","follow":"follow","max-snippet":"max-snippet:-1","max-image-preview":"max-image-preview:large","max-video-preview":"max-video-preview:-1"},"canonical":"https:\/\/www.noticiasradioreflejos.com.ar\/2021\/el-rector-de-la-universidad-austral-llamo-a-humanizar-la-tecnologia-ningun-algoritmo-podra-reemplazar-lo-humano-en-la-educacion\/","og_locale":"es_ES","og_type":"article","og_title":"El Rector de la Universidad Austral llam\u00f3 a humanizar la tecnolog\u00eda: \u201cNing\u00fan algoritmo podr\u00e1 reemplazar lo humano en la educaci\u00f3n\u201d - Noticias Radio Reflejos","og_description":"En el Campus de Pilar, el Rector de la Universidad Austral, Mag. Juli\u00e1n Rodr\u00edguez, inaugur\u00f3 el a\u00f1o acad\u00e9mico 2026 con un llamado a humanizar la tecnolog\u00eda y a formar personas capaces de utilizarla con sentido cr\u00edtico. Durante su discurso, tambi\u00e9n present\u00f3 los principales ejes de la proyecci\u00f3n institucional hacia 2030, con foco en educaci\u00f3n, salud [&hellip;]","og_url":"https:\/\/www.noticiasradioreflejos.com.ar\/2021\/el-rector-de-la-universidad-austral-llamo-a-humanizar-la-tecnologia-ningun-algoritmo-podra-reemplazar-lo-humano-en-la-educacion\/","og_site_name":"Noticias Radio Reflejos","article_published_time":"2026-03-09T22:09:43+00:00","og_image":[{"width":2560,"height":1707,"url":"https:\/\/www.noticiasradioreflejos.com.ar\/2021\/wp-content\/uploads\/2026\/03\/Rector-Univ.-Austral-scaled.jpg","type":"image\/jpeg"}],"author":"Arnaldo Botto","twitter_card":"summary_large_image","schema":{"@context":"https:\/\/schema.org","@graph":[{"@type":"WebPage","@id":"https:\/\/www.noticiasradioreflejos.com.ar\/2021\/el-rector-de-la-universidad-austral-llamo-a-humanizar-la-tecnologia-ningun-algoritmo-podra-reemplazar-lo-humano-en-la-educacion\/","url":"https:\/\/www.noticiasradioreflejos.com.ar\/2021\/el-rector-de-la-universidad-austral-llamo-a-humanizar-la-tecnologia-ningun-algoritmo-podra-reemplazar-lo-humano-en-la-educacion\/","name":"El Rector de la Universidad Austral llam\u00f3 a humanizar la tecnolog\u00eda: \u201cNing\u00fan algoritmo podr\u00e1 reemplazar lo humano en la educaci\u00f3n\u201d - Noticias Radio Reflejos","isPartOf":{"@id":"https:\/\/www.noticiasradioreflejos.com.ar\/2021\/#website"},"primaryImageOfPage":{"@id":"https:\/\/www.noticiasradioreflejos.com.ar\/2021\/el-rector-de-la-universidad-austral-llamo-a-humanizar-la-tecnologia-ningun-algoritmo-podra-reemplazar-lo-humano-en-la-educacion\/#primaryimage"},"image":{"@id":"https:\/\/www.noticiasradioreflejos.com.ar\/2021\/el-rector-de-la-universidad-austral-llamo-a-humanizar-la-tecnologia-ningun-algoritmo-podra-reemplazar-lo-humano-en-la-educacion\/#primaryimage"},"thumbnailUrl":"https:\/\/www.noticiasradioreflejos.com.ar\/2021\/wp-content\/uploads\/2026\/03\/Rector-Univ.-Austral-scaled.jpg","datePublished":"2026-03-09T22:09:43+00:00","author":{"@id":"https:\/\/www.noticiasradioreflejos.com.ar\/2021\/#\/schema\/person\/ad82545263dcc5ec0996818884fd5fb1"},"breadcrumb":{"@id":"https:\/\/www.noticiasradioreflejos.com.ar\/2021\/el-rector-de-la-universidad-austral-llamo-a-humanizar-la-tecnologia-ningun-algoritmo-podra-reemplazar-lo-humano-en-la-educacion\/#breadcrumb"},"inLanguage":"es","potentialAction":[{"@type":"ReadAction","target":["https:\/\/www.noticiasradioreflejos.com.ar\/2021\/el-rector-de-la-universidad-austral-llamo-a-humanizar-la-tecnologia-ningun-algoritmo-podra-reemplazar-lo-humano-en-la-educacion\/"]}]},{"@type":"ImageObject","inLanguage":"es","@id":"https:\/\/www.noticiasradioreflejos.com.ar\/2021\/el-rector-de-la-universidad-austral-llamo-a-humanizar-la-tecnologia-ningun-algoritmo-podra-reemplazar-lo-humano-en-la-educacion\/#primaryimage","url":"https:\/\/www.noticiasradioreflejos.com.ar\/2021\/wp-content\/uploads\/2026\/03\/Rector-Univ.-Austral-scaled.jpg","contentUrl":"https:\/\/www.noticiasradioreflejos.com.ar\/2021\/wp-content\/uploads\/2026\/03\/Rector-Univ.-Austral-scaled.jpg","width":2560,"height":1707},{"@type":"BreadcrumbList","@id":"https:\/\/www.noticiasradioreflejos.com.ar\/2021\/el-rector-de-la-universidad-austral-llamo-a-humanizar-la-tecnologia-ningun-algoritmo-podra-reemplazar-lo-humano-en-la-educacion\/#breadcrumb","itemListElement":[{"@type":"ListItem","position":1,"name":"Portada","item":"https:\/\/www.noticiasradioreflejos.com.ar\/2021\/"},{"@type":"ListItem","position":2,"name":"El Rector de la Universidad Austral llam\u00f3 a humanizar la tecnolog\u00eda: \u201cNing\u00fan algoritmo podr\u00e1 reemplazar lo humano en la educaci\u00f3n\u201d"}]},{"@type":"WebSite","@id":"https:\/\/www.noticiasradioreflejos.com.ar\/2021\/#website","url":"https:\/\/www.noticiasradioreflejos.com.ar\/2021\/","name":"Noticias Radio Reflejos","description":"Las noticias de mi comarca","potentialAction":[{"@type":"SearchAction","target":{"@type":"EntryPoint","urlTemplate":"https:\/\/www.noticiasradioreflejos.com.ar\/2021\/?s={search_term_string}"},"query-input":{"@type":"PropertyValueSpecification","valueRequired":true,"valueName":"search_term_string"}}],"inLanguage":"es"},{"@type":"Person","@id":"https:\/\/www.noticiasradioreflejos.com.ar\/2021\/#\/schema\/person\/ad82545263dcc5ec0996818884fd5fb1","name":"Arnaldo Botto","image":{"@type":"ImageObject","inLanguage":"es","@id":"https:\/\/www.noticiasradioreflejos.com.ar\/2021\/#\/schema\/person\/image\/","url":"https:\/\/secure.gravatar.com\/avatar\/55cb5e37c1efa326397366e6974cb338056df65cb50e7d64d1cf314e87504837?s=96&d=mm&r=g","contentUrl":"https:\/\/secure.gravatar.com\/avatar\/55cb5e37c1efa326397366e6974cb338056df65cb50e7d64d1cf314e87504837?s=96&d=mm&r=g","caption":"Arnaldo Botto"},"url":"https:\/\/www.noticiasradioreflejos.com.ar\/2021\/author\/arnaldo\/"}]}},"_links":{"self":[{"href":"https:\/\/www.noticiasradioreflejos.com.ar\/2021\/wp-json\/wp\/v2\/posts\/133780","targetHints":{"allow":["GET"]}}],"collection":[{"href":"https:\/\/www.noticiasradioreflejos.com.ar\/2021\/wp-json\/wp\/v2\/posts"}],"about":[{"href":"https:\/\/www.noticiasradioreflejos.com.ar\/2021\/wp-json\/wp\/v2\/types\/post"}],"author":[{"embeddable":true,"href":"https:\/\/www.noticiasradioreflejos.com.ar\/2021\/wp-json\/wp\/v2\/users\/3"}],"replies":[{"embeddable":true,"href":"https:\/\/www.noticiasradioreflejos.com.ar\/2021\/wp-json\/wp\/v2\/comments?post=133780"}],"version-history":[{"count":1,"href":"https:\/\/www.noticiasradioreflejos.com.ar\/2021\/wp-json\/wp\/v2\/posts\/133780\/revisions"}],"predecessor-version":[{"id":133782,"href":"https:\/\/www.noticiasradioreflejos.com.ar\/2021\/wp-json\/wp\/v2\/posts\/133780\/revisions\/133782"}],"wp:featuredmedia":[{"embeddable":true,"href":"https:\/\/www.noticiasradioreflejos.com.ar\/2021\/wp-json\/wp\/v2\/media\/133781"}],"wp:attachment":[{"href":"https:\/\/www.noticiasradioreflejos.com.ar\/2021\/wp-json\/wp\/v2\/media?parent=133780"}],"wp:term":[{"taxonomy":"category","embeddable":true,"href":"https:\/\/www.noticiasradioreflejos.com.ar\/2021\/wp-json\/wp\/v2\/categories?post=133780"},{"taxonomy":"post_tag","embeddable":true,"href":"https:\/\/www.noticiasradioreflejos.com.ar\/2021\/wp-json\/wp\/v2\/tags?post=133780"}],"curies":[{"name":"wp","href":"https:\/\/api.w.org\/{rel}","templated":true}]}}