{"id":133777,"date":"2026-03-09T19:02:06","date_gmt":"2026-03-09T22:02:06","guid":{"rendered":"https:\/\/www.noticiasradioreflejos.com.ar\/2021\/?p=133777"},"modified":"2026-03-09T19:02:06","modified_gmt":"2026-03-09T22:02:06","slug":"convocatoria-institucional-el-golf-club-sierra-de-la-ventana-realiza-su-asamblea-general-ordinaria","status":"publish","type":"post","link":"https:\/\/www.noticiasradioreflejos.com.ar\/2021\/convocatoria-institucional-el-golf-club-sierra-de-la-ventana-realiza-su-asamblea-general-ordinaria\/","title":{"rendered":"Convocatoria Institucional: El Golf Club Sierra de la Ventana realiza su Asamblea General Ordinaria"},"content":{"rendered":"<p>La Comisi\u00f3n Directiva de la prestigiosa instituci\u00f3n de nuestra Comarca convoca a sus asociados para el pr\u00f3ximo mi\u00e9rcoles 22 de abril. Durante la jornada, se tratar\u00e1 la Memoria y el Balance del ejercicio finalizado, adem\u00e1s de proceder a la elecci\u00f3n de nuevas autoridades para conformar la Mesa Directiva y la Comisi\u00f3n de Cuentas.<!--more--><\/p>\n<p data-path-to-node=\"4\">En cumplimiento de las disposiciones estatutarias vigentes, el <b data-path-to-node=\"4\" data-index-in-node=\"86\">Golf Club Sierra de la Ventana<\/b> hace un llamado oficial a sus socios para participar de la <b data-path-to-node=\"4\" data-index-in-node=\"176\">Asamblea General Ordinaria<\/b> correspondiente al presente ejercicio.<\/p>\n<p data-path-to-node=\"5\">El encuentro tendr\u00e1 lugar el d\u00eda <b data-path-to-node=\"5\" data-index-in-node=\"33\">mi\u00e9rcoles 22 de abril de 2026<\/b> a las <b data-path-to-node=\"5\" data-index-in-node=\"69\">17:30 horas<\/b> en la sede social de la instituci\u00f3n. En caso de no alcanzarse el qu\u00f3rum necesario a la hora fijada, la asamblea se llevar\u00e1 a cabo v\u00e1lidamente una hora despu\u00e9s (18:30 hs) con el n\u00famero de socios presentes.<\/p>\n<h3 data-path-to-node=\"6\"><b data-path-to-node=\"6\" data-index-in-node=\"0\">Orden del D\u00eda<\/b><\/h3>\n<p data-path-to-node=\"7\">De acuerdo con el documento oficial, los puntos a tratar ser\u00e1n:<\/p>\n<ul data-path-to-node=\"8\">\n<li>\n<p data-path-to-node=\"8,0,0\">Designaci\u00f3n de dos asociados para firmar el Acta de la Asamblea junto al Presidente y el Secretario.<\/p>\n<\/li>\n<li>\n<p data-path-to-node=\"8,1,0\">Lectura y consideraci\u00f3n de la <b data-path-to-node=\"8,1,0\" data-index-in-node=\"30\">Memoria, Inventario, Balance General, Cuenta de Gastos y Recursos<\/b>, e Informe de la Comisi\u00f3n Revisora de Cuentas por el ejercicio cerrado el 31 de diciembre de 2025.<\/p>\n<\/li>\n<li>\n<p data-path-to-node=\"8,2,0\">Elecci\u00f3n de miembros para renovar la <b data-path-to-node=\"8,2,0\" data-index-in-node=\"37\">Mesa Directiva<\/b> y la <b data-path-to-node=\"8,2,0\" data-index-in-node=\"57\">Comisi\u00f3n Revisora de Cuentas<\/b>.<\/p>\n<\/li>\n<\/ul>\n<p data-path-to-node=\"9\">Desde la instituci\u00f3n se recuerda la importancia de la participaci\u00f3n de la masa societaria para garantizar la transparencia y el normal funcionamiento democr\u00e1tico del club que es orgullo de nuestra localidad.<\/p>\n<p><iframe loading=\"lazy\" class=\"scribd_iframe_embed\" tabindex=\"0\" title=\"CONVOCATORIA ASAMBLEA 2026\" src=\"https:\/\/www.scribd.com\/embeds\/1010018353\/content?start_page=1&amp;view_mode=scroll&amp;access_key=key-4zRcuNp0Wj8qIkPmQ4En\" width=\"100%\" height=\"600\" frameborder=\"0\" scrolling=\"no\" data-auto-height=\"true\" data-aspect-ratio=\"0.7729220222793488\"><\/iframe><\/p>\n<p style=\"margin: 12px auto 6px auto; font-family: Helvetica,Arial,Sans-serif; font-size: 14px; line-height: normal; display: block;\"><a style=\"color: #098642; text-decoration: underline;\" title=\"View CONVOCATORIA ASAMBLEA 2026 on Scribd\" href=\"https:\/\/www.scribd.com\/document\/1010018353\/CONVOCATORIA-ASAMBLEA-2026#from_embed\"> CONVOCATORIA ASAMBLEA 2026 <\/a> by <a style=\"color: #098642; text-decoration: underline;\" title=\"View FM Reflejos Sierra de la Ventana's profile on Scribd\" href=\"https:\/\/www.scribd.com\/user\/128459674\/FM-Reflejos-Sierra-de-la-Ventana#from_embed\"> FM Reflejos Sierra de la Ventana <\/a><\/p>\n","protected":false},"excerpt":{"rendered":"<p>La Comisi\u00f3n Directiva de la prestigiosa instituci\u00f3n de nuestra Comarca convoca a sus asociados para el pr\u00f3ximo mi\u00e9rcoles 22 de abril. Durante la jornada, se tratar\u00e1 la Memoria y el Balance del ejercicio finalizado, adem\u00e1s de proceder a la elecci\u00f3n de nuevas autoridades para conformar la Mesa Directiva y la Comisi\u00f3n de Cuentas.<\/p>\n","protected":false},"author":3,"featured_media":133778,"comment_status":"closed","ping_status":"closed","sticky":false,"template":"","format":"standard","meta":{"footnotes":""},"categories":[26],"tags":[48],"class_list":["post-133777","post","type-post","status-publish","format-standard","has-post-thumbnail","hentry","category-sociedad","tag-destacada"],"yoast_head":"<!-- This site is optimized with the Yoast SEO plugin v25.9 - https:\/\/yoast.com\/wordpress\/plugins\/seo\/ -->\n<title>Convocatoria Institucional: El Golf Club Sierra de la Ventana realiza su Asamblea General Ordinaria - Noticias Radio Reflejos<\/title>\n<meta name=\"robots\" content=\"index, follow, max-snippet:-1, max-image-preview:large, max-video-preview:-1\" \/>\n<link rel=\"canonical\" href=\"https:\/\/www.noticiasradioreflejos.com.ar\/2021\/convocatoria-institucional-el-golf-club-sierra-de-la-ventana-realiza-su-asamblea-general-ordinaria\/\" \/>\n<meta property=\"og:locale\" content=\"es_ES\" \/>\n<meta property=\"og:type\" content=\"article\" \/>\n<meta property=\"og:title\" content=\"Convocatoria Institucional: El Golf Club Sierra de la Ventana realiza su Asamblea General Ordinaria - Noticias Radio Reflejos\" \/>\n<meta property=\"og:description\" content=\"La Comisi\u00f3n Directiva de la prestigiosa instituci\u00f3n de nuestra Comarca convoca a sus asociados para el pr\u00f3ximo mi\u00e9rcoles 22 de abril. Durante la jornada, se tratar\u00e1 la Memoria y el Balance del ejercicio finalizado, adem\u00e1s de proceder a la elecci\u00f3n de nuevas autoridades para conformar la Mesa Directiva y la Comisi\u00f3n de Cuentas.\" \/>\n<meta property=\"og:url\" content=\"https:\/\/www.noticiasradioreflejos.com.ar\/2021\/convocatoria-institucional-el-golf-club-sierra-de-la-ventana-realiza-su-asamblea-general-ordinaria\/\" \/>\n<meta property=\"og:site_name\" content=\"Noticias Radio Reflejos\" \/>\n<meta property=\"article:published_time\" content=\"2026-03-09T22:02:06+00:00\" \/>\n<meta property=\"og:image\" content=\"https:\/\/www.noticiasradioreflejos.com.ar\/2021\/wp-content\/uploads\/2026\/03\/Golf-Club.png\" \/>\n\t<meta property=\"og:image:width\" content=\"530\" \/>\n\t<meta property=\"og:image:height\" content=\"182\" \/>\n\t<meta property=\"og:image:type\" content=\"image\/png\" \/>\n<meta name=\"author\" content=\"Arnaldo Botto\" \/>\n<meta name=\"twitter:card\" content=\"summary_large_image\" \/>\n<script type=\"application\/ld+json\" class=\"yoast-schema-graph\">{\"@context\":\"https:\/\/schema.org\",\"@graph\":[{\"@type\":\"WebPage\",\"@id\":\"https:\/\/www.noticiasradioreflejos.com.ar\/2021\/convocatoria-institucional-el-golf-club-sierra-de-la-ventana-realiza-su-asamblea-general-ordinaria\/\",\"url\":\"https:\/\/www.noticiasradioreflejos.com.ar\/2021\/convocatoria-institucional-el-golf-club-sierra-de-la-ventana-realiza-su-asamblea-general-ordinaria\/\",\"name\":\"Convocatoria Institucional: El Golf Club Sierra de la Ventana realiza su Asamblea General Ordinaria - Noticias Radio Reflejos\",\"isPartOf\":{\"@id\":\"https:\/\/www.noticiasradioreflejos.com.ar\/2021\/#website\"},\"primaryImageOfPage\":{\"@id\":\"https:\/\/www.noticiasradioreflejos.com.ar\/2021\/convocatoria-institucional-el-golf-club-sierra-de-la-ventana-realiza-su-asamblea-general-ordinaria\/#primaryimage\"},\"image\":{\"@id\":\"https:\/\/www.noticiasradioreflejos.com.ar\/2021\/convocatoria-institucional-el-golf-club-sierra-de-la-ventana-realiza-su-asamblea-general-ordinaria\/#primaryimage\"},\"thumbnailUrl\":\"https:\/\/www.noticiasradioreflejos.com.ar\/2021\/wp-content\/uploads\/2026\/03\/Golf-Club.png\",\"datePublished\":\"2026-03-09T22:02:06+00:00\",\"author\":{\"@id\":\"https:\/\/www.noticiasradioreflejos.com.ar\/2021\/#\/schema\/person\/ad82545263dcc5ec0996818884fd5fb1\"},\"breadcrumb\":{\"@id\":\"https:\/\/www.noticiasradioreflejos.com.ar\/2021\/convocatoria-institucional-el-golf-club-sierra-de-la-ventana-realiza-su-asamblea-general-ordinaria\/#breadcrumb\"},\"inLanguage\":\"es\",\"potentialAction\":[{\"@type\":\"ReadAction\",\"target\":[\"https:\/\/www.noticiasradioreflejos.com.ar\/2021\/convocatoria-institucional-el-golf-club-sierra-de-la-ventana-realiza-su-asamblea-general-ordinaria\/\"]}]},{\"@type\":\"ImageObject\",\"inLanguage\":\"es\",\"@id\":\"https:\/\/www.noticiasradioreflejos.com.ar\/2021\/convocatoria-institucional-el-golf-club-sierra-de-la-ventana-realiza-su-asamblea-general-ordinaria\/#primaryimage\",\"url\":\"https:\/\/www.noticiasradioreflejos.com.ar\/2021\/wp-content\/uploads\/2026\/03\/Golf-Club.png\",\"contentUrl\":\"https:\/\/www.noticiasradioreflejos.com.ar\/2021\/wp-content\/uploads\/2026\/03\/Golf-Club.png\",\"width\":530,\"height\":182},{\"@type\":\"BreadcrumbList\",\"@id\":\"https:\/\/www.noticiasradioreflejos.com.ar\/2021\/convocatoria-institucional-el-golf-club-sierra-de-la-ventana-realiza-su-asamblea-general-ordinaria\/#breadcrumb\",\"itemListElement\":[{\"@type\":\"ListItem\",\"position\":1,\"name\":\"Portada\",\"item\":\"https:\/\/www.noticiasradioreflejos.com.ar\/2021\/\"},{\"@type\":\"ListItem\",\"position\":2,\"name\":\"Convocatoria Institucional: El Golf Club Sierra de la Ventana realiza su Asamblea General Ordinaria\"}]},{\"@type\":\"WebSite\",\"@id\":\"https:\/\/www.noticiasradioreflejos.com.ar\/2021\/#website\",\"url\":\"https:\/\/www.noticiasradioreflejos.com.ar\/2021\/\",\"name\":\"Noticias Radio Reflejos\",\"description\":\"Las noticias de mi comarca\",\"potentialAction\":[{\"@type\":\"SearchAction\",\"target\":{\"@type\":\"EntryPoint\",\"urlTemplate\":\"https:\/\/www.noticiasradioreflejos.com.ar\/2021\/?s={search_term_string}\"},\"query-input\":{\"@type\":\"PropertyValueSpecification\",\"valueRequired\":true,\"valueName\":\"search_term_string\"}}],\"inLanguage\":\"es\"},{\"@type\":\"Person\",\"@id\":\"https:\/\/www.noticiasradioreflejos.com.ar\/2021\/#\/schema\/person\/ad82545263dcc5ec0996818884fd5fb1\",\"name\":\"Arnaldo Botto\",\"image\":{\"@type\":\"ImageObject\",\"inLanguage\":\"es\",\"@id\":\"https:\/\/www.noticiasradioreflejos.com.ar\/2021\/#\/schema\/person\/image\/\",\"url\":\"https:\/\/secure.gravatar.com\/avatar\/55cb5e37c1efa326397366e6974cb338056df65cb50e7d64d1cf314e87504837?s=96&d=mm&r=g\",\"contentUrl\":\"https:\/\/secure.gravatar.com\/avatar\/55cb5e37c1efa326397366e6974cb338056df65cb50e7d64d1cf314e87504837?s=96&d=mm&r=g\",\"caption\":\"Arnaldo Botto\"},\"url\":\"https:\/\/www.noticiasradioreflejos.com.ar\/2021\/author\/arnaldo\/\"}]}<\/script>\n<!-- \/ Yoast SEO plugin. -->","yoast_head_json":{"title":"Convocatoria Institucional: El Golf Club Sierra de la Ventana realiza su Asamblea General Ordinaria - Noticias Radio Reflejos","robots":{"index":"index","follow":"follow","max-snippet":"max-snippet:-1","max-image-preview":"max-image-preview:large","max-video-preview":"max-video-preview:-1"},"canonical":"https:\/\/www.noticiasradioreflejos.com.ar\/2021\/convocatoria-institucional-el-golf-club-sierra-de-la-ventana-realiza-su-asamblea-general-ordinaria\/","og_locale":"es_ES","og_type":"article","og_title":"Convocatoria Institucional: El Golf Club Sierra de la Ventana realiza su Asamblea General Ordinaria - Noticias Radio Reflejos","og_description":"La Comisi\u00f3n Directiva de la prestigiosa instituci\u00f3n de nuestra Comarca convoca a sus asociados para el pr\u00f3ximo mi\u00e9rcoles 22 de abril. Durante la jornada, se tratar\u00e1 la Memoria y el Balance del ejercicio finalizado, adem\u00e1s de proceder a la elecci\u00f3n de nuevas autoridades para conformar la Mesa Directiva y la Comisi\u00f3n de Cuentas.","og_url":"https:\/\/www.noticiasradioreflejos.com.ar\/2021\/convocatoria-institucional-el-golf-club-sierra-de-la-ventana-realiza-su-asamblea-general-ordinaria\/","og_site_name":"Noticias Radio Reflejos","article_published_time":"2026-03-09T22:02:06+00:00","og_image":[{"width":530,"height":182,"url":"https:\/\/www.noticiasradioreflejos.com.ar\/2021\/wp-content\/uploads\/2026\/03\/Golf-Club.png","type":"image\/png"}],"author":"Arnaldo Botto","twitter_card":"summary_large_image","schema":{"@context":"https:\/\/schema.org","@graph":[{"@type":"WebPage","@id":"https:\/\/www.noticiasradioreflejos.com.ar\/2021\/convocatoria-institucional-el-golf-club-sierra-de-la-ventana-realiza-su-asamblea-general-ordinaria\/","url":"https:\/\/www.noticiasradioreflejos.com.ar\/2021\/convocatoria-institucional-el-golf-club-sierra-de-la-ventana-realiza-su-asamblea-general-ordinaria\/","name":"Convocatoria Institucional: El Golf Club Sierra de la Ventana realiza su Asamblea General Ordinaria - Noticias Radio Reflejos","isPartOf":{"@id":"https:\/\/www.noticiasradioreflejos.com.ar\/2021\/#website"},"primaryImageOfPage":{"@id":"https:\/\/www.noticiasradioreflejos.com.ar\/2021\/convocatoria-institucional-el-golf-club-sierra-de-la-ventana-realiza-su-asamblea-general-ordinaria\/#primaryimage"},"image":{"@id":"https:\/\/www.noticiasradioreflejos.com.ar\/2021\/convocatoria-institucional-el-golf-club-sierra-de-la-ventana-realiza-su-asamblea-general-ordinaria\/#primaryimage"},"thumbnailUrl":"https:\/\/www.noticiasradioreflejos.com.ar\/2021\/wp-content\/uploads\/2026\/03\/Golf-Club.png","datePublished":"2026-03-09T22:02:06+00:00","author":{"@id":"https:\/\/www.noticiasradioreflejos.com.ar\/2021\/#\/schema\/person\/ad82545263dcc5ec0996818884fd5fb1"},"breadcrumb":{"@id":"https:\/\/www.noticiasradioreflejos.com.ar\/2021\/convocatoria-institucional-el-golf-club-sierra-de-la-ventana-realiza-su-asamblea-general-ordinaria\/#breadcrumb"},"inLanguage":"es","potentialAction":[{"@type":"ReadAction","target":["https:\/\/www.noticiasradioreflejos.com.ar\/2021\/convocatoria-institucional-el-golf-club-sierra-de-la-ventana-realiza-su-asamblea-general-ordinaria\/"]}]},{"@type":"ImageObject","inLanguage":"es","@id":"https:\/\/www.noticiasradioreflejos.com.ar\/2021\/convocatoria-institucional-el-golf-club-sierra-de-la-ventana-realiza-su-asamblea-general-ordinaria\/#primaryimage","url":"https:\/\/www.noticiasradioreflejos.com.ar\/2021\/wp-content\/uploads\/2026\/03\/Golf-Club.png","contentUrl":"https:\/\/www.noticiasradioreflejos.com.ar\/2021\/wp-content\/uploads\/2026\/03\/Golf-Club.png","width":530,"height":182},{"@type":"BreadcrumbList","@id":"https:\/\/www.noticiasradioreflejos.com.ar\/2021\/convocatoria-institucional-el-golf-club-sierra-de-la-ventana-realiza-su-asamblea-general-ordinaria\/#breadcrumb","itemListElement":[{"@type":"ListItem","position":1,"name":"Portada","item":"https:\/\/www.noticiasradioreflejos.com.ar\/2021\/"},{"@type":"ListItem","position":2,"name":"Convocatoria Institucional: El Golf Club Sierra de la Ventana realiza su Asamblea General Ordinaria"}]},{"@type":"WebSite","@id":"https:\/\/www.noticiasradioreflejos.com.ar\/2021\/#website","url":"https:\/\/www.noticiasradioreflejos.com.ar\/2021\/","name":"Noticias Radio Reflejos","description":"Las noticias de mi comarca","potentialAction":[{"@type":"SearchAction","target":{"@type":"EntryPoint","urlTemplate":"https:\/\/www.noticiasradioreflejos.com.ar\/2021\/?s={search_term_string}"},"query-input":{"@type":"PropertyValueSpecification","valueRequired":true,"valueName":"search_term_string"}}],"inLanguage":"es"},{"@type":"Person","@id":"https:\/\/www.noticiasradioreflejos.com.ar\/2021\/#\/schema\/person\/ad82545263dcc5ec0996818884fd5fb1","name":"Arnaldo Botto","image":{"@type":"ImageObject","inLanguage":"es","@id":"https:\/\/www.noticiasradioreflejos.com.ar\/2021\/#\/schema\/person\/image\/","url":"https:\/\/secure.gravatar.com\/avatar\/55cb5e37c1efa326397366e6974cb338056df65cb50e7d64d1cf314e87504837?s=96&d=mm&r=g","contentUrl":"https:\/\/secure.gravatar.com\/avatar\/55cb5e37c1efa326397366e6974cb338056df65cb50e7d64d1cf314e87504837?s=96&d=mm&r=g","caption":"Arnaldo Botto"},"url":"https:\/\/www.noticiasradioreflejos.com.ar\/2021\/author\/arnaldo\/"}]}},"_links":{"self":[{"href":"https:\/\/www.noticiasradioreflejos.com.ar\/2021\/wp-json\/wp\/v2\/posts\/133777","targetHints":{"allow":["GET"]}}],"collection":[{"href":"https:\/\/www.noticiasradioreflejos.com.ar\/2021\/wp-json\/wp\/v2\/posts"}],"about":[{"href":"https:\/\/www.noticiasradioreflejos.com.ar\/2021\/wp-json\/wp\/v2\/types\/post"}],"author":[{"embeddable":true,"href":"https:\/\/www.noticiasradioreflejos.com.ar\/2021\/wp-json\/wp\/v2\/users\/3"}],"replies":[{"embeddable":true,"href":"https:\/\/www.noticiasradioreflejos.com.ar\/2021\/wp-json\/wp\/v2\/comments?post=133777"}],"version-history":[{"count":1,"href":"https:\/\/www.noticiasradioreflejos.com.ar\/2021\/wp-json\/wp\/v2\/posts\/133777\/revisions"}],"predecessor-version":[{"id":133779,"href":"https:\/\/www.noticiasradioreflejos.com.ar\/2021\/wp-json\/wp\/v2\/posts\/133777\/revisions\/133779"}],"wp:featuredmedia":[{"embeddable":true,"href":"https:\/\/www.noticiasradioreflejos.com.ar\/2021\/wp-json\/wp\/v2\/media\/133778"}],"wp:attachment":[{"href":"https:\/\/www.noticiasradioreflejos.com.ar\/2021\/wp-json\/wp\/v2\/media?parent=133777"}],"wp:term":[{"taxonomy":"category","embeddable":true,"href":"https:\/\/www.noticiasradioreflejos.com.ar\/2021\/wp-json\/wp\/v2\/categories?post=133777"},{"taxonomy":"post_tag","embeddable":true,"href":"https:\/\/www.noticiasradioreflejos.com.ar\/2021\/wp-json\/wp\/v2\/tags?post=133777"}],"curies":[{"name":"wp","href":"https:\/\/api.w.org\/{rel}","templated":true}]}}