{"id":133773,"date":"2026-03-09T17:08:10","date_gmt":"2026-03-09T20:08:10","guid":{"rendered":"https:\/\/www.noticiasradioreflejos.com.ar\/2021\/?p=133773"},"modified":"2026-03-09T17:12:45","modified_gmt":"2026-03-09T20:12:45","slug":"combustibles-prometieron-estabilidad-pero-los-precios-volvieron-a-subir-en-todo-el-pais","status":"publish","type":"post","link":"https:\/\/www.noticiasradioreflejos.com.ar\/2021\/combustibles-prometieron-estabilidad-pero-los-precios-volvieron-a-subir-en-todo-el-pais\/","title":{"rendered":"Combustibles: Prometieron estabilidad, pero los precios volvieron a subir en todo el pa\u00eds"},"content":{"rendered":"<p>A pesar de que el CEO de YPF, Horacio Mar\u00edn, hab\u00eda asegurado que la volatilidad internacional por el conflicto en Medio Oriente no se trasladar\u00eda a los precios locales, las petroleras aplicaron incrementos promedio del 5% durante la \u00faltima semana. Con este nuevo ajuste, la nafta premium ya supera la barrera de los $2.000 en varias banderas, dejando en evidencia la fragilidad de las promesas de previsibilidad frente al avance de los costos internacionales.<!--more--><\/p>\n<p data-path-to-node=\"4\">\u00a0Una vez m\u00e1s, el bolsillo de los argentinos vuelve a verse afectado por los costos de vida diarios. En esta oportunidad, la suba del precio del barril de crudo a nivel internacional repercuti\u00f3 en el pa\u00eds y las petroleras aumentaron el valor del litro de combustible.<\/p>\n<p data-path-to-node=\"5\">Lo llamativo del incremento es la contradicci\u00f3n con las declaraciones oficiales. El presidente y CEO de YPF, Horacio Mar\u00edn, hab\u00eda subrayado que el precio en Argentina no sufrir\u00eda modificaciones pese al ascenso del costo del petr\u00f3leo por la guerra en Medio Oriente; sin embargo, en la pr\u00e1ctica, los valores fueron ajustados al alza.<\/p>\n<h3 data-path-to-node=\"6\"><b data-path-to-node=\"6\" data-index-in-node=\"0\">Del posteo en \u00abX\u00bb a la realidad del surtidor<\/b><\/h3>\n<p data-path-to-node=\"7\">A trav\u00e9s de sus redes sociales, Mar\u00edn hab\u00eda intentado llevar tranquilidad: \u201cYPF no va a generar cimbronazos en los precios de los combustibles, somos prudentes y estamos honrando nuestro compromiso honesto con los consumidores\u201d. Pero el compromiso se desvaneci\u00f3 en los surtidores, donde todas las empresas aplicaron aumentos que promedian el <b data-path-to-node=\"7\" data-index-in-node=\"342\">5%<\/b>.<\/p>\n<p class=\"has-drop-cap\">Los precios de los combustibles suben alrededor de 5% en la mayor\u00eda de los surtidores del pa\u00eds, como consecuencia de la escalada internacional del barril de petr\u00f3leo por arriba de los 100 d\u00f3lares por el conflicto y guerra en Medio Oriente.<\/p>\n<p>Seg\u00fan indicaron fuentes de petroleras, el\u00a0<strong>gasoil\u00a0<\/strong>se incrementar\u00e1 en torno al 5%, mientras que las\u00a0<strong>naftas s\u00faper y com\u00fan\u00a0<\/strong>de las principales estaciones de servicio aumentar\u00e1 por debajo de ese nivel, entre 3% y 4%, seg\u00fan la provincia, regi\u00f3n y ciudad del pa\u00eds.<\/p>\n<p>El valor de los combustibles se rigen por cuatro variables:\u00a0<strong>el precio internacional del Brent, la cotizaci\u00f3n del d\u00f3lar, el precio de los biocombustibles para mezcla y los impuestos internos (ICLy IDC),<\/strong>\u00a0que siguen postergados con m\u00ednimas aplicaciones.<\/p>\n<p><strong>Para evitar un \u201ccimbronazo\u201d en los precios y m\u00e1s presi\u00f3n inflacionaria, YPF,<\/strong>\u00a0que tiene m\u00e1s del 50% del mercado argentino de combustibles, prometi\u00f3 aplicar una\u00a0<strong>estrategia de \u201cmicropricing\u201d.<\/strong><\/p>\n<p>El presidente y CEO de la compa\u00f1\u00eda,\u00a0<strong>Horacio Mar\u00edn,<\/strong>\u00a0public\u00f3 en la red social X un mensaje para llevar alivio a los conductores y consumidores.\u00a0<strong>\u201cEntiendo la incertidumbre que genera la volatilidad del precio internacional del petr\u00f3leo, por eso creo importante reafirmar nuestra posici\u00f3n. @YPFoficial no va generar cimbronazos en los precios de los combustibles, somos prudentes y estamos honrando nuestro compromiso honesto con los consumidores\u201d<\/strong>, se\u00f1al\u00f3.<\/p>\n<p>En su mensaje,\u00a0<strong>Horacio Mar\u00edn\u00a0<\/strong>agreg\u00f3: \u201cTrabajamos con una estrategia de micropricing para ir analizando los precios d\u00eda a d\u00eda, semana a semana y mediante el sistema de moving average podremos atenuar picos de aumento y bajas dando mayor previsibilidad a los consumidores, teniendo un precio m\u00e1s estable.\u00a0<strong>La volatilidad y la incertidumbre no genera valor real sino especulaci\u00f3n de corto plazo y nosotros buscamos ser confiables en el tiempo\u201d.<\/strong><\/p>\n<p class=\"has-medium-font-size\"><strong>\u00bfQu\u00e9 es el microprecing?<\/strong><\/p>\n<p><strong>YPF decidi\u00f3 dejar de informar los aumentos de los combustibles<\/strong>, salvo que se produzcan variaciones significativas en el valor internacional del petr\u00f3leo, los biocombustibles o el tipo de cambio, a partir de la aplicaci\u00f3n de una nueva tecnolog\u00eda para segmentar los precios en surtidores de acuerdo a la demanda. Es decir, el sistema modifica los precios de los combustibles seg\u00fan<strong>\u00a0la demanda, el flujo vehicular y la competencia en cada zona<\/strong>.<\/p>\n<p>El sistema, denominado\u00a0<strong>micropricing<\/strong>, es una estrategia que permite modificar los precios de productos o servicios con un alto nivel de precisi\u00f3n, en tiempo real y de forma segmentada, forma parte de un proyecto integral junto a tecnolog\u00eda avanzada de inteligencia artificial.<\/p>\n<p>Seg\u00fan explicaron desde YPF, la idea es continuar con\u00a0<strong>la implementaci\u00f3n de descuentos de hasta el 6% para cargar combustible entre las 0 y las 6 de la ma\u00f1ana<\/strong>. Dado que en ciertas franjas horarias la afluencia de clientes disminuye notablemente en las estaciones de servicio, la petrolera intenta incentivar un cambio en los h\u00e1bitos de consumo con el objetivo de mejorar la eficiencia operativa y optimizar el uso de sus recursos.<\/p>\n<p>El beneficio se consigue combinando dos reducciones que aplica la empresa energ\u00e9tica:\u00a0<strong>un 3 % por pagar con la APP YPF de 0 a 6 de la ma\u00f1ana<\/strong>, y un 3 % adicional si se usa la modalidad de autodespacho en las estaciones habilitadas.<\/p>\n<h3 data-path-to-node=\"8\"><b data-path-to-node=\"8\" data-index-in-node=\"0\">Referencia de precios actuales (CABA)<\/b><\/h3>\n<p data-path-to-node=\"9\">De acuerdo al relevamiento de las estaciones, as\u00ed quedaron los valores de referencia por litro:<\/p>\n<table data-path-to-node=\"10\">\n<thead>\n<tr>\n<td><strong>Empresa<\/strong><\/td>\n<td><strong>Nafta S\u00faper<\/strong><\/td>\n<td><strong>Premium<\/strong><\/td>\n<td><strong>Diesel Premium<\/strong><\/td>\n<\/tr>\n<\/thead>\n<tbody>\n<tr>\n<td><span data-path-to-node=\"10,1,0,0\"><b data-path-to-node=\"10,1,0,0\" data-index-in-node=\"0\">YPF<\/b><\/span><\/td>\n<td><span data-path-to-node=\"10,1,1,0\">$1.597<\/span><\/td>\n<td><span data-path-to-node=\"10,1,2,0\">$1.820<\/span><\/td>\n<td><span data-path-to-node=\"10,1,3,0\">$1.615<\/span><\/td>\n<\/tr>\n<tr>\n<td><span data-path-to-node=\"10,2,0,0\"><b data-path-to-node=\"10,2,0,0\" data-index-in-node=\"0\">SHELL<\/b><\/span><\/td>\n<td><span data-path-to-node=\"10,2,1,0\">$1.734<\/span><\/td>\n<td><span data-path-to-node=\"10,2,2,0\">$1.969<\/span><\/td>\n<td><span data-path-to-node=\"10,2,3,0\">$2.035<\/span><\/td>\n<\/tr>\n<tr>\n<td><span data-path-to-node=\"10,3,0,0\"><b data-path-to-node=\"10,3,0,0\" data-index-in-node=\"0\">AXION<\/b><\/span><\/td>\n<td><span data-path-to-node=\"10,3,1,0\">$1.729<\/span><\/td>\n<td><span data-path-to-node=\"10,3,2,0\">$2.009<\/span><\/td>\n<td><span data-path-to-node=\"10,3,3,0\">$2.019<\/span><\/td>\n<\/tr>\n<tr>\n<td><span data-path-to-node=\"10,4,0,0\"><b data-path-to-node=\"10,4,0,0\" data-index-in-node=\"0\">PUMA<\/b><\/span><\/td>\n<td><span data-path-to-node=\"10,4,1,0\">$1.741<\/span><\/td>\n<td><span data-path-to-node=\"10,4,2,0\">$2.029<\/span><\/td>\n<td><span data-path-to-node=\"10,4,3,0\">$2.049<\/span><\/td>\n<\/tr>\n<\/tbody>\n<\/table>\n<p data-path-to-node=\"12\"><em><strong>Fuente: \u00c1mbito<\/strong><\/em><\/p>\n","protected":false},"excerpt":{"rendered":"<p>A pesar de que el CEO de YPF, Horacio Mar\u00edn, hab\u00eda asegurado que la volatilidad internacional por el conflicto en Medio Oriente no se trasladar\u00eda a los precios locales, las petroleras aplicaron incrementos promedio del 5% durante la \u00faltima semana. Con este nuevo ajuste, la nafta premium ya supera la barrera de los $2.000 en [&hellip;]<\/p>\n","protected":false},"author":3,"featured_media":125444,"comment_status":"closed","ping_status":"closed","sticky":false,"template":"","format":"standard","meta":{"footnotes":""},"categories":[36],"tags":[48],"class_list":["post-133773","post","type-post","status-publish","format-standard","has-post-thumbnail","hentry","category-economia","tag-destacada"],"yoast_head":"<!-- This site is optimized with the Yoast SEO plugin v25.9 - https:\/\/yoast.com\/wordpress\/plugins\/seo\/ -->\n<title>Combustibles: Prometieron estabilidad, pero los precios volvieron a subir en todo el pa\u00eds - Noticias Radio Reflejos<\/title>\n<meta name=\"robots\" content=\"index, follow, max-snippet:-1, max-image-preview:large, max-video-preview:-1\" \/>\n<link rel=\"canonical\" href=\"https:\/\/www.noticiasradioreflejos.com.ar\/2021\/combustibles-prometieron-estabilidad-pero-los-precios-volvieron-a-subir-en-todo-el-pais\/\" \/>\n<meta property=\"og:locale\" content=\"es_ES\" \/>\n<meta property=\"og:type\" content=\"article\" \/>\n<meta property=\"og:title\" content=\"Combustibles: Prometieron estabilidad, pero los precios volvieron a subir en todo el pa\u00eds - Noticias Radio Reflejos\" \/>\n<meta property=\"og:description\" content=\"A pesar de que el CEO de YPF, Horacio Mar\u00edn, hab\u00eda asegurado que la volatilidad internacional por el conflicto en Medio Oriente no se trasladar\u00eda a los precios locales, las petroleras aplicaron incrementos promedio del 5% durante la \u00faltima semana. Con este nuevo ajuste, la nafta premium ya supera la barrera de los $2.000 en [&hellip;]\" \/>\n<meta property=\"og:url\" content=\"https:\/\/www.noticiasradioreflejos.com.ar\/2021\/combustibles-prometieron-estabilidad-pero-los-precios-volvieron-a-subir-en-todo-el-pais\/\" \/>\n<meta property=\"og:site_name\" content=\"Noticias Radio Reflejos\" \/>\n<meta property=\"article:published_time\" content=\"2026-03-09T20:08:10+00:00\" \/>\n<meta property=\"article:modified_time\" content=\"2026-03-09T20:12:45+00:00\" \/>\n<meta property=\"og:image\" content=\"https:\/\/www.noticiasradioreflejos.com.ar\/2021\/wp-content\/uploads\/2025\/09\/combustibles-Shell.jpg\" \/>\n\t<meta property=\"og:image:width\" content=\"1024\" \/>\n\t<meta property=\"og:image:height\" content=\"591\" \/>\n\t<meta property=\"og:image:type\" content=\"image\/jpeg\" \/>\n<meta name=\"author\" content=\"Arnaldo Botto\" \/>\n<meta name=\"twitter:card\" content=\"summary_large_image\" \/>\n<script type=\"application\/ld+json\" class=\"yoast-schema-graph\">{\"@context\":\"https:\/\/schema.org\",\"@graph\":[{\"@type\":\"WebPage\",\"@id\":\"https:\/\/www.noticiasradioreflejos.com.ar\/2021\/combustibles-prometieron-estabilidad-pero-los-precios-volvieron-a-subir-en-todo-el-pais\/\",\"url\":\"https:\/\/www.noticiasradioreflejos.com.ar\/2021\/combustibles-prometieron-estabilidad-pero-los-precios-volvieron-a-subir-en-todo-el-pais\/\",\"name\":\"Combustibles: Prometieron estabilidad, pero los precios volvieron a subir en todo el pa\u00eds - Noticias Radio Reflejos\",\"isPartOf\":{\"@id\":\"https:\/\/www.noticiasradioreflejos.com.ar\/2021\/#website\"},\"primaryImageOfPage\":{\"@id\":\"https:\/\/www.noticiasradioreflejos.com.ar\/2021\/combustibles-prometieron-estabilidad-pero-los-precios-volvieron-a-subir-en-todo-el-pais\/#primaryimage\"},\"image\":{\"@id\":\"https:\/\/www.noticiasradioreflejos.com.ar\/2021\/combustibles-prometieron-estabilidad-pero-los-precios-volvieron-a-subir-en-todo-el-pais\/#primaryimage\"},\"thumbnailUrl\":\"https:\/\/www.noticiasradioreflejos.com.ar\/2021\/wp-content\/uploads\/2025\/09\/combustibles-Shell.jpg\",\"datePublished\":\"2026-03-09T20:08:10+00:00\",\"dateModified\":\"2026-03-09T20:12:45+00:00\",\"author\":{\"@id\":\"https:\/\/www.noticiasradioreflejos.com.ar\/2021\/#\/schema\/person\/ad82545263dcc5ec0996818884fd5fb1\"},\"breadcrumb\":{\"@id\":\"https:\/\/www.noticiasradioreflejos.com.ar\/2021\/combustibles-prometieron-estabilidad-pero-los-precios-volvieron-a-subir-en-todo-el-pais\/#breadcrumb\"},\"inLanguage\":\"es\",\"potentialAction\":[{\"@type\":\"ReadAction\",\"target\":[\"https:\/\/www.noticiasradioreflejos.com.ar\/2021\/combustibles-prometieron-estabilidad-pero-los-precios-volvieron-a-subir-en-todo-el-pais\/\"]}]},{\"@type\":\"ImageObject\",\"inLanguage\":\"es\",\"@id\":\"https:\/\/www.noticiasradioreflejos.com.ar\/2021\/combustibles-prometieron-estabilidad-pero-los-precios-volvieron-a-subir-en-todo-el-pais\/#primaryimage\",\"url\":\"https:\/\/www.noticiasradioreflejos.com.ar\/2021\/wp-content\/uploads\/2025\/09\/combustibles-Shell.jpg\",\"contentUrl\":\"https:\/\/www.noticiasradioreflejos.com.ar\/2021\/wp-content\/uploads\/2025\/09\/combustibles-Shell.jpg\",\"width\":1024,\"height\":591},{\"@type\":\"BreadcrumbList\",\"@id\":\"https:\/\/www.noticiasradioreflejos.com.ar\/2021\/combustibles-prometieron-estabilidad-pero-los-precios-volvieron-a-subir-en-todo-el-pais\/#breadcrumb\",\"itemListElement\":[{\"@type\":\"ListItem\",\"position\":1,\"name\":\"Portada\",\"item\":\"https:\/\/www.noticiasradioreflejos.com.ar\/2021\/\"},{\"@type\":\"ListItem\",\"position\":2,\"name\":\"Combustibles: Prometieron estabilidad, pero los precios volvieron a subir en todo el pa\u00eds\"}]},{\"@type\":\"WebSite\",\"@id\":\"https:\/\/www.noticiasradioreflejos.com.ar\/2021\/#website\",\"url\":\"https:\/\/www.noticiasradioreflejos.com.ar\/2021\/\",\"name\":\"Noticias Radio Reflejos\",\"description\":\"Las noticias de mi comarca\",\"potentialAction\":[{\"@type\":\"SearchAction\",\"target\":{\"@type\":\"EntryPoint\",\"urlTemplate\":\"https:\/\/www.noticiasradioreflejos.com.ar\/2021\/?s={search_term_string}\"},\"query-input\":{\"@type\":\"PropertyValueSpecification\",\"valueRequired\":true,\"valueName\":\"search_term_string\"}}],\"inLanguage\":\"es\"},{\"@type\":\"Person\",\"@id\":\"https:\/\/www.noticiasradioreflejos.com.ar\/2021\/#\/schema\/person\/ad82545263dcc5ec0996818884fd5fb1\",\"name\":\"Arnaldo Botto\",\"image\":{\"@type\":\"ImageObject\",\"inLanguage\":\"es\",\"@id\":\"https:\/\/www.noticiasradioreflejos.com.ar\/2021\/#\/schema\/person\/image\/\",\"url\":\"https:\/\/secure.gravatar.com\/avatar\/55cb5e37c1efa326397366e6974cb338056df65cb50e7d64d1cf314e87504837?s=96&d=mm&r=g\",\"contentUrl\":\"https:\/\/secure.gravatar.com\/avatar\/55cb5e37c1efa326397366e6974cb338056df65cb50e7d64d1cf314e87504837?s=96&d=mm&r=g\",\"caption\":\"Arnaldo Botto\"},\"url\":\"https:\/\/www.noticiasradioreflejos.com.ar\/2021\/author\/arnaldo\/\"}]}<\/script>\n<!-- \/ Yoast SEO plugin. -->","yoast_head_json":{"title":"Combustibles: Prometieron estabilidad, pero los precios volvieron a subir en todo el pa\u00eds - Noticias Radio Reflejos","robots":{"index":"index","follow":"follow","max-snippet":"max-snippet:-1","max-image-preview":"max-image-preview:large","max-video-preview":"max-video-preview:-1"},"canonical":"https:\/\/www.noticiasradioreflejos.com.ar\/2021\/combustibles-prometieron-estabilidad-pero-los-precios-volvieron-a-subir-en-todo-el-pais\/","og_locale":"es_ES","og_type":"article","og_title":"Combustibles: Prometieron estabilidad, pero los precios volvieron a subir en todo el pa\u00eds - Noticias Radio Reflejos","og_description":"A pesar de que el CEO de YPF, Horacio Mar\u00edn, hab\u00eda asegurado que la volatilidad internacional por el conflicto en Medio Oriente no se trasladar\u00eda a los precios locales, las petroleras aplicaron incrementos promedio del 5% durante la \u00faltima semana. Con este nuevo ajuste, la nafta premium ya supera la barrera de los $2.000 en [&hellip;]","og_url":"https:\/\/www.noticiasradioreflejos.com.ar\/2021\/combustibles-prometieron-estabilidad-pero-los-precios-volvieron-a-subir-en-todo-el-pais\/","og_site_name":"Noticias Radio Reflejos","article_published_time":"2026-03-09T20:08:10+00:00","article_modified_time":"2026-03-09T20:12:45+00:00","og_image":[{"width":1024,"height":591,"url":"https:\/\/www.noticiasradioreflejos.com.ar\/2021\/wp-content\/uploads\/2025\/09\/combustibles-Shell.jpg","type":"image\/jpeg"}],"author":"Arnaldo Botto","twitter_card":"summary_large_image","schema":{"@context":"https:\/\/schema.org","@graph":[{"@type":"WebPage","@id":"https:\/\/www.noticiasradioreflejos.com.ar\/2021\/combustibles-prometieron-estabilidad-pero-los-precios-volvieron-a-subir-en-todo-el-pais\/","url":"https:\/\/www.noticiasradioreflejos.com.ar\/2021\/combustibles-prometieron-estabilidad-pero-los-precios-volvieron-a-subir-en-todo-el-pais\/","name":"Combustibles: Prometieron estabilidad, pero los precios volvieron a subir en todo el pa\u00eds - Noticias Radio Reflejos","isPartOf":{"@id":"https:\/\/www.noticiasradioreflejos.com.ar\/2021\/#website"},"primaryImageOfPage":{"@id":"https:\/\/www.noticiasradioreflejos.com.ar\/2021\/combustibles-prometieron-estabilidad-pero-los-precios-volvieron-a-subir-en-todo-el-pais\/#primaryimage"},"image":{"@id":"https:\/\/www.noticiasradioreflejos.com.ar\/2021\/combustibles-prometieron-estabilidad-pero-los-precios-volvieron-a-subir-en-todo-el-pais\/#primaryimage"},"thumbnailUrl":"https:\/\/www.noticiasradioreflejos.com.ar\/2021\/wp-content\/uploads\/2025\/09\/combustibles-Shell.jpg","datePublished":"2026-03-09T20:08:10+00:00","dateModified":"2026-03-09T20:12:45+00:00","author":{"@id":"https:\/\/www.noticiasradioreflejos.com.ar\/2021\/#\/schema\/person\/ad82545263dcc5ec0996818884fd5fb1"},"breadcrumb":{"@id":"https:\/\/www.noticiasradioreflejos.com.ar\/2021\/combustibles-prometieron-estabilidad-pero-los-precios-volvieron-a-subir-en-todo-el-pais\/#breadcrumb"},"inLanguage":"es","potentialAction":[{"@type":"ReadAction","target":["https:\/\/www.noticiasradioreflejos.com.ar\/2021\/combustibles-prometieron-estabilidad-pero-los-precios-volvieron-a-subir-en-todo-el-pais\/"]}]},{"@type":"ImageObject","inLanguage":"es","@id":"https:\/\/www.noticiasradioreflejos.com.ar\/2021\/combustibles-prometieron-estabilidad-pero-los-precios-volvieron-a-subir-en-todo-el-pais\/#primaryimage","url":"https:\/\/www.noticiasradioreflejos.com.ar\/2021\/wp-content\/uploads\/2025\/09\/combustibles-Shell.jpg","contentUrl":"https:\/\/www.noticiasradioreflejos.com.ar\/2021\/wp-content\/uploads\/2025\/09\/combustibles-Shell.jpg","width":1024,"height":591},{"@type":"BreadcrumbList","@id":"https:\/\/www.noticiasradioreflejos.com.ar\/2021\/combustibles-prometieron-estabilidad-pero-los-precios-volvieron-a-subir-en-todo-el-pais\/#breadcrumb","itemListElement":[{"@type":"ListItem","position":1,"name":"Portada","item":"https:\/\/www.noticiasradioreflejos.com.ar\/2021\/"},{"@type":"ListItem","position":2,"name":"Combustibles: Prometieron estabilidad, pero los precios volvieron a subir en todo el pa\u00eds"}]},{"@type":"WebSite","@id":"https:\/\/www.noticiasradioreflejos.com.ar\/2021\/#website","url":"https:\/\/www.noticiasradioreflejos.com.ar\/2021\/","name":"Noticias Radio Reflejos","description":"Las noticias de mi comarca","potentialAction":[{"@type":"SearchAction","target":{"@type":"EntryPoint","urlTemplate":"https:\/\/www.noticiasradioreflejos.com.ar\/2021\/?s={search_term_string}"},"query-input":{"@type":"PropertyValueSpecification","valueRequired":true,"valueName":"search_term_string"}}],"inLanguage":"es"},{"@type":"Person","@id":"https:\/\/www.noticiasradioreflejos.com.ar\/2021\/#\/schema\/person\/ad82545263dcc5ec0996818884fd5fb1","name":"Arnaldo Botto","image":{"@type":"ImageObject","inLanguage":"es","@id":"https:\/\/www.noticiasradioreflejos.com.ar\/2021\/#\/schema\/person\/image\/","url":"https:\/\/secure.gravatar.com\/avatar\/55cb5e37c1efa326397366e6974cb338056df65cb50e7d64d1cf314e87504837?s=96&d=mm&r=g","contentUrl":"https:\/\/secure.gravatar.com\/avatar\/55cb5e37c1efa326397366e6974cb338056df65cb50e7d64d1cf314e87504837?s=96&d=mm&r=g","caption":"Arnaldo Botto"},"url":"https:\/\/www.noticiasradioreflejos.com.ar\/2021\/author\/arnaldo\/"}]}},"_links":{"self":[{"href":"https:\/\/www.noticiasradioreflejos.com.ar\/2021\/wp-json\/wp\/v2\/posts\/133773","targetHints":{"allow":["GET"]}}],"collection":[{"href":"https:\/\/www.noticiasradioreflejos.com.ar\/2021\/wp-json\/wp\/v2\/posts"}],"about":[{"href":"https:\/\/www.noticiasradioreflejos.com.ar\/2021\/wp-json\/wp\/v2\/types\/post"}],"author":[{"embeddable":true,"href":"https:\/\/www.noticiasradioreflejos.com.ar\/2021\/wp-json\/wp\/v2\/users\/3"}],"replies":[{"embeddable":true,"href":"https:\/\/www.noticiasradioreflejos.com.ar\/2021\/wp-json\/wp\/v2\/comments?post=133773"}],"version-history":[{"count":3,"href":"https:\/\/www.noticiasradioreflejos.com.ar\/2021\/wp-json\/wp\/v2\/posts\/133773\/revisions"}],"predecessor-version":[{"id":133776,"href":"https:\/\/www.noticiasradioreflejos.com.ar\/2021\/wp-json\/wp\/v2\/posts\/133773\/revisions\/133776"}],"wp:featuredmedia":[{"embeddable":true,"href":"https:\/\/www.noticiasradioreflejos.com.ar\/2021\/wp-json\/wp\/v2\/media\/125444"}],"wp:attachment":[{"href":"https:\/\/www.noticiasradioreflejos.com.ar\/2021\/wp-json\/wp\/v2\/media?parent=133773"}],"wp:term":[{"taxonomy":"category","embeddable":true,"href":"https:\/\/www.noticiasradioreflejos.com.ar\/2021\/wp-json\/wp\/v2\/categories?post=133773"},{"taxonomy":"post_tag","embeddable":true,"href":"https:\/\/www.noticiasradioreflejos.com.ar\/2021\/wp-json\/wp\/v2\/tags?post=133773"}],"curies":[{"name":"wp","href":"https:\/\/api.w.org\/{rel}","templated":true}]}}