{"id":133767,"date":"2026-03-09T14:04:39","date_gmt":"2026-03-09T17:04:39","guid":{"rendered":"https:\/\/www.noticiasradioreflejos.com.ar\/2021\/?p=133767"},"modified":"2026-03-09T14:04:39","modified_gmt":"2026-03-09T17:04:39","slug":"milei-vaticino-que-china-va-a-quedar-mas-aislada-y-que-cuba-caera-por-decantacion","status":"publish","type":"post","link":"https:\/\/www.noticiasradioreflejos.com.ar\/2021\/milei-vaticino-que-china-va-a-quedar-mas-aislada-y-que-cuba-caera-por-decantacion\/","title":{"rendered":"Milei vaticin\u00f3 que China \u201cva a quedar m\u00e1s aislada\u201d y que Cuba \u201ccaer\u00e1 por decantaci\u00f3n\u201d"},"content":{"rendered":"<p>El Presidente habl\u00f3 desde Nueva York de un reordenamiento del esquema internacional y asegur\u00f3 que los socios que \u201censucian\u201d al gigante asi\u00e1tico \u201ccaer\u00e1n\u201d. Adem\u00e1s, consider\u00f3 que el alza del precio del petr\u00f3leo beneficiar\u00e1 a la Argentina como exportadora.<!--more--><\/p>\n<p>El presidente\u00a0<strong>Javier Milei<\/strong>\u00a0habl\u00f3 de un\u00a0reordenamiento del sistema internacional marcado por los conflictos b\u00e9licos, vaticin\u00f3 la \u201c<strong>ca\u00edda<\/strong>\u201d de varios socios comerciales que \u201c<strong>ensucian<\/strong>\u201d a la\u00a0<strong>Rep\u00fablica Popular de China<\/strong>\u00a0y habl\u00f3 de la \u201c<strong>liberaci\u00f3n<\/strong>\u201d de\u00a0<strong>Cuba\u00a0<\/strong>a ra\u00edz de la intervenci\u00f3n de Estados Unidos.<\/p>\n<p class=\"article-text\">\u201c<strong>China va a quedar m\u00e1s aislado en t\u00e9rminos de que muchos de sus socios, que son malos socios y que ensucian su nombre, caer\u00e1n, y entonces la situaci\u00f3n va a ser m\u00e1s pura y limpia<\/strong>\u201d, sostuvo desde Nueva York, donde participar\u00e1 de la Argentina Week.<\/p>\n<p class=\"article-text\">Asimismo, el gobierno de Estados Unidos liderado por\u00a0<strong>Donald Trump<\/strong>\u00a0trabaja en conquistar la paz nen la guerra entre Ucrania y Rusia y\u00a0<strong>garantiz\u00f3 que el gobierno republicano intervendr\u00e1 en Cuba, que caer\u00e1 \u201cpor decantaci\u00f3n\u201d<\/strong>. \u201cEntonces, esto no es ni m\u00e1s ni menos que<strong>\u00a0un deterioro transitorio que puede tener la econom\u00eda mundial<\/strong>, pero la consecuencia ser\u00e1 un reordenamiento pol\u00edtico muy fuerte\u201d, anticip\u00f3 en declaraciones a FM Now (97.9).<\/p>\n<figure class=\"embed-container embed-container--type-youtube ratio\"><script src=\"https:\/\/www.youtube.com\/iframe_api\"><\/script><script type=\"module\">window.marfeel.cmd.push(['multimedia', function(multimedia) { multimedia.initializeItem('yt-nNbtZSrv300-8529', 'youtube', 'nNbtZSrv300', document.getElementById('yt-nNbtZSrv300-8529')); }]);<\/script><iframe id=\"yt-nNbtZSrv300-8529\" title=\"&quot;Usted no puede pretender que haya sectores que no desaparezcan&quot; presidente Milei en #DondeEstamos\" src=\"https:\/\/www.youtube.com\/embed\/nNbtZSrv300?enablejsapi=1\" frameborder=\"0\" data-gtm-yt-inspected-34399851_303=\"true\" data-gtm-yt-inspected-34399851_396=\"true\" data-gtm-yt-inspected-40=\"true\" data-mce-fragment=\"1\"><\/iframe><\/figure>\n<p class=\"article-text\">\u201cMuchos analistas que<strong>\u00a0creen que esto es una pelea por el petr\u00f3leo<\/strong>.\u00a0<strong>Ese tipo de argumentaci\u00f3n es muy pobre<\/strong>\u00a0conceptualmente y errada. Lo que importa es pura y exclusivamente la geopol\u00edtica\u201d, afirm\u00f3, y agreg\u00f3: \u201c<strong>Hay un movimiento claro de Estados Unidos de afianzar la hegemon\u00eda sobre el bloque de las Am\u00e9ricas<\/strong>. Y otra parte tiene que ver con el terrorismo internacional\u201d.<\/p>\n<p class=\"article-text\">Para Milei,\u00a0<strong>Ir\u00e1n \u201cno solo que estaba enriqueciendo uranio de una manera verdaderamente profunda\u201d sino que desarrollaba material nuclear lo que representa una amenaza para el mundo<\/strong>.<\/p>\n<p class=\"article-text\">\u201cSi no fuera por\u00a0<strong>la decisi\u00f3n y el coraje del presidente Trump<\/strong>, Ir\u00e1n hubiera alcanzado poder\u00edo militar, con lo que implica, en t\u00e9rminos de riesgo, no solo para la zona de Medio Oriente, sino para el resto del mundo\u201d, alert\u00f3, y sum\u00f3: \u201c<strong>Ir\u00e1n se dedica a financiar el terrorismo internacional donde tiene v\u00ednculos, por ejemplo, en Latinoam\u00e9rica con Cuba, con Venezuela<\/strong>\u00a0y que desde ah\u00ed expand\u00edan el terrorismo al resto de la regi\u00f3n\u201d.<\/p>\n<p class=\"article-text\">\u201cHasta este momento Estados Unidos ven\u00eda atacando de manera quir\u00fargica, se notaba con plena claridad la forma de trabajo donde era claro y evidente la inteligencia israel\u00ed, sumada al potencial b\u00e9lico de Estados Unidos\u201d, subray\u00f3.<\/p>\n<h2 class=\"article-text\">Para Milei, el alza del precio del petr\u00f3leo beneficiar\u00e1 a Argentina como exportadora<\/h2>\n<p class=\"article-text\">El Presidente insisti\u00f3 en que la Argentina \u201cest\u00e1 parada en el lugar correcto de la historia\u201d al tiempo que plante\u00f3 una mejora de los t\u00e9rminos de intercambio a ra\u00edz de la suba del petr\u00f3leo. \u201cEs probable que para la segunda mitad del a\u00f1o todos los procesos b\u00e9licos hayan encontrado un final y entonces, en ese contexto, los precios se acomoden. Va<strong>\u00a0a ser muy favorable desde el lado externo para la Argentina. Hay que saberlo aprovechar\u201d,<\/strong>\u00a0afirm\u00f3.<\/p>\n<p class=\"article-text\">Milei afirm\u00f3 el alza del precio internacional del petr\u00f3leo &#8211; que ya super\u00f3 los 100 d\u00f3lares por barril-, en pleno conflicto en Medio Oriente, beneficiar\u00e1 a la econom\u00eda argentina debido a su condici\u00f3n de \u201cexportador neto\u201d de energ\u00eda.<\/p>\n<p class=\"article-text\">\u201cArgentina va a tener una mejora de los t\u00e9rminos de intercambio porque est\u00e1 subiendo el petr\u00f3leo, Argentina es exportador neto\u201d, asegur\u00f3 el mandatario, al tiempo que indic\u00f3 que el alza del crudo y de otros productos b\u00e1sicos que exporta el pa\u00eds podr\u00edan mejorar los t\u00e9rminos de intercambio y fortalecer la posici\u00f3n externa de Argentina.<\/p>\n<p class=\"article-text\">Se\u00f1al\u00f3, adem\u00e1s, que el contexto internacional tambi\u00e9n impulsa los precios de los principales productos agr\u00edcolas que exporta Argentina.<\/p>\n<p class=\"article-text\">\u201cEst\u00e1n subiendo todos los granos que exporta Argentina: soja, ma\u00edz, girasol\u201d, dijo el jefe de Estado y a\u00f1adi\u00f3 que el escenario mundial abre una oportunidad para fortalecer las reservas internacionales del pa\u00eds durante los pr\u00f3ximos meses.<\/p>\n<p class=\"article-text\">\u201cLos t\u00e9rminos de intercambio de Argentina est\u00e1n mejorando muy fuertemente. Con precios m\u00e1s altos, que se esperan que sean transitorios, usted se va a apurar a exportar\u201d, manifest\u00f3.<\/p>\n<div id=\"container-after-news-outlook\"><\/div>\n<p class=\"article-text\">Milei record\u00f3 que el Gobierno tiene como meta acumular este a\u00f1o 10.000 millones de d\u00f3lares en reservas internacionales y asegur\u00f3 que la coyuntura podr\u00eda acelerar ese objetivo: \u201cEs muy probable que Argentina sobrecumpla la meta de reservas ya para el segundo trimestre\u201d.<\/p>\n<p class=\"article-text\">Por \u00faltimo,\u00a0<strong>destac\u00f3 la organizaci\u00f3n la Argentina Week y plante\u00f3 que la administraci\u00f3n libertaria mostrar\u00e1 al pa\u00eds \u201ccomo una oportunidad de negocios\u201d<\/strong>, por lo que, durante su discurso, utilizar\u00e1 las \u201cherramientas del an\u00e1lisis financiero para mostrar que Argentina es una gran oportunidad de inversi\u00f3n\u201d.<\/p>\n<p>&nbsp;<\/p>\n<p><strong>Fuente elDiarioAR<\/strong><\/p>\n","protected":false},"excerpt":{"rendered":"<p>El Presidente habl\u00f3 desde Nueva York de un reordenamiento del esquema internacional y asegur\u00f3 que los socios que \u201censucian\u201d al gigante asi\u00e1tico \u201ccaer\u00e1n\u201d. Adem\u00e1s, consider\u00f3 que el alza del precio del petr\u00f3leo beneficiar\u00e1 a la Argentina como exportadora.<\/p>\n","protected":false},"author":3,"featured_media":133768,"comment_status":"closed","ping_status":"closed","sticky":false,"template":"","format":"standard","meta":{"footnotes":""},"categories":[58],"tags":[],"class_list":["post-133767","post","type-post","status-publish","format-standard","has-post-thumbnail","hentry","category-gobierno"],"yoast_head":"<!-- This site is optimized with the Yoast SEO plugin v25.9 - https:\/\/yoast.com\/wordpress\/plugins\/seo\/ -->\n<title>Milei vaticin\u00f3 que China \u201cva a quedar m\u00e1s aislada\u201d y que Cuba \u201ccaer\u00e1 por decantaci\u00f3n\u201d - Noticias Radio Reflejos<\/title>\n<meta name=\"robots\" content=\"index, follow, max-snippet:-1, max-image-preview:large, max-video-preview:-1\" \/>\n<link rel=\"canonical\" href=\"https:\/\/www.noticiasradioreflejos.com.ar\/2021\/milei-vaticino-que-china-va-a-quedar-mas-aislada-y-que-cuba-caera-por-decantacion\/\" \/>\n<meta property=\"og:locale\" content=\"es_ES\" \/>\n<meta property=\"og:type\" content=\"article\" \/>\n<meta property=\"og:title\" content=\"Milei vaticin\u00f3 que China \u201cva a quedar m\u00e1s aislada\u201d y que Cuba \u201ccaer\u00e1 por decantaci\u00f3n\u201d - Noticias Radio Reflejos\" \/>\n<meta property=\"og:description\" content=\"El Presidente habl\u00f3 desde Nueva York de un reordenamiento del esquema internacional y asegur\u00f3 que los socios que \u201censucian\u201d al gigante asi\u00e1tico \u201ccaer\u00e1n\u201d. Adem\u00e1s, consider\u00f3 que el alza del precio del petr\u00f3leo beneficiar\u00e1 a la Argentina como exportadora.\" \/>\n<meta property=\"og:url\" content=\"https:\/\/www.noticiasradioreflejos.com.ar\/2021\/milei-vaticino-que-china-va-a-quedar-mas-aislada-y-que-cuba-caera-por-decantacion\/\" \/>\n<meta property=\"og:site_name\" content=\"Noticias Radio Reflejos\" \/>\n<meta property=\"article:published_time\" content=\"2026-03-09T17:04:39+00:00\" \/>\n<meta property=\"og:image\" content=\"https:\/\/www.noticiasradioreflejos.com.ar\/2021\/wp-content\/uploads\/2026\/03\/milei-trump.webp\" \/>\n\t<meta property=\"og:image:width\" content=\"1200\" \/>\n\t<meta property=\"og:image:height\" content=\"675\" \/>\n\t<meta property=\"og:image:type\" content=\"image\/webp\" \/>\n<meta name=\"author\" content=\"Arnaldo Botto\" \/>\n<meta name=\"twitter:card\" content=\"summary_large_image\" \/>\n<script type=\"application\/ld+json\" class=\"yoast-schema-graph\">{\"@context\":\"https:\/\/schema.org\",\"@graph\":[{\"@type\":\"WebPage\",\"@id\":\"https:\/\/www.noticiasradioreflejos.com.ar\/2021\/milei-vaticino-que-china-va-a-quedar-mas-aislada-y-que-cuba-caera-por-decantacion\/\",\"url\":\"https:\/\/www.noticiasradioreflejos.com.ar\/2021\/milei-vaticino-que-china-va-a-quedar-mas-aislada-y-que-cuba-caera-por-decantacion\/\",\"name\":\"Milei vaticin\u00f3 que China \u201cva a quedar m\u00e1s aislada\u201d y que Cuba \u201ccaer\u00e1 por decantaci\u00f3n\u201d - Noticias Radio Reflejos\",\"isPartOf\":{\"@id\":\"https:\/\/www.noticiasradioreflejos.com.ar\/2021\/#website\"},\"primaryImageOfPage\":{\"@id\":\"https:\/\/www.noticiasradioreflejos.com.ar\/2021\/milei-vaticino-que-china-va-a-quedar-mas-aislada-y-que-cuba-caera-por-decantacion\/#primaryimage\"},\"image\":{\"@id\":\"https:\/\/www.noticiasradioreflejos.com.ar\/2021\/milei-vaticino-que-china-va-a-quedar-mas-aislada-y-que-cuba-caera-por-decantacion\/#primaryimage\"},\"thumbnailUrl\":\"https:\/\/www.noticiasradioreflejos.com.ar\/2021\/wp-content\/uploads\/2026\/03\/milei-trump.webp\",\"datePublished\":\"2026-03-09T17:04:39+00:00\",\"author\":{\"@id\":\"https:\/\/www.noticiasradioreflejos.com.ar\/2021\/#\/schema\/person\/ad82545263dcc5ec0996818884fd5fb1\"},\"breadcrumb\":{\"@id\":\"https:\/\/www.noticiasradioreflejos.com.ar\/2021\/milei-vaticino-que-china-va-a-quedar-mas-aislada-y-que-cuba-caera-por-decantacion\/#breadcrumb\"},\"inLanguage\":\"es\",\"potentialAction\":[{\"@type\":\"ReadAction\",\"target\":[\"https:\/\/www.noticiasradioreflejos.com.ar\/2021\/milei-vaticino-que-china-va-a-quedar-mas-aislada-y-que-cuba-caera-por-decantacion\/\"]}]},{\"@type\":\"ImageObject\",\"inLanguage\":\"es\",\"@id\":\"https:\/\/www.noticiasradioreflejos.com.ar\/2021\/milei-vaticino-que-china-va-a-quedar-mas-aislada-y-que-cuba-caera-por-decantacion\/#primaryimage\",\"url\":\"https:\/\/www.noticiasradioreflejos.com.ar\/2021\/wp-content\/uploads\/2026\/03\/milei-trump.webp\",\"contentUrl\":\"https:\/\/www.noticiasradioreflejos.com.ar\/2021\/wp-content\/uploads\/2026\/03\/milei-trump.webp\",\"width\":1200,\"height\":675},{\"@type\":\"BreadcrumbList\",\"@id\":\"https:\/\/www.noticiasradioreflejos.com.ar\/2021\/milei-vaticino-que-china-va-a-quedar-mas-aislada-y-que-cuba-caera-por-decantacion\/#breadcrumb\",\"itemListElement\":[{\"@type\":\"ListItem\",\"position\":1,\"name\":\"Portada\",\"item\":\"https:\/\/www.noticiasradioreflejos.com.ar\/2021\/\"},{\"@type\":\"ListItem\",\"position\":2,\"name\":\"Milei vaticin\u00f3 que China \u201cva a quedar m\u00e1s aislada\u201d y que Cuba \u201ccaer\u00e1 por decantaci\u00f3n\u201d\"}]},{\"@type\":\"WebSite\",\"@id\":\"https:\/\/www.noticiasradioreflejos.com.ar\/2021\/#website\",\"url\":\"https:\/\/www.noticiasradioreflejos.com.ar\/2021\/\",\"name\":\"Noticias Radio Reflejos\",\"description\":\"Las noticias de mi comarca\",\"potentialAction\":[{\"@type\":\"SearchAction\",\"target\":{\"@type\":\"EntryPoint\",\"urlTemplate\":\"https:\/\/www.noticiasradioreflejos.com.ar\/2021\/?s={search_term_string}\"},\"query-input\":{\"@type\":\"PropertyValueSpecification\",\"valueRequired\":true,\"valueName\":\"search_term_string\"}}],\"inLanguage\":\"es\"},{\"@type\":\"Person\",\"@id\":\"https:\/\/www.noticiasradioreflejos.com.ar\/2021\/#\/schema\/person\/ad82545263dcc5ec0996818884fd5fb1\",\"name\":\"Arnaldo Botto\",\"image\":{\"@type\":\"ImageObject\",\"inLanguage\":\"es\",\"@id\":\"https:\/\/www.noticiasradioreflejos.com.ar\/2021\/#\/schema\/person\/image\/\",\"url\":\"https:\/\/secure.gravatar.com\/avatar\/55cb5e37c1efa326397366e6974cb338056df65cb50e7d64d1cf314e87504837?s=96&d=mm&r=g\",\"contentUrl\":\"https:\/\/secure.gravatar.com\/avatar\/55cb5e37c1efa326397366e6974cb338056df65cb50e7d64d1cf314e87504837?s=96&d=mm&r=g\",\"caption\":\"Arnaldo Botto\"},\"url\":\"https:\/\/www.noticiasradioreflejos.com.ar\/2021\/author\/arnaldo\/\"}]}<\/script>\n<!-- \/ Yoast SEO plugin. -->","yoast_head_json":{"title":"Milei vaticin\u00f3 que China \u201cva a quedar m\u00e1s aislada\u201d y que Cuba \u201ccaer\u00e1 por decantaci\u00f3n\u201d - Noticias Radio Reflejos","robots":{"index":"index","follow":"follow","max-snippet":"max-snippet:-1","max-image-preview":"max-image-preview:large","max-video-preview":"max-video-preview:-1"},"canonical":"https:\/\/www.noticiasradioreflejos.com.ar\/2021\/milei-vaticino-que-china-va-a-quedar-mas-aislada-y-que-cuba-caera-por-decantacion\/","og_locale":"es_ES","og_type":"article","og_title":"Milei vaticin\u00f3 que China \u201cva a quedar m\u00e1s aislada\u201d y que Cuba \u201ccaer\u00e1 por decantaci\u00f3n\u201d - Noticias Radio Reflejos","og_description":"El Presidente habl\u00f3 desde Nueva York de un reordenamiento del esquema internacional y asegur\u00f3 que los socios que \u201censucian\u201d al gigante asi\u00e1tico \u201ccaer\u00e1n\u201d. Adem\u00e1s, consider\u00f3 que el alza del precio del petr\u00f3leo beneficiar\u00e1 a la Argentina como exportadora.","og_url":"https:\/\/www.noticiasradioreflejos.com.ar\/2021\/milei-vaticino-que-china-va-a-quedar-mas-aislada-y-que-cuba-caera-por-decantacion\/","og_site_name":"Noticias Radio Reflejos","article_published_time":"2026-03-09T17:04:39+00:00","og_image":[{"width":1200,"height":675,"url":"https:\/\/www.noticiasradioreflejos.com.ar\/2021\/wp-content\/uploads\/2026\/03\/milei-trump.webp","type":"image\/webp"}],"author":"Arnaldo Botto","twitter_card":"summary_large_image","schema":{"@context":"https:\/\/schema.org","@graph":[{"@type":"WebPage","@id":"https:\/\/www.noticiasradioreflejos.com.ar\/2021\/milei-vaticino-que-china-va-a-quedar-mas-aislada-y-que-cuba-caera-por-decantacion\/","url":"https:\/\/www.noticiasradioreflejos.com.ar\/2021\/milei-vaticino-que-china-va-a-quedar-mas-aislada-y-que-cuba-caera-por-decantacion\/","name":"Milei vaticin\u00f3 que China \u201cva a quedar m\u00e1s aislada\u201d y que Cuba \u201ccaer\u00e1 por decantaci\u00f3n\u201d - Noticias Radio Reflejos","isPartOf":{"@id":"https:\/\/www.noticiasradioreflejos.com.ar\/2021\/#website"},"primaryImageOfPage":{"@id":"https:\/\/www.noticiasradioreflejos.com.ar\/2021\/milei-vaticino-que-china-va-a-quedar-mas-aislada-y-que-cuba-caera-por-decantacion\/#primaryimage"},"image":{"@id":"https:\/\/www.noticiasradioreflejos.com.ar\/2021\/milei-vaticino-que-china-va-a-quedar-mas-aislada-y-que-cuba-caera-por-decantacion\/#primaryimage"},"thumbnailUrl":"https:\/\/www.noticiasradioreflejos.com.ar\/2021\/wp-content\/uploads\/2026\/03\/milei-trump.webp","datePublished":"2026-03-09T17:04:39+00:00","author":{"@id":"https:\/\/www.noticiasradioreflejos.com.ar\/2021\/#\/schema\/person\/ad82545263dcc5ec0996818884fd5fb1"},"breadcrumb":{"@id":"https:\/\/www.noticiasradioreflejos.com.ar\/2021\/milei-vaticino-que-china-va-a-quedar-mas-aislada-y-que-cuba-caera-por-decantacion\/#breadcrumb"},"inLanguage":"es","potentialAction":[{"@type":"ReadAction","target":["https:\/\/www.noticiasradioreflejos.com.ar\/2021\/milei-vaticino-que-china-va-a-quedar-mas-aislada-y-que-cuba-caera-por-decantacion\/"]}]},{"@type":"ImageObject","inLanguage":"es","@id":"https:\/\/www.noticiasradioreflejos.com.ar\/2021\/milei-vaticino-que-china-va-a-quedar-mas-aislada-y-que-cuba-caera-por-decantacion\/#primaryimage","url":"https:\/\/www.noticiasradioreflejos.com.ar\/2021\/wp-content\/uploads\/2026\/03\/milei-trump.webp","contentUrl":"https:\/\/www.noticiasradioreflejos.com.ar\/2021\/wp-content\/uploads\/2026\/03\/milei-trump.webp","width":1200,"height":675},{"@type":"BreadcrumbList","@id":"https:\/\/www.noticiasradioreflejos.com.ar\/2021\/milei-vaticino-que-china-va-a-quedar-mas-aislada-y-que-cuba-caera-por-decantacion\/#breadcrumb","itemListElement":[{"@type":"ListItem","position":1,"name":"Portada","item":"https:\/\/www.noticiasradioreflejos.com.ar\/2021\/"},{"@type":"ListItem","position":2,"name":"Milei vaticin\u00f3 que China \u201cva a quedar m\u00e1s aislada\u201d y que Cuba \u201ccaer\u00e1 por decantaci\u00f3n\u201d"}]},{"@type":"WebSite","@id":"https:\/\/www.noticiasradioreflejos.com.ar\/2021\/#website","url":"https:\/\/www.noticiasradioreflejos.com.ar\/2021\/","name":"Noticias Radio Reflejos","description":"Las noticias de mi comarca","potentialAction":[{"@type":"SearchAction","target":{"@type":"EntryPoint","urlTemplate":"https:\/\/www.noticiasradioreflejos.com.ar\/2021\/?s={search_term_string}"},"query-input":{"@type":"PropertyValueSpecification","valueRequired":true,"valueName":"search_term_string"}}],"inLanguage":"es"},{"@type":"Person","@id":"https:\/\/www.noticiasradioreflejos.com.ar\/2021\/#\/schema\/person\/ad82545263dcc5ec0996818884fd5fb1","name":"Arnaldo Botto","image":{"@type":"ImageObject","inLanguage":"es","@id":"https:\/\/www.noticiasradioreflejos.com.ar\/2021\/#\/schema\/person\/image\/","url":"https:\/\/secure.gravatar.com\/avatar\/55cb5e37c1efa326397366e6974cb338056df65cb50e7d64d1cf314e87504837?s=96&d=mm&r=g","contentUrl":"https:\/\/secure.gravatar.com\/avatar\/55cb5e37c1efa326397366e6974cb338056df65cb50e7d64d1cf314e87504837?s=96&d=mm&r=g","caption":"Arnaldo Botto"},"url":"https:\/\/www.noticiasradioreflejos.com.ar\/2021\/author\/arnaldo\/"}]}},"_links":{"self":[{"href":"https:\/\/www.noticiasradioreflejos.com.ar\/2021\/wp-json\/wp\/v2\/posts\/133767","targetHints":{"allow":["GET"]}}],"collection":[{"href":"https:\/\/www.noticiasradioreflejos.com.ar\/2021\/wp-json\/wp\/v2\/posts"}],"about":[{"href":"https:\/\/www.noticiasradioreflejos.com.ar\/2021\/wp-json\/wp\/v2\/types\/post"}],"author":[{"embeddable":true,"href":"https:\/\/www.noticiasradioreflejos.com.ar\/2021\/wp-json\/wp\/v2\/users\/3"}],"replies":[{"embeddable":true,"href":"https:\/\/www.noticiasradioreflejos.com.ar\/2021\/wp-json\/wp\/v2\/comments?post=133767"}],"version-history":[{"count":1,"href":"https:\/\/www.noticiasradioreflejos.com.ar\/2021\/wp-json\/wp\/v2\/posts\/133767\/revisions"}],"predecessor-version":[{"id":133769,"href":"https:\/\/www.noticiasradioreflejos.com.ar\/2021\/wp-json\/wp\/v2\/posts\/133767\/revisions\/133769"}],"wp:featuredmedia":[{"embeddable":true,"href":"https:\/\/www.noticiasradioreflejos.com.ar\/2021\/wp-json\/wp\/v2\/media\/133768"}],"wp:attachment":[{"href":"https:\/\/www.noticiasradioreflejos.com.ar\/2021\/wp-json\/wp\/v2\/media?parent=133767"}],"wp:term":[{"taxonomy":"category","embeddable":true,"href":"https:\/\/www.noticiasradioreflejos.com.ar\/2021\/wp-json\/wp\/v2\/categories?post=133767"},{"taxonomy":"post_tag","embeddable":true,"href":"https:\/\/www.noticiasradioreflejos.com.ar\/2021\/wp-json\/wp\/v2\/tags?post=133767"}],"curies":[{"name":"wp","href":"https:\/\/api.w.org\/{rel}","templated":true}]}}