{"id":133758,"date":"2026-03-09T13:47:21","date_gmt":"2026-03-09T16:47:21","guid":{"rendered":"https:\/\/www.noticiasradioreflejos.com.ar\/2021\/?p=133758"},"modified":"2026-03-09T14:10:10","modified_gmt":"2026-03-09T17:10:10","slug":"8m-en-sierra-de-la-ventana-la-injusticia-social-se-ha-instalado-en-nuestro-suelo-y-el-silencio-no-es-una-opcion","status":"publish","type":"post","link":"https:\/\/www.noticiasradioreflejos.com.ar\/2021\/8m-en-sierra-de-la-ventana-la-injusticia-social-se-ha-instalado-en-nuestro-suelo-y-el-silencio-no-es-una-opcion\/","title":{"rendered":"8M en Sierra de la Ventana: \u00abLa injusticia social se ha instalado en nuestro suelo y el silencio no es una opci\u00f3n\u00bb"},"content":{"rendered":"<p>En un emotivo acto realizado en la localidad serrana, el Consejo Municipal de las Mujeres de Tornquist conmemor\u00f3 el D\u00eda Internacional de la Mujer Trabajadora con un documento cargado de definiciones pol\u00edticas. El comunicado advierte sobre el impacto de la crisis actual en las mujeres y disidencias, denuncia los discursos de odio y ratifica el compromiso ineludible de la organizaci\u00f3n comunitaria para combatir la feminizaci\u00f3n de la pobreza y todas las formas de violencia patriarcal.<!--more--><\/p>\n<p><strong><u>\u201cDIA INTERNACIONAL DE LA MUJER TRABAJADORA\u201d<\/u><\/strong><\/p>\n<p>Fue ayer, en Sierra de la Ventana&#8230;<\/p>\n<p>Como todos los\u00a0 a\u00f1os,\u00a0 nos reunimos para traer a la memoria\u00a0 la lucha de las mujeres por la igualdad, el reconocimiento y el ejercicio efectivo de nuestros derechos pero, este 8 de marzo en particular nos coloca frente a una realidad que expone abiertamente, como nunca antes, las desigualdades hist\u00f3ricas y estructurales.<\/p>\n<p>Las grandes mayor\u00edas populares est\u00e1n siendo devastadas por el\u00a0 cierre de miles de fuentes de trabajo, por los despidos masivos que\u00a0 arrojan a las familias a la miseria y la marginalidad, por salarios de quienes todav\u00eda trabajan tan bajos que\u00a0 apenas alcanzan para las necesidades b\u00e1sicas, por la represi\u00f3n a la protesta de trabajadores\/as, estudiantes\/as, jubilados\/as, discapacitados\/as y porque, como todas las crisis, \u00e9sta golpea todav\u00eda m\u00e1s fuerte a las mujeres y a las disidencias.<\/p>\n<p>En este momento decisivo para los derechos de la mujer, se hace imprescindible la organizaci\u00f3n en comunidad, en leyes, en redes de apoyo, en educaci\u00f3n, en salud y que, entre todas, alcemos\u00a0 la voz en contra de los discursos de odio, de la hegemon\u00eda medi\u00e1tica que los\u00a0 amplifica,\u00a0 del fascismo y el racismo,\u00a0 de la feminizaci\u00f3n de la pobreza y de\u00a0 la vergonzosa alianza del gobierno con estados genocidas, que masacran mujeres e infancias en\u00a0 el mundo.<\/p>\n<p>La injusticia social se ha instalado en nuestro suelo y el silencio no es una opci\u00f3n porque el reclamo masivo para hacer que se escuchen las voces que denuncian violencia sexual, social, laboral, institucional, obst\u00e9trica, verbal, simb\u00f3lica, es\u00a0 para nosotras un mandato irrenunciable.<\/p>\n<p>El 8 de marzo se estableci\u00f3 como el D\u00eda Internacional de la Mujer durante un Congreso Internacional de Mujeres Socialistas, en 1910, a propuesta de la alemana Clara Zetkin\u00a0 y la primera conmemoraci\u00f3n fue en memoria de una manifestaci\u00f3n de obreras textiles en Nueva York, que reprimi\u00f3 la polic\u00eda el 8 de marzo de 1857. En 1908 m\u00e1s de un centenar de mujeres, la mayor\u00eda de ellas j\u00f3venes inmigrantes,\u00a0\u00a0\u00a0 muri\u00f3 tr\u00e1gicamente en el incendio de la f\u00e1brica textil Cotton de Nueva York\u00a0 mientras que se encontraban en huelga buscando cambiar las m\u00edseras condiciones en las que desarrollaban sus labores, suceso que se convirti\u00f3 en un hito en la historia del trabajo y la lucha sindical por la igualdad de derechos en el \u00e1mbito laboral en el mundo entero.<\/p>\n<p>Los obst\u00e1culos a superar son numerosos y\u00a0 muchos los desequilibrios que\u00a0 recomponer\u00a0 para acabar con la opresi\u00f3n, la discriminaci\u00f3n y la explotaci\u00f3n. Nuestra lucha de hoy se funda en una profunda convicci\u00f3n democr\u00e1tica, seguiremos\u00a0 tejiendo redes de solidaridad,\u00a0 impulsando la organizaci\u00f3n comunitaria, afrontando el desaf\u00edo de empoderar a las mujeres y las ni\u00f1as, combatiendo las violencias y los abusos de poder patriarcal, denunciando el ataque a los feminismos y las disidencias.<\/p>\n<p>La igualdad tiene que ver con los derechos humanos y el abordaje desde la perspectiva de g\u00e9nero es el recurso ineludible para cualquier intervenci\u00f3n posible de los hacedores de pol\u00edticas p\u00fablicas en una sociedad que pretendemos con\u00a0 equidad y crecimiento.<\/p>\n<p>Gracias a todas por estar, gracias a todos por ayudar, gracias a nosotras por no renunciar\u2026<\/p>\n<p>&nbsp;<\/p>\n<blockquote class=\"instagram-media\" style=\"background: #FFF; border: 0; border-radius: 3px; box-shadow: 0 0 1px 0 rgba(0,0,0,0.5),0 1px 10px 0 rgba(0,0,0,0.15); margin: 1px; max-width: 540px; min-width: 326px; padding: 0; width: calc(100% - 2px);\" data-instgrm-captioned=\"\" data-instgrm-permalink=\"https:\/\/www.instagram.com\/reel\/DVpcj5hjM_Q\/?utm_source=ig_embed&amp;utm_campaign=loading\" data-instgrm-version=\"14\">\n<div style=\"padding: 16px;\">\n<p>&nbsp;<\/p>\n<div style=\"display: flex; flex-direction: row; align-items: center;\">\n<div style=\"background-color: #f4f4f4; border-radius: 50%; flex-grow: 0; height: 40px; margin-right: 14px; width: 40px;\"><\/div>\n<div style=\"display: flex; flex-direction: column; flex-grow: 1; justify-content: center;\">\n<div style=\"background-color: #f4f4f4; border-radius: 4px; flex-grow: 0; height: 14px; margin-bottom: 6px; width: 100px;\"><\/div>\n<div style=\"background-color: #f4f4f4; border-radius: 4px; flex-grow: 0; height: 14px; width: 60px;\"><\/div>\n<\/div>\n<\/div>\n<div style=\"padding: 19% 0;\"><\/div>\n<div style=\"display: block; height: 50px; margin: 0 auto 12px; width: 50px;\"><\/div>\n<div style=\"padding-top: 8px;\">\n<div style=\"color: #3897f0; font-family: Arial,sans-serif; font-size: 14px; font-style: normal; font-weight: 550; line-height: 18px;\">Ver esta publicaci\u00f3n en Instagram<\/div>\n<\/div>\n<div style=\"padding: 12.5% 0;\"><\/div>\n<div style=\"display: flex; flex-direction: row; margin-bottom: 14px; align-items: center;\">\n<div>\n<div style=\"background-color: #f4f4f4; border-radius: 50%; height: 12.5px; width: 12.5px; transform: translateX(0px) translateY(7px);\"><\/div>\n<div style=\"background-color: #f4f4f4; height: 12.5px; transform: rotate(-45deg) translateX(3px) translateY(1px); width: 12.5px; flex-grow: 0; margin-right: 14px; margin-left: 2px;\"><\/div>\n<div style=\"background-color: #f4f4f4; border-radius: 50%; height: 12.5px; width: 12.5px; transform: translateX(9px) translateY(-18px);\"><\/div>\n<\/div>\n<div style=\"margin-left: 8px;\">\n<div style=\"background-color: #f4f4f4; border-radius: 50%; flex-grow: 0; height: 20px; width: 20px;\"><\/div>\n<div style=\"width: 0; height: 0; border-top: 2px solid transparent; border-left: 6px solid #f4f4f4; border-bottom: 2px solid transparent; transform: translateX(16px) translateY(-4px) rotate(30deg);\"><\/div>\n<\/div>\n<div style=\"margin-left: auto;\">\n<div style=\"width: 0px; border-top: 8px solid #F4F4F4; border-right: 8px solid transparent; transform: translateY(16px);\"><\/div>\n<div style=\"background-color: #f4f4f4; flex-grow: 0; height: 12px; width: 16px; transform: translateY(-4px);\"><\/div>\n<div style=\"width: 0; height: 0; border-top: 8px solid #F4F4F4; border-left: 8px solid transparent; transform: translateY(-4px) translateX(8px);\"><\/div>\n<\/div>\n<\/div>\n<div style=\"display: flex; flex-direction: column; flex-grow: 1; justify-content: center; margin-bottom: 24px;\">\n<div style=\"background-color: #f4f4f4; border-radius: 4px; flex-grow: 0; height: 14px; margin-bottom: 6px; width: 224px;\"><\/div>\n<div style=\"background-color: #f4f4f4; border-radius: 4px; flex-grow: 0; height: 14px; width: 144px;\"><\/div>\n<\/div>\n<p>&nbsp;<\/p>\n<p style=\"color: #c9c8cd; font-family: Arial,sans-serif; font-size: 14px; line-height: 17px; margin-bottom: 0; margin-top: 8px; overflow: hidden; padding: 8px 0 7px; text-align: center; text-overflow: ellipsis; white-space: nowrap;\"><a style=\"color: #c9c8cd; font-family: Arial,sans-serif; font-size: 14px; font-style: normal; font-weight: normal; line-height: 17px; text-decoration: none;\" href=\"https:\/\/www.instagram.com\/reel\/DVpcj5hjM_Q\/?utm_source=ig_embed&amp;utm_campaign=loading\" target=\"_blank\" rel=\"noopener\">Una publicaci\u00f3n compartida de C. M de las Mujeres, g\u00e9nero y Diversidad Tornquist (@cmmujerestornquist)<\/a><\/p>\n<\/div>\n<\/blockquote>\n<p><script async src=\"\/\/www.instagram.com\/embed.js\"><\/script><\/p>\n","protected":false},"excerpt":{"rendered":"<p>En un emotivo acto realizado en la localidad serrana, el Consejo Municipal de las Mujeres de Tornquist conmemor\u00f3 el D\u00eda Internacional de la Mujer Trabajadora con un documento cargado de definiciones pol\u00edticas. El comunicado advierte sobre el impacto de la crisis actual en las mujeres y disidencias, denuncia los discursos de odio y ratifica el [&hellip;]<\/p>\n","protected":false},"author":3,"featured_media":133759,"comment_status":"closed","ping_status":"closed","sticky":false,"template":"","format":"standard","meta":{"footnotes":""},"categories":[24],"tags":[48],"class_list":["post-133758","post","type-post","status-publish","format-standard","has-post-thumbnail","hentry","category-politica","tag-destacada"],"yoast_head":"<!-- This site is optimized with the Yoast SEO plugin v25.9 - https:\/\/yoast.com\/wordpress\/plugins\/seo\/ -->\n<title>8M en Sierra de la Ventana: &quot;La injusticia social se ha instalado en nuestro suelo y el silencio no es una opci\u00f3n&quot; - Noticias Radio Reflejos<\/title>\n<meta name=\"robots\" content=\"index, follow, max-snippet:-1, max-image-preview:large, max-video-preview:-1\" \/>\n<link rel=\"canonical\" href=\"https:\/\/www.noticiasradioreflejos.com.ar\/2021\/8m-en-sierra-de-la-ventana-la-injusticia-social-se-ha-instalado-en-nuestro-suelo-y-el-silencio-no-es-una-opcion\/\" \/>\n<meta property=\"og:locale\" content=\"es_ES\" \/>\n<meta property=\"og:type\" content=\"article\" \/>\n<meta property=\"og:title\" content=\"8M en Sierra de la Ventana: &quot;La injusticia social se ha instalado en nuestro suelo y el silencio no es una opci\u00f3n&quot; - Noticias Radio Reflejos\" \/>\n<meta property=\"og:description\" content=\"En un emotivo acto realizado en la localidad serrana, el Consejo Municipal de las Mujeres de Tornquist conmemor\u00f3 el D\u00eda Internacional de la Mujer Trabajadora con un documento cargado de definiciones pol\u00edticas. El comunicado advierte sobre el impacto de la crisis actual en las mujeres y disidencias, denuncia los discursos de odio y ratifica el [&hellip;]\" \/>\n<meta property=\"og:url\" content=\"https:\/\/www.noticiasradioreflejos.com.ar\/2021\/8m-en-sierra-de-la-ventana-la-injusticia-social-se-ha-instalado-en-nuestro-suelo-y-el-silencio-no-es-una-opcion\/\" \/>\n<meta property=\"og:site_name\" content=\"Noticias Radio Reflejos\" \/>\n<meta property=\"article:published_time\" content=\"2026-03-09T16:47:21+00:00\" \/>\n<meta property=\"article:modified_time\" content=\"2026-03-09T17:10:10+00:00\" \/>\n<meta property=\"og:image\" content=\"https:\/\/www.noticiasradioreflejos.com.ar\/2021\/wp-content\/uploads\/2026\/03\/mujeres.jpg\" \/>\n\t<meta property=\"og:image:width\" content=\"319\" \/>\n\t<meta property=\"og:image:height\" content=\"294\" \/>\n\t<meta property=\"og:image:type\" content=\"image\/jpeg\" \/>\n<meta name=\"author\" content=\"Arnaldo Botto\" \/>\n<meta name=\"twitter:card\" content=\"summary_large_image\" \/>\n<script type=\"application\/ld+json\" class=\"yoast-schema-graph\">{\"@context\":\"https:\/\/schema.org\",\"@graph\":[{\"@type\":\"WebPage\",\"@id\":\"https:\/\/www.noticiasradioreflejos.com.ar\/2021\/8m-en-sierra-de-la-ventana-la-injusticia-social-se-ha-instalado-en-nuestro-suelo-y-el-silencio-no-es-una-opcion\/\",\"url\":\"https:\/\/www.noticiasradioreflejos.com.ar\/2021\/8m-en-sierra-de-la-ventana-la-injusticia-social-se-ha-instalado-en-nuestro-suelo-y-el-silencio-no-es-una-opcion\/\",\"name\":\"8M en Sierra de la Ventana: \\\"La injusticia social se ha instalado en nuestro suelo y el silencio no es una opci\u00f3n\\\" - Noticias Radio Reflejos\",\"isPartOf\":{\"@id\":\"https:\/\/www.noticiasradioreflejos.com.ar\/2021\/#website\"},\"primaryImageOfPage\":{\"@id\":\"https:\/\/www.noticiasradioreflejos.com.ar\/2021\/8m-en-sierra-de-la-ventana-la-injusticia-social-se-ha-instalado-en-nuestro-suelo-y-el-silencio-no-es-una-opcion\/#primaryimage\"},\"image\":{\"@id\":\"https:\/\/www.noticiasradioreflejos.com.ar\/2021\/8m-en-sierra-de-la-ventana-la-injusticia-social-se-ha-instalado-en-nuestro-suelo-y-el-silencio-no-es-una-opcion\/#primaryimage\"},\"thumbnailUrl\":\"https:\/\/www.noticiasradioreflejos.com.ar\/2021\/wp-content\/uploads\/2026\/03\/mujeres.jpg\",\"datePublished\":\"2026-03-09T16:47:21+00:00\",\"dateModified\":\"2026-03-09T17:10:10+00:00\",\"author\":{\"@id\":\"https:\/\/www.noticiasradioreflejos.com.ar\/2021\/#\/schema\/person\/ad82545263dcc5ec0996818884fd5fb1\"},\"breadcrumb\":{\"@id\":\"https:\/\/www.noticiasradioreflejos.com.ar\/2021\/8m-en-sierra-de-la-ventana-la-injusticia-social-se-ha-instalado-en-nuestro-suelo-y-el-silencio-no-es-una-opcion\/#breadcrumb\"},\"inLanguage\":\"es\",\"potentialAction\":[{\"@type\":\"ReadAction\",\"target\":[\"https:\/\/www.noticiasradioreflejos.com.ar\/2021\/8m-en-sierra-de-la-ventana-la-injusticia-social-se-ha-instalado-en-nuestro-suelo-y-el-silencio-no-es-una-opcion\/\"]}]},{\"@type\":\"ImageObject\",\"inLanguage\":\"es\",\"@id\":\"https:\/\/www.noticiasradioreflejos.com.ar\/2021\/8m-en-sierra-de-la-ventana-la-injusticia-social-se-ha-instalado-en-nuestro-suelo-y-el-silencio-no-es-una-opcion\/#primaryimage\",\"url\":\"https:\/\/www.noticiasradioreflejos.com.ar\/2021\/wp-content\/uploads\/2026\/03\/mujeres.jpg\",\"contentUrl\":\"https:\/\/www.noticiasradioreflejos.com.ar\/2021\/wp-content\/uploads\/2026\/03\/mujeres.jpg\",\"width\":319,\"height\":294},{\"@type\":\"BreadcrumbList\",\"@id\":\"https:\/\/www.noticiasradioreflejos.com.ar\/2021\/8m-en-sierra-de-la-ventana-la-injusticia-social-se-ha-instalado-en-nuestro-suelo-y-el-silencio-no-es-una-opcion\/#breadcrumb\",\"itemListElement\":[{\"@type\":\"ListItem\",\"position\":1,\"name\":\"Portada\",\"item\":\"https:\/\/www.noticiasradioreflejos.com.ar\/2021\/\"},{\"@type\":\"ListItem\",\"position\":2,\"name\":\"8M en Sierra de la Ventana: \u00abLa injusticia social se ha instalado en nuestro suelo y el silencio no es una opci\u00f3n\u00bb\"}]},{\"@type\":\"WebSite\",\"@id\":\"https:\/\/www.noticiasradioreflejos.com.ar\/2021\/#website\",\"url\":\"https:\/\/www.noticiasradioreflejos.com.ar\/2021\/\",\"name\":\"Noticias Radio Reflejos\",\"description\":\"Las noticias de mi comarca\",\"potentialAction\":[{\"@type\":\"SearchAction\",\"target\":{\"@type\":\"EntryPoint\",\"urlTemplate\":\"https:\/\/www.noticiasradioreflejos.com.ar\/2021\/?s={search_term_string}\"},\"query-input\":{\"@type\":\"PropertyValueSpecification\",\"valueRequired\":true,\"valueName\":\"search_term_string\"}}],\"inLanguage\":\"es\"},{\"@type\":\"Person\",\"@id\":\"https:\/\/www.noticiasradioreflejos.com.ar\/2021\/#\/schema\/person\/ad82545263dcc5ec0996818884fd5fb1\",\"name\":\"Arnaldo Botto\",\"image\":{\"@type\":\"ImageObject\",\"inLanguage\":\"es\",\"@id\":\"https:\/\/www.noticiasradioreflejos.com.ar\/2021\/#\/schema\/person\/image\/\",\"url\":\"https:\/\/secure.gravatar.com\/avatar\/55cb5e37c1efa326397366e6974cb338056df65cb50e7d64d1cf314e87504837?s=96&d=mm&r=g\",\"contentUrl\":\"https:\/\/secure.gravatar.com\/avatar\/55cb5e37c1efa326397366e6974cb338056df65cb50e7d64d1cf314e87504837?s=96&d=mm&r=g\",\"caption\":\"Arnaldo Botto\"},\"url\":\"https:\/\/www.noticiasradioreflejos.com.ar\/2021\/author\/arnaldo\/\"}]}<\/script>\n<!-- \/ Yoast SEO plugin. -->","yoast_head_json":{"title":"8M en Sierra de la Ventana: \"La injusticia social se ha instalado en nuestro suelo y el silencio no es una opci\u00f3n\" - Noticias Radio Reflejos","robots":{"index":"index","follow":"follow","max-snippet":"max-snippet:-1","max-image-preview":"max-image-preview:large","max-video-preview":"max-video-preview:-1"},"canonical":"https:\/\/www.noticiasradioreflejos.com.ar\/2021\/8m-en-sierra-de-la-ventana-la-injusticia-social-se-ha-instalado-en-nuestro-suelo-y-el-silencio-no-es-una-opcion\/","og_locale":"es_ES","og_type":"article","og_title":"8M en Sierra de la Ventana: \"La injusticia social se ha instalado en nuestro suelo y el silencio no es una opci\u00f3n\" - Noticias Radio Reflejos","og_description":"En un emotivo acto realizado en la localidad serrana, el Consejo Municipal de las Mujeres de Tornquist conmemor\u00f3 el D\u00eda Internacional de la Mujer Trabajadora con un documento cargado de definiciones pol\u00edticas. El comunicado advierte sobre el impacto de la crisis actual en las mujeres y disidencias, denuncia los discursos de odio y ratifica el [&hellip;]","og_url":"https:\/\/www.noticiasradioreflejos.com.ar\/2021\/8m-en-sierra-de-la-ventana-la-injusticia-social-se-ha-instalado-en-nuestro-suelo-y-el-silencio-no-es-una-opcion\/","og_site_name":"Noticias Radio Reflejos","article_published_time":"2026-03-09T16:47:21+00:00","article_modified_time":"2026-03-09T17:10:10+00:00","og_image":[{"width":319,"height":294,"url":"https:\/\/www.noticiasradioreflejos.com.ar\/2021\/wp-content\/uploads\/2026\/03\/mujeres.jpg","type":"image\/jpeg"}],"author":"Arnaldo Botto","twitter_card":"summary_large_image","schema":{"@context":"https:\/\/schema.org","@graph":[{"@type":"WebPage","@id":"https:\/\/www.noticiasradioreflejos.com.ar\/2021\/8m-en-sierra-de-la-ventana-la-injusticia-social-se-ha-instalado-en-nuestro-suelo-y-el-silencio-no-es-una-opcion\/","url":"https:\/\/www.noticiasradioreflejos.com.ar\/2021\/8m-en-sierra-de-la-ventana-la-injusticia-social-se-ha-instalado-en-nuestro-suelo-y-el-silencio-no-es-una-opcion\/","name":"8M en Sierra de la Ventana: \"La injusticia social se ha instalado en nuestro suelo y el silencio no es una opci\u00f3n\" - Noticias Radio Reflejos","isPartOf":{"@id":"https:\/\/www.noticiasradioreflejos.com.ar\/2021\/#website"},"primaryImageOfPage":{"@id":"https:\/\/www.noticiasradioreflejos.com.ar\/2021\/8m-en-sierra-de-la-ventana-la-injusticia-social-se-ha-instalado-en-nuestro-suelo-y-el-silencio-no-es-una-opcion\/#primaryimage"},"image":{"@id":"https:\/\/www.noticiasradioreflejos.com.ar\/2021\/8m-en-sierra-de-la-ventana-la-injusticia-social-se-ha-instalado-en-nuestro-suelo-y-el-silencio-no-es-una-opcion\/#primaryimage"},"thumbnailUrl":"https:\/\/www.noticiasradioreflejos.com.ar\/2021\/wp-content\/uploads\/2026\/03\/mujeres.jpg","datePublished":"2026-03-09T16:47:21+00:00","dateModified":"2026-03-09T17:10:10+00:00","author":{"@id":"https:\/\/www.noticiasradioreflejos.com.ar\/2021\/#\/schema\/person\/ad82545263dcc5ec0996818884fd5fb1"},"breadcrumb":{"@id":"https:\/\/www.noticiasradioreflejos.com.ar\/2021\/8m-en-sierra-de-la-ventana-la-injusticia-social-se-ha-instalado-en-nuestro-suelo-y-el-silencio-no-es-una-opcion\/#breadcrumb"},"inLanguage":"es","potentialAction":[{"@type":"ReadAction","target":["https:\/\/www.noticiasradioreflejos.com.ar\/2021\/8m-en-sierra-de-la-ventana-la-injusticia-social-se-ha-instalado-en-nuestro-suelo-y-el-silencio-no-es-una-opcion\/"]}]},{"@type":"ImageObject","inLanguage":"es","@id":"https:\/\/www.noticiasradioreflejos.com.ar\/2021\/8m-en-sierra-de-la-ventana-la-injusticia-social-se-ha-instalado-en-nuestro-suelo-y-el-silencio-no-es-una-opcion\/#primaryimage","url":"https:\/\/www.noticiasradioreflejos.com.ar\/2021\/wp-content\/uploads\/2026\/03\/mujeres.jpg","contentUrl":"https:\/\/www.noticiasradioreflejos.com.ar\/2021\/wp-content\/uploads\/2026\/03\/mujeres.jpg","width":319,"height":294},{"@type":"BreadcrumbList","@id":"https:\/\/www.noticiasradioreflejos.com.ar\/2021\/8m-en-sierra-de-la-ventana-la-injusticia-social-se-ha-instalado-en-nuestro-suelo-y-el-silencio-no-es-una-opcion\/#breadcrumb","itemListElement":[{"@type":"ListItem","position":1,"name":"Portada","item":"https:\/\/www.noticiasradioreflejos.com.ar\/2021\/"},{"@type":"ListItem","position":2,"name":"8M en Sierra de la Ventana: \u00abLa injusticia social se ha instalado en nuestro suelo y el silencio no es una opci\u00f3n\u00bb"}]},{"@type":"WebSite","@id":"https:\/\/www.noticiasradioreflejos.com.ar\/2021\/#website","url":"https:\/\/www.noticiasradioreflejos.com.ar\/2021\/","name":"Noticias Radio Reflejos","description":"Las noticias de mi comarca","potentialAction":[{"@type":"SearchAction","target":{"@type":"EntryPoint","urlTemplate":"https:\/\/www.noticiasradioreflejos.com.ar\/2021\/?s={search_term_string}"},"query-input":{"@type":"PropertyValueSpecification","valueRequired":true,"valueName":"search_term_string"}}],"inLanguage":"es"},{"@type":"Person","@id":"https:\/\/www.noticiasradioreflejos.com.ar\/2021\/#\/schema\/person\/ad82545263dcc5ec0996818884fd5fb1","name":"Arnaldo Botto","image":{"@type":"ImageObject","inLanguage":"es","@id":"https:\/\/www.noticiasradioreflejos.com.ar\/2021\/#\/schema\/person\/image\/","url":"https:\/\/secure.gravatar.com\/avatar\/55cb5e37c1efa326397366e6974cb338056df65cb50e7d64d1cf314e87504837?s=96&d=mm&r=g","contentUrl":"https:\/\/secure.gravatar.com\/avatar\/55cb5e37c1efa326397366e6974cb338056df65cb50e7d64d1cf314e87504837?s=96&d=mm&r=g","caption":"Arnaldo Botto"},"url":"https:\/\/www.noticiasradioreflejos.com.ar\/2021\/author\/arnaldo\/"}]}},"_links":{"self":[{"href":"https:\/\/www.noticiasradioreflejos.com.ar\/2021\/wp-json\/wp\/v2\/posts\/133758","targetHints":{"allow":["GET"]}}],"collection":[{"href":"https:\/\/www.noticiasradioreflejos.com.ar\/2021\/wp-json\/wp\/v2\/posts"}],"about":[{"href":"https:\/\/www.noticiasradioreflejos.com.ar\/2021\/wp-json\/wp\/v2\/types\/post"}],"author":[{"embeddable":true,"href":"https:\/\/www.noticiasradioreflejos.com.ar\/2021\/wp-json\/wp\/v2\/users\/3"}],"replies":[{"embeddable":true,"href":"https:\/\/www.noticiasradioreflejos.com.ar\/2021\/wp-json\/wp\/v2\/comments?post=133758"}],"version-history":[{"count":1,"href":"https:\/\/www.noticiasradioreflejos.com.ar\/2021\/wp-json\/wp\/v2\/posts\/133758\/revisions"}],"predecessor-version":[{"id":133760,"href":"https:\/\/www.noticiasradioreflejos.com.ar\/2021\/wp-json\/wp\/v2\/posts\/133758\/revisions\/133760"}],"wp:featuredmedia":[{"embeddable":true,"href":"https:\/\/www.noticiasradioreflejos.com.ar\/2021\/wp-json\/wp\/v2\/media\/133759"}],"wp:attachment":[{"href":"https:\/\/www.noticiasradioreflejos.com.ar\/2021\/wp-json\/wp\/v2\/media?parent=133758"}],"wp:term":[{"taxonomy":"category","embeddable":true,"href":"https:\/\/www.noticiasradioreflejos.com.ar\/2021\/wp-json\/wp\/v2\/categories?post=133758"},{"taxonomy":"post_tag","embeddable":true,"href":"https:\/\/www.noticiasradioreflejos.com.ar\/2021\/wp-json\/wp\/v2\/tags?post=133758"}],"curies":[{"name":"wp","href":"https:\/\/api.w.org\/{rel}","templated":true}]}}