{"id":133756,"date":"2026-03-09T13:31:48","date_gmt":"2026-03-09T16:31:48","guid":{"rendered":"https:\/\/www.noticiasradioreflejos.com.ar\/2021\/?p=133756"},"modified":"2026-03-09T13:31:48","modified_gmt":"2026-03-09T16:31:48","slug":"difusion-incripcion-listado-de-emergencia-nivel-secundaria","status":"publish","type":"post","link":"https:\/\/www.noticiasradioreflejos.com.ar\/2021\/difusion-incripcion-listado-de-emergencia-nivel-secundaria\/","title":{"rendered":"Difusi\u00f3n Incripci\u00f3n Listado de Emergencia nivel SECUNDARIA"},"content":{"rendered":"<p dir=\"ltr\">\u00a0SAD Tornquist solicita a pedido de la Inspectora del Nivel, se difunda la Inscripci\u00f3n a\u00a0 LISTADO DE EMERGENCIA\u00a0NIVEL SECUNDARIO\u00a0 para las siguientes \u00c1reas de acuerdo a lo establecido en las\u00a0 disposici\u00f3n 109\/2022 y\u00a0\u00a067\/17:<!--more--><\/p>\n<p>&nbsp;<\/p>\n<p dir=\"ltr\">&#8211; Filosof\u00eda<\/p>\n<p dir=\"ltr\">&#8211; NTICx<\/p>\n<p dir=\"ltr\">&#8211; Gesti\u00f3n Organizacional<\/p>\n<p dir=\"ltr\">&#8211; Introducci\u00f3n a la Qu\u00edmica<\/p>\n<p dir=\"ltr\">&#8211; Matem\u00e1tica (ciclo b\u00e1sico)<\/p>\n<p dir=\"ltr\">&#8211; Matem\u00e1tica Ciclo Superior<\/p>\n<p dir=\"ltr\">&#8211; Ingl\u00e9s<\/p>\n<p dir=\"ltr\">&#8211; Literatura<\/p>\n<p dir=\"ltr\">&#8211; Pr\u00e1cticas del Lenguaje<\/p>\n<p dir=\"ltr\">CRONOGRAMA PREVISTO<\/p>\n<p dir=\"ltr\">Difusi\u00f3n e inscripci\u00f3n:\u00a0del\u00a0 09\/03\/26 al 13\/03\/26<\/p>\n<p dir=\"ltr\">Evaluaci\u00f3n:\u00a0a partir del 16\/03\/2026.<\/p>\n<p dir=\"ltr\">COMISI\u00d3N EVALUADORA:<\/p>\n<p dir=\"ltr\">-Representante del Nivel\/Modalidad.<\/p>\n<p dir=\"ltr\">-Representante de SAD<\/p>\n<p dir=\"ltr\">-Representante Institucional<\/p>\n<p dir=\"ltr\">\n<p dir=\"ltr\">Los interesados deber\u00e1n enviar en el siguiente formulario:\u00a0<a href=\"https:\/\/forms.gle\/gKEKRsUXmJRgnSm3A\" target=\"_blank\" rel=\"noopener\" data-saferedirecturl=\"https:\/\/www.google.com\/url?q=https:\/\/forms.gle\/gKEKRsUXmJRgnSm3A&amp;source=gmail&amp;ust=1773159912891000&amp;usg=AOvVaw3A7uB88URy6DOglZ1GuDgr\">https:\/\/forms.gle\/<wbr \/>gKEKRsUXmJRgnSm3A<\/a><\/p>\n<p dir=\"ltr\">adjuntando\u00a0\u00a0la siguiente documentaci\u00f3n en un \u00fanico archivo.<\/p>\n<ul>\n<li dir=\"ltr\">\n<p dir=\"ltr\" role=\"presentation\">PLANILLA DE DECLARACI\u00d3N JURADA: <a href=\"https:\/\/abc.gob.ar\/sad\/sites\/default\/files\/2023-06\/SAD%20Planilla%20emergencias.pdf\" target=\"_blank\" rel=\"noopener\" data-saferedirecturl=\"https:\/\/www.google.com\/url?q=https:\/\/abc.gob.ar\/sad\/sites\/default\/files\/2023-06\/SAD%2520Planilla%2520emergencias.pdf&amp;source=gmail&amp;ust=1773159912891000&amp;usg=AOvVaw3kvAlvM37JnxFC_yydxBok\">https:\/\/abc.gob.ar\/sad\/sites\/<wbr \/>default\/files\/2023-06\/SAD%<wbr \/>20Planilla%20emergencias.pdf<\/a><\/p>\n<\/li>\n<\/ul>\n<ul>\n<li dir=\"ltr\">\n<p dir=\"ltr\" role=\"presentation\">Fotocopia de DNI (anverso y reverso).<\/p>\n<\/li>\n<\/ul>\n<ul>\n<li dir=\"ltr\">\n<p dir=\"ltr\" role=\"presentation\">Fotocopia del t\u00edtulo secundario registrado en Consejo Escolar.<\/p>\n<\/li>\n<\/ul>\n<ul>\n<li dir=\"ltr\">\n<p dir=\"ltr\" role=\"presentation\">Fotocopias de t\u00edtulos terciarios y\/o universitarios (si es que presentan) registrados en Consejo Escolar.<\/p>\n<\/li>\n<\/ul>\n<ul>\n<li dir=\"ltr\">\n<p dir=\"ltr\" role=\"presentation\">Original de constancia de porcentaje de materias aprobadas.<\/p>\n<\/li>\n<\/ul>\n<ul>\n<li dir=\"ltr\">\n<p dir=\"ltr\" role=\"presentation\">Formulario 354 con desempe\u00f1os en el Nivel certificados por autoridad competente (optativo)<\/p>\n<\/li>\n<\/ul>\n<p dir=\"ltr\">\u00a0ACLARACI\u00d3N:\u00a0Toda la documentaci\u00f3n probatoria deber\u00e1 estar escaneada en un \u00fanico archivo .PDF (En el caso de ser ilegible o estar incompleta, no se evaluar\u00e1)<\/p>\n","protected":false},"excerpt":{"rendered":"<p>\u00a0SAD Tornquist solicita a pedido de la Inspectora del Nivel, se difunda la Inscripci\u00f3n a\u00a0 LISTADO DE EMERGENCIA\u00a0NIVEL SECUNDARIO\u00a0 para las siguientes \u00c1reas de acuerdo a lo establecido en las\u00a0 disposici\u00f3n 109\/2022 y\u00a0\u00a067\/17:<\/p>\n","protected":false},"author":3,"featured_media":50776,"comment_status":"closed","ping_status":"closed","sticky":false,"template":"","format":"standard","meta":{"footnotes":""},"categories":[34],"tags":[],"class_list":["post-133756","post","type-post","status-publish","format-standard","has-post-thumbnail","hentry","category-educacion"],"yoast_head":"<!-- This site is optimized with the Yoast SEO plugin v25.9 - https:\/\/yoast.com\/wordpress\/plugins\/seo\/ -->\n<title>Difusi\u00f3n Incripci\u00f3n Listado de Emergencia nivel SECUNDARIA - Noticias Radio Reflejos<\/title>\n<meta name=\"robots\" content=\"index, follow, max-snippet:-1, max-image-preview:large, max-video-preview:-1\" \/>\n<link rel=\"canonical\" href=\"https:\/\/www.noticiasradioreflejos.com.ar\/2021\/difusion-incripcion-listado-de-emergencia-nivel-secundaria\/\" \/>\n<meta property=\"og:locale\" content=\"es_ES\" \/>\n<meta property=\"og:type\" content=\"article\" \/>\n<meta property=\"og:title\" content=\"Difusi\u00f3n Incripci\u00f3n Listado de Emergencia nivel SECUNDARIA - Noticias Radio Reflejos\" \/>\n<meta property=\"og:description\" content=\"\u00a0SAD Tornquist solicita a pedido de la Inspectora del Nivel, se difunda la Inscripci\u00f3n a\u00a0 LISTADO DE EMERGENCIA\u00a0NIVEL SECUNDARIO\u00a0 para las siguientes \u00c1reas de acuerdo a lo establecido en las\u00a0 disposici\u00f3n 109\/2022 y\u00a0\u00a067\/17:\" \/>\n<meta property=\"og:url\" content=\"https:\/\/www.noticiasradioreflejos.com.ar\/2021\/difusion-incripcion-listado-de-emergencia-nivel-secundaria\/\" \/>\n<meta property=\"og:site_name\" content=\"Noticias Radio Reflejos\" \/>\n<meta property=\"article:published_time\" content=\"2026-03-09T16:31:48+00:00\" \/>\n<meta property=\"og:image\" content=\"https:\/\/www.noticiasradioreflejos.com.ar\/2021\/wp-content\/uploads\/2020\/12\/SAD.jpg\" \/>\n\t<meta property=\"og:image:width\" content=\"506\" \/>\n\t<meta property=\"og:image:height\" content=\"330\" \/>\n\t<meta property=\"og:image:type\" content=\"image\/jpeg\" \/>\n<meta name=\"author\" content=\"Arnaldo Botto\" \/>\n<meta name=\"twitter:card\" content=\"summary_large_image\" \/>\n<script type=\"application\/ld+json\" class=\"yoast-schema-graph\">{\"@context\":\"https:\/\/schema.org\",\"@graph\":[{\"@type\":\"WebPage\",\"@id\":\"https:\/\/www.noticiasradioreflejos.com.ar\/2021\/difusion-incripcion-listado-de-emergencia-nivel-secundaria\/\",\"url\":\"https:\/\/www.noticiasradioreflejos.com.ar\/2021\/difusion-incripcion-listado-de-emergencia-nivel-secundaria\/\",\"name\":\"Difusi\u00f3n Incripci\u00f3n Listado de Emergencia nivel SECUNDARIA - Noticias Radio Reflejos\",\"isPartOf\":{\"@id\":\"https:\/\/www.noticiasradioreflejos.com.ar\/2021\/#website\"},\"primaryImageOfPage\":{\"@id\":\"https:\/\/www.noticiasradioreflejos.com.ar\/2021\/difusion-incripcion-listado-de-emergencia-nivel-secundaria\/#primaryimage\"},\"image\":{\"@id\":\"https:\/\/www.noticiasradioreflejos.com.ar\/2021\/difusion-incripcion-listado-de-emergencia-nivel-secundaria\/#primaryimage\"},\"thumbnailUrl\":\"https:\/\/www.noticiasradioreflejos.com.ar\/2021\/wp-content\/uploads\/2020\/12\/SAD.jpg\",\"datePublished\":\"2026-03-09T16:31:48+00:00\",\"author\":{\"@id\":\"https:\/\/www.noticiasradioreflejos.com.ar\/2021\/#\/schema\/person\/ad82545263dcc5ec0996818884fd5fb1\"},\"breadcrumb\":{\"@id\":\"https:\/\/www.noticiasradioreflejos.com.ar\/2021\/difusion-incripcion-listado-de-emergencia-nivel-secundaria\/#breadcrumb\"},\"inLanguage\":\"es\",\"potentialAction\":[{\"@type\":\"ReadAction\",\"target\":[\"https:\/\/www.noticiasradioreflejos.com.ar\/2021\/difusion-incripcion-listado-de-emergencia-nivel-secundaria\/\"]}]},{\"@type\":\"ImageObject\",\"inLanguage\":\"es\",\"@id\":\"https:\/\/www.noticiasradioreflejos.com.ar\/2021\/difusion-incripcion-listado-de-emergencia-nivel-secundaria\/#primaryimage\",\"url\":\"https:\/\/www.noticiasradioreflejos.com.ar\/2021\/wp-content\/uploads\/2020\/12\/SAD.jpg\",\"contentUrl\":\"https:\/\/www.noticiasradioreflejos.com.ar\/2021\/wp-content\/uploads\/2020\/12\/SAD.jpg\",\"width\":506,\"height\":330},{\"@type\":\"BreadcrumbList\",\"@id\":\"https:\/\/www.noticiasradioreflejos.com.ar\/2021\/difusion-incripcion-listado-de-emergencia-nivel-secundaria\/#breadcrumb\",\"itemListElement\":[{\"@type\":\"ListItem\",\"position\":1,\"name\":\"Portada\",\"item\":\"https:\/\/www.noticiasradioreflejos.com.ar\/2021\/\"},{\"@type\":\"ListItem\",\"position\":2,\"name\":\"Difusi\u00f3n Incripci\u00f3n Listado de Emergencia nivel SECUNDARIA\"}]},{\"@type\":\"WebSite\",\"@id\":\"https:\/\/www.noticiasradioreflejos.com.ar\/2021\/#website\",\"url\":\"https:\/\/www.noticiasradioreflejos.com.ar\/2021\/\",\"name\":\"Noticias Radio Reflejos\",\"description\":\"Las noticias de mi comarca\",\"potentialAction\":[{\"@type\":\"SearchAction\",\"target\":{\"@type\":\"EntryPoint\",\"urlTemplate\":\"https:\/\/www.noticiasradioreflejos.com.ar\/2021\/?s={search_term_string}\"},\"query-input\":{\"@type\":\"PropertyValueSpecification\",\"valueRequired\":true,\"valueName\":\"search_term_string\"}}],\"inLanguage\":\"es\"},{\"@type\":\"Person\",\"@id\":\"https:\/\/www.noticiasradioreflejos.com.ar\/2021\/#\/schema\/person\/ad82545263dcc5ec0996818884fd5fb1\",\"name\":\"Arnaldo Botto\",\"image\":{\"@type\":\"ImageObject\",\"inLanguage\":\"es\",\"@id\":\"https:\/\/www.noticiasradioreflejos.com.ar\/2021\/#\/schema\/person\/image\/\",\"url\":\"https:\/\/secure.gravatar.com\/avatar\/55cb5e37c1efa326397366e6974cb338056df65cb50e7d64d1cf314e87504837?s=96&d=mm&r=g\",\"contentUrl\":\"https:\/\/secure.gravatar.com\/avatar\/55cb5e37c1efa326397366e6974cb338056df65cb50e7d64d1cf314e87504837?s=96&d=mm&r=g\",\"caption\":\"Arnaldo Botto\"},\"url\":\"https:\/\/www.noticiasradioreflejos.com.ar\/2021\/author\/arnaldo\/\"}]}<\/script>\n<!-- \/ Yoast SEO plugin. -->","yoast_head_json":{"title":"Difusi\u00f3n Incripci\u00f3n Listado de Emergencia nivel SECUNDARIA - Noticias Radio Reflejos","robots":{"index":"index","follow":"follow","max-snippet":"max-snippet:-1","max-image-preview":"max-image-preview:large","max-video-preview":"max-video-preview:-1"},"canonical":"https:\/\/www.noticiasradioreflejos.com.ar\/2021\/difusion-incripcion-listado-de-emergencia-nivel-secundaria\/","og_locale":"es_ES","og_type":"article","og_title":"Difusi\u00f3n Incripci\u00f3n Listado de Emergencia nivel SECUNDARIA - Noticias Radio Reflejos","og_description":"\u00a0SAD Tornquist solicita a pedido de la Inspectora del Nivel, se difunda la Inscripci\u00f3n a\u00a0 LISTADO DE EMERGENCIA\u00a0NIVEL SECUNDARIO\u00a0 para las siguientes \u00c1reas de acuerdo a lo establecido en las\u00a0 disposici\u00f3n 109\/2022 y\u00a0\u00a067\/17:","og_url":"https:\/\/www.noticiasradioreflejos.com.ar\/2021\/difusion-incripcion-listado-de-emergencia-nivel-secundaria\/","og_site_name":"Noticias Radio Reflejos","article_published_time":"2026-03-09T16:31:48+00:00","og_image":[{"width":506,"height":330,"url":"https:\/\/www.noticiasradioreflejos.com.ar\/2021\/wp-content\/uploads\/2020\/12\/SAD.jpg","type":"image\/jpeg"}],"author":"Arnaldo Botto","twitter_card":"summary_large_image","schema":{"@context":"https:\/\/schema.org","@graph":[{"@type":"WebPage","@id":"https:\/\/www.noticiasradioreflejos.com.ar\/2021\/difusion-incripcion-listado-de-emergencia-nivel-secundaria\/","url":"https:\/\/www.noticiasradioreflejos.com.ar\/2021\/difusion-incripcion-listado-de-emergencia-nivel-secundaria\/","name":"Difusi\u00f3n Incripci\u00f3n Listado de Emergencia nivel SECUNDARIA - Noticias Radio Reflejos","isPartOf":{"@id":"https:\/\/www.noticiasradioreflejos.com.ar\/2021\/#website"},"primaryImageOfPage":{"@id":"https:\/\/www.noticiasradioreflejos.com.ar\/2021\/difusion-incripcion-listado-de-emergencia-nivel-secundaria\/#primaryimage"},"image":{"@id":"https:\/\/www.noticiasradioreflejos.com.ar\/2021\/difusion-incripcion-listado-de-emergencia-nivel-secundaria\/#primaryimage"},"thumbnailUrl":"https:\/\/www.noticiasradioreflejos.com.ar\/2021\/wp-content\/uploads\/2020\/12\/SAD.jpg","datePublished":"2026-03-09T16:31:48+00:00","author":{"@id":"https:\/\/www.noticiasradioreflejos.com.ar\/2021\/#\/schema\/person\/ad82545263dcc5ec0996818884fd5fb1"},"breadcrumb":{"@id":"https:\/\/www.noticiasradioreflejos.com.ar\/2021\/difusion-incripcion-listado-de-emergencia-nivel-secundaria\/#breadcrumb"},"inLanguage":"es","potentialAction":[{"@type":"ReadAction","target":["https:\/\/www.noticiasradioreflejos.com.ar\/2021\/difusion-incripcion-listado-de-emergencia-nivel-secundaria\/"]}]},{"@type":"ImageObject","inLanguage":"es","@id":"https:\/\/www.noticiasradioreflejos.com.ar\/2021\/difusion-incripcion-listado-de-emergencia-nivel-secundaria\/#primaryimage","url":"https:\/\/www.noticiasradioreflejos.com.ar\/2021\/wp-content\/uploads\/2020\/12\/SAD.jpg","contentUrl":"https:\/\/www.noticiasradioreflejos.com.ar\/2021\/wp-content\/uploads\/2020\/12\/SAD.jpg","width":506,"height":330},{"@type":"BreadcrumbList","@id":"https:\/\/www.noticiasradioreflejos.com.ar\/2021\/difusion-incripcion-listado-de-emergencia-nivel-secundaria\/#breadcrumb","itemListElement":[{"@type":"ListItem","position":1,"name":"Portada","item":"https:\/\/www.noticiasradioreflejos.com.ar\/2021\/"},{"@type":"ListItem","position":2,"name":"Difusi\u00f3n Incripci\u00f3n Listado de Emergencia nivel SECUNDARIA"}]},{"@type":"WebSite","@id":"https:\/\/www.noticiasradioreflejos.com.ar\/2021\/#website","url":"https:\/\/www.noticiasradioreflejos.com.ar\/2021\/","name":"Noticias Radio Reflejos","description":"Las noticias de mi comarca","potentialAction":[{"@type":"SearchAction","target":{"@type":"EntryPoint","urlTemplate":"https:\/\/www.noticiasradioreflejos.com.ar\/2021\/?s={search_term_string}"},"query-input":{"@type":"PropertyValueSpecification","valueRequired":true,"valueName":"search_term_string"}}],"inLanguage":"es"},{"@type":"Person","@id":"https:\/\/www.noticiasradioreflejos.com.ar\/2021\/#\/schema\/person\/ad82545263dcc5ec0996818884fd5fb1","name":"Arnaldo Botto","image":{"@type":"ImageObject","inLanguage":"es","@id":"https:\/\/www.noticiasradioreflejos.com.ar\/2021\/#\/schema\/person\/image\/","url":"https:\/\/secure.gravatar.com\/avatar\/55cb5e37c1efa326397366e6974cb338056df65cb50e7d64d1cf314e87504837?s=96&d=mm&r=g","contentUrl":"https:\/\/secure.gravatar.com\/avatar\/55cb5e37c1efa326397366e6974cb338056df65cb50e7d64d1cf314e87504837?s=96&d=mm&r=g","caption":"Arnaldo Botto"},"url":"https:\/\/www.noticiasradioreflejos.com.ar\/2021\/author\/arnaldo\/"}]}},"_links":{"self":[{"href":"https:\/\/www.noticiasradioreflejos.com.ar\/2021\/wp-json\/wp\/v2\/posts\/133756","targetHints":{"allow":["GET"]}}],"collection":[{"href":"https:\/\/www.noticiasradioreflejos.com.ar\/2021\/wp-json\/wp\/v2\/posts"}],"about":[{"href":"https:\/\/www.noticiasradioreflejos.com.ar\/2021\/wp-json\/wp\/v2\/types\/post"}],"author":[{"embeddable":true,"href":"https:\/\/www.noticiasradioreflejos.com.ar\/2021\/wp-json\/wp\/v2\/users\/3"}],"replies":[{"embeddable":true,"href":"https:\/\/www.noticiasradioreflejos.com.ar\/2021\/wp-json\/wp\/v2\/comments?post=133756"}],"version-history":[{"count":1,"href":"https:\/\/www.noticiasradioreflejos.com.ar\/2021\/wp-json\/wp\/v2\/posts\/133756\/revisions"}],"predecessor-version":[{"id":133757,"href":"https:\/\/www.noticiasradioreflejos.com.ar\/2021\/wp-json\/wp\/v2\/posts\/133756\/revisions\/133757"}],"wp:featuredmedia":[{"embeddable":true,"href":"https:\/\/www.noticiasradioreflejos.com.ar\/2021\/wp-json\/wp\/v2\/media\/50776"}],"wp:attachment":[{"href":"https:\/\/www.noticiasradioreflejos.com.ar\/2021\/wp-json\/wp\/v2\/media?parent=133756"}],"wp:term":[{"taxonomy":"category","embeddable":true,"href":"https:\/\/www.noticiasradioreflejos.com.ar\/2021\/wp-json\/wp\/v2\/categories?post=133756"},{"taxonomy":"post_tag","embeddable":true,"href":"https:\/\/www.noticiasradioreflejos.com.ar\/2021\/wp-json\/wp\/v2\/tags?post=133756"}],"curies":[{"name":"wp","href":"https:\/\/api.w.org\/{rel}","templated":true}]}}