{"id":133751,"date":"2026-03-09T12:08:54","date_gmt":"2026-03-09T15:08:54","guid":{"rendered":"https:\/\/www.noticiasradioreflejos.com.ar\/2021\/?p=133751"},"modified":"2026-03-09T12:08:54","modified_gmt":"2026-03-09T15:08:54","slug":"tornquist-conmemoro-el-dia-internacional-de-la-mujer-con-la-5-feria-mostrarte-mujer","status":"publish","type":"post","link":"https:\/\/www.noticiasradioreflejos.com.ar\/2021\/tornquist-conmemoro-el-dia-internacional-de-la-mujer-con-la-5-feria-mostrarte-mujer\/","title":{"rendered":"Tornquist conmemor\u00f3 el D\u00eda Internacional de la Mujer con la 5\u00b0 Feria \u2018MostrArte Mujer\u2019"},"content":{"rendered":"<p>En el marco del D\u00eda Internacional de la Mujer, este domingo se llev\u00f3 adelante en la Plaza Ernesto Tornquist la 5\u00b0 edici\u00f3n de la Feria \u201cMostrArte Mujer\u201d, una propuesta impulsada por Tornquist Municipio para visibilizar el trabajo, el compromiso y el desarrollo de mujeres del distrito.<!--more--><\/p>\n<p>La feria cont\u00f3 con la participaci\u00f3n de m\u00e1s de 20 artesanas, quienes exhibieron y ofrecieron sus productos, generando un espacio de encuentro para vecinos y vecinas y promoviendo el trabajo y la producci\u00f3n local.<\/p>\n<p>Durante la jornada, la Intendente Estefan\u00eda Bordoni, destac\u00f3 la importancia de la fecha, invitando a reflexionar sobre los derechos conquistados y la necesidad de seguir impulsando acciones que promuevan la igualdad de oportunidades y el desarrollo de las mujeres en todos los \u00e1mbitos de la sociedad.<\/p>\n<p>La propuesta incluy\u00f3 tambi\u00e9n la presentaci\u00f3n en vivo de la Escuela Folkl\u00f3rica Municipal y del grupo \u2018Media Pinta\u2019, coronando una tarde de feria, cultura y participaci\u00f3n comunitaria.<\/p>\n<p>&nbsp;<\/p>\n<p><iframe loading=\"lazy\" style=\"border: none; overflow: hidden;\" src=\"https:\/\/www.facebook.com\/plugins\/post.php?href=https%3A%2F%2Fwww.facebook.com%2Fpermalink.php%3Fstory_fbid%3Dpfbid02juRh2dCYn5zne5jtDjVK2WWSvNTW5BSxUKvfvPtiaoz25Zdd6cL3rht4yuvkrNzml%26id%3D100091327519773&amp;show_text=true&amp;width=500\" width=\"500\" height=\"719\" frameborder=\"0\" scrolling=\"no\" allowfullscreen=\"allowfullscreen\"><\/iframe><\/p>\n","protected":false},"excerpt":{"rendered":"<p>En el marco del D\u00eda Internacional de la Mujer, este domingo se llev\u00f3 adelante en la Plaza Ernesto Tornquist la 5\u00b0 edici\u00f3n de la Feria \u201cMostrArte Mujer\u201d, una propuesta impulsada por Tornquist Municipio para visibilizar el trabajo, el compromiso y el desarrollo de mujeres del distrito.<\/p>\n","protected":false},"author":3,"featured_media":133754,"comment_status":"closed","ping_status":"closed","sticky":false,"template":"","format":"standard","meta":{"footnotes":""},"categories":[28],"tags":[48],"class_list":["post-133751","post","type-post","status-publish","format-standard","has-post-thumbnail","hentry","category-municipales","tag-destacada"],"yoast_head":"<!-- This site is optimized with the Yoast SEO plugin v25.9 - https:\/\/yoast.com\/wordpress\/plugins\/seo\/ -->\n<title>Tornquist conmemor\u00f3 el D\u00eda Internacional de la Mujer con la 5\u00b0 Feria \u2018MostrArte Mujer\u2019 - Noticias Radio Reflejos<\/title>\n<meta name=\"robots\" content=\"index, follow, max-snippet:-1, max-image-preview:large, max-video-preview:-1\" \/>\n<link rel=\"canonical\" href=\"https:\/\/www.noticiasradioreflejos.com.ar\/2021\/tornquist-conmemoro-el-dia-internacional-de-la-mujer-con-la-5-feria-mostrarte-mujer\/\" \/>\n<meta property=\"og:locale\" content=\"es_ES\" \/>\n<meta property=\"og:type\" content=\"article\" \/>\n<meta property=\"og:title\" content=\"Tornquist conmemor\u00f3 el D\u00eda Internacional de la Mujer con la 5\u00b0 Feria \u2018MostrArte Mujer\u2019 - Noticias Radio Reflejos\" \/>\n<meta property=\"og:description\" content=\"En el marco del D\u00eda Internacional de la Mujer, este domingo se llev\u00f3 adelante en la Plaza Ernesto Tornquist la 5\u00b0 edici\u00f3n de la Feria \u201cMostrArte Mujer\u201d, una propuesta impulsada por Tornquist Municipio para visibilizar el trabajo, el compromiso y el desarrollo de mujeres del distrito.\" \/>\n<meta property=\"og:url\" content=\"https:\/\/www.noticiasradioreflejos.com.ar\/2021\/tornquist-conmemoro-el-dia-internacional-de-la-mujer-con-la-5-feria-mostrarte-mujer\/\" \/>\n<meta property=\"og:site_name\" content=\"Noticias Radio Reflejos\" \/>\n<meta property=\"article:published_time\" content=\"2026-03-09T15:08:54+00:00\" \/>\n<meta property=\"og:image\" content=\"https:\/\/www.noticiasradioreflejos.com.ar\/2021\/wp-content\/uploads\/2026\/03\/Mostrarte-26-4.jpg\" \/>\n\t<meta property=\"og:image:width\" content=\"2048\" \/>\n\t<meta property=\"og:image:height\" content=\"1365\" \/>\n\t<meta property=\"og:image:type\" content=\"image\/jpeg\" \/>\n<meta name=\"author\" content=\"Arnaldo Botto\" \/>\n<meta name=\"twitter:card\" content=\"summary_large_image\" \/>\n<script type=\"application\/ld+json\" class=\"yoast-schema-graph\">{\"@context\":\"https:\/\/schema.org\",\"@graph\":[{\"@type\":\"WebPage\",\"@id\":\"https:\/\/www.noticiasradioreflejos.com.ar\/2021\/tornquist-conmemoro-el-dia-internacional-de-la-mujer-con-la-5-feria-mostrarte-mujer\/\",\"url\":\"https:\/\/www.noticiasradioreflejos.com.ar\/2021\/tornquist-conmemoro-el-dia-internacional-de-la-mujer-con-la-5-feria-mostrarte-mujer\/\",\"name\":\"Tornquist conmemor\u00f3 el D\u00eda Internacional de la Mujer con la 5\u00b0 Feria \u2018MostrArte Mujer\u2019 - Noticias Radio Reflejos\",\"isPartOf\":{\"@id\":\"https:\/\/www.noticiasradioreflejos.com.ar\/2021\/#website\"},\"primaryImageOfPage\":{\"@id\":\"https:\/\/www.noticiasradioreflejos.com.ar\/2021\/tornquist-conmemoro-el-dia-internacional-de-la-mujer-con-la-5-feria-mostrarte-mujer\/#primaryimage\"},\"image\":{\"@id\":\"https:\/\/www.noticiasradioreflejos.com.ar\/2021\/tornquist-conmemoro-el-dia-internacional-de-la-mujer-con-la-5-feria-mostrarte-mujer\/#primaryimage\"},\"thumbnailUrl\":\"https:\/\/www.noticiasradioreflejos.com.ar\/2021\/wp-content\/uploads\/2026\/03\/Mostrarte-26-4.jpg\",\"datePublished\":\"2026-03-09T15:08:54+00:00\",\"author\":{\"@id\":\"https:\/\/www.noticiasradioreflejos.com.ar\/2021\/#\/schema\/person\/ad82545263dcc5ec0996818884fd5fb1\"},\"breadcrumb\":{\"@id\":\"https:\/\/www.noticiasradioreflejos.com.ar\/2021\/tornquist-conmemoro-el-dia-internacional-de-la-mujer-con-la-5-feria-mostrarte-mujer\/#breadcrumb\"},\"inLanguage\":\"es\",\"potentialAction\":[{\"@type\":\"ReadAction\",\"target\":[\"https:\/\/www.noticiasradioreflejos.com.ar\/2021\/tornquist-conmemoro-el-dia-internacional-de-la-mujer-con-la-5-feria-mostrarte-mujer\/\"]}]},{\"@type\":\"ImageObject\",\"inLanguage\":\"es\",\"@id\":\"https:\/\/www.noticiasradioreflejos.com.ar\/2021\/tornquist-conmemoro-el-dia-internacional-de-la-mujer-con-la-5-feria-mostrarte-mujer\/#primaryimage\",\"url\":\"https:\/\/www.noticiasradioreflejos.com.ar\/2021\/wp-content\/uploads\/2026\/03\/Mostrarte-26-4.jpg\",\"contentUrl\":\"https:\/\/www.noticiasradioreflejos.com.ar\/2021\/wp-content\/uploads\/2026\/03\/Mostrarte-26-4.jpg\",\"width\":2048,\"height\":1365},{\"@type\":\"BreadcrumbList\",\"@id\":\"https:\/\/www.noticiasradioreflejos.com.ar\/2021\/tornquist-conmemoro-el-dia-internacional-de-la-mujer-con-la-5-feria-mostrarte-mujer\/#breadcrumb\",\"itemListElement\":[{\"@type\":\"ListItem\",\"position\":1,\"name\":\"Portada\",\"item\":\"https:\/\/www.noticiasradioreflejos.com.ar\/2021\/\"},{\"@type\":\"ListItem\",\"position\":2,\"name\":\"Tornquist conmemor\u00f3 el D\u00eda Internacional de la Mujer con la 5\u00b0 Feria \u2018MostrArte Mujer\u2019\"}]},{\"@type\":\"WebSite\",\"@id\":\"https:\/\/www.noticiasradioreflejos.com.ar\/2021\/#website\",\"url\":\"https:\/\/www.noticiasradioreflejos.com.ar\/2021\/\",\"name\":\"Noticias Radio Reflejos\",\"description\":\"Las noticias de mi comarca\",\"potentialAction\":[{\"@type\":\"SearchAction\",\"target\":{\"@type\":\"EntryPoint\",\"urlTemplate\":\"https:\/\/www.noticiasradioreflejos.com.ar\/2021\/?s={search_term_string}\"},\"query-input\":{\"@type\":\"PropertyValueSpecification\",\"valueRequired\":true,\"valueName\":\"search_term_string\"}}],\"inLanguage\":\"es\"},{\"@type\":\"Person\",\"@id\":\"https:\/\/www.noticiasradioreflejos.com.ar\/2021\/#\/schema\/person\/ad82545263dcc5ec0996818884fd5fb1\",\"name\":\"Arnaldo Botto\",\"image\":{\"@type\":\"ImageObject\",\"inLanguage\":\"es\",\"@id\":\"https:\/\/www.noticiasradioreflejos.com.ar\/2021\/#\/schema\/person\/image\/\",\"url\":\"https:\/\/secure.gravatar.com\/avatar\/55cb5e37c1efa326397366e6974cb338056df65cb50e7d64d1cf314e87504837?s=96&d=mm&r=g\",\"contentUrl\":\"https:\/\/secure.gravatar.com\/avatar\/55cb5e37c1efa326397366e6974cb338056df65cb50e7d64d1cf314e87504837?s=96&d=mm&r=g\",\"caption\":\"Arnaldo Botto\"},\"url\":\"https:\/\/www.noticiasradioreflejos.com.ar\/2021\/author\/arnaldo\/\"}]}<\/script>\n<!-- \/ Yoast SEO plugin. -->","yoast_head_json":{"title":"Tornquist conmemor\u00f3 el D\u00eda Internacional de la Mujer con la 5\u00b0 Feria \u2018MostrArte Mujer\u2019 - Noticias Radio Reflejos","robots":{"index":"index","follow":"follow","max-snippet":"max-snippet:-1","max-image-preview":"max-image-preview:large","max-video-preview":"max-video-preview:-1"},"canonical":"https:\/\/www.noticiasradioreflejos.com.ar\/2021\/tornquist-conmemoro-el-dia-internacional-de-la-mujer-con-la-5-feria-mostrarte-mujer\/","og_locale":"es_ES","og_type":"article","og_title":"Tornquist conmemor\u00f3 el D\u00eda Internacional de la Mujer con la 5\u00b0 Feria \u2018MostrArte Mujer\u2019 - Noticias Radio Reflejos","og_description":"En el marco del D\u00eda Internacional de la Mujer, este domingo se llev\u00f3 adelante en la Plaza Ernesto Tornquist la 5\u00b0 edici\u00f3n de la Feria \u201cMostrArte Mujer\u201d, una propuesta impulsada por Tornquist Municipio para visibilizar el trabajo, el compromiso y el desarrollo de mujeres del distrito.","og_url":"https:\/\/www.noticiasradioreflejos.com.ar\/2021\/tornquist-conmemoro-el-dia-internacional-de-la-mujer-con-la-5-feria-mostrarte-mujer\/","og_site_name":"Noticias Radio Reflejos","article_published_time":"2026-03-09T15:08:54+00:00","og_image":[{"width":2048,"height":1365,"url":"https:\/\/www.noticiasradioreflejos.com.ar\/2021\/wp-content\/uploads\/2026\/03\/Mostrarte-26-4.jpg","type":"image\/jpeg"}],"author":"Arnaldo Botto","twitter_card":"summary_large_image","schema":{"@context":"https:\/\/schema.org","@graph":[{"@type":"WebPage","@id":"https:\/\/www.noticiasradioreflejos.com.ar\/2021\/tornquist-conmemoro-el-dia-internacional-de-la-mujer-con-la-5-feria-mostrarte-mujer\/","url":"https:\/\/www.noticiasradioreflejos.com.ar\/2021\/tornquist-conmemoro-el-dia-internacional-de-la-mujer-con-la-5-feria-mostrarte-mujer\/","name":"Tornquist conmemor\u00f3 el D\u00eda Internacional de la Mujer con la 5\u00b0 Feria \u2018MostrArte Mujer\u2019 - Noticias Radio Reflejos","isPartOf":{"@id":"https:\/\/www.noticiasradioreflejos.com.ar\/2021\/#website"},"primaryImageOfPage":{"@id":"https:\/\/www.noticiasradioreflejos.com.ar\/2021\/tornquist-conmemoro-el-dia-internacional-de-la-mujer-con-la-5-feria-mostrarte-mujer\/#primaryimage"},"image":{"@id":"https:\/\/www.noticiasradioreflejos.com.ar\/2021\/tornquist-conmemoro-el-dia-internacional-de-la-mujer-con-la-5-feria-mostrarte-mujer\/#primaryimage"},"thumbnailUrl":"https:\/\/www.noticiasradioreflejos.com.ar\/2021\/wp-content\/uploads\/2026\/03\/Mostrarte-26-4.jpg","datePublished":"2026-03-09T15:08:54+00:00","author":{"@id":"https:\/\/www.noticiasradioreflejos.com.ar\/2021\/#\/schema\/person\/ad82545263dcc5ec0996818884fd5fb1"},"breadcrumb":{"@id":"https:\/\/www.noticiasradioreflejos.com.ar\/2021\/tornquist-conmemoro-el-dia-internacional-de-la-mujer-con-la-5-feria-mostrarte-mujer\/#breadcrumb"},"inLanguage":"es","potentialAction":[{"@type":"ReadAction","target":["https:\/\/www.noticiasradioreflejos.com.ar\/2021\/tornquist-conmemoro-el-dia-internacional-de-la-mujer-con-la-5-feria-mostrarte-mujer\/"]}]},{"@type":"ImageObject","inLanguage":"es","@id":"https:\/\/www.noticiasradioreflejos.com.ar\/2021\/tornquist-conmemoro-el-dia-internacional-de-la-mujer-con-la-5-feria-mostrarte-mujer\/#primaryimage","url":"https:\/\/www.noticiasradioreflejos.com.ar\/2021\/wp-content\/uploads\/2026\/03\/Mostrarte-26-4.jpg","contentUrl":"https:\/\/www.noticiasradioreflejos.com.ar\/2021\/wp-content\/uploads\/2026\/03\/Mostrarte-26-4.jpg","width":2048,"height":1365},{"@type":"BreadcrumbList","@id":"https:\/\/www.noticiasradioreflejos.com.ar\/2021\/tornquist-conmemoro-el-dia-internacional-de-la-mujer-con-la-5-feria-mostrarte-mujer\/#breadcrumb","itemListElement":[{"@type":"ListItem","position":1,"name":"Portada","item":"https:\/\/www.noticiasradioreflejos.com.ar\/2021\/"},{"@type":"ListItem","position":2,"name":"Tornquist conmemor\u00f3 el D\u00eda Internacional de la Mujer con la 5\u00b0 Feria \u2018MostrArte Mujer\u2019"}]},{"@type":"WebSite","@id":"https:\/\/www.noticiasradioreflejos.com.ar\/2021\/#website","url":"https:\/\/www.noticiasradioreflejos.com.ar\/2021\/","name":"Noticias Radio Reflejos","description":"Las noticias de mi comarca","potentialAction":[{"@type":"SearchAction","target":{"@type":"EntryPoint","urlTemplate":"https:\/\/www.noticiasradioreflejos.com.ar\/2021\/?s={search_term_string}"},"query-input":{"@type":"PropertyValueSpecification","valueRequired":true,"valueName":"search_term_string"}}],"inLanguage":"es"},{"@type":"Person","@id":"https:\/\/www.noticiasradioreflejos.com.ar\/2021\/#\/schema\/person\/ad82545263dcc5ec0996818884fd5fb1","name":"Arnaldo Botto","image":{"@type":"ImageObject","inLanguage":"es","@id":"https:\/\/www.noticiasradioreflejos.com.ar\/2021\/#\/schema\/person\/image\/","url":"https:\/\/secure.gravatar.com\/avatar\/55cb5e37c1efa326397366e6974cb338056df65cb50e7d64d1cf314e87504837?s=96&d=mm&r=g","contentUrl":"https:\/\/secure.gravatar.com\/avatar\/55cb5e37c1efa326397366e6974cb338056df65cb50e7d64d1cf314e87504837?s=96&d=mm&r=g","caption":"Arnaldo Botto"},"url":"https:\/\/www.noticiasradioreflejos.com.ar\/2021\/author\/arnaldo\/"}]}},"_links":{"self":[{"href":"https:\/\/www.noticiasradioreflejos.com.ar\/2021\/wp-json\/wp\/v2\/posts\/133751","targetHints":{"allow":["GET"]}}],"collection":[{"href":"https:\/\/www.noticiasradioreflejos.com.ar\/2021\/wp-json\/wp\/v2\/posts"}],"about":[{"href":"https:\/\/www.noticiasradioreflejos.com.ar\/2021\/wp-json\/wp\/v2\/types\/post"}],"author":[{"embeddable":true,"href":"https:\/\/www.noticiasradioreflejos.com.ar\/2021\/wp-json\/wp\/v2\/users\/3"}],"replies":[{"embeddable":true,"href":"https:\/\/www.noticiasradioreflejos.com.ar\/2021\/wp-json\/wp\/v2\/comments?post=133751"}],"version-history":[{"count":1,"href":"https:\/\/www.noticiasradioreflejos.com.ar\/2021\/wp-json\/wp\/v2\/posts\/133751\/revisions"}],"predecessor-version":[{"id":133755,"href":"https:\/\/www.noticiasradioreflejos.com.ar\/2021\/wp-json\/wp\/v2\/posts\/133751\/revisions\/133755"}],"wp:featuredmedia":[{"embeddable":true,"href":"https:\/\/www.noticiasradioreflejos.com.ar\/2021\/wp-json\/wp\/v2\/media\/133754"}],"wp:attachment":[{"href":"https:\/\/www.noticiasradioreflejos.com.ar\/2021\/wp-json\/wp\/v2\/media?parent=133751"}],"wp:term":[{"taxonomy":"category","embeddable":true,"href":"https:\/\/www.noticiasradioreflejos.com.ar\/2021\/wp-json\/wp\/v2\/categories?post=133751"},{"taxonomy":"post_tag","embeddable":true,"href":"https:\/\/www.noticiasradioreflejos.com.ar\/2021\/wp-json\/wp\/v2\/tags?post=133751"}],"curies":[{"name":"wp","href":"https:\/\/api.w.org\/{rel}","templated":true}]}}