{"id":133750,"date":"2026-03-09T14:09:13","date_gmt":"2026-03-09T17:09:13","guid":{"rendered":"https:\/\/www.noticiasradioreflejos.com.ar\/2021\/?p=133750"},"modified":"2026-03-09T14:10:55","modified_gmt":"2026-03-09T17:10:55","slug":"santiago-liaudat-la-lucha-por-la-humanizacion-es-el-desafio-central-frente-a-la-opresion-actual","status":"publish","type":"post","link":"https:\/\/www.noticiasradioreflejos.com.ar\/2021\/santiago-liaudat-la-lucha-por-la-humanizacion-es-el-desafio-central-frente-a-la-opresion-actual\/","title":{"rendered":"Santiago Liaudat: \u00abLa lucha por la humanizaci\u00f3n es el desaf\u00edo central frente a la opresi\u00f3n actual\u00bb"},"content":{"rendered":"<p>En su reciente columna para el programa Jugo de Lim\u00f3n, el fil\u00f3sofo Santiago Liaudat analiz\u00f3 las estructuras de poder vigentes a la luz del pensamiento de Paulo Freire. El acad\u00e9mico advirti\u00f3 que los procesos de opresi\u00f3n actuales buscan la \u00abcosificaci\u00f3n\u00bb del individuo y sostuvo que la verdadera liberaci\u00f3n requiere reconstruir los lazos de solidaridad y la conciencia cr\u00edtica.<!--more--><\/p>\n<p>BUENOS AIRES \u2013 El fil\u00f3sofo y docente Santiago Liaudat present\u00f3 una profunda reflexi\u00f3n sobre la condici\u00f3n humana en tiempos de crisis social durante su habitual espacio en la AM 530. Bajo el eje \u00abOpresi\u00f3n y Humanizaci\u00f3n\u00bb, Liaudat rescat\u00f3 las categor\u00edas de la Pedagog\u00eda del Oprimido para explicar los fen\u00f3menos de exclusi\u00f3n y violencia simb\u00f3lica que atraviesan la realidad argentina.<\/p>\n<p>Para el fil\u00f3sofo, la opresi\u00f3n se manifiesta cuando se impide al sujeto \u00abser m\u00e1s\u00bb, limitando su capacidad de decidir y transformar su entorno. \u00abLa deshumanizaci\u00f3n no es solo el destino de los oprimidos, sino tambi\u00e9n una marca de los opresores que, en su af\u00e1n de poseer, pierden su propia esencia humana\u00bb, destac\u00f3 durante la nota.<\/p>\n<p>Superar la l\u00f3gica del \u00abopresor alojado\u00bb<br \/>\nUno de los puntos m\u00e1s destacados de la intervenci\u00f3n fue la advertencia sobre el peligro de que los sectores postergados adopten la l\u00f3gica de sus opresores. Liaudat se\u00f1al\u00f3 que la educaci\u00f3n y la organizaci\u00f3n comunitaria son las \u00fanicas herramientas capaces de romper ese c\u00edrculo vicioso para proyectar una sociedad basada en la equidad y no en la dominaci\u00f3n.<\/p>\n<p>En un contexto marcado por la fragmentaci\u00f3n social, la columna de Liaudat invita a repensar la pol\u00edtica como un acto de amor y valent\u00eda, orientado a recuperar la dignidad de las mayor\u00edas populares frente a modelos que priorizan el mercado por sobre la vida.<\/p>\n<p><a href=\"https:\/\/www.noticiasradioreflejos.com.ar\/2021\/?attachment_id=133752\">COLUMNA DE SANTIAGO LIAUDAT FREIRE, OPRESI\u00d3N Y HUMANIZACI\u00d3N &#8211; JUGO DE LIM\u00d3N &#8211; AM530<\/a><\/p>\n","protected":false},"excerpt":{"rendered":"<p>En su reciente columna para el programa Jugo de Lim\u00f3n, el fil\u00f3sofo Santiago Liaudat analiz\u00f3 las estructuras de poder vigentes a la luz del pensamiento de Paulo Freire. El acad\u00e9mico advirti\u00f3 que los procesos de opresi\u00f3n actuales buscan la \u00abcosificaci\u00f3n\u00bb del individuo y sostuvo que la verdadera liberaci\u00f3n requiere reconstruir los lazos de solidaridad y [&hellip;]<\/p>\n","protected":false},"author":3,"featured_media":133770,"comment_status":"closed","ping_status":"closed","sticky":false,"template":"","format":"standard","meta":{"footnotes":""},"categories":[35,24,26],"tags":[48],"class_list":["post-133750","post","type-post","status-publish","format-standard","has-post-thumbnail","hentry","category-cultura","category-politica","category-sociedad","tag-destacada"],"yoast_head":"<!-- This site is optimized with the Yoast SEO plugin v25.9 - https:\/\/yoast.com\/wordpress\/plugins\/seo\/ -->\n<title>Santiago Liaudat: &quot;La lucha por la humanizaci\u00f3n es el desaf\u00edo central frente a la opresi\u00f3n actual&quot; - Noticias Radio Reflejos<\/title>\n<meta name=\"robots\" content=\"index, follow, max-snippet:-1, max-image-preview:large, max-video-preview:-1\" \/>\n<link rel=\"canonical\" href=\"https:\/\/www.noticiasradioreflejos.com.ar\/2021\/santiago-liaudat-la-lucha-por-la-humanizacion-es-el-desafio-central-frente-a-la-opresion-actual\/\" \/>\n<meta property=\"og:locale\" content=\"es_ES\" \/>\n<meta property=\"og:type\" content=\"article\" \/>\n<meta property=\"og:title\" content=\"Santiago Liaudat: &quot;La lucha por la humanizaci\u00f3n es el desaf\u00edo central frente a la opresi\u00f3n actual&quot; - Noticias Radio Reflejos\" \/>\n<meta property=\"og:description\" content=\"En su reciente columna para el programa Jugo de Lim\u00f3n, el fil\u00f3sofo Santiago Liaudat analiz\u00f3 las estructuras de poder vigentes a la luz del pensamiento de Paulo Freire. El acad\u00e9mico advirti\u00f3 que los procesos de opresi\u00f3n actuales buscan la \u00abcosificaci\u00f3n\u00bb del individuo y sostuvo que la verdadera liberaci\u00f3n requiere reconstruir los lazos de solidaridad y [&hellip;]\" \/>\n<meta property=\"og:url\" content=\"https:\/\/www.noticiasradioreflejos.com.ar\/2021\/santiago-liaudat-la-lucha-por-la-humanizacion-es-el-desafio-central-frente-a-la-opresion-actual\/\" \/>\n<meta property=\"og:site_name\" content=\"Noticias Radio Reflejos\" \/>\n<meta property=\"article:published_time\" content=\"2026-03-09T17:09:13+00:00\" \/>\n<meta property=\"article:modified_time\" content=\"2026-03-09T17:10:55+00:00\" \/>\n<meta property=\"og:image\" content=\"https:\/\/www.noticiasradioreflejos.com.ar\/2021\/wp-content\/uploads\/2026\/03\/freire-2.jpg\" \/>\n\t<meta property=\"og:image:width\" content=\"600\" \/>\n\t<meta property=\"og:image:height\" content=\"338\" \/>\n\t<meta property=\"og:image:type\" content=\"image\/jpeg\" \/>\n<meta name=\"author\" content=\"Arnaldo Botto\" \/>\n<meta name=\"twitter:card\" content=\"summary_large_image\" \/>\n<script type=\"application\/ld+json\" class=\"yoast-schema-graph\">{\"@context\":\"https:\/\/schema.org\",\"@graph\":[{\"@type\":\"WebPage\",\"@id\":\"https:\/\/www.noticiasradioreflejos.com.ar\/2021\/santiago-liaudat-la-lucha-por-la-humanizacion-es-el-desafio-central-frente-a-la-opresion-actual\/\",\"url\":\"https:\/\/www.noticiasradioreflejos.com.ar\/2021\/santiago-liaudat-la-lucha-por-la-humanizacion-es-el-desafio-central-frente-a-la-opresion-actual\/\",\"name\":\"Santiago Liaudat: \\\"La lucha por la humanizaci\u00f3n es el desaf\u00edo central frente a la opresi\u00f3n actual\\\" - Noticias Radio Reflejos\",\"isPartOf\":{\"@id\":\"https:\/\/www.noticiasradioreflejos.com.ar\/2021\/#website\"},\"primaryImageOfPage\":{\"@id\":\"https:\/\/www.noticiasradioreflejos.com.ar\/2021\/santiago-liaudat-la-lucha-por-la-humanizacion-es-el-desafio-central-frente-a-la-opresion-actual\/#primaryimage\"},\"image\":{\"@id\":\"https:\/\/www.noticiasradioreflejos.com.ar\/2021\/santiago-liaudat-la-lucha-por-la-humanizacion-es-el-desafio-central-frente-a-la-opresion-actual\/#primaryimage\"},\"thumbnailUrl\":\"https:\/\/www.noticiasradioreflejos.com.ar\/2021\/wp-content\/uploads\/2026\/03\/freire-2.jpg\",\"datePublished\":\"2026-03-09T17:09:13+00:00\",\"dateModified\":\"2026-03-09T17:10:55+00:00\",\"author\":{\"@id\":\"https:\/\/www.noticiasradioreflejos.com.ar\/2021\/#\/schema\/person\/ad82545263dcc5ec0996818884fd5fb1\"},\"breadcrumb\":{\"@id\":\"https:\/\/www.noticiasradioreflejos.com.ar\/2021\/santiago-liaudat-la-lucha-por-la-humanizacion-es-el-desafio-central-frente-a-la-opresion-actual\/#breadcrumb\"},\"inLanguage\":\"es\",\"potentialAction\":[{\"@type\":\"ReadAction\",\"target\":[\"https:\/\/www.noticiasradioreflejos.com.ar\/2021\/santiago-liaudat-la-lucha-por-la-humanizacion-es-el-desafio-central-frente-a-la-opresion-actual\/\"]}]},{\"@type\":\"ImageObject\",\"inLanguage\":\"es\",\"@id\":\"https:\/\/www.noticiasradioreflejos.com.ar\/2021\/santiago-liaudat-la-lucha-por-la-humanizacion-es-el-desafio-central-frente-a-la-opresion-actual\/#primaryimage\",\"url\":\"https:\/\/www.noticiasradioreflejos.com.ar\/2021\/wp-content\/uploads\/2026\/03\/freire-2.jpg\",\"contentUrl\":\"https:\/\/www.noticiasradioreflejos.com.ar\/2021\/wp-content\/uploads\/2026\/03\/freire-2.jpg\",\"width\":600,\"height\":338},{\"@type\":\"BreadcrumbList\",\"@id\":\"https:\/\/www.noticiasradioreflejos.com.ar\/2021\/santiago-liaudat-la-lucha-por-la-humanizacion-es-el-desafio-central-frente-a-la-opresion-actual\/#breadcrumb\",\"itemListElement\":[{\"@type\":\"ListItem\",\"position\":1,\"name\":\"Portada\",\"item\":\"https:\/\/www.noticiasradioreflejos.com.ar\/2021\/\"},{\"@type\":\"ListItem\",\"position\":2,\"name\":\"Santiago Liaudat: \u00abLa lucha por la humanizaci\u00f3n es el desaf\u00edo central frente a la opresi\u00f3n actual\u00bb\"}]},{\"@type\":\"WebSite\",\"@id\":\"https:\/\/www.noticiasradioreflejos.com.ar\/2021\/#website\",\"url\":\"https:\/\/www.noticiasradioreflejos.com.ar\/2021\/\",\"name\":\"Noticias Radio Reflejos\",\"description\":\"Las noticias de mi comarca\",\"potentialAction\":[{\"@type\":\"SearchAction\",\"target\":{\"@type\":\"EntryPoint\",\"urlTemplate\":\"https:\/\/www.noticiasradioreflejos.com.ar\/2021\/?s={search_term_string}\"},\"query-input\":{\"@type\":\"PropertyValueSpecification\",\"valueRequired\":true,\"valueName\":\"search_term_string\"}}],\"inLanguage\":\"es\"},{\"@type\":\"Person\",\"@id\":\"https:\/\/www.noticiasradioreflejos.com.ar\/2021\/#\/schema\/person\/ad82545263dcc5ec0996818884fd5fb1\",\"name\":\"Arnaldo Botto\",\"image\":{\"@type\":\"ImageObject\",\"inLanguage\":\"es\",\"@id\":\"https:\/\/www.noticiasradioreflejos.com.ar\/2021\/#\/schema\/person\/image\/\",\"url\":\"https:\/\/secure.gravatar.com\/avatar\/55cb5e37c1efa326397366e6974cb338056df65cb50e7d64d1cf314e87504837?s=96&d=mm&r=g\",\"contentUrl\":\"https:\/\/secure.gravatar.com\/avatar\/55cb5e37c1efa326397366e6974cb338056df65cb50e7d64d1cf314e87504837?s=96&d=mm&r=g\",\"caption\":\"Arnaldo Botto\"},\"url\":\"https:\/\/www.noticiasradioreflejos.com.ar\/2021\/author\/arnaldo\/\"}]}<\/script>\n<!-- \/ Yoast SEO plugin. -->","yoast_head_json":{"title":"Santiago Liaudat: \"La lucha por la humanizaci\u00f3n es el desaf\u00edo central frente a la opresi\u00f3n actual\" - Noticias Radio Reflejos","robots":{"index":"index","follow":"follow","max-snippet":"max-snippet:-1","max-image-preview":"max-image-preview:large","max-video-preview":"max-video-preview:-1"},"canonical":"https:\/\/www.noticiasradioreflejos.com.ar\/2021\/santiago-liaudat-la-lucha-por-la-humanizacion-es-el-desafio-central-frente-a-la-opresion-actual\/","og_locale":"es_ES","og_type":"article","og_title":"Santiago Liaudat: \"La lucha por la humanizaci\u00f3n es el desaf\u00edo central frente a la opresi\u00f3n actual\" - Noticias Radio Reflejos","og_description":"En su reciente columna para el programa Jugo de Lim\u00f3n, el fil\u00f3sofo Santiago Liaudat analiz\u00f3 las estructuras de poder vigentes a la luz del pensamiento de Paulo Freire. El acad\u00e9mico advirti\u00f3 que los procesos de opresi\u00f3n actuales buscan la \u00abcosificaci\u00f3n\u00bb del individuo y sostuvo que la verdadera liberaci\u00f3n requiere reconstruir los lazos de solidaridad y [&hellip;]","og_url":"https:\/\/www.noticiasradioreflejos.com.ar\/2021\/santiago-liaudat-la-lucha-por-la-humanizacion-es-el-desafio-central-frente-a-la-opresion-actual\/","og_site_name":"Noticias Radio Reflejos","article_published_time":"2026-03-09T17:09:13+00:00","article_modified_time":"2026-03-09T17:10:55+00:00","og_image":[{"width":600,"height":338,"url":"https:\/\/www.noticiasradioreflejos.com.ar\/2021\/wp-content\/uploads\/2026\/03\/freire-2.jpg","type":"image\/jpeg"}],"author":"Arnaldo Botto","twitter_card":"summary_large_image","schema":{"@context":"https:\/\/schema.org","@graph":[{"@type":"WebPage","@id":"https:\/\/www.noticiasradioreflejos.com.ar\/2021\/santiago-liaudat-la-lucha-por-la-humanizacion-es-el-desafio-central-frente-a-la-opresion-actual\/","url":"https:\/\/www.noticiasradioreflejos.com.ar\/2021\/santiago-liaudat-la-lucha-por-la-humanizacion-es-el-desafio-central-frente-a-la-opresion-actual\/","name":"Santiago Liaudat: \"La lucha por la humanizaci\u00f3n es el desaf\u00edo central frente a la opresi\u00f3n actual\" - Noticias Radio Reflejos","isPartOf":{"@id":"https:\/\/www.noticiasradioreflejos.com.ar\/2021\/#website"},"primaryImageOfPage":{"@id":"https:\/\/www.noticiasradioreflejos.com.ar\/2021\/santiago-liaudat-la-lucha-por-la-humanizacion-es-el-desafio-central-frente-a-la-opresion-actual\/#primaryimage"},"image":{"@id":"https:\/\/www.noticiasradioreflejos.com.ar\/2021\/santiago-liaudat-la-lucha-por-la-humanizacion-es-el-desafio-central-frente-a-la-opresion-actual\/#primaryimage"},"thumbnailUrl":"https:\/\/www.noticiasradioreflejos.com.ar\/2021\/wp-content\/uploads\/2026\/03\/freire-2.jpg","datePublished":"2026-03-09T17:09:13+00:00","dateModified":"2026-03-09T17:10:55+00:00","author":{"@id":"https:\/\/www.noticiasradioreflejos.com.ar\/2021\/#\/schema\/person\/ad82545263dcc5ec0996818884fd5fb1"},"breadcrumb":{"@id":"https:\/\/www.noticiasradioreflejos.com.ar\/2021\/santiago-liaudat-la-lucha-por-la-humanizacion-es-el-desafio-central-frente-a-la-opresion-actual\/#breadcrumb"},"inLanguage":"es","potentialAction":[{"@type":"ReadAction","target":["https:\/\/www.noticiasradioreflejos.com.ar\/2021\/santiago-liaudat-la-lucha-por-la-humanizacion-es-el-desafio-central-frente-a-la-opresion-actual\/"]}]},{"@type":"ImageObject","inLanguage":"es","@id":"https:\/\/www.noticiasradioreflejos.com.ar\/2021\/santiago-liaudat-la-lucha-por-la-humanizacion-es-el-desafio-central-frente-a-la-opresion-actual\/#primaryimage","url":"https:\/\/www.noticiasradioreflejos.com.ar\/2021\/wp-content\/uploads\/2026\/03\/freire-2.jpg","contentUrl":"https:\/\/www.noticiasradioreflejos.com.ar\/2021\/wp-content\/uploads\/2026\/03\/freire-2.jpg","width":600,"height":338},{"@type":"BreadcrumbList","@id":"https:\/\/www.noticiasradioreflejos.com.ar\/2021\/santiago-liaudat-la-lucha-por-la-humanizacion-es-el-desafio-central-frente-a-la-opresion-actual\/#breadcrumb","itemListElement":[{"@type":"ListItem","position":1,"name":"Portada","item":"https:\/\/www.noticiasradioreflejos.com.ar\/2021\/"},{"@type":"ListItem","position":2,"name":"Santiago Liaudat: \u00abLa lucha por la humanizaci\u00f3n es el desaf\u00edo central frente a la opresi\u00f3n actual\u00bb"}]},{"@type":"WebSite","@id":"https:\/\/www.noticiasradioreflejos.com.ar\/2021\/#website","url":"https:\/\/www.noticiasradioreflejos.com.ar\/2021\/","name":"Noticias Radio Reflejos","description":"Las noticias de mi comarca","potentialAction":[{"@type":"SearchAction","target":{"@type":"EntryPoint","urlTemplate":"https:\/\/www.noticiasradioreflejos.com.ar\/2021\/?s={search_term_string}"},"query-input":{"@type":"PropertyValueSpecification","valueRequired":true,"valueName":"search_term_string"}}],"inLanguage":"es"},{"@type":"Person","@id":"https:\/\/www.noticiasradioreflejos.com.ar\/2021\/#\/schema\/person\/ad82545263dcc5ec0996818884fd5fb1","name":"Arnaldo Botto","image":{"@type":"ImageObject","inLanguage":"es","@id":"https:\/\/www.noticiasradioreflejos.com.ar\/2021\/#\/schema\/person\/image\/","url":"https:\/\/secure.gravatar.com\/avatar\/55cb5e37c1efa326397366e6974cb338056df65cb50e7d64d1cf314e87504837?s=96&d=mm&r=g","contentUrl":"https:\/\/secure.gravatar.com\/avatar\/55cb5e37c1efa326397366e6974cb338056df65cb50e7d64d1cf314e87504837?s=96&d=mm&r=g","caption":"Arnaldo Botto"},"url":"https:\/\/www.noticiasradioreflejos.com.ar\/2021\/author\/arnaldo\/"}]}},"_links":{"self":[{"href":"https:\/\/www.noticiasradioreflejos.com.ar\/2021\/wp-json\/wp\/v2\/posts\/133750","targetHints":{"allow":["GET"]}}],"collection":[{"href":"https:\/\/www.noticiasradioreflejos.com.ar\/2021\/wp-json\/wp\/v2\/posts"}],"about":[{"href":"https:\/\/www.noticiasradioreflejos.com.ar\/2021\/wp-json\/wp\/v2\/types\/post"}],"author":[{"embeddable":true,"href":"https:\/\/www.noticiasradioreflejos.com.ar\/2021\/wp-json\/wp\/v2\/users\/3"}],"replies":[{"embeddable":true,"href":"https:\/\/www.noticiasradioreflejos.com.ar\/2021\/wp-json\/wp\/v2\/comments?post=133750"}],"version-history":[{"count":2,"href":"https:\/\/www.noticiasradioreflejos.com.ar\/2021\/wp-json\/wp\/v2\/posts\/133750\/revisions"}],"predecessor-version":[{"id":133771,"href":"https:\/\/www.noticiasradioreflejos.com.ar\/2021\/wp-json\/wp\/v2\/posts\/133750\/revisions\/133771"}],"wp:featuredmedia":[{"embeddable":true,"href":"https:\/\/www.noticiasradioreflejos.com.ar\/2021\/wp-json\/wp\/v2\/media\/133770"}],"wp:attachment":[{"href":"https:\/\/www.noticiasradioreflejos.com.ar\/2021\/wp-json\/wp\/v2\/media?parent=133750"}],"wp:term":[{"taxonomy":"category","embeddable":true,"href":"https:\/\/www.noticiasradioreflejos.com.ar\/2021\/wp-json\/wp\/v2\/categories?post=133750"},{"taxonomy":"post_tag","embeddable":true,"href":"https:\/\/www.noticiasradioreflejos.com.ar\/2021\/wp-json\/wp\/v2\/tags?post=133750"}],"curies":[{"name":"wp","href":"https:\/\/api.w.org\/{rel}","templated":true}]}}