{"id":133741,"date":"2026-03-09T11:32:10","date_gmt":"2026-03-09T14:32:10","guid":{"rendered":"https:\/\/www.noticiasradioreflejos.com.ar\/2021\/?p=133741"},"modified":"2026-03-09T11:32:10","modified_gmt":"2026-03-09T14:32:10","slug":"gran-desempeno-de-tobias-garcia-en-torneo-de-coronel-suarez","status":"publish","type":"post","link":"https:\/\/www.noticiasradioreflejos.com.ar\/2021\/gran-desempeno-de-tobias-garcia-en-torneo-de-coronel-suarez\/","title":{"rendered":"Gran desempe\u00f1o de Tob\u00edas Garc\u00eda en Torneo\u00a0 de Coronel Su\u00e1rez"},"content":{"rendered":"<p data-path-to-node=\"2\">El joven golfista serrano \u00abTobi\u00bb Garc\u00eda represent\u00f3 al distrito con una destacada actuaci\u00f3n en el Polo Golf Club. Compitiendo a la par de jugadores adultos, logr\u00f3 ubicarse en el sexto puesto de su categor\u00eda tras completar los 18 hoyos del exigente recorrido.<!--more--><\/p>\n<p data-path-to-node=\"3\">\u00a0El talento joven del golf regional volvi\u00f3 a dar que hablar este fin de semana durante la disputa del <b data-path-to-node=\"3\" data-index-in-node=\"118\">Torneo Banco Galicia<\/b> en la ciudad de Coronel Su\u00e1rez. Entre los protagonistas de la jornada se destac\u00f3 la figura de <b data-path-to-node=\"3\" data-index-in-node=\"233\">Tob\u00edas \u201cTobi\u201d Garc\u00eda<\/b>, quien complet\u00f3 una s\u00f3lida ronda de 18 hoyos en las instalaciones del Polo Golf Club.<\/p>\n<p data-path-to-node=\"4\">Garc\u00eda particip\u00f3 en la categor\u00eda con h\u00e1ndicap de <b data-path-to-node=\"4\" data-index-in-node=\"49\">25 a 54<\/b>, donde demostr\u00f3 un gran nivel de concentraci\u00f3n y juego al medirse mano a mano con jugadores adultos. Con una tarjeta final de <b data-path-to-node=\"4\" data-index-in-node=\"183\">74 golpes netos<\/b>, el joven representante del distrito logr\u00f3 escalar hasta la <b data-path-to-node=\"4\" data-index-in-node=\"259\">sexta posici\u00f3n<\/b> del clasificador final.<\/p>\n<p data-path-to-node=\"5\">Esta participaci\u00f3n no solo resalta el crecimiento deportivo de \u00abTobi\u00bb, sino que tambi\u00e9n reafirma la presencia del semillero local en las competencias m\u00e1s importantes de la zona, completando la totalidad del recorrido con solvencia y dejando en alto la bandera del deporte del distrito.<\/p>\n","protected":false},"excerpt":{"rendered":"<p>El joven golfista serrano \u00abTobi\u00bb Garc\u00eda represent\u00f3 al distrito con una destacada actuaci\u00f3n en el Polo Golf Club. Compitiendo a la par de jugadores adultos, logr\u00f3 ubicarse en el sexto puesto de su categor\u00eda tras completar los 18 hoyos del exigente recorrido.<\/p>\n","protected":false},"author":3,"featured_media":133742,"comment_status":"closed","ping_status":"closed","sticky":false,"template":"","format":"standard","meta":{"footnotes":""},"categories":[27],"tags":[],"class_list":["post-133741","post","type-post","status-publish","format-standard","has-post-thumbnail","hentry","category-deportes"],"yoast_head":"<!-- This site is optimized with the Yoast SEO plugin v25.9 - https:\/\/yoast.com\/wordpress\/plugins\/seo\/ -->\n<title>Gran desempe\u00f1o de Tob\u00edas Garc\u00eda en Torneo\u00a0 de Coronel Su\u00e1rez - Noticias Radio Reflejos<\/title>\n<meta name=\"robots\" content=\"index, follow, max-snippet:-1, max-image-preview:large, max-video-preview:-1\" \/>\n<link rel=\"canonical\" href=\"https:\/\/www.noticiasradioreflejos.com.ar\/2021\/gran-desempeno-de-tobias-garcia-en-torneo-de-coronel-suarez\/\" \/>\n<meta property=\"og:locale\" content=\"es_ES\" \/>\n<meta property=\"og:type\" content=\"article\" \/>\n<meta property=\"og:title\" content=\"Gran desempe\u00f1o de Tob\u00edas Garc\u00eda en Torneo\u00a0 de Coronel Su\u00e1rez - Noticias Radio Reflejos\" \/>\n<meta property=\"og:description\" content=\"El joven golfista serrano \u00abTobi\u00bb Garc\u00eda represent\u00f3 al distrito con una destacada actuaci\u00f3n en el Polo Golf Club. Compitiendo a la par de jugadores adultos, logr\u00f3 ubicarse en el sexto puesto de su categor\u00eda tras completar los 18 hoyos del exigente recorrido.\" \/>\n<meta property=\"og:url\" content=\"https:\/\/www.noticiasradioreflejos.com.ar\/2021\/gran-desempeno-de-tobias-garcia-en-torneo-de-coronel-suarez\/\" \/>\n<meta property=\"og:site_name\" content=\"Noticias Radio Reflejos\" \/>\n<meta property=\"article:published_time\" content=\"2026-03-09T14:32:10+00:00\" \/>\n<meta property=\"og:image\" content=\"https:\/\/www.noticiasradioreflejos.com.ar\/2021\/wp-content\/uploads\/2026\/03\/tobi.jpeg\" \/>\n\t<meta property=\"og:image:width\" content=\"1200\" \/>\n\t<meta property=\"og:image:height\" content=\"1600\" \/>\n\t<meta property=\"og:image:type\" content=\"image\/jpeg\" \/>\n<meta name=\"author\" content=\"Arnaldo Botto\" \/>\n<meta name=\"twitter:card\" content=\"summary_large_image\" \/>\n<script type=\"application\/ld+json\" class=\"yoast-schema-graph\">{\"@context\":\"https:\/\/schema.org\",\"@graph\":[{\"@type\":\"WebPage\",\"@id\":\"https:\/\/www.noticiasradioreflejos.com.ar\/2021\/gran-desempeno-de-tobias-garcia-en-torneo-de-coronel-suarez\/\",\"url\":\"https:\/\/www.noticiasradioreflejos.com.ar\/2021\/gran-desempeno-de-tobias-garcia-en-torneo-de-coronel-suarez\/\",\"name\":\"Gran desempe\u00f1o de Tob\u00edas Garc\u00eda en Torneo\u00a0 de Coronel Su\u00e1rez - Noticias Radio Reflejos\",\"isPartOf\":{\"@id\":\"https:\/\/www.noticiasradioreflejos.com.ar\/2021\/#website\"},\"primaryImageOfPage\":{\"@id\":\"https:\/\/www.noticiasradioreflejos.com.ar\/2021\/gran-desempeno-de-tobias-garcia-en-torneo-de-coronel-suarez\/#primaryimage\"},\"image\":{\"@id\":\"https:\/\/www.noticiasradioreflejos.com.ar\/2021\/gran-desempeno-de-tobias-garcia-en-torneo-de-coronel-suarez\/#primaryimage\"},\"thumbnailUrl\":\"https:\/\/www.noticiasradioreflejos.com.ar\/2021\/wp-content\/uploads\/2026\/03\/tobi.jpeg\",\"datePublished\":\"2026-03-09T14:32:10+00:00\",\"author\":{\"@id\":\"https:\/\/www.noticiasradioreflejos.com.ar\/2021\/#\/schema\/person\/ad82545263dcc5ec0996818884fd5fb1\"},\"breadcrumb\":{\"@id\":\"https:\/\/www.noticiasradioreflejos.com.ar\/2021\/gran-desempeno-de-tobias-garcia-en-torneo-de-coronel-suarez\/#breadcrumb\"},\"inLanguage\":\"es\",\"potentialAction\":[{\"@type\":\"ReadAction\",\"target\":[\"https:\/\/www.noticiasradioreflejos.com.ar\/2021\/gran-desempeno-de-tobias-garcia-en-torneo-de-coronel-suarez\/\"]}]},{\"@type\":\"ImageObject\",\"inLanguage\":\"es\",\"@id\":\"https:\/\/www.noticiasradioreflejos.com.ar\/2021\/gran-desempeno-de-tobias-garcia-en-torneo-de-coronel-suarez\/#primaryimage\",\"url\":\"https:\/\/www.noticiasradioreflejos.com.ar\/2021\/wp-content\/uploads\/2026\/03\/tobi.jpeg\",\"contentUrl\":\"https:\/\/www.noticiasradioreflejos.com.ar\/2021\/wp-content\/uploads\/2026\/03\/tobi.jpeg\",\"width\":1200,\"height\":1600},{\"@type\":\"BreadcrumbList\",\"@id\":\"https:\/\/www.noticiasradioreflejos.com.ar\/2021\/gran-desempeno-de-tobias-garcia-en-torneo-de-coronel-suarez\/#breadcrumb\",\"itemListElement\":[{\"@type\":\"ListItem\",\"position\":1,\"name\":\"Portada\",\"item\":\"https:\/\/www.noticiasradioreflejos.com.ar\/2021\/\"},{\"@type\":\"ListItem\",\"position\":2,\"name\":\"Gran desempe\u00f1o de Tob\u00edas Garc\u00eda en Torneo\u00a0 de Coronel Su\u00e1rez\"}]},{\"@type\":\"WebSite\",\"@id\":\"https:\/\/www.noticiasradioreflejos.com.ar\/2021\/#website\",\"url\":\"https:\/\/www.noticiasradioreflejos.com.ar\/2021\/\",\"name\":\"Noticias Radio Reflejos\",\"description\":\"Las noticias de mi comarca\",\"potentialAction\":[{\"@type\":\"SearchAction\",\"target\":{\"@type\":\"EntryPoint\",\"urlTemplate\":\"https:\/\/www.noticiasradioreflejos.com.ar\/2021\/?s={search_term_string}\"},\"query-input\":{\"@type\":\"PropertyValueSpecification\",\"valueRequired\":true,\"valueName\":\"search_term_string\"}}],\"inLanguage\":\"es\"},{\"@type\":\"Person\",\"@id\":\"https:\/\/www.noticiasradioreflejos.com.ar\/2021\/#\/schema\/person\/ad82545263dcc5ec0996818884fd5fb1\",\"name\":\"Arnaldo Botto\",\"image\":{\"@type\":\"ImageObject\",\"inLanguage\":\"es\",\"@id\":\"https:\/\/www.noticiasradioreflejos.com.ar\/2021\/#\/schema\/person\/image\/\",\"url\":\"https:\/\/secure.gravatar.com\/avatar\/55cb5e37c1efa326397366e6974cb338056df65cb50e7d64d1cf314e87504837?s=96&d=mm&r=g\",\"contentUrl\":\"https:\/\/secure.gravatar.com\/avatar\/55cb5e37c1efa326397366e6974cb338056df65cb50e7d64d1cf314e87504837?s=96&d=mm&r=g\",\"caption\":\"Arnaldo Botto\"},\"url\":\"https:\/\/www.noticiasradioreflejos.com.ar\/2021\/author\/arnaldo\/\"}]}<\/script>\n<!-- \/ Yoast SEO plugin. -->","yoast_head_json":{"title":"Gran desempe\u00f1o de Tob\u00edas Garc\u00eda en Torneo\u00a0 de Coronel Su\u00e1rez - Noticias Radio Reflejos","robots":{"index":"index","follow":"follow","max-snippet":"max-snippet:-1","max-image-preview":"max-image-preview:large","max-video-preview":"max-video-preview:-1"},"canonical":"https:\/\/www.noticiasradioreflejos.com.ar\/2021\/gran-desempeno-de-tobias-garcia-en-torneo-de-coronel-suarez\/","og_locale":"es_ES","og_type":"article","og_title":"Gran desempe\u00f1o de Tob\u00edas Garc\u00eda en Torneo\u00a0 de Coronel Su\u00e1rez - Noticias Radio Reflejos","og_description":"El joven golfista serrano \u00abTobi\u00bb Garc\u00eda represent\u00f3 al distrito con una destacada actuaci\u00f3n en el Polo Golf Club. Compitiendo a la par de jugadores adultos, logr\u00f3 ubicarse en el sexto puesto de su categor\u00eda tras completar los 18 hoyos del exigente recorrido.","og_url":"https:\/\/www.noticiasradioreflejos.com.ar\/2021\/gran-desempeno-de-tobias-garcia-en-torneo-de-coronel-suarez\/","og_site_name":"Noticias Radio Reflejos","article_published_time":"2026-03-09T14:32:10+00:00","og_image":[{"width":1200,"height":1600,"url":"https:\/\/www.noticiasradioreflejos.com.ar\/2021\/wp-content\/uploads\/2026\/03\/tobi.jpeg","type":"image\/jpeg"}],"author":"Arnaldo Botto","twitter_card":"summary_large_image","schema":{"@context":"https:\/\/schema.org","@graph":[{"@type":"WebPage","@id":"https:\/\/www.noticiasradioreflejos.com.ar\/2021\/gran-desempeno-de-tobias-garcia-en-torneo-de-coronel-suarez\/","url":"https:\/\/www.noticiasradioreflejos.com.ar\/2021\/gran-desempeno-de-tobias-garcia-en-torneo-de-coronel-suarez\/","name":"Gran desempe\u00f1o de Tob\u00edas Garc\u00eda en Torneo\u00a0 de Coronel Su\u00e1rez - Noticias Radio Reflejos","isPartOf":{"@id":"https:\/\/www.noticiasradioreflejos.com.ar\/2021\/#website"},"primaryImageOfPage":{"@id":"https:\/\/www.noticiasradioreflejos.com.ar\/2021\/gran-desempeno-de-tobias-garcia-en-torneo-de-coronel-suarez\/#primaryimage"},"image":{"@id":"https:\/\/www.noticiasradioreflejos.com.ar\/2021\/gran-desempeno-de-tobias-garcia-en-torneo-de-coronel-suarez\/#primaryimage"},"thumbnailUrl":"https:\/\/www.noticiasradioreflejos.com.ar\/2021\/wp-content\/uploads\/2026\/03\/tobi.jpeg","datePublished":"2026-03-09T14:32:10+00:00","author":{"@id":"https:\/\/www.noticiasradioreflejos.com.ar\/2021\/#\/schema\/person\/ad82545263dcc5ec0996818884fd5fb1"},"breadcrumb":{"@id":"https:\/\/www.noticiasradioreflejos.com.ar\/2021\/gran-desempeno-de-tobias-garcia-en-torneo-de-coronel-suarez\/#breadcrumb"},"inLanguage":"es","potentialAction":[{"@type":"ReadAction","target":["https:\/\/www.noticiasradioreflejos.com.ar\/2021\/gran-desempeno-de-tobias-garcia-en-torneo-de-coronel-suarez\/"]}]},{"@type":"ImageObject","inLanguage":"es","@id":"https:\/\/www.noticiasradioreflejos.com.ar\/2021\/gran-desempeno-de-tobias-garcia-en-torneo-de-coronel-suarez\/#primaryimage","url":"https:\/\/www.noticiasradioreflejos.com.ar\/2021\/wp-content\/uploads\/2026\/03\/tobi.jpeg","contentUrl":"https:\/\/www.noticiasradioreflejos.com.ar\/2021\/wp-content\/uploads\/2026\/03\/tobi.jpeg","width":1200,"height":1600},{"@type":"BreadcrumbList","@id":"https:\/\/www.noticiasradioreflejos.com.ar\/2021\/gran-desempeno-de-tobias-garcia-en-torneo-de-coronel-suarez\/#breadcrumb","itemListElement":[{"@type":"ListItem","position":1,"name":"Portada","item":"https:\/\/www.noticiasradioreflejos.com.ar\/2021\/"},{"@type":"ListItem","position":2,"name":"Gran desempe\u00f1o de Tob\u00edas Garc\u00eda en Torneo\u00a0 de Coronel Su\u00e1rez"}]},{"@type":"WebSite","@id":"https:\/\/www.noticiasradioreflejos.com.ar\/2021\/#website","url":"https:\/\/www.noticiasradioreflejos.com.ar\/2021\/","name":"Noticias Radio Reflejos","description":"Las noticias de mi comarca","potentialAction":[{"@type":"SearchAction","target":{"@type":"EntryPoint","urlTemplate":"https:\/\/www.noticiasradioreflejos.com.ar\/2021\/?s={search_term_string}"},"query-input":{"@type":"PropertyValueSpecification","valueRequired":true,"valueName":"search_term_string"}}],"inLanguage":"es"},{"@type":"Person","@id":"https:\/\/www.noticiasradioreflejos.com.ar\/2021\/#\/schema\/person\/ad82545263dcc5ec0996818884fd5fb1","name":"Arnaldo Botto","image":{"@type":"ImageObject","inLanguage":"es","@id":"https:\/\/www.noticiasradioreflejos.com.ar\/2021\/#\/schema\/person\/image\/","url":"https:\/\/secure.gravatar.com\/avatar\/55cb5e37c1efa326397366e6974cb338056df65cb50e7d64d1cf314e87504837?s=96&d=mm&r=g","contentUrl":"https:\/\/secure.gravatar.com\/avatar\/55cb5e37c1efa326397366e6974cb338056df65cb50e7d64d1cf314e87504837?s=96&d=mm&r=g","caption":"Arnaldo Botto"},"url":"https:\/\/www.noticiasradioreflejos.com.ar\/2021\/author\/arnaldo\/"}]}},"_links":{"self":[{"href":"https:\/\/www.noticiasradioreflejos.com.ar\/2021\/wp-json\/wp\/v2\/posts\/133741","targetHints":{"allow":["GET"]}}],"collection":[{"href":"https:\/\/www.noticiasradioreflejos.com.ar\/2021\/wp-json\/wp\/v2\/posts"}],"about":[{"href":"https:\/\/www.noticiasradioreflejos.com.ar\/2021\/wp-json\/wp\/v2\/types\/post"}],"author":[{"embeddable":true,"href":"https:\/\/www.noticiasradioreflejos.com.ar\/2021\/wp-json\/wp\/v2\/users\/3"}],"replies":[{"embeddable":true,"href":"https:\/\/www.noticiasradioreflejos.com.ar\/2021\/wp-json\/wp\/v2\/comments?post=133741"}],"version-history":[{"count":1,"href":"https:\/\/www.noticiasradioreflejos.com.ar\/2021\/wp-json\/wp\/v2\/posts\/133741\/revisions"}],"predecessor-version":[{"id":133743,"href":"https:\/\/www.noticiasradioreflejos.com.ar\/2021\/wp-json\/wp\/v2\/posts\/133741\/revisions\/133743"}],"wp:featuredmedia":[{"embeddable":true,"href":"https:\/\/www.noticiasradioreflejos.com.ar\/2021\/wp-json\/wp\/v2\/media\/133742"}],"wp:attachment":[{"href":"https:\/\/www.noticiasradioreflejos.com.ar\/2021\/wp-json\/wp\/v2\/media?parent=133741"}],"wp:term":[{"taxonomy":"category","embeddable":true,"href":"https:\/\/www.noticiasradioreflejos.com.ar\/2021\/wp-json\/wp\/v2\/categories?post=133741"},{"taxonomy":"post_tag","embeddable":true,"href":"https:\/\/www.noticiasradioreflejos.com.ar\/2021\/wp-json\/wp\/v2\/tags?post=133741"}],"curies":[{"name":"wp","href":"https:\/\/api.w.org\/{rel}","templated":true}]}}