{"id":133738,"date":"2026-03-09T11:28:38","date_gmt":"2026-03-09T14:28:38","guid":{"rendered":"https:\/\/www.noticiasradioreflejos.com.ar\/2021\/?p=133738"},"modified":"2026-03-09T11:28:38","modified_gmt":"2026-03-09T14:28:38","slug":"escalada-del-conflicto-en-medio-oriente-el-petroleo-sube-15-la-urea-trepa-a-usd-683-y-crece-el-impacto-en-los-granos","status":"publish","type":"post","link":"https:\/\/www.noticiasradioreflejos.com.ar\/2021\/escalada-del-conflicto-en-medio-oriente-el-petroleo-sube-15-la-urea-trepa-a-usd-683-y-crece-el-impacto-en-los-granos\/","title":{"rendered":"Escalada del conflicto en Medio Oriente: el petr\u00f3leo sube 15%, la urea trepa a USD 683 y crece el impacto en los granos"},"content":{"rendered":"<p>La tensi\u00f3n entre EE.UU., Israel e Ir\u00e1n comienza a trasladarse a los mercados agr\u00edcolas. La suba de la energ\u00eda, los fertilizantes y los costos log\u00edsticos suma presi\u00f3n sobre ma\u00edz, soja y trigo, mientras los fundamentos propios de los granos quedan en segundo plano. El an\u00e1lisis de Dante Romano, profesor e investigador del<strong> Centro de Agronegocios y Alimentos de la Universidad Austral.<\/strong><!--more--><\/p>\n<p><strong>Rosario, Santa Fe; 9 de marzo de 2026<\/strong>\u00a0\u2013 La escalada del conflicto entre Estados Unidos, Israel e Ir\u00e1n empieza a impactar con mayor fuerza en los mercados de commodities. Inicialmente, los movimientos se concentraron en la energ\u00eda y los fertilizantes, pero a medida que la tensi\u00f3n sigui\u00f3 aumentando durante los \u00faltimos d\u00edas, los granos tambi\u00e9n comenzaron a reaccionar.<\/p>\n<p>El bloqueo del estrecho de Ormuz impuls\u00f3 el precio del petr\u00f3leo Brent cerca de un\u00a0<strong>15% al alza, hasta valores cercanos a los USD 90 por barril<\/strong>, en un contexto que tambi\u00e9n encarece los fletes mar\u00edtimos y complica la log\u00edstica global del comercio de commodities. A la par, los fertilizantes nitrogenados registraron fuertes subas por recortes de producci\u00f3n en Medio Oriente y Qatar: la\u00a0<strong>urea aument\u00f3 alrededor de USD 80 por tonelada (13%)<\/strong>, alcanzando hasta\u00a0<strong>USD 683 por tonelada en el Golfo de Estados Unidos<\/strong>.<\/p>\n<p>\u201cEn los \u00faltimos enfrentamientos geopol\u00edticos el impacto en los mercados fue acotado y de corta duraci\u00f3n, concentrado en los productos directamente involucrados. La diferencia ahora es que\u00a0<strong>el conflicto sigue escalando d\u00eda a d\u00eda y eso termina traslad\u00e1ndose tambi\u00e9n a los granos<\/strong>\u201d, explic\u00f3\u00a0<strong>Dante Romano, profesor e investigador del Centro de Agronegocios y Alimentos de la Universidad Austral<\/strong>.<\/p>\n<p>Este contexto tambi\u00e9n impacta en el sistema financiero global. Las bolsas asi\u00e1ticas registraron ca\u00eddas ante el temor a un nuevo impulso inflacionario, mientras que el \u00edndice de precios de los alimentos de la FAO subi\u00f3\u00a0<strong>0,9% en febrero, hasta los 125,3 puntos<\/strong>. Desde la c\u00e1mara CIARA-CEC advirtieron adem\u00e1s que una guerra prolongada en Medio Oriente podr\u00eda afectar las exportaciones agroindustriales argentinas hacia esa regi\u00f3n.<\/p>\n<p>En este escenario de volatilidad, el trigo aparece como uno de los granos con\u00a0<strong>mejores perspectivas relativas para Argentina<\/strong>. El pa\u00eds contin\u00faa realizando un\u00a0<strong>fuerte esfuerzo\u00a0<\/strong>por colocar su producci\u00f3n en el mercado internacional, lo que est\u00e1 generando dificultades para que otros exportadores -especialmente Europa- puedan ubicar sus excedentes.<\/p>\n<p>\u201c<strong>Argentina est\u00e1 siendo muy agresiva en la colocaci\u00f3n de trigo en el mundo, lo que complica a competidores como Europa para vender sus excedentes<\/strong>\u201d, se\u00f1ala Romano.<\/p>\n<p>Al mismo tiempo, las perspectivas productivas en el hemisferio norte presentan algunas\u00a0<strong>se\u00f1ales de alerta<\/strong>, aunque todav\u00eda es temprano para dimensionar su impacto. Los cultivos a\u00fan se encuentran en etapa invernal y reci\u00e9n cuando se retiren las nevadas se podr\u00e1 evaluar con mayor precisi\u00f3n su condici\u00f3n.<\/p>\n<p>\u201cTodav\u00eda es\u00a0<strong>dif\u00edcil plantear un mercado estructuralmente alcista en trigo<\/strong>, porque los stocks iniciales son altos y hasta que los cultivos retomen su crecimiento no se puede\u00a0<strong>dimensionar el impacto clim\u00e1tico<\/strong>\u201d, indica Romano.<\/p>\n<p>A esto se suma que el encarecimiento de los fertilizantes tambi\u00e9n presiona sobre los costos de producci\u00f3n del cereal. De todos modos, en el mercado local el elevado volumen de trigo remanente todav\u00eda limita el potencial de suba de los precios.<\/p>\n<p>El ma\u00edz aparece como uno de los granos\u00a0<strong>m\u00e1s sensibles a la escalada\u00a0<\/strong>del conflicto por su fuerte dependencia de los fertilizantes nitrogenados y su v\u00ednculo con el mercado energ\u00e9tico.<\/p>\n<p>\u201cEl impacto en ma\u00edz es triple:\u00a0<strong>sube el costo de fertilizantes<\/strong>, porque requiere m\u00e1s urea; adem\u00e1s el ma\u00edz\u00a0<strong>sigue al petr\u00f3leo por su uso en etanol<\/strong>; y, al tratarse de un alimento b\u00e1sico, los pa\u00edses tienden a\u00a0<strong>asegurar abastecimiento ante posibles disrupciones log\u00edsticas<\/strong>\u201d, explica Romano.<\/p>\n<p>Gran parte del comercio internacional de urea pasa por el estrecho de Ormuz o se produce a partir de gas de esa regi\u00f3n, lo que amplifica el impacto del conflicto sobre este cultivo.<\/p>\n<p>En Estados Unidos, las exportaciones de ma\u00edz volvieron a acelerarse cada vez que los precios registran bajas, lo que evidencia una demanda global firme pese a los elevados niveles de stocks. Sin embargo, la suba del precio de la urea llega en un momento delicado para los farmers, que est\u00e1n a punto de iniciar la siembra de la nueva campa\u00f1a.<\/p>\n<p>\u201cEl salto del precio de la urea no pod\u00eda llegar en peor momento para los productores estadounidenses, porque ya ten\u00edan m\u00e1rgenes negativos. Esto podr\u00eda generar una\u00a0<strong>ca\u00edda adicional de \u00e1rea de entre 1 y 1,5 millones de hect\u00e1reas<\/strong>, lo que ser\u00eda alcista para los precios en el mediano plazo\u201d, sostiene Romano.<\/p>\n<p>En Brasil, el avance de la safrinha presenta algunos retrasos, particularmente en el estado de Goi\u00e1s, aunque Mato Grosso -que concentra cerca de la mitad del \u00e1rea- mantiene un ritmo relativamente normal. En\u00a0<strong>Argentina<\/strong>, en cambio,\u00a0<strong>el ingreso de ma\u00edz temprano al mercado comienza a presionar los precios disponibles a la baja<\/strong>, mientras se espera que la cosecha se generalice en las pr\u00f3ximas semanas.<\/p>\n<p>En soja, los fundamentos del mercado siguen mostrando debilidad, principalmente por el bajo ritmo de exportaciones de Estados Unidos y la ausencia de China en ese mercado.<\/p>\n<p><strong>\u201cNo hay razones claras para suponer que China vaya a concretar el compromiso de comprar 8 millones de toneladas adicionales de soja estadounidense, y en el contexto actual eso parece todav\u00eda menos probable<\/strong>\u201d, explica Romano.<\/p>\n<p>La relaci\u00f3n pol\u00edtica entre China e Ir\u00e1n y la\u00a0<strong>dependencia energ\u00e9tica del pa\u00eds asi\u00e1tico<\/strong>\u00a0respecto de ese proveedor tambi\u00e9n podr\u00edan reforzar su inclinaci\u00f3n a abastecerse en Brasil.<\/p>\n<p>\u201cSi miramos los precios,\u00a0<strong>China deber\u00eda acelerar las compras sobre Brasil<\/strong>, que sigue teniendo una producci\u00f3n elevada a pesar de algunas p\u00e9rdidas marginales por exceso de lluvias\u201d, agrega.<\/p>\n<p>En Argentina,\u00a0<strong>la mejora en la condici\u00f3n de los cultivos introduce un factor bajista para el mercado<\/strong>. Sin embargo, el bajo volumen de ventas de los productores abre dos posibles escenarios: una presi\u00f3n de precios durante la cosecha por necesidades de venta o, por el contrario, subas puntuales si los compradores encuentran dificultades para originar mercader\u00eda.<\/p>\n<p>\u201cEs posible que inicialmente veamos un mercado bajista por la entrada de cosecha, pero si las ventas del productor no se aceleran esa presi\u00f3n podr\u00eda durar poco\u201d, analiza Romano.<\/p>\n<p>De todos modos, el especialista remarca que, por ahora,\u00a0<strong>los fundamentos propios de cada cultivo quedaron relegados frente al escenario geopol\u00edtico<\/strong>. \u201cSi en alg\u00fan momento la tensi\u00f3n se detiene, los mercados deber\u00edan volver a ordenarse en funci\u00f3n de esos factores\u201d, concluye.<\/p>\n<p>&nbsp;<\/p>\n<table>\n<tbody>\n<tr>\n<td><b><a href=\"https:\/\/austral.us3.list-manage.com\/track\/click?u=efbc01da6c391663922e4f957&amp;id=cb05a80572&amp;e=af05b289a5\" data-saferedirecturl=\"https:\/\/www.google.com\/url?q=https:\/\/austral.us3.list-manage.com\/track\/click?u%3Defbc01da6c391663922e4f957%26id%3Dcb05a80572%26e%3Daf05b289a5&amp;source=gmail&amp;ust=1773152208432000&amp;usg=AOvVaw0j0TbSObLlVYAp2mUc6dal\">Acceda al informe AGROPERSPECTIVAS de Dante Romano<\/a><\/b><\/td>\n<\/tr>\n<\/tbody>\n<\/table>\n<p>&nbsp;<\/p>\n","protected":false},"excerpt":{"rendered":"<p>La tensi\u00f3n entre EE.UU., Israel e Ir\u00e1n comienza a trasladarse a los mercados agr\u00edcolas. La suba de la energ\u00eda, los fertilizantes y los costos log\u00edsticos suma presi\u00f3n sobre ma\u00edz, soja y trigo, mientras los fundamentos propios de los granos quedan en segundo plano. El an\u00e1lisis de Dante Romano, profesor e investigador del Centro de Agronegocios [&hellip;]<\/p>\n","protected":false},"author":3,"featured_media":133739,"comment_status":"closed","ping_status":"closed","sticky":false,"template":"","format":"standard","meta":{"footnotes":""},"categories":[36,24,26],"tags":[],"class_list":["post-133738","post","type-post","status-publish","format-standard","has-post-thumbnail","hentry","category-economia","category-politica","category-sociedad"],"yoast_head":"<!-- This site is optimized with the Yoast SEO plugin v25.9 - https:\/\/yoast.com\/wordpress\/plugins\/seo\/ -->\n<title>Escalada del conflicto en Medio Oriente: el petr\u00f3leo sube 15%, la urea trepa a USD 683 y crece el impacto en los granos - Noticias Radio Reflejos<\/title>\n<meta name=\"robots\" content=\"index, follow, max-snippet:-1, max-image-preview:large, max-video-preview:-1\" \/>\n<link rel=\"canonical\" href=\"https:\/\/www.noticiasradioreflejos.com.ar\/2021\/escalada-del-conflicto-en-medio-oriente-el-petroleo-sube-15-la-urea-trepa-a-usd-683-y-crece-el-impacto-en-los-granos\/\" \/>\n<meta property=\"og:locale\" content=\"es_ES\" \/>\n<meta property=\"og:type\" content=\"article\" \/>\n<meta property=\"og:title\" content=\"Escalada del conflicto en Medio Oriente: el petr\u00f3leo sube 15%, la urea trepa a USD 683 y crece el impacto en los granos - Noticias Radio Reflejos\" \/>\n<meta property=\"og:description\" content=\"La tensi\u00f3n entre EE.UU., Israel e Ir\u00e1n comienza a trasladarse a los mercados agr\u00edcolas. La suba de la energ\u00eda, los fertilizantes y los costos log\u00edsticos suma presi\u00f3n sobre ma\u00edz, soja y trigo, mientras los fundamentos propios de los granos quedan en segundo plano. El an\u00e1lisis de Dante Romano, profesor e investigador del Centro de Agronegocios [&hellip;]\" \/>\n<meta property=\"og:url\" content=\"https:\/\/www.noticiasradioreflejos.com.ar\/2021\/escalada-del-conflicto-en-medio-oriente-el-petroleo-sube-15-la-urea-trepa-a-usd-683-y-crece-el-impacto-en-los-granos\/\" \/>\n<meta property=\"og:site_name\" content=\"Noticias Radio Reflejos\" \/>\n<meta property=\"article:published_time\" content=\"2026-03-09T14:28:38+00:00\" \/>\n<meta property=\"og:image\" content=\"https:\/\/www.noticiasradioreflejos.com.ar\/2021\/wp-content\/uploads\/2026\/03\/petroleo-guerra.jpg\" \/>\n\t<meta property=\"og:image:width\" content=\"1195\" \/>\n\t<meta property=\"og:image:height\" content=\"896\" \/>\n\t<meta property=\"og:image:type\" content=\"image\/jpeg\" \/>\n<meta name=\"author\" content=\"Arnaldo Botto\" \/>\n<meta name=\"twitter:card\" content=\"summary_large_image\" \/>\n<script type=\"application\/ld+json\" class=\"yoast-schema-graph\">{\"@context\":\"https:\/\/schema.org\",\"@graph\":[{\"@type\":\"WebPage\",\"@id\":\"https:\/\/www.noticiasradioreflejos.com.ar\/2021\/escalada-del-conflicto-en-medio-oriente-el-petroleo-sube-15-la-urea-trepa-a-usd-683-y-crece-el-impacto-en-los-granos\/\",\"url\":\"https:\/\/www.noticiasradioreflejos.com.ar\/2021\/escalada-del-conflicto-en-medio-oriente-el-petroleo-sube-15-la-urea-trepa-a-usd-683-y-crece-el-impacto-en-los-granos\/\",\"name\":\"Escalada del conflicto en Medio Oriente: el petr\u00f3leo sube 15%, la urea trepa a USD 683 y crece el impacto en los granos - Noticias Radio Reflejos\",\"isPartOf\":{\"@id\":\"https:\/\/www.noticiasradioreflejos.com.ar\/2021\/#website\"},\"primaryImageOfPage\":{\"@id\":\"https:\/\/www.noticiasradioreflejos.com.ar\/2021\/escalada-del-conflicto-en-medio-oriente-el-petroleo-sube-15-la-urea-trepa-a-usd-683-y-crece-el-impacto-en-los-granos\/#primaryimage\"},\"image\":{\"@id\":\"https:\/\/www.noticiasradioreflejos.com.ar\/2021\/escalada-del-conflicto-en-medio-oriente-el-petroleo-sube-15-la-urea-trepa-a-usd-683-y-crece-el-impacto-en-los-granos\/#primaryimage\"},\"thumbnailUrl\":\"https:\/\/www.noticiasradioreflejos.com.ar\/2021\/wp-content\/uploads\/2026\/03\/petroleo-guerra.jpg\",\"datePublished\":\"2026-03-09T14:28:38+00:00\",\"author\":{\"@id\":\"https:\/\/www.noticiasradioreflejos.com.ar\/2021\/#\/schema\/person\/ad82545263dcc5ec0996818884fd5fb1\"},\"breadcrumb\":{\"@id\":\"https:\/\/www.noticiasradioreflejos.com.ar\/2021\/escalada-del-conflicto-en-medio-oriente-el-petroleo-sube-15-la-urea-trepa-a-usd-683-y-crece-el-impacto-en-los-granos\/#breadcrumb\"},\"inLanguage\":\"es\",\"potentialAction\":[{\"@type\":\"ReadAction\",\"target\":[\"https:\/\/www.noticiasradioreflejos.com.ar\/2021\/escalada-del-conflicto-en-medio-oriente-el-petroleo-sube-15-la-urea-trepa-a-usd-683-y-crece-el-impacto-en-los-granos\/\"]}]},{\"@type\":\"ImageObject\",\"inLanguage\":\"es\",\"@id\":\"https:\/\/www.noticiasradioreflejos.com.ar\/2021\/escalada-del-conflicto-en-medio-oriente-el-petroleo-sube-15-la-urea-trepa-a-usd-683-y-crece-el-impacto-en-los-granos\/#primaryimage\",\"url\":\"https:\/\/www.noticiasradioreflejos.com.ar\/2021\/wp-content\/uploads\/2026\/03\/petroleo-guerra.jpg\",\"contentUrl\":\"https:\/\/www.noticiasradioreflejos.com.ar\/2021\/wp-content\/uploads\/2026\/03\/petroleo-guerra.jpg\",\"width\":1195,\"height\":896},{\"@type\":\"BreadcrumbList\",\"@id\":\"https:\/\/www.noticiasradioreflejos.com.ar\/2021\/escalada-del-conflicto-en-medio-oriente-el-petroleo-sube-15-la-urea-trepa-a-usd-683-y-crece-el-impacto-en-los-granos\/#breadcrumb\",\"itemListElement\":[{\"@type\":\"ListItem\",\"position\":1,\"name\":\"Portada\",\"item\":\"https:\/\/www.noticiasradioreflejos.com.ar\/2021\/\"},{\"@type\":\"ListItem\",\"position\":2,\"name\":\"Escalada del conflicto en Medio Oriente: el petr\u00f3leo sube 15%, la urea trepa a USD 683 y crece el impacto en los granos\"}]},{\"@type\":\"WebSite\",\"@id\":\"https:\/\/www.noticiasradioreflejos.com.ar\/2021\/#website\",\"url\":\"https:\/\/www.noticiasradioreflejos.com.ar\/2021\/\",\"name\":\"Noticias Radio Reflejos\",\"description\":\"Las noticias de mi comarca\",\"potentialAction\":[{\"@type\":\"SearchAction\",\"target\":{\"@type\":\"EntryPoint\",\"urlTemplate\":\"https:\/\/www.noticiasradioreflejos.com.ar\/2021\/?s={search_term_string}\"},\"query-input\":{\"@type\":\"PropertyValueSpecification\",\"valueRequired\":true,\"valueName\":\"search_term_string\"}}],\"inLanguage\":\"es\"},{\"@type\":\"Person\",\"@id\":\"https:\/\/www.noticiasradioreflejos.com.ar\/2021\/#\/schema\/person\/ad82545263dcc5ec0996818884fd5fb1\",\"name\":\"Arnaldo Botto\",\"image\":{\"@type\":\"ImageObject\",\"inLanguage\":\"es\",\"@id\":\"https:\/\/www.noticiasradioreflejos.com.ar\/2021\/#\/schema\/person\/image\/\",\"url\":\"https:\/\/secure.gravatar.com\/avatar\/55cb5e37c1efa326397366e6974cb338056df65cb50e7d64d1cf314e87504837?s=96&d=mm&r=g\",\"contentUrl\":\"https:\/\/secure.gravatar.com\/avatar\/55cb5e37c1efa326397366e6974cb338056df65cb50e7d64d1cf314e87504837?s=96&d=mm&r=g\",\"caption\":\"Arnaldo Botto\"},\"url\":\"https:\/\/www.noticiasradioreflejos.com.ar\/2021\/author\/arnaldo\/\"}]}<\/script>\n<!-- \/ Yoast SEO plugin. -->","yoast_head_json":{"title":"Escalada del conflicto en Medio Oriente: el petr\u00f3leo sube 15%, la urea trepa a USD 683 y crece el impacto en los granos - Noticias Radio Reflejos","robots":{"index":"index","follow":"follow","max-snippet":"max-snippet:-1","max-image-preview":"max-image-preview:large","max-video-preview":"max-video-preview:-1"},"canonical":"https:\/\/www.noticiasradioreflejos.com.ar\/2021\/escalada-del-conflicto-en-medio-oriente-el-petroleo-sube-15-la-urea-trepa-a-usd-683-y-crece-el-impacto-en-los-granos\/","og_locale":"es_ES","og_type":"article","og_title":"Escalada del conflicto en Medio Oriente: el petr\u00f3leo sube 15%, la urea trepa a USD 683 y crece el impacto en los granos - Noticias Radio Reflejos","og_description":"La tensi\u00f3n entre EE.UU., Israel e Ir\u00e1n comienza a trasladarse a los mercados agr\u00edcolas. La suba de la energ\u00eda, los fertilizantes y los costos log\u00edsticos suma presi\u00f3n sobre ma\u00edz, soja y trigo, mientras los fundamentos propios de los granos quedan en segundo plano. El an\u00e1lisis de Dante Romano, profesor e investigador del Centro de Agronegocios [&hellip;]","og_url":"https:\/\/www.noticiasradioreflejos.com.ar\/2021\/escalada-del-conflicto-en-medio-oriente-el-petroleo-sube-15-la-urea-trepa-a-usd-683-y-crece-el-impacto-en-los-granos\/","og_site_name":"Noticias Radio Reflejos","article_published_time":"2026-03-09T14:28:38+00:00","og_image":[{"width":1195,"height":896,"url":"https:\/\/www.noticiasradioreflejos.com.ar\/2021\/wp-content\/uploads\/2026\/03\/petroleo-guerra.jpg","type":"image\/jpeg"}],"author":"Arnaldo Botto","twitter_card":"summary_large_image","schema":{"@context":"https:\/\/schema.org","@graph":[{"@type":"WebPage","@id":"https:\/\/www.noticiasradioreflejos.com.ar\/2021\/escalada-del-conflicto-en-medio-oriente-el-petroleo-sube-15-la-urea-trepa-a-usd-683-y-crece-el-impacto-en-los-granos\/","url":"https:\/\/www.noticiasradioreflejos.com.ar\/2021\/escalada-del-conflicto-en-medio-oriente-el-petroleo-sube-15-la-urea-trepa-a-usd-683-y-crece-el-impacto-en-los-granos\/","name":"Escalada del conflicto en Medio Oriente: el petr\u00f3leo sube 15%, la urea trepa a USD 683 y crece el impacto en los granos - Noticias Radio Reflejos","isPartOf":{"@id":"https:\/\/www.noticiasradioreflejos.com.ar\/2021\/#website"},"primaryImageOfPage":{"@id":"https:\/\/www.noticiasradioreflejos.com.ar\/2021\/escalada-del-conflicto-en-medio-oriente-el-petroleo-sube-15-la-urea-trepa-a-usd-683-y-crece-el-impacto-en-los-granos\/#primaryimage"},"image":{"@id":"https:\/\/www.noticiasradioreflejos.com.ar\/2021\/escalada-del-conflicto-en-medio-oriente-el-petroleo-sube-15-la-urea-trepa-a-usd-683-y-crece-el-impacto-en-los-granos\/#primaryimage"},"thumbnailUrl":"https:\/\/www.noticiasradioreflejos.com.ar\/2021\/wp-content\/uploads\/2026\/03\/petroleo-guerra.jpg","datePublished":"2026-03-09T14:28:38+00:00","author":{"@id":"https:\/\/www.noticiasradioreflejos.com.ar\/2021\/#\/schema\/person\/ad82545263dcc5ec0996818884fd5fb1"},"breadcrumb":{"@id":"https:\/\/www.noticiasradioreflejos.com.ar\/2021\/escalada-del-conflicto-en-medio-oriente-el-petroleo-sube-15-la-urea-trepa-a-usd-683-y-crece-el-impacto-en-los-granos\/#breadcrumb"},"inLanguage":"es","potentialAction":[{"@type":"ReadAction","target":["https:\/\/www.noticiasradioreflejos.com.ar\/2021\/escalada-del-conflicto-en-medio-oriente-el-petroleo-sube-15-la-urea-trepa-a-usd-683-y-crece-el-impacto-en-los-granos\/"]}]},{"@type":"ImageObject","inLanguage":"es","@id":"https:\/\/www.noticiasradioreflejos.com.ar\/2021\/escalada-del-conflicto-en-medio-oriente-el-petroleo-sube-15-la-urea-trepa-a-usd-683-y-crece-el-impacto-en-los-granos\/#primaryimage","url":"https:\/\/www.noticiasradioreflejos.com.ar\/2021\/wp-content\/uploads\/2026\/03\/petroleo-guerra.jpg","contentUrl":"https:\/\/www.noticiasradioreflejos.com.ar\/2021\/wp-content\/uploads\/2026\/03\/petroleo-guerra.jpg","width":1195,"height":896},{"@type":"BreadcrumbList","@id":"https:\/\/www.noticiasradioreflejos.com.ar\/2021\/escalada-del-conflicto-en-medio-oriente-el-petroleo-sube-15-la-urea-trepa-a-usd-683-y-crece-el-impacto-en-los-granos\/#breadcrumb","itemListElement":[{"@type":"ListItem","position":1,"name":"Portada","item":"https:\/\/www.noticiasradioreflejos.com.ar\/2021\/"},{"@type":"ListItem","position":2,"name":"Escalada del conflicto en Medio Oriente: el petr\u00f3leo sube 15%, la urea trepa a USD 683 y crece el impacto en los granos"}]},{"@type":"WebSite","@id":"https:\/\/www.noticiasradioreflejos.com.ar\/2021\/#website","url":"https:\/\/www.noticiasradioreflejos.com.ar\/2021\/","name":"Noticias Radio Reflejos","description":"Las noticias de mi comarca","potentialAction":[{"@type":"SearchAction","target":{"@type":"EntryPoint","urlTemplate":"https:\/\/www.noticiasradioreflejos.com.ar\/2021\/?s={search_term_string}"},"query-input":{"@type":"PropertyValueSpecification","valueRequired":true,"valueName":"search_term_string"}}],"inLanguage":"es"},{"@type":"Person","@id":"https:\/\/www.noticiasradioreflejos.com.ar\/2021\/#\/schema\/person\/ad82545263dcc5ec0996818884fd5fb1","name":"Arnaldo Botto","image":{"@type":"ImageObject","inLanguage":"es","@id":"https:\/\/www.noticiasradioreflejos.com.ar\/2021\/#\/schema\/person\/image\/","url":"https:\/\/secure.gravatar.com\/avatar\/55cb5e37c1efa326397366e6974cb338056df65cb50e7d64d1cf314e87504837?s=96&d=mm&r=g","contentUrl":"https:\/\/secure.gravatar.com\/avatar\/55cb5e37c1efa326397366e6974cb338056df65cb50e7d64d1cf314e87504837?s=96&d=mm&r=g","caption":"Arnaldo Botto"},"url":"https:\/\/www.noticiasradioreflejos.com.ar\/2021\/author\/arnaldo\/"}]}},"_links":{"self":[{"href":"https:\/\/www.noticiasradioreflejos.com.ar\/2021\/wp-json\/wp\/v2\/posts\/133738","targetHints":{"allow":["GET"]}}],"collection":[{"href":"https:\/\/www.noticiasradioreflejos.com.ar\/2021\/wp-json\/wp\/v2\/posts"}],"about":[{"href":"https:\/\/www.noticiasradioreflejos.com.ar\/2021\/wp-json\/wp\/v2\/types\/post"}],"author":[{"embeddable":true,"href":"https:\/\/www.noticiasradioreflejos.com.ar\/2021\/wp-json\/wp\/v2\/users\/3"}],"replies":[{"embeddable":true,"href":"https:\/\/www.noticiasradioreflejos.com.ar\/2021\/wp-json\/wp\/v2\/comments?post=133738"}],"version-history":[{"count":1,"href":"https:\/\/www.noticiasradioreflejos.com.ar\/2021\/wp-json\/wp\/v2\/posts\/133738\/revisions"}],"predecessor-version":[{"id":133740,"href":"https:\/\/www.noticiasradioreflejos.com.ar\/2021\/wp-json\/wp\/v2\/posts\/133738\/revisions\/133740"}],"wp:featuredmedia":[{"embeddable":true,"href":"https:\/\/www.noticiasradioreflejos.com.ar\/2021\/wp-json\/wp\/v2\/media\/133739"}],"wp:attachment":[{"href":"https:\/\/www.noticiasradioreflejos.com.ar\/2021\/wp-json\/wp\/v2\/media?parent=133738"}],"wp:term":[{"taxonomy":"category","embeddable":true,"href":"https:\/\/www.noticiasradioreflejos.com.ar\/2021\/wp-json\/wp\/v2\/categories?post=133738"},{"taxonomy":"post_tag","embeddable":true,"href":"https:\/\/www.noticiasradioreflejos.com.ar\/2021\/wp-json\/wp\/v2\/tags?post=133738"}],"curies":[{"name":"wp","href":"https:\/\/api.w.org\/{rel}","templated":true}]}}