{"id":133736,"date":"2026-03-09T11:23:02","date_gmt":"2026-03-09T14:23:02","guid":{"rendered":"https:\/\/www.noticiasradioreflejos.com.ar\/2021\/?p=133736"},"modified":"2026-03-09T11:23:02","modified_gmt":"2026-03-09T14:23:02","slug":"desde-ypf-insisten-en-que-no-habra-cimbronazos-en-el-precio-de-las-naftas","status":"publish","type":"post","link":"https:\/\/www.noticiasradioreflejos.com.ar\/2021\/desde-ypf-insisten-en-que-no-habra-cimbronazos-en-el-precio-de-las-naftas\/","title":{"rendered":"Desde YPF insisten en que no habr\u00e1 cimbronazos en el precio de las naftas"},"content":{"rendered":"<p>No obstante, se sigue con atenci\u00f3n la evoluci\u00f3n del precio del barril<!--more--><\/p>\n<div class=\"columns\" data-tadevel-template=\"web\/article-columns\">\n<div class=\"column-main\">\n<div class=\"article-body\" data-tadevel-template=\"web\/article-body\">\n<div class=\"article-body-content\">\n<p><strong>La petrolera YPF mantiene su posici\u00f3n de no trasladar de forma plena e inmediata el aumento del precio del barril de petr\u00f3leo a los combustibles\u00a0<\/strong>que comercializa en el pa\u00eds.<\/p>\n<p><strong>\u201cNo vamos a trasladar la volatilidad del precio internacional al surtidor\u201d<\/strong>, reiteraron este lunes fuentes de la compa\u00f1\u00eda.<\/p>\n<p>La posici\u00f3n hab\u00eda sido fijada por el CEO de YPF\u00a0<strong>Horacio Mar\u00edn<\/strong>\u00a0la semana pasada con el precio del crudo Brent en US$80 y ratificada en la ma\u00f1ana de este lunes por encima de los US$100 por barril.<\/p>\n<p>Mar\u00edn participa desde hoy en el Argentina Week que se desarrolla en Nueva York, donde se espera que se refiera a la situaci\u00f3n de la producci\u00f3n energ\u00e9tica y las oportunidades de inversi\u00f3n que ofrece el pa\u00eds, como as\u00ed tambi\u00e9n de lo que se puede esperar para el mercado interno.<\/p>\n<p><i>\u201cEn YPF tenemos una pol\u00edtica de precios, no vemos el precio del petr\u00f3leo en el d\u00eda, tenemos un acuerdo con los consumidores. Lo que hacemos es tener un promedio, entonces cuando hay precios del petr\u00f3leo que duran muy poco no afecta al precio de los combustibles\u201d<\/i>, hab\u00eda se\u00f1alado Mar\u00edn en sus \u00faltimas declaraciones p\u00fablicas antes de la \u00faltima escalada del petr\u00f3leo.<\/p>\n<p>&nbsp;<\/p>\n<p>La intenci\u00f3n de la compa\u00f1\u00eda es que tanto en las ca\u00eddas y subidas r\u00e1pidas no impacten de lleno en los surtidores.<\/p>\n<p>No obstante, tambi\u00e9n advirti\u00f3 que \u201csi el precio del barril se queda muy alto va a afectar el precio de los combustibles, aunque muy de a poco.<\/p>\n<\/div>\n<\/div>\n<\/div>\n<\/div>\n","protected":false},"excerpt":{"rendered":"<p>No obstante, se sigue con atenci\u00f3n la evoluci\u00f3n del precio del barril<\/p>\n","protected":false},"author":3,"featured_media":94603,"comment_status":"closed","ping_status":"closed","sticky":false,"template":"","format":"standard","meta":{"footnotes":""},"categories":[36],"tags":[],"class_list":["post-133736","post","type-post","status-publish","format-standard","has-post-thumbnail","hentry","category-economia"],"yoast_head":"<!-- This site is optimized with the Yoast SEO plugin v25.9 - https:\/\/yoast.com\/wordpress\/plugins\/seo\/ -->\n<title>Desde YPF insisten en que no habr\u00e1 cimbronazos en el precio de las naftas - Noticias Radio Reflejos<\/title>\n<meta name=\"robots\" content=\"index, follow, max-snippet:-1, max-image-preview:large, max-video-preview:-1\" \/>\n<link rel=\"canonical\" href=\"https:\/\/www.noticiasradioreflejos.com.ar\/2021\/desde-ypf-insisten-en-que-no-habra-cimbronazos-en-el-precio-de-las-naftas\/\" \/>\n<meta property=\"og:locale\" content=\"es_ES\" \/>\n<meta property=\"og:type\" content=\"article\" \/>\n<meta property=\"og:title\" content=\"Desde YPF insisten en que no habr\u00e1 cimbronazos en el precio de las naftas - Noticias Radio Reflejos\" \/>\n<meta property=\"og:description\" content=\"No obstante, se sigue con atenci\u00f3n la evoluci\u00f3n del precio del barril\" \/>\n<meta property=\"og:url\" content=\"https:\/\/www.noticiasradioreflejos.com.ar\/2021\/desde-ypf-insisten-en-que-no-habra-cimbronazos-en-el-precio-de-las-naftas\/\" \/>\n<meta property=\"og:site_name\" content=\"Noticias Radio Reflejos\" \/>\n<meta property=\"article:published_time\" content=\"2026-03-09T14:23:02+00:00\" \/>\n<meta property=\"og:image\" content=\"https:\/\/www.noticiasradioreflejos.com.ar\/2021\/wp-content\/uploads\/2023\/10\/cargando-combustibles-1.jpeg\" \/>\n\t<meta property=\"og:image:width\" content=\"1600\" \/>\n\t<meta property=\"og:image:height\" content=\"900\" \/>\n\t<meta property=\"og:image:type\" content=\"image\/jpeg\" \/>\n<meta name=\"author\" content=\"Arnaldo Botto\" \/>\n<meta name=\"twitter:card\" content=\"summary_large_image\" \/>\n<script type=\"application\/ld+json\" class=\"yoast-schema-graph\">{\"@context\":\"https:\/\/schema.org\",\"@graph\":[{\"@type\":\"WebPage\",\"@id\":\"https:\/\/www.noticiasradioreflejos.com.ar\/2021\/desde-ypf-insisten-en-que-no-habra-cimbronazos-en-el-precio-de-las-naftas\/\",\"url\":\"https:\/\/www.noticiasradioreflejos.com.ar\/2021\/desde-ypf-insisten-en-que-no-habra-cimbronazos-en-el-precio-de-las-naftas\/\",\"name\":\"Desde YPF insisten en que no habr\u00e1 cimbronazos en el precio de las naftas - Noticias Radio Reflejos\",\"isPartOf\":{\"@id\":\"https:\/\/www.noticiasradioreflejos.com.ar\/2021\/#website\"},\"primaryImageOfPage\":{\"@id\":\"https:\/\/www.noticiasradioreflejos.com.ar\/2021\/desde-ypf-insisten-en-que-no-habra-cimbronazos-en-el-precio-de-las-naftas\/#primaryimage\"},\"image\":{\"@id\":\"https:\/\/www.noticiasradioreflejos.com.ar\/2021\/desde-ypf-insisten-en-que-no-habra-cimbronazos-en-el-precio-de-las-naftas\/#primaryimage\"},\"thumbnailUrl\":\"https:\/\/www.noticiasradioreflejos.com.ar\/2021\/wp-content\/uploads\/2023\/10\/cargando-combustibles-1.jpeg\",\"datePublished\":\"2026-03-09T14:23:02+00:00\",\"author\":{\"@id\":\"https:\/\/www.noticiasradioreflejos.com.ar\/2021\/#\/schema\/person\/ad82545263dcc5ec0996818884fd5fb1\"},\"breadcrumb\":{\"@id\":\"https:\/\/www.noticiasradioreflejos.com.ar\/2021\/desde-ypf-insisten-en-que-no-habra-cimbronazos-en-el-precio-de-las-naftas\/#breadcrumb\"},\"inLanguage\":\"es\",\"potentialAction\":[{\"@type\":\"ReadAction\",\"target\":[\"https:\/\/www.noticiasradioreflejos.com.ar\/2021\/desde-ypf-insisten-en-que-no-habra-cimbronazos-en-el-precio-de-las-naftas\/\"]}]},{\"@type\":\"ImageObject\",\"inLanguage\":\"es\",\"@id\":\"https:\/\/www.noticiasradioreflejos.com.ar\/2021\/desde-ypf-insisten-en-que-no-habra-cimbronazos-en-el-precio-de-las-naftas\/#primaryimage\",\"url\":\"https:\/\/www.noticiasradioreflejos.com.ar\/2021\/wp-content\/uploads\/2023\/10\/cargando-combustibles-1.jpeg\",\"contentUrl\":\"https:\/\/www.noticiasradioreflejos.com.ar\/2021\/wp-content\/uploads\/2023\/10\/cargando-combustibles-1.jpeg\",\"width\":1600,\"height\":900},{\"@type\":\"BreadcrumbList\",\"@id\":\"https:\/\/www.noticiasradioreflejos.com.ar\/2021\/desde-ypf-insisten-en-que-no-habra-cimbronazos-en-el-precio-de-las-naftas\/#breadcrumb\",\"itemListElement\":[{\"@type\":\"ListItem\",\"position\":1,\"name\":\"Portada\",\"item\":\"https:\/\/www.noticiasradioreflejos.com.ar\/2021\/\"},{\"@type\":\"ListItem\",\"position\":2,\"name\":\"Desde YPF insisten en que no habr\u00e1 cimbronazos en el precio de las naftas\"}]},{\"@type\":\"WebSite\",\"@id\":\"https:\/\/www.noticiasradioreflejos.com.ar\/2021\/#website\",\"url\":\"https:\/\/www.noticiasradioreflejos.com.ar\/2021\/\",\"name\":\"Noticias Radio Reflejos\",\"description\":\"Las noticias de mi comarca\",\"potentialAction\":[{\"@type\":\"SearchAction\",\"target\":{\"@type\":\"EntryPoint\",\"urlTemplate\":\"https:\/\/www.noticiasradioreflejos.com.ar\/2021\/?s={search_term_string}\"},\"query-input\":{\"@type\":\"PropertyValueSpecification\",\"valueRequired\":true,\"valueName\":\"search_term_string\"}}],\"inLanguage\":\"es\"},{\"@type\":\"Person\",\"@id\":\"https:\/\/www.noticiasradioreflejos.com.ar\/2021\/#\/schema\/person\/ad82545263dcc5ec0996818884fd5fb1\",\"name\":\"Arnaldo Botto\",\"image\":{\"@type\":\"ImageObject\",\"inLanguage\":\"es\",\"@id\":\"https:\/\/www.noticiasradioreflejos.com.ar\/2021\/#\/schema\/person\/image\/\",\"url\":\"https:\/\/secure.gravatar.com\/avatar\/55cb5e37c1efa326397366e6974cb338056df65cb50e7d64d1cf314e87504837?s=96&d=mm&r=g\",\"contentUrl\":\"https:\/\/secure.gravatar.com\/avatar\/55cb5e37c1efa326397366e6974cb338056df65cb50e7d64d1cf314e87504837?s=96&d=mm&r=g\",\"caption\":\"Arnaldo Botto\"},\"url\":\"https:\/\/www.noticiasradioreflejos.com.ar\/2021\/author\/arnaldo\/\"}]}<\/script>\n<!-- \/ Yoast SEO plugin. -->","yoast_head_json":{"title":"Desde YPF insisten en que no habr\u00e1 cimbronazos en el precio de las naftas - Noticias Radio Reflejos","robots":{"index":"index","follow":"follow","max-snippet":"max-snippet:-1","max-image-preview":"max-image-preview:large","max-video-preview":"max-video-preview:-1"},"canonical":"https:\/\/www.noticiasradioreflejos.com.ar\/2021\/desde-ypf-insisten-en-que-no-habra-cimbronazos-en-el-precio-de-las-naftas\/","og_locale":"es_ES","og_type":"article","og_title":"Desde YPF insisten en que no habr\u00e1 cimbronazos en el precio de las naftas - Noticias Radio Reflejos","og_description":"No obstante, se sigue con atenci\u00f3n la evoluci\u00f3n del precio del barril","og_url":"https:\/\/www.noticiasradioreflejos.com.ar\/2021\/desde-ypf-insisten-en-que-no-habra-cimbronazos-en-el-precio-de-las-naftas\/","og_site_name":"Noticias Radio Reflejos","article_published_time":"2026-03-09T14:23:02+00:00","og_image":[{"width":1600,"height":900,"url":"https:\/\/www.noticiasradioreflejos.com.ar\/2021\/wp-content\/uploads\/2023\/10\/cargando-combustibles-1.jpeg","type":"image\/jpeg"}],"author":"Arnaldo Botto","twitter_card":"summary_large_image","schema":{"@context":"https:\/\/schema.org","@graph":[{"@type":"WebPage","@id":"https:\/\/www.noticiasradioreflejos.com.ar\/2021\/desde-ypf-insisten-en-que-no-habra-cimbronazos-en-el-precio-de-las-naftas\/","url":"https:\/\/www.noticiasradioreflejos.com.ar\/2021\/desde-ypf-insisten-en-que-no-habra-cimbronazos-en-el-precio-de-las-naftas\/","name":"Desde YPF insisten en que no habr\u00e1 cimbronazos en el precio de las naftas - Noticias Radio Reflejos","isPartOf":{"@id":"https:\/\/www.noticiasradioreflejos.com.ar\/2021\/#website"},"primaryImageOfPage":{"@id":"https:\/\/www.noticiasradioreflejos.com.ar\/2021\/desde-ypf-insisten-en-que-no-habra-cimbronazos-en-el-precio-de-las-naftas\/#primaryimage"},"image":{"@id":"https:\/\/www.noticiasradioreflejos.com.ar\/2021\/desde-ypf-insisten-en-que-no-habra-cimbronazos-en-el-precio-de-las-naftas\/#primaryimage"},"thumbnailUrl":"https:\/\/www.noticiasradioreflejos.com.ar\/2021\/wp-content\/uploads\/2023\/10\/cargando-combustibles-1.jpeg","datePublished":"2026-03-09T14:23:02+00:00","author":{"@id":"https:\/\/www.noticiasradioreflejos.com.ar\/2021\/#\/schema\/person\/ad82545263dcc5ec0996818884fd5fb1"},"breadcrumb":{"@id":"https:\/\/www.noticiasradioreflejos.com.ar\/2021\/desde-ypf-insisten-en-que-no-habra-cimbronazos-en-el-precio-de-las-naftas\/#breadcrumb"},"inLanguage":"es","potentialAction":[{"@type":"ReadAction","target":["https:\/\/www.noticiasradioreflejos.com.ar\/2021\/desde-ypf-insisten-en-que-no-habra-cimbronazos-en-el-precio-de-las-naftas\/"]}]},{"@type":"ImageObject","inLanguage":"es","@id":"https:\/\/www.noticiasradioreflejos.com.ar\/2021\/desde-ypf-insisten-en-que-no-habra-cimbronazos-en-el-precio-de-las-naftas\/#primaryimage","url":"https:\/\/www.noticiasradioreflejos.com.ar\/2021\/wp-content\/uploads\/2023\/10\/cargando-combustibles-1.jpeg","contentUrl":"https:\/\/www.noticiasradioreflejos.com.ar\/2021\/wp-content\/uploads\/2023\/10\/cargando-combustibles-1.jpeg","width":1600,"height":900},{"@type":"BreadcrumbList","@id":"https:\/\/www.noticiasradioreflejos.com.ar\/2021\/desde-ypf-insisten-en-que-no-habra-cimbronazos-en-el-precio-de-las-naftas\/#breadcrumb","itemListElement":[{"@type":"ListItem","position":1,"name":"Portada","item":"https:\/\/www.noticiasradioreflejos.com.ar\/2021\/"},{"@type":"ListItem","position":2,"name":"Desde YPF insisten en que no habr\u00e1 cimbronazos en el precio de las naftas"}]},{"@type":"WebSite","@id":"https:\/\/www.noticiasradioreflejos.com.ar\/2021\/#website","url":"https:\/\/www.noticiasradioreflejos.com.ar\/2021\/","name":"Noticias Radio Reflejos","description":"Las noticias de mi comarca","potentialAction":[{"@type":"SearchAction","target":{"@type":"EntryPoint","urlTemplate":"https:\/\/www.noticiasradioreflejos.com.ar\/2021\/?s={search_term_string}"},"query-input":{"@type":"PropertyValueSpecification","valueRequired":true,"valueName":"search_term_string"}}],"inLanguage":"es"},{"@type":"Person","@id":"https:\/\/www.noticiasradioreflejos.com.ar\/2021\/#\/schema\/person\/ad82545263dcc5ec0996818884fd5fb1","name":"Arnaldo Botto","image":{"@type":"ImageObject","inLanguage":"es","@id":"https:\/\/www.noticiasradioreflejos.com.ar\/2021\/#\/schema\/person\/image\/","url":"https:\/\/secure.gravatar.com\/avatar\/55cb5e37c1efa326397366e6974cb338056df65cb50e7d64d1cf314e87504837?s=96&d=mm&r=g","contentUrl":"https:\/\/secure.gravatar.com\/avatar\/55cb5e37c1efa326397366e6974cb338056df65cb50e7d64d1cf314e87504837?s=96&d=mm&r=g","caption":"Arnaldo Botto"},"url":"https:\/\/www.noticiasradioreflejos.com.ar\/2021\/author\/arnaldo\/"}]}},"_links":{"self":[{"href":"https:\/\/www.noticiasradioreflejos.com.ar\/2021\/wp-json\/wp\/v2\/posts\/133736","targetHints":{"allow":["GET"]}}],"collection":[{"href":"https:\/\/www.noticiasradioreflejos.com.ar\/2021\/wp-json\/wp\/v2\/posts"}],"about":[{"href":"https:\/\/www.noticiasradioreflejos.com.ar\/2021\/wp-json\/wp\/v2\/types\/post"}],"author":[{"embeddable":true,"href":"https:\/\/www.noticiasradioreflejos.com.ar\/2021\/wp-json\/wp\/v2\/users\/3"}],"replies":[{"embeddable":true,"href":"https:\/\/www.noticiasradioreflejos.com.ar\/2021\/wp-json\/wp\/v2\/comments?post=133736"}],"version-history":[{"count":1,"href":"https:\/\/www.noticiasradioreflejos.com.ar\/2021\/wp-json\/wp\/v2\/posts\/133736\/revisions"}],"predecessor-version":[{"id":133737,"href":"https:\/\/www.noticiasradioreflejos.com.ar\/2021\/wp-json\/wp\/v2\/posts\/133736\/revisions\/133737"}],"wp:featuredmedia":[{"embeddable":true,"href":"https:\/\/www.noticiasradioreflejos.com.ar\/2021\/wp-json\/wp\/v2\/media\/94603"}],"wp:attachment":[{"href":"https:\/\/www.noticiasradioreflejos.com.ar\/2021\/wp-json\/wp\/v2\/media?parent=133736"}],"wp:term":[{"taxonomy":"category","embeddable":true,"href":"https:\/\/www.noticiasradioreflejos.com.ar\/2021\/wp-json\/wp\/v2\/categories?post=133736"},{"taxonomy":"post_tag","embeddable":true,"href":"https:\/\/www.noticiasradioreflejos.com.ar\/2021\/wp-json\/wp\/v2\/tags?post=133736"}],"curies":[{"name":"wp","href":"https:\/\/api.w.org\/{rel}","templated":true}]}}