{"id":133727,"date":"2026-03-09T08:43:03","date_gmt":"2026-03-09T11:43:03","guid":{"rendered":"https:\/\/www.noticiasradioreflejos.com.ar\/2021\/?p=133727"},"modified":"2026-03-09T08:43:03","modified_gmt":"2026-03-09T11:43:03","slug":"pasion-en-movimiento-argentina-celebra-el-dia-del-bailarin-en-homenaje-a-jorge-donn","status":"publish","type":"post","link":"https:\/\/www.noticiasradioreflejos.com.ar\/2021\/pasion-en-movimiento-argentina-celebra-el-dia-del-bailarin-en-homenaje-a-jorge-donn\/","title":{"rendered":"Pasi\u00f3n en movimiento: Argentina celebra el D\u00eda del Bailar\u00edn en homenaje a Jorge Donn"},"content":{"rendered":"<p>Cada 10 de marzo, nuestro pa\u00eds rinde tributo a quienes hacen del cuerpo una forma de expresi\u00f3n y arte. La fecha conmemora el nacimiento del ic\u00f3nico Jorge Donn, uno de los artistas m\u00e1s influyentes de la danza mundial. En la Comarca, la jornada destaca el rol fundamental de nuestras pe\u00f1as y academias que mantienen viva la cultura en cada escenario del distrito.<!--more--><\/p>\n<p data-path-to-node=\"5\">El arte del movimiento est\u00e1 de fiesta. Este martes 10 de marzo, se celebra en toda la Argentina el <b data-path-to-node=\"5\" data-index-in-node=\"122\">D\u00eda del Bailar\u00edn<\/b>, una fecha establecida para recordar el nacimiento de <b data-path-to-node=\"5\" data-index-in-node=\"193\">Jorge Donn<\/b> (1947-1992), el bonaerense que conquist\u00f3 los escenarios m\u00e1s importantes del mundo y se convirti\u00f3 en la musa del c\u00e9lebre core\u00f3grafo Maurice B\u00e9jart.<\/p>\n<p data-path-to-node=\"6\">Donn, quien inmortaliz\u00f3 su interpretaci\u00f3n del <i data-path-to-node=\"6\" data-index-in-node=\"46\">Bolero<\/i> de Ravel, dej\u00f3 un legado de entrega y t\u00e9cnica que hoy sirve de inspiraci\u00f3n para miles de j\u00f3venes que abrazan la danza en todas sus formas: desde el ballet cl\u00e1sico y la danza contempor\u00e1nea hasta nuestro folklore y el tango.<\/p>\n<h3 data-path-to-node=\"7\"><b data-path-to-node=\"7\" data-index-in-node=\"0\">El latido de la danza en la Comarca<\/b><\/h3>\n<p data-path-to-node=\"8\">En localidades como Sierra de la Ventana, Saldungaray y Villa Ventana, esta celebraci\u00f3n cobra un significado especial. La danza es, en nuestra regi\u00f3n, un motor de encuentro social.<\/p>\n<p data-path-to-node=\"9\">A trav\u00e9s de las <b data-path-to-node=\"9\" data-index-in-node=\"16\">pe\u00f1as folcl\u00f3ricas<\/b>, donde el zapateo y el zarandeo cuentan nuestra historia, y las <b data-path-to-node=\"9\" data-index-in-node=\"98\">escuelas de danza locales<\/b>, ni\u00f1os, j\u00f3venes y adultos encuentran un espacio de pertenencia. Estos \u00abembajadores del movimiento\u00bb son quienes engalanan cada fiesta del pueblo, desde los aniversarios de las instituciones hasta los grandes eventos tur\u00edsticos, llevando la identidad de la Comarca en cada paso.<\/p>\n<p data-path-to-node=\"10\">Desde <b data-path-to-node=\"10\" data-index-in-node=\"6\">Noticias Radio Reflejos<\/b>, saludamos a todos los bailarines, profesores y core\u00f3grafos de nuestro distrito, quienes con su esfuerzo y disciplina transforman el esfuerzo f\u00edsico en pura magia sobre las tablas.<\/p>\n","protected":false},"excerpt":{"rendered":"<p>Cada 10 de marzo, nuestro pa\u00eds rinde tributo a quienes hacen del cuerpo una forma de expresi\u00f3n y arte. La fecha conmemora el nacimiento del ic\u00f3nico Jorge Donn, uno de los artistas m\u00e1s influyentes de la danza mundial. En la Comarca, la jornada destaca el rol fundamental de nuestras pe\u00f1as y academias que mantienen viva [&hellip;]<\/p>\n","protected":false},"author":3,"featured_media":133728,"comment_status":"closed","ping_status":"closed","sticky":false,"template":"","format":"standard","meta":{"footnotes":""},"categories":[35],"tags":[48],"class_list":["post-133727","post","type-post","status-publish","format-standard","has-post-thumbnail","hentry","category-cultura","tag-destacada"],"yoast_head":"<!-- This site is optimized with the Yoast SEO plugin v25.9 - https:\/\/yoast.com\/wordpress\/plugins\/seo\/ -->\n<title>Pasi\u00f3n en movimiento: Argentina celebra el D\u00eda del Bailar\u00edn en homenaje a Jorge Donn - Noticias Radio Reflejos<\/title>\n<meta name=\"robots\" content=\"index, follow, max-snippet:-1, max-image-preview:large, max-video-preview:-1\" \/>\n<link rel=\"canonical\" href=\"https:\/\/www.noticiasradioreflejos.com.ar\/2021\/pasion-en-movimiento-argentina-celebra-el-dia-del-bailarin-en-homenaje-a-jorge-donn\/\" \/>\n<meta property=\"og:locale\" content=\"es_ES\" \/>\n<meta property=\"og:type\" content=\"article\" \/>\n<meta property=\"og:title\" content=\"Pasi\u00f3n en movimiento: Argentina celebra el D\u00eda del Bailar\u00edn en homenaje a Jorge Donn - Noticias Radio Reflejos\" \/>\n<meta property=\"og:description\" content=\"Cada 10 de marzo, nuestro pa\u00eds rinde tributo a quienes hacen del cuerpo una forma de expresi\u00f3n y arte. La fecha conmemora el nacimiento del ic\u00f3nico Jorge Donn, uno de los artistas m\u00e1s influyentes de la danza mundial. En la Comarca, la jornada destaca el rol fundamental de nuestras pe\u00f1as y academias que mantienen viva [&hellip;]\" \/>\n<meta property=\"og:url\" content=\"https:\/\/www.noticiasradioreflejos.com.ar\/2021\/pasion-en-movimiento-argentina-celebra-el-dia-del-bailarin-en-homenaje-a-jorge-donn\/\" \/>\n<meta property=\"og:site_name\" content=\"Noticias Radio Reflejos\" \/>\n<meta property=\"article:published_time\" content=\"2026-03-09T11:43:03+00:00\" \/>\n<meta property=\"og:image\" content=\"https:\/\/www.noticiasradioreflejos.com.ar\/2021\/wp-content\/uploads\/2026\/03\/donn-bailarin.png\" \/>\n\t<meta property=\"og:image:width\" content=\"1200\" \/>\n\t<meta property=\"og:image:height\" content=\"675\" \/>\n\t<meta property=\"og:image:type\" content=\"image\/png\" \/>\n<meta name=\"author\" content=\"Arnaldo Botto\" \/>\n<meta name=\"twitter:card\" content=\"summary_large_image\" \/>\n<script type=\"application\/ld+json\" class=\"yoast-schema-graph\">{\"@context\":\"https:\/\/schema.org\",\"@graph\":[{\"@type\":\"WebPage\",\"@id\":\"https:\/\/www.noticiasradioreflejos.com.ar\/2021\/pasion-en-movimiento-argentina-celebra-el-dia-del-bailarin-en-homenaje-a-jorge-donn\/\",\"url\":\"https:\/\/www.noticiasradioreflejos.com.ar\/2021\/pasion-en-movimiento-argentina-celebra-el-dia-del-bailarin-en-homenaje-a-jorge-donn\/\",\"name\":\"Pasi\u00f3n en movimiento: Argentina celebra el D\u00eda del Bailar\u00edn en homenaje a Jorge Donn - Noticias Radio Reflejos\",\"isPartOf\":{\"@id\":\"https:\/\/www.noticiasradioreflejos.com.ar\/2021\/#website\"},\"primaryImageOfPage\":{\"@id\":\"https:\/\/www.noticiasradioreflejos.com.ar\/2021\/pasion-en-movimiento-argentina-celebra-el-dia-del-bailarin-en-homenaje-a-jorge-donn\/#primaryimage\"},\"image\":{\"@id\":\"https:\/\/www.noticiasradioreflejos.com.ar\/2021\/pasion-en-movimiento-argentina-celebra-el-dia-del-bailarin-en-homenaje-a-jorge-donn\/#primaryimage\"},\"thumbnailUrl\":\"https:\/\/www.noticiasradioreflejos.com.ar\/2021\/wp-content\/uploads\/2026\/03\/donn-bailarin.png\",\"datePublished\":\"2026-03-09T11:43:03+00:00\",\"author\":{\"@id\":\"https:\/\/www.noticiasradioreflejos.com.ar\/2021\/#\/schema\/person\/ad82545263dcc5ec0996818884fd5fb1\"},\"breadcrumb\":{\"@id\":\"https:\/\/www.noticiasradioreflejos.com.ar\/2021\/pasion-en-movimiento-argentina-celebra-el-dia-del-bailarin-en-homenaje-a-jorge-donn\/#breadcrumb\"},\"inLanguage\":\"es\",\"potentialAction\":[{\"@type\":\"ReadAction\",\"target\":[\"https:\/\/www.noticiasradioreflejos.com.ar\/2021\/pasion-en-movimiento-argentina-celebra-el-dia-del-bailarin-en-homenaje-a-jorge-donn\/\"]}]},{\"@type\":\"ImageObject\",\"inLanguage\":\"es\",\"@id\":\"https:\/\/www.noticiasradioreflejos.com.ar\/2021\/pasion-en-movimiento-argentina-celebra-el-dia-del-bailarin-en-homenaje-a-jorge-donn\/#primaryimage\",\"url\":\"https:\/\/www.noticiasradioreflejos.com.ar\/2021\/wp-content\/uploads\/2026\/03\/donn-bailarin.png\",\"contentUrl\":\"https:\/\/www.noticiasradioreflejos.com.ar\/2021\/wp-content\/uploads\/2026\/03\/donn-bailarin.png\",\"width\":1200,\"height\":675},{\"@type\":\"BreadcrumbList\",\"@id\":\"https:\/\/www.noticiasradioreflejos.com.ar\/2021\/pasion-en-movimiento-argentina-celebra-el-dia-del-bailarin-en-homenaje-a-jorge-donn\/#breadcrumb\",\"itemListElement\":[{\"@type\":\"ListItem\",\"position\":1,\"name\":\"Portada\",\"item\":\"https:\/\/www.noticiasradioreflejos.com.ar\/2021\/\"},{\"@type\":\"ListItem\",\"position\":2,\"name\":\"Pasi\u00f3n en movimiento: Argentina celebra el D\u00eda del Bailar\u00edn en homenaje a Jorge Donn\"}]},{\"@type\":\"WebSite\",\"@id\":\"https:\/\/www.noticiasradioreflejos.com.ar\/2021\/#website\",\"url\":\"https:\/\/www.noticiasradioreflejos.com.ar\/2021\/\",\"name\":\"Noticias Radio Reflejos\",\"description\":\"Las noticias de mi comarca\",\"potentialAction\":[{\"@type\":\"SearchAction\",\"target\":{\"@type\":\"EntryPoint\",\"urlTemplate\":\"https:\/\/www.noticiasradioreflejos.com.ar\/2021\/?s={search_term_string}\"},\"query-input\":{\"@type\":\"PropertyValueSpecification\",\"valueRequired\":true,\"valueName\":\"search_term_string\"}}],\"inLanguage\":\"es\"},{\"@type\":\"Person\",\"@id\":\"https:\/\/www.noticiasradioreflejos.com.ar\/2021\/#\/schema\/person\/ad82545263dcc5ec0996818884fd5fb1\",\"name\":\"Arnaldo Botto\",\"image\":{\"@type\":\"ImageObject\",\"inLanguage\":\"es\",\"@id\":\"https:\/\/www.noticiasradioreflejos.com.ar\/2021\/#\/schema\/person\/image\/\",\"url\":\"https:\/\/secure.gravatar.com\/avatar\/55cb5e37c1efa326397366e6974cb338056df65cb50e7d64d1cf314e87504837?s=96&d=mm&r=g\",\"contentUrl\":\"https:\/\/secure.gravatar.com\/avatar\/55cb5e37c1efa326397366e6974cb338056df65cb50e7d64d1cf314e87504837?s=96&d=mm&r=g\",\"caption\":\"Arnaldo Botto\"},\"url\":\"https:\/\/www.noticiasradioreflejos.com.ar\/2021\/author\/arnaldo\/\"}]}<\/script>\n<!-- \/ Yoast SEO plugin. -->","yoast_head_json":{"title":"Pasi\u00f3n en movimiento: Argentina celebra el D\u00eda del Bailar\u00edn en homenaje a Jorge Donn - Noticias Radio Reflejos","robots":{"index":"index","follow":"follow","max-snippet":"max-snippet:-1","max-image-preview":"max-image-preview:large","max-video-preview":"max-video-preview:-1"},"canonical":"https:\/\/www.noticiasradioreflejos.com.ar\/2021\/pasion-en-movimiento-argentina-celebra-el-dia-del-bailarin-en-homenaje-a-jorge-donn\/","og_locale":"es_ES","og_type":"article","og_title":"Pasi\u00f3n en movimiento: Argentina celebra el D\u00eda del Bailar\u00edn en homenaje a Jorge Donn - Noticias Radio Reflejos","og_description":"Cada 10 de marzo, nuestro pa\u00eds rinde tributo a quienes hacen del cuerpo una forma de expresi\u00f3n y arte. La fecha conmemora el nacimiento del ic\u00f3nico Jorge Donn, uno de los artistas m\u00e1s influyentes de la danza mundial. En la Comarca, la jornada destaca el rol fundamental de nuestras pe\u00f1as y academias que mantienen viva [&hellip;]","og_url":"https:\/\/www.noticiasradioreflejos.com.ar\/2021\/pasion-en-movimiento-argentina-celebra-el-dia-del-bailarin-en-homenaje-a-jorge-donn\/","og_site_name":"Noticias Radio Reflejos","article_published_time":"2026-03-09T11:43:03+00:00","og_image":[{"width":1200,"height":675,"url":"https:\/\/www.noticiasradioreflejos.com.ar\/2021\/wp-content\/uploads\/2026\/03\/donn-bailarin.png","type":"image\/png"}],"author":"Arnaldo Botto","twitter_card":"summary_large_image","schema":{"@context":"https:\/\/schema.org","@graph":[{"@type":"WebPage","@id":"https:\/\/www.noticiasradioreflejos.com.ar\/2021\/pasion-en-movimiento-argentina-celebra-el-dia-del-bailarin-en-homenaje-a-jorge-donn\/","url":"https:\/\/www.noticiasradioreflejos.com.ar\/2021\/pasion-en-movimiento-argentina-celebra-el-dia-del-bailarin-en-homenaje-a-jorge-donn\/","name":"Pasi\u00f3n en movimiento: Argentina celebra el D\u00eda del Bailar\u00edn en homenaje a Jorge Donn - Noticias Radio Reflejos","isPartOf":{"@id":"https:\/\/www.noticiasradioreflejos.com.ar\/2021\/#website"},"primaryImageOfPage":{"@id":"https:\/\/www.noticiasradioreflejos.com.ar\/2021\/pasion-en-movimiento-argentina-celebra-el-dia-del-bailarin-en-homenaje-a-jorge-donn\/#primaryimage"},"image":{"@id":"https:\/\/www.noticiasradioreflejos.com.ar\/2021\/pasion-en-movimiento-argentina-celebra-el-dia-del-bailarin-en-homenaje-a-jorge-donn\/#primaryimage"},"thumbnailUrl":"https:\/\/www.noticiasradioreflejos.com.ar\/2021\/wp-content\/uploads\/2026\/03\/donn-bailarin.png","datePublished":"2026-03-09T11:43:03+00:00","author":{"@id":"https:\/\/www.noticiasradioreflejos.com.ar\/2021\/#\/schema\/person\/ad82545263dcc5ec0996818884fd5fb1"},"breadcrumb":{"@id":"https:\/\/www.noticiasradioreflejos.com.ar\/2021\/pasion-en-movimiento-argentina-celebra-el-dia-del-bailarin-en-homenaje-a-jorge-donn\/#breadcrumb"},"inLanguage":"es","potentialAction":[{"@type":"ReadAction","target":["https:\/\/www.noticiasradioreflejos.com.ar\/2021\/pasion-en-movimiento-argentina-celebra-el-dia-del-bailarin-en-homenaje-a-jorge-donn\/"]}]},{"@type":"ImageObject","inLanguage":"es","@id":"https:\/\/www.noticiasradioreflejos.com.ar\/2021\/pasion-en-movimiento-argentina-celebra-el-dia-del-bailarin-en-homenaje-a-jorge-donn\/#primaryimage","url":"https:\/\/www.noticiasradioreflejos.com.ar\/2021\/wp-content\/uploads\/2026\/03\/donn-bailarin.png","contentUrl":"https:\/\/www.noticiasradioreflejos.com.ar\/2021\/wp-content\/uploads\/2026\/03\/donn-bailarin.png","width":1200,"height":675},{"@type":"BreadcrumbList","@id":"https:\/\/www.noticiasradioreflejos.com.ar\/2021\/pasion-en-movimiento-argentina-celebra-el-dia-del-bailarin-en-homenaje-a-jorge-donn\/#breadcrumb","itemListElement":[{"@type":"ListItem","position":1,"name":"Portada","item":"https:\/\/www.noticiasradioreflejos.com.ar\/2021\/"},{"@type":"ListItem","position":2,"name":"Pasi\u00f3n en movimiento: Argentina celebra el D\u00eda del Bailar\u00edn en homenaje a Jorge Donn"}]},{"@type":"WebSite","@id":"https:\/\/www.noticiasradioreflejos.com.ar\/2021\/#website","url":"https:\/\/www.noticiasradioreflejos.com.ar\/2021\/","name":"Noticias Radio Reflejos","description":"Las noticias de mi comarca","potentialAction":[{"@type":"SearchAction","target":{"@type":"EntryPoint","urlTemplate":"https:\/\/www.noticiasradioreflejos.com.ar\/2021\/?s={search_term_string}"},"query-input":{"@type":"PropertyValueSpecification","valueRequired":true,"valueName":"search_term_string"}}],"inLanguage":"es"},{"@type":"Person","@id":"https:\/\/www.noticiasradioreflejos.com.ar\/2021\/#\/schema\/person\/ad82545263dcc5ec0996818884fd5fb1","name":"Arnaldo Botto","image":{"@type":"ImageObject","inLanguage":"es","@id":"https:\/\/www.noticiasradioreflejos.com.ar\/2021\/#\/schema\/person\/image\/","url":"https:\/\/secure.gravatar.com\/avatar\/55cb5e37c1efa326397366e6974cb338056df65cb50e7d64d1cf314e87504837?s=96&d=mm&r=g","contentUrl":"https:\/\/secure.gravatar.com\/avatar\/55cb5e37c1efa326397366e6974cb338056df65cb50e7d64d1cf314e87504837?s=96&d=mm&r=g","caption":"Arnaldo Botto"},"url":"https:\/\/www.noticiasradioreflejos.com.ar\/2021\/author\/arnaldo\/"}]}},"_links":{"self":[{"href":"https:\/\/www.noticiasradioreflejos.com.ar\/2021\/wp-json\/wp\/v2\/posts\/133727","targetHints":{"allow":["GET"]}}],"collection":[{"href":"https:\/\/www.noticiasradioreflejos.com.ar\/2021\/wp-json\/wp\/v2\/posts"}],"about":[{"href":"https:\/\/www.noticiasradioreflejos.com.ar\/2021\/wp-json\/wp\/v2\/types\/post"}],"author":[{"embeddable":true,"href":"https:\/\/www.noticiasradioreflejos.com.ar\/2021\/wp-json\/wp\/v2\/users\/3"}],"replies":[{"embeddable":true,"href":"https:\/\/www.noticiasradioreflejos.com.ar\/2021\/wp-json\/wp\/v2\/comments?post=133727"}],"version-history":[{"count":1,"href":"https:\/\/www.noticiasradioreflejos.com.ar\/2021\/wp-json\/wp\/v2\/posts\/133727\/revisions"}],"predecessor-version":[{"id":133729,"href":"https:\/\/www.noticiasradioreflejos.com.ar\/2021\/wp-json\/wp\/v2\/posts\/133727\/revisions\/133729"}],"wp:featuredmedia":[{"embeddable":true,"href":"https:\/\/www.noticiasradioreflejos.com.ar\/2021\/wp-json\/wp\/v2\/media\/133728"}],"wp:attachment":[{"href":"https:\/\/www.noticiasradioreflejos.com.ar\/2021\/wp-json\/wp\/v2\/media?parent=133727"}],"wp:term":[{"taxonomy":"category","embeddable":true,"href":"https:\/\/www.noticiasradioreflejos.com.ar\/2021\/wp-json\/wp\/v2\/categories?post=133727"},{"taxonomy":"post_tag","embeddable":true,"href":"https:\/\/www.noticiasradioreflejos.com.ar\/2021\/wp-json\/wp\/v2\/tags?post=133727"}],"curies":[{"name":"wp","href":"https:\/\/api.w.org\/{rel}","templated":true}]}}