{"id":133720,"date":"2026-03-09T08:26:58","date_gmt":"2026-03-09T11:26:58","guid":{"rendered":"https:\/\/www.noticiasradioreflejos.com.ar\/2021\/?p=133720"},"modified":"2026-03-09T08:26:58","modified_gmt":"2026-03-09T11:26:58","slug":"dia-mundial-de-la-tortilla-de-papas-por-que-se-celebra-el-9-de-marzo","status":"publish","type":"post","link":"https:\/\/www.noticiasradioreflejos.com.ar\/2021\/dia-mundial-de-la-tortilla-de-papas-por-que-se-celebra-el-9-de-marzo\/","title":{"rendered":"D\u00eda mundial de la tortilla de papas: \u00bfPor qu\u00e9 se celebra el 9 de marzo?"},"content":{"rendered":"<p>La fecha busca homenajear a uno de los platos m\u00e1s populares de la cocina espa\u00f1ola y latinoamericana. Con ingredientes simples \u2014papas, huevos y aceite\u2014 la tortilla se convirti\u00f3 en un s\u00edmbolo gastron\u00f3mico que trascendi\u00f3 fronteras y gener\u00f3 debates sobre su preparaci\u00f3n.<!--more--><br \/>\nCada\u00a0<strong>9 de marzo<\/strong>\u00a0se celebra el\u00a0<strong>D\u00eda mundial de la tortilla de papas<\/strong>, una efem\u00e9ride gastron\u00f3mica dedicada a uno de los platos m\u00e1s emblem\u00e1ticos de la cocina espa\u00f1ola y uno de los m\u00e1s difundidos en\u00a0<strong>Am\u00e9rica Latina<\/strong>, incluida\u00a0<strong>Argentina<\/strong>.<\/p>\n<p class=\"article-text\">La fecha surgi\u00f3 en los \u00faltimos a\u00f1os a partir de iniciativas gastron\u00f3micas y campa\u00f1as en redes sociales que buscaron\u00a0<strong>reivindicar la tortilla espa\u00f1ola como un \u00edcono culinario<\/strong>. Restaurantes, cocineros y aficionados comenzaron a promover el 9 de marzo como jornada para celebrar y compartir distintas versiones de este plato.<\/p>\n<p class=\"article-text\">Aunque no se trata de una conmemoraci\u00f3n oficial establecida por organismos internacionales, el\u00a0<strong>D\u00eda mundial de la tortilla de papas<\/strong>\u00a0fue ganando visibilidad en distintos pa\u00edses gracias a su enorme popularidad.<\/p>\n<h2 class=\"article-text\">Un plato simple que se volvi\u00f3 universal<\/h2>\n<p class=\"article-text\">La\u00a0<strong>tortilla de papas<\/strong>, tambi\u00e9n conocida como\u00a0<strong>tortilla espa\u00f1ola<\/strong>, se prepara tradicionalmente con\u00a0<strong>papas, huevos, aceite de oliva y sal<\/strong>. En muchas variantes se suma\u00a0<strong>cebolla<\/strong>, ingrediente que genera uno de los debates m\u00e1s conocidos entre los amantes del plato.<\/p>\n<p class=\"article-text\">Su origen se remonta a\u00a0<strong>Espa\u00f1a<\/strong>, donde existen varias versiones hist\u00f3ricas sobre su creaci\u00f3n. Una de las m\u00e1s difundidas sit\u00faa su aparici\u00f3n a comienzos del siglo XIX, durante las guerras carlistas, cuando se buscaba una comida\u00a0<strong>econ\u00f3mica, nutritiva y f\u00e1cil de preparar<\/strong>.<\/p>\n<p class=\"article-text\">Otra teor\u00eda sostiene que el plato naci\u00f3 como una forma de aprovechar ingredientes b\u00e1sicos disponibles en zonas rurales, lo que permiti\u00f3 su r\u00e1pida difusi\u00f3n entre distintos sectores sociales.<\/p>\n<p class=\"article-text\">Con el paso del tiempo, la tortilla de papas se transform\u00f3 en\u00a0<strong>un cl\u00e1sico de bares y hogares espa\u00f1oles<\/strong>\u00a0y luego se expandi\u00f3 a otros pa\u00edses, especialmente en Am\u00e9rica Latina, acompa\u00f1ando los procesos migratorios.<\/p>\n<h2 class=\"article-text\">La tortilla en Argentina<\/h2>\n<p class=\"article-text\">En\u00a0<strong>Argentina<\/strong>, la tortilla de papas forma parte del men\u00fa cotidiano de\u00a0<strong>bodegones, bares y casas de comida<\/strong>. Su presencia es habitual tanto como plato principal como acompa\u00f1amiento.<\/p>\n<p class=\"article-text\">A lo largo del tiempo, surgieron m\u00faltiples variantes locales:\u00a0<strong>tortilla alta o jugosa, bien cocida, rellena con jam\u00f3n y queso o con verduras<\/strong>, entre otras opciones.<\/p>\n<p class=\"article-text\">El debate m\u00e1s cl\u00e1sico \u2014<strong>con cebolla o sin cebolla<\/strong>\u2014 tambi\u00e9n se instal\u00f3 entre cocineros y comensales, convirti\u00e9ndose en una discusi\u00f3n gastron\u00f3mica recurrente en redes sociales y programas de cocina.<\/p>\n<p class=\"article-text\">M\u00e1s all\u00e1 de las diferencias en la receta, el plato mantiene su identidad como\u00a0<strong>una comida simple, accesible y profundamente asociada a la tradici\u00f3n culinaria popular<\/strong>.<\/p>\n<div id=\"container-after-news-outlook\"><\/div>\n<h2 class=\"article-text\">Un s\u00edmbolo de la cocina cotidiana<\/h2>\n<p class=\"article-text\">El\u00a0<strong>D\u00eda mundial de la tortilla de papas<\/strong>\u00a0se convirti\u00f3 as\u00ed en una oportunidad para celebrar un plato que, con pocos ingredientes, logr\u00f3 instalarse en mesas de distintos pa\u00edses y generaciones.<\/p>\n<p class=\"article-text\">Su permanencia en el tiempo responde a una f\u00f3rmula simple:\u00a0<strong>ingredientes b\u00e1sicos, preparaci\u00f3n sencilla y una fuerte carga cultural<\/strong>\u00a0que la convirti\u00f3 en uno de los platos m\u00e1s reconocibles de la gastronom\u00eda iberoamericana.<\/p>\n","protected":false},"excerpt":{"rendered":"<p>La fecha busca homenajear a uno de los platos m\u00e1s populares de la cocina espa\u00f1ola y latinoamericana. Con ingredientes simples \u2014papas, huevos y aceite\u2014 la tortilla se convirti\u00f3 en un s\u00edmbolo gastron\u00f3mico que trascendi\u00f3 fronteras y gener\u00f3 debates sobre su preparaci\u00f3n.<\/p>\n","protected":false},"author":3,"featured_media":133721,"comment_status":"closed","ping_status":"closed","sticky":false,"template":"","format":"standard","meta":{"footnotes":""},"categories":[35,33],"tags":[],"class_list":["post-133720","post","type-post","status-publish","format-standard","has-post-thumbnail","hentry","category-cultura","category-turismo"],"yoast_head":"<!-- This site is optimized with the Yoast SEO plugin v25.9 - https:\/\/yoast.com\/wordpress\/plugins\/seo\/ -->\n<title>D\u00eda mundial de la tortilla de papas: \u00bfPor qu\u00e9 se celebra el 9 de marzo? - Noticias Radio Reflejos<\/title>\n<meta name=\"robots\" content=\"index, follow, max-snippet:-1, max-image-preview:large, max-video-preview:-1\" \/>\n<link rel=\"canonical\" href=\"https:\/\/www.noticiasradioreflejos.com.ar\/2021\/dia-mundial-de-la-tortilla-de-papas-por-que-se-celebra-el-9-de-marzo\/\" \/>\n<meta property=\"og:locale\" content=\"es_ES\" \/>\n<meta property=\"og:type\" content=\"article\" \/>\n<meta property=\"og:title\" content=\"D\u00eda mundial de la tortilla de papas: \u00bfPor qu\u00e9 se celebra el 9 de marzo? - Noticias Radio Reflejos\" \/>\n<meta property=\"og:description\" content=\"La fecha busca homenajear a uno de los platos m\u00e1s populares de la cocina espa\u00f1ola y latinoamericana. Con ingredientes simples \u2014papas, huevos y aceite\u2014 la tortilla se convirti\u00f3 en un s\u00edmbolo gastron\u00f3mico que trascendi\u00f3 fronteras y gener\u00f3 debates sobre su preparaci\u00f3n.\" \/>\n<meta property=\"og:url\" content=\"https:\/\/www.noticiasradioreflejos.com.ar\/2021\/dia-mundial-de-la-tortilla-de-papas-por-que-se-celebra-el-9-de-marzo\/\" \/>\n<meta property=\"og:site_name\" content=\"Noticias Radio Reflejos\" \/>\n<meta property=\"article:published_time\" content=\"2026-03-09T11:26:58+00:00\" \/>\n<meta property=\"og:image\" content=\"https:\/\/www.noticiasradioreflejos.com.ar\/2021\/wp-content\/uploads\/2026\/03\/tortilla.webp\" \/>\n\t<meta property=\"og:image:width\" content=\"1200\" \/>\n\t<meta property=\"og:image:height\" content=\"675\" \/>\n\t<meta property=\"og:image:type\" content=\"image\/webp\" \/>\n<meta name=\"author\" content=\"Arnaldo Botto\" \/>\n<meta name=\"twitter:card\" content=\"summary_large_image\" \/>\n<script type=\"application\/ld+json\" class=\"yoast-schema-graph\">{\"@context\":\"https:\/\/schema.org\",\"@graph\":[{\"@type\":\"WebPage\",\"@id\":\"https:\/\/www.noticiasradioreflejos.com.ar\/2021\/dia-mundial-de-la-tortilla-de-papas-por-que-se-celebra-el-9-de-marzo\/\",\"url\":\"https:\/\/www.noticiasradioreflejos.com.ar\/2021\/dia-mundial-de-la-tortilla-de-papas-por-que-se-celebra-el-9-de-marzo\/\",\"name\":\"D\u00eda mundial de la tortilla de papas: \u00bfPor qu\u00e9 se celebra el 9 de marzo? - Noticias Radio Reflejos\",\"isPartOf\":{\"@id\":\"https:\/\/www.noticiasradioreflejos.com.ar\/2021\/#website\"},\"primaryImageOfPage\":{\"@id\":\"https:\/\/www.noticiasradioreflejos.com.ar\/2021\/dia-mundial-de-la-tortilla-de-papas-por-que-se-celebra-el-9-de-marzo\/#primaryimage\"},\"image\":{\"@id\":\"https:\/\/www.noticiasradioreflejos.com.ar\/2021\/dia-mundial-de-la-tortilla-de-papas-por-que-se-celebra-el-9-de-marzo\/#primaryimage\"},\"thumbnailUrl\":\"https:\/\/www.noticiasradioreflejos.com.ar\/2021\/wp-content\/uploads\/2026\/03\/tortilla.webp\",\"datePublished\":\"2026-03-09T11:26:58+00:00\",\"author\":{\"@id\":\"https:\/\/www.noticiasradioreflejos.com.ar\/2021\/#\/schema\/person\/ad82545263dcc5ec0996818884fd5fb1\"},\"breadcrumb\":{\"@id\":\"https:\/\/www.noticiasradioreflejos.com.ar\/2021\/dia-mundial-de-la-tortilla-de-papas-por-que-se-celebra-el-9-de-marzo\/#breadcrumb\"},\"inLanguage\":\"es\",\"potentialAction\":[{\"@type\":\"ReadAction\",\"target\":[\"https:\/\/www.noticiasradioreflejos.com.ar\/2021\/dia-mundial-de-la-tortilla-de-papas-por-que-se-celebra-el-9-de-marzo\/\"]}]},{\"@type\":\"ImageObject\",\"inLanguage\":\"es\",\"@id\":\"https:\/\/www.noticiasradioreflejos.com.ar\/2021\/dia-mundial-de-la-tortilla-de-papas-por-que-se-celebra-el-9-de-marzo\/#primaryimage\",\"url\":\"https:\/\/www.noticiasradioreflejos.com.ar\/2021\/wp-content\/uploads\/2026\/03\/tortilla.webp\",\"contentUrl\":\"https:\/\/www.noticiasradioreflejos.com.ar\/2021\/wp-content\/uploads\/2026\/03\/tortilla.webp\",\"width\":1200,\"height\":675},{\"@type\":\"BreadcrumbList\",\"@id\":\"https:\/\/www.noticiasradioreflejos.com.ar\/2021\/dia-mundial-de-la-tortilla-de-papas-por-que-se-celebra-el-9-de-marzo\/#breadcrumb\",\"itemListElement\":[{\"@type\":\"ListItem\",\"position\":1,\"name\":\"Portada\",\"item\":\"https:\/\/www.noticiasradioreflejos.com.ar\/2021\/\"},{\"@type\":\"ListItem\",\"position\":2,\"name\":\"D\u00eda mundial de la tortilla de papas: \u00bfPor qu\u00e9 se celebra el 9 de marzo?\"}]},{\"@type\":\"WebSite\",\"@id\":\"https:\/\/www.noticiasradioreflejos.com.ar\/2021\/#website\",\"url\":\"https:\/\/www.noticiasradioreflejos.com.ar\/2021\/\",\"name\":\"Noticias Radio Reflejos\",\"description\":\"Las noticias de mi comarca\",\"potentialAction\":[{\"@type\":\"SearchAction\",\"target\":{\"@type\":\"EntryPoint\",\"urlTemplate\":\"https:\/\/www.noticiasradioreflejos.com.ar\/2021\/?s={search_term_string}\"},\"query-input\":{\"@type\":\"PropertyValueSpecification\",\"valueRequired\":true,\"valueName\":\"search_term_string\"}}],\"inLanguage\":\"es\"},{\"@type\":\"Person\",\"@id\":\"https:\/\/www.noticiasradioreflejos.com.ar\/2021\/#\/schema\/person\/ad82545263dcc5ec0996818884fd5fb1\",\"name\":\"Arnaldo Botto\",\"image\":{\"@type\":\"ImageObject\",\"inLanguage\":\"es\",\"@id\":\"https:\/\/www.noticiasradioreflejos.com.ar\/2021\/#\/schema\/person\/image\/\",\"url\":\"https:\/\/secure.gravatar.com\/avatar\/55cb5e37c1efa326397366e6974cb338056df65cb50e7d64d1cf314e87504837?s=96&d=mm&r=g\",\"contentUrl\":\"https:\/\/secure.gravatar.com\/avatar\/55cb5e37c1efa326397366e6974cb338056df65cb50e7d64d1cf314e87504837?s=96&d=mm&r=g\",\"caption\":\"Arnaldo Botto\"},\"url\":\"https:\/\/www.noticiasradioreflejos.com.ar\/2021\/author\/arnaldo\/\"}]}<\/script>\n<!-- \/ Yoast SEO plugin. -->","yoast_head_json":{"title":"D\u00eda mundial de la tortilla de papas: \u00bfPor qu\u00e9 se celebra el 9 de marzo? - Noticias Radio Reflejos","robots":{"index":"index","follow":"follow","max-snippet":"max-snippet:-1","max-image-preview":"max-image-preview:large","max-video-preview":"max-video-preview:-1"},"canonical":"https:\/\/www.noticiasradioreflejos.com.ar\/2021\/dia-mundial-de-la-tortilla-de-papas-por-que-se-celebra-el-9-de-marzo\/","og_locale":"es_ES","og_type":"article","og_title":"D\u00eda mundial de la tortilla de papas: \u00bfPor qu\u00e9 se celebra el 9 de marzo? - Noticias Radio Reflejos","og_description":"La fecha busca homenajear a uno de los platos m\u00e1s populares de la cocina espa\u00f1ola y latinoamericana. Con ingredientes simples \u2014papas, huevos y aceite\u2014 la tortilla se convirti\u00f3 en un s\u00edmbolo gastron\u00f3mico que trascendi\u00f3 fronteras y gener\u00f3 debates sobre su preparaci\u00f3n.","og_url":"https:\/\/www.noticiasradioreflejos.com.ar\/2021\/dia-mundial-de-la-tortilla-de-papas-por-que-se-celebra-el-9-de-marzo\/","og_site_name":"Noticias Radio Reflejos","article_published_time":"2026-03-09T11:26:58+00:00","og_image":[{"width":1200,"height":675,"url":"https:\/\/www.noticiasradioreflejos.com.ar\/2021\/wp-content\/uploads\/2026\/03\/tortilla.webp","type":"image\/webp"}],"author":"Arnaldo Botto","twitter_card":"summary_large_image","schema":{"@context":"https:\/\/schema.org","@graph":[{"@type":"WebPage","@id":"https:\/\/www.noticiasradioreflejos.com.ar\/2021\/dia-mundial-de-la-tortilla-de-papas-por-que-se-celebra-el-9-de-marzo\/","url":"https:\/\/www.noticiasradioreflejos.com.ar\/2021\/dia-mundial-de-la-tortilla-de-papas-por-que-se-celebra-el-9-de-marzo\/","name":"D\u00eda mundial de la tortilla de papas: \u00bfPor qu\u00e9 se celebra el 9 de marzo? - Noticias Radio Reflejos","isPartOf":{"@id":"https:\/\/www.noticiasradioreflejos.com.ar\/2021\/#website"},"primaryImageOfPage":{"@id":"https:\/\/www.noticiasradioreflejos.com.ar\/2021\/dia-mundial-de-la-tortilla-de-papas-por-que-se-celebra-el-9-de-marzo\/#primaryimage"},"image":{"@id":"https:\/\/www.noticiasradioreflejos.com.ar\/2021\/dia-mundial-de-la-tortilla-de-papas-por-que-se-celebra-el-9-de-marzo\/#primaryimage"},"thumbnailUrl":"https:\/\/www.noticiasradioreflejos.com.ar\/2021\/wp-content\/uploads\/2026\/03\/tortilla.webp","datePublished":"2026-03-09T11:26:58+00:00","author":{"@id":"https:\/\/www.noticiasradioreflejos.com.ar\/2021\/#\/schema\/person\/ad82545263dcc5ec0996818884fd5fb1"},"breadcrumb":{"@id":"https:\/\/www.noticiasradioreflejos.com.ar\/2021\/dia-mundial-de-la-tortilla-de-papas-por-que-se-celebra-el-9-de-marzo\/#breadcrumb"},"inLanguage":"es","potentialAction":[{"@type":"ReadAction","target":["https:\/\/www.noticiasradioreflejos.com.ar\/2021\/dia-mundial-de-la-tortilla-de-papas-por-que-se-celebra-el-9-de-marzo\/"]}]},{"@type":"ImageObject","inLanguage":"es","@id":"https:\/\/www.noticiasradioreflejos.com.ar\/2021\/dia-mundial-de-la-tortilla-de-papas-por-que-se-celebra-el-9-de-marzo\/#primaryimage","url":"https:\/\/www.noticiasradioreflejos.com.ar\/2021\/wp-content\/uploads\/2026\/03\/tortilla.webp","contentUrl":"https:\/\/www.noticiasradioreflejos.com.ar\/2021\/wp-content\/uploads\/2026\/03\/tortilla.webp","width":1200,"height":675},{"@type":"BreadcrumbList","@id":"https:\/\/www.noticiasradioreflejos.com.ar\/2021\/dia-mundial-de-la-tortilla-de-papas-por-que-se-celebra-el-9-de-marzo\/#breadcrumb","itemListElement":[{"@type":"ListItem","position":1,"name":"Portada","item":"https:\/\/www.noticiasradioreflejos.com.ar\/2021\/"},{"@type":"ListItem","position":2,"name":"D\u00eda mundial de la tortilla de papas: \u00bfPor qu\u00e9 se celebra el 9 de marzo?"}]},{"@type":"WebSite","@id":"https:\/\/www.noticiasradioreflejos.com.ar\/2021\/#website","url":"https:\/\/www.noticiasradioreflejos.com.ar\/2021\/","name":"Noticias Radio Reflejos","description":"Las noticias de mi comarca","potentialAction":[{"@type":"SearchAction","target":{"@type":"EntryPoint","urlTemplate":"https:\/\/www.noticiasradioreflejos.com.ar\/2021\/?s={search_term_string}"},"query-input":{"@type":"PropertyValueSpecification","valueRequired":true,"valueName":"search_term_string"}}],"inLanguage":"es"},{"@type":"Person","@id":"https:\/\/www.noticiasradioreflejos.com.ar\/2021\/#\/schema\/person\/ad82545263dcc5ec0996818884fd5fb1","name":"Arnaldo Botto","image":{"@type":"ImageObject","inLanguage":"es","@id":"https:\/\/www.noticiasradioreflejos.com.ar\/2021\/#\/schema\/person\/image\/","url":"https:\/\/secure.gravatar.com\/avatar\/55cb5e37c1efa326397366e6974cb338056df65cb50e7d64d1cf314e87504837?s=96&d=mm&r=g","contentUrl":"https:\/\/secure.gravatar.com\/avatar\/55cb5e37c1efa326397366e6974cb338056df65cb50e7d64d1cf314e87504837?s=96&d=mm&r=g","caption":"Arnaldo Botto"},"url":"https:\/\/www.noticiasradioreflejos.com.ar\/2021\/author\/arnaldo\/"}]}},"_links":{"self":[{"href":"https:\/\/www.noticiasradioreflejos.com.ar\/2021\/wp-json\/wp\/v2\/posts\/133720","targetHints":{"allow":["GET"]}}],"collection":[{"href":"https:\/\/www.noticiasradioreflejos.com.ar\/2021\/wp-json\/wp\/v2\/posts"}],"about":[{"href":"https:\/\/www.noticiasradioreflejos.com.ar\/2021\/wp-json\/wp\/v2\/types\/post"}],"author":[{"embeddable":true,"href":"https:\/\/www.noticiasradioreflejos.com.ar\/2021\/wp-json\/wp\/v2\/users\/3"}],"replies":[{"embeddable":true,"href":"https:\/\/www.noticiasradioreflejos.com.ar\/2021\/wp-json\/wp\/v2\/comments?post=133720"}],"version-history":[{"count":1,"href":"https:\/\/www.noticiasradioreflejos.com.ar\/2021\/wp-json\/wp\/v2\/posts\/133720\/revisions"}],"predecessor-version":[{"id":133722,"href":"https:\/\/www.noticiasradioreflejos.com.ar\/2021\/wp-json\/wp\/v2\/posts\/133720\/revisions\/133722"}],"wp:featuredmedia":[{"embeddable":true,"href":"https:\/\/www.noticiasradioreflejos.com.ar\/2021\/wp-json\/wp\/v2\/media\/133721"}],"wp:attachment":[{"href":"https:\/\/www.noticiasradioreflejos.com.ar\/2021\/wp-json\/wp\/v2\/media?parent=133720"}],"wp:term":[{"taxonomy":"category","embeddable":true,"href":"https:\/\/www.noticiasradioreflejos.com.ar\/2021\/wp-json\/wp\/v2\/categories?post=133720"},{"taxonomy":"post_tag","embeddable":true,"href":"https:\/\/www.noticiasradioreflejos.com.ar\/2021\/wp-json\/wp\/v2\/tags?post=133720"}],"curies":[{"name":"wp","href":"https:\/\/api.w.org\/{rel}","templated":true}]}}