{"id":133717,"date":"2026-03-08T19:51:18","date_gmt":"2026-03-08T22:51:18","guid":{"rendered":"https:\/\/www.noticiasradioreflejos.com.ar\/2021\/?p=133717"},"modified":"2026-03-08T19:51:18","modified_gmt":"2026-03-08T22:51:18","slug":"alerta-meteorologica-lunes-de-tormentas-fuertes-rafagas-y-ocasional-caida-de-granizo-en-la-comarca-y-el-pais","status":"publish","type":"post","link":"https:\/\/www.noticiasradioreflejos.com.ar\/2021\/alerta-meteorologica-lunes-de-tormentas-fuertes-rafagas-y-ocasional-caida-de-granizo-en-la-comarca-y-el-pais\/","title":{"rendered":"Alerta Meteorol\u00f3gica: Lunes de tormentas fuertes, r\u00e1fagas y ocasional ca\u00edda de granizo en la Comarca y el pa\u00eds"},"content":{"rendered":"<p>El Servicio Meteorol\u00f3gico Nacional emiti\u00f3 un aviso de nivel amarillo que alcanza a once provincias y al sudoeste bonaerense para este 9 de marzo. En Sierra de la Ventana, se espera una jornada de cielo cubierto con vientos intensos del norte y el inicio de precipitaciones a partir del mediod\u00eda, intensific\u00e1ndose los fen\u00f3menos hacia la tarde-noche con r\u00e1fagas que podr\u00edan superar los 60 km\/h.<!--more--><\/p>\n<p data-path-to-node=\"3\">El inicio de la semana laboral estar\u00e1 marcado por una fuerte inestabilidad clim\u00e1tica en gran parte del territorio nacional. Seg\u00fan el \u00faltimo informe del Servicio Meteorol\u00f3gico Nacional, se han emitido alertas por tormentas de variada intensidad que afectar\u00e1n desde la madrugada a provincias como Corrientes, Misiones, Chaco, Formosa, Santiago del Estero, Tucum\u00e1n, Salta, Jujuy, R\u00edo Negro, Tierra del Fuego y el sur de La Pampa.<\/p>\n<h3 data-path-to-node=\"4\"><b data-path-to-node=\"4\" data-index-in-node=\"0\">Pron\u00f3stico detallado para la Comarca<\/b><\/h3>\n<p data-path-to-node=\"5\">En lo que respecta a nuestra regi\u00f3n, el Valle del Sauce Grande y los distritos vecinos sentir\u00e1n el impacto del frente de tormenta de manera progresiva. Para Sierra de la Ventana se anticipa una jornada con temperaturas que oscilar\u00e1n entre los 13\u00b0 y los 20\u00b0 grados.<\/p>\n<p data-path-to-node=\"6\">Durante gran parte del d\u00eda, el cielo permanecer\u00e1 totalmente cubierto y se registrar\u00e1n vientos moderados a fuertes provenientes del sector norte, los cuales comenzar\u00e1n a calmar reci\u00e9n hacia el final de la noche. El reporte indica que la inestabilidad llegar\u00e1 a nuestra zona a partir del mediod\u00eda, previ\u00e9ndose que el n\u00facleo de mayor intensidad de la tormenta se desarrolle entre las 17:00 y las 21:00 horas.<\/p>\n<h3 data-path-to-node=\"7\"><b data-path-to-node=\"7\" data-index-in-node=\"0\">Riesgos y recomendaciones<\/b><\/h3>\n<p data-path-to-node=\"8\">El organismo oficial advierte que las tormentas podr\u00edan estar acompa\u00f1adas por abundante ca\u00edda de agua en cortos per\u00edodos (con acumulados de entre 30 y 60 mm), actividad el\u00e9ctrica frecuente y la posibilidad de ca\u00edda de granizo. Ante este escenario, se recomienda a la poblaci\u00f3n:<\/p>\n<ul data-path-to-node=\"9\">\n<li>\n<p data-path-to-node=\"9,0,0\"><b data-path-to-node=\"9,0,0\" data-index-in-node=\"0\">Asegurar objetos:<\/b> Retirar o sujetar elementos que puedan ser arrastrados por las r\u00e1fagas de viento.<\/p>\n<\/li>\n<li>\n<p data-path-to-node=\"9,1,0\"><b data-path-to-node=\"9,1,0\" data-index-in-node=\"0\">Limpieza de desag\u00fces:<\/b> Revisar canaletas y sumideros para evitar anegamientos.<\/p>\n<\/li>\n<li>\n<p data-path-to-node=\"9,2,0\"><b data-path-to-node=\"9,2,0\" data-index-in-node=\"0\">Seguridad el\u00e9ctrica:<\/b> Desconectar electrodom\u00e9sticos en caso de actividad el\u00e9ctrica intensa.<\/p>\n<\/li>\n<li>\n<p data-path-to-node=\"9,3,0\"><b data-path-to-node=\"9,3,0\" data-index-in-node=\"0\">Precauci\u00f3n al circular:<\/b> Evitar traslados innecesarios durante las horas de mayor intensidad de la tormenta, especialmente en rutas de la regi\u00f3n.<\/p>\n<\/li>\n<\/ul>\n<p data-path-to-node=\"10\">Las condiciones clim\u00e1ticas comenzar\u00e1n a mejorar paulatinamente hacia la madrugada del martes, aunque se mantiene el monitoreo constante ante posibles actualizaciones de los avisos de corto plazo.<\/p>\n","protected":false},"excerpt":{"rendered":"<p>El Servicio Meteorol\u00f3gico Nacional emiti\u00f3 un aviso de nivel amarillo que alcanza a once provincias y al sudoeste bonaerense para este 9 de marzo. En Sierra de la Ventana, se espera una jornada de cielo cubierto con vientos intensos del norte y el inicio de precipitaciones a partir del mediod\u00eda, intensific\u00e1ndose los fen\u00f3menos hacia la [&hellip;]<\/p>\n","protected":false},"author":3,"featured_media":133718,"comment_status":"closed","ping_status":"closed","sticky":false,"template":"","format":"standard","meta":{"footnotes":""},"categories":[46],"tags":[48],"class_list":["post-133717","post","type-post","status-publish","format-standard","has-post-thumbnail","hentry","category-ciencia-y-tecnologia","tag-destacada"],"yoast_head":"<!-- This site is optimized with the Yoast SEO plugin v25.9 - https:\/\/yoast.com\/wordpress\/plugins\/seo\/ -->\n<title>Alerta Meteorol\u00f3gica: Lunes de tormentas fuertes, r\u00e1fagas y ocasional ca\u00edda de granizo en la Comarca y el pa\u00eds - Noticias Radio Reflejos<\/title>\n<meta name=\"robots\" content=\"index, follow, max-snippet:-1, max-image-preview:large, max-video-preview:-1\" \/>\n<link rel=\"canonical\" href=\"https:\/\/www.noticiasradioreflejos.com.ar\/2021\/alerta-meteorologica-lunes-de-tormentas-fuertes-rafagas-y-ocasional-caida-de-granizo-en-la-comarca-y-el-pais\/\" \/>\n<meta property=\"og:locale\" content=\"es_ES\" \/>\n<meta property=\"og:type\" content=\"article\" \/>\n<meta property=\"og:title\" content=\"Alerta Meteorol\u00f3gica: Lunes de tormentas fuertes, r\u00e1fagas y ocasional ca\u00edda de granizo en la Comarca y el pa\u00eds - Noticias Radio Reflejos\" \/>\n<meta property=\"og:description\" content=\"El Servicio Meteorol\u00f3gico Nacional emiti\u00f3 un aviso de nivel amarillo que alcanza a once provincias y al sudoeste bonaerense para este 9 de marzo. En Sierra de la Ventana, se espera una jornada de cielo cubierto con vientos intensos del norte y el inicio de precipitaciones a partir del mediod\u00eda, intensific\u00e1ndose los fen\u00f3menos hacia la [&hellip;]\" \/>\n<meta property=\"og:url\" content=\"https:\/\/www.noticiasradioreflejos.com.ar\/2021\/alerta-meteorologica-lunes-de-tormentas-fuertes-rafagas-y-ocasional-caida-de-granizo-en-la-comarca-y-el-pais\/\" \/>\n<meta property=\"og:site_name\" content=\"Noticias Radio Reflejos\" \/>\n<meta property=\"article:published_time\" content=\"2026-03-08T22:51:18+00:00\" \/>\n<meta property=\"og:image\" content=\"https:\/\/www.noticiasradioreflejos.com.ar\/2021\/wp-content\/uploads\/2026\/03\/alerta-meteorologico.jpg\" \/>\n\t<meta property=\"og:image:width\" content=\"1376\" \/>\n\t<meta property=\"og:image:height\" content=\"768\" \/>\n\t<meta property=\"og:image:type\" content=\"image\/jpeg\" \/>\n<meta name=\"author\" content=\"Arnaldo Botto\" \/>\n<meta name=\"twitter:card\" content=\"summary_large_image\" \/>\n<script type=\"application\/ld+json\" class=\"yoast-schema-graph\">{\"@context\":\"https:\/\/schema.org\",\"@graph\":[{\"@type\":\"WebPage\",\"@id\":\"https:\/\/www.noticiasradioreflejos.com.ar\/2021\/alerta-meteorologica-lunes-de-tormentas-fuertes-rafagas-y-ocasional-caida-de-granizo-en-la-comarca-y-el-pais\/\",\"url\":\"https:\/\/www.noticiasradioreflejos.com.ar\/2021\/alerta-meteorologica-lunes-de-tormentas-fuertes-rafagas-y-ocasional-caida-de-granizo-en-la-comarca-y-el-pais\/\",\"name\":\"Alerta Meteorol\u00f3gica: Lunes de tormentas fuertes, r\u00e1fagas y ocasional ca\u00edda de granizo en la Comarca y el pa\u00eds - Noticias Radio Reflejos\",\"isPartOf\":{\"@id\":\"https:\/\/www.noticiasradioreflejos.com.ar\/2021\/#website\"},\"primaryImageOfPage\":{\"@id\":\"https:\/\/www.noticiasradioreflejos.com.ar\/2021\/alerta-meteorologica-lunes-de-tormentas-fuertes-rafagas-y-ocasional-caida-de-granizo-en-la-comarca-y-el-pais\/#primaryimage\"},\"image\":{\"@id\":\"https:\/\/www.noticiasradioreflejos.com.ar\/2021\/alerta-meteorologica-lunes-de-tormentas-fuertes-rafagas-y-ocasional-caida-de-granizo-en-la-comarca-y-el-pais\/#primaryimage\"},\"thumbnailUrl\":\"https:\/\/www.noticiasradioreflejos.com.ar\/2021\/wp-content\/uploads\/2026\/03\/alerta-meteorologico.jpg\",\"datePublished\":\"2026-03-08T22:51:18+00:00\",\"author\":{\"@id\":\"https:\/\/www.noticiasradioreflejos.com.ar\/2021\/#\/schema\/person\/ad82545263dcc5ec0996818884fd5fb1\"},\"breadcrumb\":{\"@id\":\"https:\/\/www.noticiasradioreflejos.com.ar\/2021\/alerta-meteorologica-lunes-de-tormentas-fuertes-rafagas-y-ocasional-caida-de-granizo-en-la-comarca-y-el-pais\/#breadcrumb\"},\"inLanguage\":\"es\",\"potentialAction\":[{\"@type\":\"ReadAction\",\"target\":[\"https:\/\/www.noticiasradioreflejos.com.ar\/2021\/alerta-meteorologica-lunes-de-tormentas-fuertes-rafagas-y-ocasional-caida-de-granizo-en-la-comarca-y-el-pais\/\"]}]},{\"@type\":\"ImageObject\",\"inLanguage\":\"es\",\"@id\":\"https:\/\/www.noticiasradioreflejos.com.ar\/2021\/alerta-meteorologica-lunes-de-tormentas-fuertes-rafagas-y-ocasional-caida-de-granizo-en-la-comarca-y-el-pais\/#primaryimage\",\"url\":\"https:\/\/www.noticiasradioreflejos.com.ar\/2021\/wp-content\/uploads\/2026\/03\/alerta-meteorologico.jpg\",\"contentUrl\":\"https:\/\/www.noticiasradioreflejos.com.ar\/2021\/wp-content\/uploads\/2026\/03\/alerta-meteorologico.jpg\",\"width\":1376,\"height\":768},{\"@type\":\"BreadcrumbList\",\"@id\":\"https:\/\/www.noticiasradioreflejos.com.ar\/2021\/alerta-meteorologica-lunes-de-tormentas-fuertes-rafagas-y-ocasional-caida-de-granizo-en-la-comarca-y-el-pais\/#breadcrumb\",\"itemListElement\":[{\"@type\":\"ListItem\",\"position\":1,\"name\":\"Portada\",\"item\":\"https:\/\/www.noticiasradioreflejos.com.ar\/2021\/\"},{\"@type\":\"ListItem\",\"position\":2,\"name\":\"Alerta Meteorol\u00f3gica: Lunes de tormentas fuertes, r\u00e1fagas y ocasional ca\u00edda de granizo en la Comarca y el pa\u00eds\"}]},{\"@type\":\"WebSite\",\"@id\":\"https:\/\/www.noticiasradioreflejos.com.ar\/2021\/#website\",\"url\":\"https:\/\/www.noticiasradioreflejos.com.ar\/2021\/\",\"name\":\"Noticias Radio Reflejos\",\"description\":\"Las noticias de mi comarca\",\"potentialAction\":[{\"@type\":\"SearchAction\",\"target\":{\"@type\":\"EntryPoint\",\"urlTemplate\":\"https:\/\/www.noticiasradioreflejos.com.ar\/2021\/?s={search_term_string}\"},\"query-input\":{\"@type\":\"PropertyValueSpecification\",\"valueRequired\":true,\"valueName\":\"search_term_string\"}}],\"inLanguage\":\"es\"},{\"@type\":\"Person\",\"@id\":\"https:\/\/www.noticiasradioreflejos.com.ar\/2021\/#\/schema\/person\/ad82545263dcc5ec0996818884fd5fb1\",\"name\":\"Arnaldo Botto\",\"image\":{\"@type\":\"ImageObject\",\"inLanguage\":\"es\",\"@id\":\"https:\/\/www.noticiasradioreflejos.com.ar\/2021\/#\/schema\/person\/image\/\",\"url\":\"https:\/\/secure.gravatar.com\/avatar\/55cb5e37c1efa326397366e6974cb338056df65cb50e7d64d1cf314e87504837?s=96&d=mm&r=g\",\"contentUrl\":\"https:\/\/secure.gravatar.com\/avatar\/55cb5e37c1efa326397366e6974cb338056df65cb50e7d64d1cf314e87504837?s=96&d=mm&r=g\",\"caption\":\"Arnaldo Botto\"},\"url\":\"https:\/\/www.noticiasradioreflejos.com.ar\/2021\/author\/arnaldo\/\"}]}<\/script>\n<!-- \/ Yoast SEO plugin. -->","yoast_head_json":{"title":"Alerta Meteorol\u00f3gica: Lunes de tormentas fuertes, r\u00e1fagas y ocasional ca\u00edda de granizo en la Comarca y el pa\u00eds - Noticias Radio Reflejos","robots":{"index":"index","follow":"follow","max-snippet":"max-snippet:-1","max-image-preview":"max-image-preview:large","max-video-preview":"max-video-preview:-1"},"canonical":"https:\/\/www.noticiasradioreflejos.com.ar\/2021\/alerta-meteorologica-lunes-de-tormentas-fuertes-rafagas-y-ocasional-caida-de-granizo-en-la-comarca-y-el-pais\/","og_locale":"es_ES","og_type":"article","og_title":"Alerta Meteorol\u00f3gica: Lunes de tormentas fuertes, r\u00e1fagas y ocasional ca\u00edda de granizo en la Comarca y el pa\u00eds - Noticias Radio Reflejos","og_description":"El Servicio Meteorol\u00f3gico Nacional emiti\u00f3 un aviso de nivel amarillo que alcanza a once provincias y al sudoeste bonaerense para este 9 de marzo. En Sierra de la Ventana, se espera una jornada de cielo cubierto con vientos intensos del norte y el inicio de precipitaciones a partir del mediod\u00eda, intensific\u00e1ndose los fen\u00f3menos hacia la [&hellip;]","og_url":"https:\/\/www.noticiasradioreflejos.com.ar\/2021\/alerta-meteorologica-lunes-de-tormentas-fuertes-rafagas-y-ocasional-caida-de-granizo-en-la-comarca-y-el-pais\/","og_site_name":"Noticias Radio Reflejos","article_published_time":"2026-03-08T22:51:18+00:00","og_image":[{"width":1376,"height":768,"url":"https:\/\/www.noticiasradioreflejos.com.ar\/2021\/wp-content\/uploads\/2026\/03\/alerta-meteorologico.jpg","type":"image\/jpeg"}],"author":"Arnaldo Botto","twitter_card":"summary_large_image","schema":{"@context":"https:\/\/schema.org","@graph":[{"@type":"WebPage","@id":"https:\/\/www.noticiasradioreflejos.com.ar\/2021\/alerta-meteorologica-lunes-de-tormentas-fuertes-rafagas-y-ocasional-caida-de-granizo-en-la-comarca-y-el-pais\/","url":"https:\/\/www.noticiasradioreflejos.com.ar\/2021\/alerta-meteorologica-lunes-de-tormentas-fuertes-rafagas-y-ocasional-caida-de-granizo-en-la-comarca-y-el-pais\/","name":"Alerta Meteorol\u00f3gica: Lunes de tormentas fuertes, r\u00e1fagas y ocasional ca\u00edda de granizo en la Comarca y el pa\u00eds - Noticias Radio Reflejos","isPartOf":{"@id":"https:\/\/www.noticiasradioreflejos.com.ar\/2021\/#website"},"primaryImageOfPage":{"@id":"https:\/\/www.noticiasradioreflejos.com.ar\/2021\/alerta-meteorologica-lunes-de-tormentas-fuertes-rafagas-y-ocasional-caida-de-granizo-en-la-comarca-y-el-pais\/#primaryimage"},"image":{"@id":"https:\/\/www.noticiasradioreflejos.com.ar\/2021\/alerta-meteorologica-lunes-de-tormentas-fuertes-rafagas-y-ocasional-caida-de-granizo-en-la-comarca-y-el-pais\/#primaryimage"},"thumbnailUrl":"https:\/\/www.noticiasradioreflejos.com.ar\/2021\/wp-content\/uploads\/2026\/03\/alerta-meteorologico.jpg","datePublished":"2026-03-08T22:51:18+00:00","author":{"@id":"https:\/\/www.noticiasradioreflejos.com.ar\/2021\/#\/schema\/person\/ad82545263dcc5ec0996818884fd5fb1"},"breadcrumb":{"@id":"https:\/\/www.noticiasradioreflejos.com.ar\/2021\/alerta-meteorologica-lunes-de-tormentas-fuertes-rafagas-y-ocasional-caida-de-granizo-en-la-comarca-y-el-pais\/#breadcrumb"},"inLanguage":"es","potentialAction":[{"@type":"ReadAction","target":["https:\/\/www.noticiasradioreflejos.com.ar\/2021\/alerta-meteorologica-lunes-de-tormentas-fuertes-rafagas-y-ocasional-caida-de-granizo-en-la-comarca-y-el-pais\/"]}]},{"@type":"ImageObject","inLanguage":"es","@id":"https:\/\/www.noticiasradioreflejos.com.ar\/2021\/alerta-meteorologica-lunes-de-tormentas-fuertes-rafagas-y-ocasional-caida-de-granizo-en-la-comarca-y-el-pais\/#primaryimage","url":"https:\/\/www.noticiasradioreflejos.com.ar\/2021\/wp-content\/uploads\/2026\/03\/alerta-meteorologico.jpg","contentUrl":"https:\/\/www.noticiasradioreflejos.com.ar\/2021\/wp-content\/uploads\/2026\/03\/alerta-meteorologico.jpg","width":1376,"height":768},{"@type":"BreadcrumbList","@id":"https:\/\/www.noticiasradioreflejos.com.ar\/2021\/alerta-meteorologica-lunes-de-tormentas-fuertes-rafagas-y-ocasional-caida-de-granizo-en-la-comarca-y-el-pais\/#breadcrumb","itemListElement":[{"@type":"ListItem","position":1,"name":"Portada","item":"https:\/\/www.noticiasradioreflejos.com.ar\/2021\/"},{"@type":"ListItem","position":2,"name":"Alerta Meteorol\u00f3gica: Lunes de tormentas fuertes, r\u00e1fagas y ocasional ca\u00edda de granizo en la Comarca y el pa\u00eds"}]},{"@type":"WebSite","@id":"https:\/\/www.noticiasradioreflejos.com.ar\/2021\/#website","url":"https:\/\/www.noticiasradioreflejos.com.ar\/2021\/","name":"Noticias Radio Reflejos","description":"Las noticias de mi comarca","potentialAction":[{"@type":"SearchAction","target":{"@type":"EntryPoint","urlTemplate":"https:\/\/www.noticiasradioreflejos.com.ar\/2021\/?s={search_term_string}"},"query-input":{"@type":"PropertyValueSpecification","valueRequired":true,"valueName":"search_term_string"}}],"inLanguage":"es"},{"@type":"Person","@id":"https:\/\/www.noticiasradioreflejos.com.ar\/2021\/#\/schema\/person\/ad82545263dcc5ec0996818884fd5fb1","name":"Arnaldo Botto","image":{"@type":"ImageObject","inLanguage":"es","@id":"https:\/\/www.noticiasradioreflejos.com.ar\/2021\/#\/schema\/person\/image\/","url":"https:\/\/secure.gravatar.com\/avatar\/55cb5e37c1efa326397366e6974cb338056df65cb50e7d64d1cf314e87504837?s=96&d=mm&r=g","contentUrl":"https:\/\/secure.gravatar.com\/avatar\/55cb5e37c1efa326397366e6974cb338056df65cb50e7d64d1cf314e87504837?s=96&d=mm&r=g","caption":"Arnaldo Botto"},"url":"https:\/\/www.noticiasradioreflejos.com.ar\/2021\/author\/arnaldo\/"}]}},"_links":{"self":[{"href":"https:\/\/www.noticiasradioreflejos.com.ar\/2021\/wp-json\/wp\/v2\/posts\/133717","targetHints":{"allow":["GET"]}}],"collection":[{"href":"https:\/\/www.noticiasradioreflejos.com.ar\/2021\/wp-json\/wp\/v2\/posts"}],"about":[{"href":"https:\/\/www.noticiasradioreflejos.com.ar\/2021\/wp-json\/wp\/v2\/types\/post"}],"author":[{"embeddable":true,"href":"https:\/\/www.noticiasradioreflejos.com.ar\/2021\/wp-json\/wp\/v2\/users\/3"}],"replies":[{"embeddable":true,"href":"https:\/\/www.noticiasradioreflejos.com.ar\/2021\/wp-json\/wp\/v2\/comments?post=133717"}],"version-history":[{"count":1,"href":"https:\/\/www.noticiasradioreflejos.com.ar\/2021\/wp-json\/wp\/v2\/posts\/133717\/revisions"}],"predecessor-version":[{"id":133719,"href":"https:\/\/www.noticiasradioreflejos.com.ar\/2021\/wp-json\/wp\/v2\/posts\/133717\/revisions\/133719"}],"wp:featuredmedia":[{"embeddable":true,"href":"https:\/\/www.noticiasradioreflejos.com.ar\/2021\/wp-json\/wp\/v2\/media\/133718"}],"wp:attachment":[{"href":"https:\/\/www.noticiasradioreflejos.com.ar\/2021\/wp-json\/wp\/v2\/media?parent=133717"}],"wp:term":[{"taxonomy":"category","embeddable":true,"href":"https:\/\/www.noticiasradioreflejos.com.ar\/2021\/wp-json\/wp\/v2\/categories?post=133717"},{"taxonomy":"post_tag","embeddable":true,"href":"https:\/\/www.noticiasradioreflejos.com.ar\/2021\/wp-json\/wp\/v2\/tags?post=133717"}],"curies":[{"name":"wp","href":"https:\/\/api.w.org\/{rel}","templated":true}]}}