{"id":133714,"date":"2026-03-08T19:15:08","date_gmt":"2026-03-08T22:15:08","guid":{"rendered":"https:\/\/www.noticiasradioreflejos.com.ar\/2021\/?p=133714"},"modified":"2026-03-08T19:15:08","modified_gmt":"2026-03-08T22:15:08","slug":"el-destino-los-trajo-de-vuelta-de-su-luna-de-miel-en-el-motel-maiten-a-ganar-la-cena-de-la-rusa-lili","status":"publish","type":"post","link":"https:\/\/www.noticiasradioreflejos.com.ar\/2021\/el-destino-los-trajo-de-vuelta-de-su-luna-de-miel-en-el-motel-maiten-a-ganar-la-cena-de-la-rusa-lili\/","title":{"rendered":"El destino los trajo de vuelta: de su Luna de Miel en el \u00abMotel Mait\u00e9n\u00bb a ganar la cena de \u00abLa Rusa Lili\u00bb"},"content":{"rendered":"<p data-path-to-node=\"3\"><b data-path-to-node=\"3\" data-index-in-node=\"0\">Hay historias que parecen escritas de antemano. Patricia M\u00f3nica Mart\u00ednez y Fabio Orlando Matarazzo\u00a0 eligieron nuestra Comarca Serrana para su luna de miel hace 38 a\u00f1os. En aquel entonces, el emblem\u00e1tico \u00abMotel Mait\u00e9n\u00bb fue su nido de amor.<\/b><!--more--><\/p>\n<p data-path-to-node=\"4\">Este viernes, en una visita de celebraci\u00f3n a Sierra de la Ventana, la magia volvi\u00f3 a suceder: resultaron los ganadores de la cena para dos personas que sorteamos en<strong><a href=\"https:\/\/www.noticiasradioreflejos.com.ar\/2021\/radio-en-vivo\/\"> FM Reflejos<\/a><\/strong> para la gran apertura del<strong> Rest\u00f3 Maiten<\/strong> de <b data-path-to-node=\"4\" data-index-in-node=\"177\">Liliana \u00abLa Rusa\u00bb Resch<\/b>, quien hoy lleva adelante la cocina en ese mismo lugar que los cobij\u00f3 hace casi cuatro d\u00e9cadas.<\/p>\n<p data-path-to-node=\"5\">Con la alegr\u00eda de los a\u00f1os compartidos y la emoci\u00f3n de volver a pisar el lugar de sus recuerdos, Fabio y Patricia disfrutaron de una noche inolvidable. \u00abLa Rusa\u00bb los recibi\u00f3 con los brazos abiertos para compartir este momento m\u00e1gico que une el pasado con el presente.<\/p>\n<p data-path-to-node=\"6\">\ud83d\udcf2 <b data-path-to-node=\"6\" data-index-in-node=\"3\">Patricia nos escribi\u00f3 emocionada por WhatsApp:<\/b> <i data-path-to-node=\"6\" data-index-in-node=\"50\">\u00ab\u00a1\u00a1\u00a1Buen d\u00eda!!! Excelente atenci\u00f3n por parte de la Rusa, muy rico todo, re lindo el lugar\u00bb<\/i>.<\/p>\n<p data-path-to-node=\"7\">Desde <b data-path-to-node=\"7\" data-index-in-node=\"6\">Noticias Radio Reflejos<\/b>, celebramos estos encuentros que demuestran que en la Comarca, los buenos momentos siempre tienen una segunda (y mejor) vuelta. \u00a1Felicidades por esos 38 a\u00f1os y por este premio tan merecido!<\/p>\n","protected":false},"excerpt":{"rendered":"<p>Hay historias que parecen escritas de antemano. Patricia M\u00f3nica Mart\u00ednez y Fabio Orlando Matarazzo\u00a0 eligieron nuestra Comarca Serrana para su luna de miel hace 38 a\u00f1os. En aquel entonces, el emblem\u00e1tico \u00abMotel Mait\u00e9n\u00bb fue su nido de amor.<\/p>\n","protected":false},"author":3,"featured_media":133715,"comment_status":"closed","ping_status":"closed","sticky":false,"template":"","format":"standard","meta":{"footnotes":""},"categories":[26,33],"tags":[48],"class_list":["post-133714","post","type-post","status-publish","format-standard","has-post-thumbnail","hentry","category-sociedad","category-turismo","tag-destacada"],"yoast_head":"<!-- This site is optimized with the Yoast SEO plugin v25.9 - https:\/\/yoast.com\/wordpress\/plugins\/seo\/ -->\n<title>El destino los trajo de vuelta: de su Luna de Miel en el &quot;Motel Mait\u00e9n&quot; a ganar la cena de &quot;La Rusa Lili&quot; - Noticias Radio Reflejos<\/title>\n<meta name=\"robots\" content=\"index, follow, max-snippet:-1, max-image-preview:large, max-video-preview:-1\" \/>\n<link rel=\"canonical\" href=\"https:\/\/www.noticiasradioreflejos.com.ar\/2021\/el-destino-los-trajo-de-vuelta-de-su-luna-de-miel-en-el-motel-maiten-a-ganar-la-cena-de-la-rusa-lili\/\" \/>\n<meta property=\"og:locale\" content=\"es_ES\" \/>\n<meta property=\"og:type\" content=\"article\" \/>\n<meta property=\"og:title\" content=\"El destino los trajo de vuelta: de su Luna de Miel en el &quot;Motel Mait\u00e9n&quot; a ganar la cena de &quot;La Rusa Lili&quot; - Noticias Radio Reflejos\" \/>\n<meta property=\"og:description\" content=\"Hay historias que parecen escritas de antemano. Patricia M\u00f3nica Mart\u00ednez y Fabio Orlando Matarazzo\u00a0 eligieron nuestra Comarca Serrana para su luna de miel hace 38 a\u00f1os. En aquel entonces, el emblem\u00e1tico \u00abMotel Mait\u00e9n\u00bb fue su nido de amor.\" \/>\n<meta property=\"og:url\" content=\"https:\/\/www.noticiasradioreflejos.com.ar\/2021\/el-destino-los-trajo-de-vuelta-de-su-luna-de-miel-en-el-motel-maiten-a-ganar-la-cena-de-la-rusa-lili\/\" \/>\n<meta property=\"og:site_name\" content=\"Noticias Radio Reflejos\" \/>\n<meta property=\"article:published_time\" content=\"2026-03-08T22:15:08+00:00\" \/>\n<meta property=\"og:image\" content=\"https:\/\/www.noticiasradioreflejos.com.ar\/2021\/wp-content\/uploads\/2026\/03\/WhatsApp-Image-2026-03-07-at-10.16.01.jpeg\" \/>\n\t<meta property=\"og:image:width\" content=\"1530\" \/>\n\t<meta property=\"og:image:height\" content=\"1530\" \/>\n\t<meta property=\"og:image:type\" content=\"image\/jpeg\" \/>\n<meta name=\"author\" content=\"Arnaldo Botto\" \/>\n<meta name=\"twitter:card\" content=\"summary_large_image\" \/>\n<script type=\"application\/ld+json\" class=\"yoast-schema-graph\">{\"@context\":\"https:\/\/schema.org\",\"@graph\":[{\"@type\":\"WebPage\",\"@id\":\"https:\/\/www.noticiasradioreflejos.com.ar\/2021\/el-destino-los-trajo-de-vuelta-de-su-luna-de-miel-en-el-motel-maiten-a-ganar-la-cena-de-la-rusa-lili\/\",\"url\":\"https:\/\/www.noticiasradioreflejos.com.ar\/2021\/el-destino-los-trajo-de-vuelta-de-su-luna-de-miel-en-el-motel-maiten-a-ganar-la-cena-de-la-rusa-lili\/\",\"name\":\"El destino los trajo de vuelta: de su Luna de Miel en el \\\"Motel Mait\u00e9n\\\" a ganar la cena de \\\"La Rusa Lili\\\" - Noticias Radio Reflejos\",\"isPartOf\":{\"@id\":\"https:\/\/www.noticiasradioreflejos.com.ar\/2021\/#website\"},\"primaryImageOfPage\":{\"@id\":\"https:\/\/www.noticiasradioreflejos.com.ar\/2021\/el-destino-los-trajo-de-vuelta-de-su-luna-de-miel-en-el-motel-maiten-a-ganar-la-cena-de-la-rusa-lili\/#primaryimage\"},\"image\":{\"@id\":\"https:\/\/www.noticiasradioreflejos.com.ar\/2021\/el-destino-los-trajo-de-vuelta-de-su-luna-de-miel-en-el-motel-maiten-a-ganar-la-cena-de-la-rusa-lili\/#primaryimage\"},\"thumbnailUrl\":\"https:\/\/www.noticiasradioreflejos.com.ar\/2021\/wp-content\/uploads\/2026\/03\/WhatsApp-Image-2026-03-07-at-10.16.01.jpeg\",\"datePublished\":\"2026-03-08T22:15:08+00:00\",\"author\":{\"@id\":\"https:\/\/www.noticiasradioreflejos.com.ar\/2021\/#\/schema\/person\/ad82545263dcc5ec0996818884fd5fb1\"},\"breadcrumb\":{\"@id\":\"https:\/\/www.noticiasradioreflejos.com.ar\/2021\/el-destino-los-trajo-de-vuelta-de-su-luna-de-miel-en-el-motel-maiten-a-ganar-la-cena-de-la-rusa-lili\/#breadcrumb\"},\"inLanguage\":\"es\",\"potentialAction\":[{\"@type\":\"ReadAction\",\"target\":[\"https:\/\/www.noticiasradioreflejos.com.ar\/2021\/el-destino-los-trajo-de-vuelta-de-su-luna-de-miel-en-el-motel-maiten-a-ganar-la-cena-de-la-rusa-lili\/\"]}]},{\"@type\":\"ImageObject\",\"inLanguage\":\"es\",\"@id\":\"https:\/\/www.noticiasradioreflejos.com.ar\/2021\/el-destino-los-trajo-de-vuelta-de-su-luna-de-miel-en-el-motel-maiten-a-ganar-la-cena-de-la-rusa-lili\/#primaryimage\",\"url\":\"https:\/\/www.noticiasradioreflejos.com.ar\/2021\/wp-content\/uploads\/2026\/03\/WhatsApp-Image-2026-03-07-at-10.16.01.jpeg\",\"contentUrl\":\"https:\/\/www.noticiasradioreflejos.com.ar\/2021\/wp-content\/uploads\/2026\/03\/WhatsApp-Image-2026-03-07-at-10.16.01.jpeg\",\"width\":1530,\"height\":1530},{\"@type\":\"BreadcrumbList\",\"@id\":\"https:\/\/www.noticiasradioreflejos.com.ar\/2021\/el-destino-los-trajo-de-vuelta-de-su-luna-de-miel-en-el-motel-maiten-a-ganar-la-cena-de-la-rusa-lili\/#breadcrumb\",\"itemListElement\":[{\"@type\":\"ListItem\",\"position\":1,\"name\":\"Portada\",\"item\":\"https:\/\/www.noticiasradioreflejos.com.ar\/2021\/\"},{\"@type\":\"ListItem\",\"position\":2,\"name\":\"El destino los trajo de vuelta: de su Luna de Miel en el \u00abMotel Mait\u00e9n\u00bb a ganar la cena de \u00abLa Rusa Lili\u00bb\"}]},{\"@type\":\"WebSite\",\"@id\":\"https:\/\/www.noticiasradioreflejos.com.ar\/2021\/#website\",\"url\":\"https:\/\/www.noticiasradioreflejos.com.ar\/2021\/\",\"name\":\"Noticias Radio Reflejos\",\"description\":\"Las noticias de mi comarca\",\"potentialAction\":[{\"@type\":\"SearchAction\",\"target\":{\"@type\":\"EntryPoint\",\"urlTemplate\":\"https:\/\/www.noticiasradioreflejos.com.ar\/2021\/?s={search_term_string}\"},\"query-input\":{\"@type\":\"PropertyValueSpecification\",\"valueRequired\":true,\"valueName\":\"search_term_string\"}}],\"inLanguage\":\"es\"},{\"@type\":\"Person\",\"@id\":\"https:\/\/www.noticiasradioreflejos.com.ar\/2021\/#\/schema\/person\/ad82545263dcc5ec0996818884fd5fb1\",\"name\":\"Arnaldo Botto\",\"image\":{\"@type\":\"ImageObject\",\"inLanguage\":\"es\",\"@id\":\"https:\/\/www.noticiasradioreflejos.com.ar\/2021\/#\/schema\/person\/image\/\",\"url\":\"https:\/\/secure.gravatar.com\/avatar\/55cb5e37c1efa326397366e6974cb338056df65cb50e7d64d1cf314e87504837?s=96&d=mm&r=g\",\"contentUrl\":\"https:\/\/secure.gravatar.com\/avatar\/55cb5e37c1efa326397366e6974cb338056df65cb50e7d64d1cf314e87504837?s=96&d=mm&r=g\",\"caption\":\"Arnaldo Botto\"},\"url\":\"https:\/\/www.noticiasradioreflejos.com.ar\/2021\/author\/arnaldo\/\"}]}<\/script>\n<!-- \/ Yoast SEO plugin. -->","yoast_head_json":{"title":"El destino los trajo de vuelta: de su Luna de Miel en el \"Motel Mait\u00e9n\" a ganar la cena de \"La Rusa Lili\" - Noticias Radio Reflejos","robots":{"index":"index","follow":"follow","max-snippet":"max-snippet:-1","max-image-preview":"max-image-preview:large","max-video-preview":"max-video-preview:-1"},"canonical":"https:\/\/www.noticiasradioreflejos.com.ar\/2021\/el-destino-los-trajo-de-vuelta-de-su-luna-de-miel-en-el-motel-maiten-a-ganar-la-cena-de-la-rusa-lili\/","og_locale":"es_ES","og_type":"article","og_title":"El destino los trajo de vuelta: de su Luna de Miel en el \"Motel Mait\u00e9n\" a ganar la cena de \"La Rusa Lili\" - Noticias Radio Reflejos","og_description":"Hay historias que parecen escritas de antemano. Patricia M\u00f3nica Mart\u00ednez y Fabio Orlando Matarazzo\u00a0 eligieron nuestra Comarca Serrana para su luna de miel hace 38 a\u00f1os. En aquel entonces, el emblem\u00e1tico \u00abMotel Mait\u00e9n\u00bb fue su nido de amor.","og_url":"https:\/\/www.noticiasradioreflejos.com.ar\/2021\/el-destino-los-trajo-de-vuelta-de-su-luna-de-miel-en-el-motel-maiten-a-ganar-la-cena-de-la-rusa-lili\/","og_site_name":"Noticias Radio Reflejos","article_published_time":"2026-03-08T22:15:08+00:00","og_image":[{"width":1530,"height":1530,"url":"https:\/\/www.noticiasradioreflejos.com.ar\/2021\/wp-content\/uploads\/2026\/03\/WhatsApp-Image-2026-03-07-at-10.16.01.jpeg","type":"image\/jpeg"}],"author":"Arnaldo Botto","twitter_card":"summary_large_image","schema":{"@context":"https:\/\/schema.org","@graph":[{"@type":"WebPage","@id":"https:\/\/www.noticiasradioreflejos.com.ar\/2021\/el-destino-los-trajo-de-vuelta-de-su-luna-de-miel-en-el-motel-maiten-a-ganar-la-cena-de-la-rusa-lili\/","url":"https:\/\/www.noticiasradioreflejos.com.ar\/2021\/el-destino-los-trajo-de-vuelta-de-su-luna-de-miel-en-el-motel-maiten-a-ganar-la-cena-de-la-rusa-lili\/","name":"El destino los trajo de vuelta: de su Luna de Miel en el \"Motel Mait\u00e9n\" a ganar la cena de \"La Rusa Lili\" - Noticias Radio Reflejos","isPartOf":{"@id":"https:\/\/www.noticiasradioreflejos.com.ar\/2021\/#website"},"primaryImageOfPage":{"@id":"https:\/\/www.noticiasradioreflejos.com.ar\/2021\/el-destino-los-trajo-de-vuelta-de-su-luna-de-miel-en-el-motel-maiten-a-ganar-la-cena-de-la-rusa-lili\/#primaryimage"},"image":{"@id":"https:\/\/www.noticiasradioreflejos.com.ar\/2021\/el-destino-los-trajo-de-vuelta-de-su-luna-de-miel-en-el-motel-maiten-a-ganar-la-cena-de-la-rusa-lili\/#primaryimage"},"thumbnailUrl":"https:\/\/www.noticiasradioreflejos.com.ar\/2021\/wp-content\/uploads\/2026\/03\/WhatsApp-Image-2026-03-07-at-10.16.01.jpeg","datePublished":"2026-03-08T22:15:08+00:00","author":{"@id":"https:\/\/www.noticiasradioreflejos.com.ar\/2021\/#\/schema\/person\/ad82545263dcc5ec0996818884fd5fb1"},"breadcrumb":{"@id":"https:\/\/www.noticiasradioreflejos.com.ar\/2021\/el-destino-los-trajo-de-vuelta-de-su-luna-de-miel-en-el-motel-maiten-a-ganar-la-cena-de-la-rusa-lili\/#breadcrumb"},"inLanguage":"es","potentialAction":[{"@type":"ReadAction","target":["https:\/\/www.noticiasradioreflejos.com.ar\/2021\/el-destino-los-trajo-de-vuelta-de-su-luna-de-miel-en-el-motel-maiten-a-ganar-la-cena-de-la-rusa-lili\/"]}]},{"@type":"ImageObject","inLanguage":"es","@id":"https:\/\/www.noticiasradioreflejos.com.ar\/2021\/el-destino-los-trajo-de-vuelta-de-su-luna-de-miel-en-el-motel-maiten-a-ganar-la-cena-de-la-rusa-lili\/#primaryimage","url":"https:\/\/www.noticiasradioreflejos.com.ar\/2021\/wp-content\/uploads\/2026\/03\/WhatsApp-Image-2026-03-07-at-10.16.01.jpeg","contentUrl":"https:\/\/www.noticiasradioreflejos.com.ar\/2021\/wp-content\/uploads\/2026\/03\/WhatsApp-Image-2026-03-07-at-10.16.01.jpeg","width":1530,"height":1530},{"@type":"BreadcrumbList","@id":"https:\/\/www.noticiasradioreflejos.com.ar\/2021\/el-destino-los-trajo-de-vuelta-de-su-luna-de-miel-en-el-motel-maiten-a-ganar-la-cena-de-la-rusa-lili\/#breadcrumb","itemListElement":[{"@type":"ListItem","position":1,"name":"Portada","item":"https:\/\/www.noticiasradioreflejos.com.ar\/2021\/"},{"@type":"ListItem","position":2,"name":"El destino los trajo de vuelta: de su Luna de Miel en el \u00abMotel Mait\u00e9n\u00bb a ganar la cena de \u00abLa Rusa Lili\u00bb"}]},{"@type":"WebSite","@id":"https:\/\/www.noticiasradioreflejos.com.ar\/2021\/#website","url":"https:\/\/www.noticiasradioreflejos.com.ar\/2021\/","name":"Noticias Radio Reflejos","description":"Las noticias de mi comarca","potentialAction":[{"@type":"SearchAction","target":{"@type":"EntryPoint","urlTemplate":"https:\/\/www.noticiasradioreflejos.com.ar\/2021\/?s={search_term_string}"},"query-input":{"@type":"PropertyValueSpecification","valueRequired":true,"valueName":"search_term_string"}}],"inLanguage":"es"},{"@type":"Person","@id":"https:\/\/www.noticiasradioreflejos.com.ar\/2021\/#\/schema\/person\/ad82545263dcc5ec0996818884fd5fb1","name":"Arnaldo Botto","image":{"@type":"ImageObject","inLanguage":"es","@id":"https:\/\/www.noticiasradioreflejos.com.ar\/2021\/#\/schema\/person\/image\/","url":"https:\/\/secure.gravatar.com\/avatar\/55cb5e37c1efa326397366e6974cb338056df65cb50e7d64d1cf314e87504837?s=96&d=mm&r=g","contentUrl":"https:\/\/secure.gravatar.com\/avatar\/55cb5e37c1efa326397366e6974cb338056df65cb50e7d64d1cf314e87504837?s=96&d=mm&r=g","caption":"Arnaldo Botto"},"url":"https:\/\/www.noticiasradioreflejos.com.ar\/2021\/author\/arnaldo\/"}]}},"_links":{"self":[{"href":"https:\/\/www.noticiasradioreflejos.com.ar\/2021\/wp-json\/wp\/v2\/posts\/133714","targetHints":{"allow":["GET"]}}],"collection":[{"href":"https:\/\/www.noticiasradioreflejos.com.ar\/2021\/wp-json\/wp\/v2\/posts"}],"about":[{"href":"https:\/\/www.noticiasradioreflejos.com.ar\/2021\/wp-json\/wp\/v2\/types\/post"}],"author":[{"embeddable":true,"href":"https:\/\/www.noticiasradioreflejos.com.ar\/2021\/wp-json\/wp\/v2\/users\/3"}],"replies":[{"embeddable":true,"href":"https:\/\/www.noticiasradioreflejos.com.ar\/2021\/wp-json\/wp\/v2\/comments?post=133714"}],"version-history":[{"count":1,"href":"https:\/\/www.noticiasradioreflejos.com.ar\/2021\/wp-json\/wp\/v2\/posts\/133714\/revisions"}],"predecessor-version":[{"id":133716,"href":"https:\/\/www.noticiasradioreflejos.com.ar\/2021\/wp-json\/wp\/v2\/posts\/133714\/revisions\/133716"}],"wp:featuredmedia":[{"embeddable":true,"href":"https:\/\/www.noticiasradioreflejos.com.ar\/2021\/wp-json\/wp\/v2\/media\/133715"}],"wp:attachment":[{"href":"https:\/\/www.noticiasradioreflejos.com.ar\/2021\/wp-json\/wp\/v2\/media?parent=133714"}],"wp:term":[{"taxonomy":"category","embeddable":true,"href":"https:\/\/www.noticiasradioreflejos.com.ar\/2021\/wp-json\/wp\/v2\/categories?post=133714"},{"taxonomy":"post_tag","embeddable":true,"href":"https:\/\/www.noticiasradioreflejos.com.ar\/2021\/wp-json\/wp\/v2\/tags?post=133714"}],"curies":[{"name":"wp","href":"https:\/\/api.w.org\/{rel}","templated":true}]}}