{"id":133691,"date":"2026-03-08T11:10:58","date_gmt":"2026-03-08T14:10:58","guid":{"rendered":"https:\/\/www.noticiasradioreflejos.com.ar\/2021\/?p=133691"},"modified":"2026-03-08T11:10:58","modified_gmt":"2026-03-08T14:10:58","slug":"consumo-en-caida-libre-las-ventas-minoristas-pyme-se-desplomaron-un-56-en-febrero","status":"publish","type":"post","link":"https:\/\/www.noticiasradioreflejos.com.ar\/2021\/consumo-en-caida-libre-las-ventas-minoristas-pyme-se-desplomaron-un-56-en-febrero\/","title":{"rendered":"Consumo en ca\u00edda libre: las ventas minoristas pyme se desplomaron un 5,6% en febrero"},"content":{"rendered":"<p>El sector comercial contin\u00faa sin encontrar piso en la era Milei, acumulando una retracci\u00f3n del 5,2% en lo que va del a\u00f1o. Seg\u00fan el \u00faltimo relevamiento, la fuerte presi\u00f3n tributaria y el aumento de los costos operativos mantienen en jaque la rentabilidad de los negocios, donde casi el 60% de los comerciantes descarta realizar inversiones ante la falta de previsibilidad y el persistente deterioro del mercado interno.<!--more--><\/p>\n<p><span lang=\"ES\">En febrero, el sector minorista pyme registr\u00f3 un descenso del 5,6% interanual a valores constantes. La variaci\u00f3n mensual evidenci\u00f3 un incremento del 2,6%. Con estas cifras, el indicador acumula una retracci\u00f3n del 5,2% en lo que va del a\u00f1o.<\/span><\/p>\n<p><span lang=\"ES\">Sobre el estado de los comercios, el 52,6% de los propietarios report\u00f3 estabilidad interanual, cifra inferior en seis puntos al registro de enero. Dicho margen se traslad\u00f3 a quienes se\u00f1alaron un deterioro (38,8%) en comparaci\u00f3n con el mismo per\u00edodo del ciclo anterior.<\/span><\/p>\n<p align=\"center\"><img loading=\"lazy\" decoding=\"async\" class=\"CToWUd\" src=\"https:\/\/ci3.googleusercontent.com\/meips\/ADKq_NbNXH-tsSVgfGjwnITQp0B0Pc6JaT4bBgcFuZAq2RUXqh3LHtE5qwAgewq2tpQZSTm3VXrwZeMFHNiZOBr0L8-NYXyCsTs0vUg2TeFNzaEg9Z3iPzOX-lqBoPqBHsqSr0bM3wzq3ix8JTDhNi_AbfV5MzID92_gRerjf3l8oeecu1p6v795rS6w0Cfw0jLJo-oFjX2KWFY7=s0-d-e1-ft#https:\/\/mailprensa.came.org.ar\/data\/1899c60d3e88c767f20949a98d5003460b14bf85\/media_files\/1483\/original\/image-20260307204131-1.png\" width=\"567\" height=\"118\" data-bit=\"iit\" \/><\/p>\n<p><span lang=\"ES\">Las proyecciones de ac\u00e1 a un a\u00f1o indican que habr\u00e1 paridad con la situaci\u00f3n actual para el 46,6% de los encuestados, mientras el 42,9% aguarda una mejora y el 10,5% proyecta un retroceso. Respecto a la inversi\u00f3n, el 57,6% considera el marco como no apto para desembolsos, frente a un 15,5% que lo ve de forma oportuna y un 26,9% sin definici\u00f3n.<\/span><\/p>\n<p align=\"center\"><img loading=\"lazy\" decoding=\"async\" class=\"CToWUd a6T\" tabindex=\"0\" src=\"https:\/\/ci3.googleusercontent.com\/meips\/ADKq_NZxQxiARrHYepf-aeaLAy890r1Z-j2_ASn8qF0pFGUpnp2p1ss0nxkTNkequzokKFKVRJz4tx6ACdu0gGHmflIoWhYj2h5DTZDKESceh2wLwtfBJA24gA8mMLO6f4hrAQT0ipOl9zkBhgB3JJLMHRx1JSzuLUymw5df_1WD1Y990sVhC7mQXMXU6X9zttZ3lh-G6T-vH2Xb=s0-d-e1-ft#https:\/\/mailprensa.came.org.ar\/data\/1899c60d3e88c767f20949a98d5003460b14bf85\/media_files\/1485\/original\/image-20260307204131-2.png\" width=\"567\" height=\"258\" data-bit=\"iit\" \/><\/p>\n<p><span lang=\"ES\">El relevamiento por rubros ratific\u00f3 el proceso de contracci\u00f3n: seis de los siete sectores monitoreados cerraron con resultados negativos. Las bajas se encontraron en\u00a0<\/span><b><span lang=\"ES\">Bazar y decoraci\u00f3n<\/span><\/b>\u00a0<span lang=\"ES\">(-14,4%),\u00a0<\/span><b><span lang=\"ES\">Perfumer\u00eda<\/span><\/b>\u00a0<span lang=\"ES\">(-10,7%) y\u00a0<\/span><b><span lang=\"ES\">Alimentos y bebidas<\/span><\/b>\u00a0<span lang=\"ES\">(-8,7%).\u00a0<\/span><b><span lang=\"ES\">Farmacia<\/span><\/b>\u00a0<span lang=\"ES\">constituy\u00f3 la excepci\u00f3n, con un incremento del 0,3% interanual.<\/span><\/p>\n<p align=\"center\"><img loading=\"lazy\" decoding=\"async\" class=\"CToWUd a6T\" tabindex=\"0\" src=\"https:\/\/ci3.googleusercontent.com\/meips\/ADKq_NaUSMFlNR8Fa1VBhKu5PrFR20b3DLAXjm5i0nXbOV1wrMX9_o3NF7z2ZN7Br97TMxa8BkUo2QeBH5cowFbsqEx-QO2gZoBj8ENY_OI9ITHM9iF1tkX1jH1FZ8ZZaMk8HQe4d4rLwyoI9RaB5OpOZFs2AMcOmqMsZxpo6CBmhVBLKajWSPssViIv9soiPArG8gREpJBxzAz5=s0-d-e1-ft#https:\/\/mailprensa.came.org.ar\/data\/1899c60d3e88c767f20949a98d5003460b14bf85\/media_files\/1484\/original\/image-20260307204131-3.png\" width=\"566\" height=\"319\" data-bit=\"iit\" \/><\/p>\n<p>En s\u00edntesis, febrero registr\u00f3 una mejora mensual del 2,6%, influenciada por el inicio del ciclo lectivo, sin lograr revertir la ca\u00edda acumulada del 5,2%. El consumo se concentr\u00f3 en bienes de subsistencia y art\u00edculos escolares por la reasignaci\u00f3n del gasto de los hogares. La demanda oper\u00f3 con selectividad, priorizando ofertas y financiamiento para sostener las operaciones. Los costos operativos y la presi\u00f3n tributaria condicionaron la rentabilidad de los locales. El escenario confirm\u00f3 una contracci\u00f3n t\u00e9cnica pese al repunte estacional de fin de mes.<\/p>\n<p>Hacia el futuro existe una expectativa de mejora econ\u00f3mica para 2026 en el 42,9% de los casos. La inversi\u00f3n contin\u00faa sin variaciones por los costos de reposici\u00f3n y la rentabilidad de los comercios. El 57,6% de los comerciantes descart\u00f3 desembolsos de capital ante las condiciones del mercado interno. El desaf\u00edo reside en estabilizar los m\u00e1rgenes frente al incremento de los gastos fijos. La reactivaci\u00f3n depender\u00e1 de la recomposici\u00f3n de los salarios y de la previsibilidad en los costos.<\/p>\n<p>Para acceder al informe completo, haga clic\u00a0<a href=\"https:\/\/mailprensa.came.org.ar\/c\/73mdrg\/dh8f4vt8\/xhg_fasw5oy\" target=\"_blank\" rel=\"noopener\" data-saferedirecturl=\"https:\/\/www.google.com\/url?q=https:\/\/mailprensa.came.org.ar\/c\/73mdrg\/dh8f4vt8\/xhg_fasw5oy&amp;source=gmail&amp;ust=1773065209019000&amp;usg=AOvVaw3zBCZC9dJBXKmGEVQWFng0\">aqu\u00ed<\/a>.<\/p>\n","protected":false},"excerpt":{"rendered":"<p>El sector comercial contin\u00faa sin encontrar piso en la era Milei, acumulando una retracci\u00f3n del 5,2% en lo que va del a\u00f1o. Seg\u00fan el \u00faltimo relevamiento, la fuerte presi\u00f3n tributaria y el aumento de los costos operativos mantienen en jaque la rentabilidad de los negocios, donde casi el 60% de los comerciantes descarta realizar inversiones [&hellip;]<\/p>\n","protected":false},"author":3,"featured_media":83623,"comment_status":"closed","ping_status":"closed","sticky":false,"template":"","format":"standard","meta":{"footnotes":""},"categories":[36],"tags":[48],"class_list":["post-133691","post","type-post","status-publish","format-standard","has-post-thumbnail","hentry","category-economia","tag-destacada"],"yoast_head":"<!-- This site is optimized with the Yoast SEO plugin v25.9 - https:\/\/yoast.com\/wordpress\/plugins\/seo\/ -->\n<title>Consumo en ca\u00edda libre: las ventas minoristas pyme se desplomaron un 5,6% en febrero - Noticias Radio Reflejos<\/title>\n<meta name=\"robots\" content=\"index, follow, max-snippet:-1, max-image-preview:large, max-video-preview:-1\" \/>\n<link rel=\"canonical\" href=\"https:\/\/www.noticiasradioreflejos.com.ar\/2021\/?p=133691\" \/>\n<meta property=\"og:locale\" content=\"es_ES\" \/>\n<meta property=\"og:type\" content=\"article\" \/>\n<meta property=\"og:title\" content=\"Consumo en ca\u00edda libre: las ventas minoristas pyme se desplomaron un 5,6% en febrero - Noticias Radio Reflejos\" \/>\n<meta property=\"og:description\" content=\"El sector comercial contin\u00faa sin encontrar piso en la era Milei, acumulando una retracci\u00f3n del 5,2% en lo que va del a\u00f1o. Seg\u00fan el \u00faltimo relevamiento, la fuerte presi\u00f3n tributaria y el aumento de los costos operativos mantienen en jaque la rentabilidad de los negocios, donde casi el 60% de los comerciantes descarta realizar inversiones [&hellip;]\" \/>\n<meta property=\"og:url\" content=\"https:\/\/www.noticiasradioreflejos.com.ar\/2021\/?p=133691\" \/>\n<meta property=\"og:site_name\" content=\"Noticias Radio Reflejos\" \/>\n<meta property=\"article:published_time\" content=\"2026-03-08T14:10:58+00:00\" \/>\n<meta property=\"og:image\" content=\"https:\/\/ci3.googleusercontent.com\/meips\/ADKq_NbNXH-tsSVgfGjwnITQp0B0Pc6JaT4bBgcFuZAq2RUXqh3LHtE5qwAgewq2tpQZSTm3VXrwZeMFHNiZOBr0L8-NYXyCsTs0vUg2TeFNzaEg9Z3iPzOX-lqBoPqBHsqSr0bM3wzq3ix8JTDhNi_AbfV5MzID92_gRerjf3l8oeecu1p6v795rS6w0Cfw0jLJo-oFjX2KWFY7=s0-d-e1-ft#https:\/\/mailprensa.came.org.ar\/data\/1899c60d3e88c767f20949a98d5003460b14bf85\/media_files\/1483\/original\/image-20260307204131-1.png\" \/>\n<meta name=\"author\" content=\"Arnaldo Botto\" \/>\n<meta name=\"twitter:card\" content=\"summary_large_image\" \/>\n<script type=\"application\/ld+json\" class=\"yoast-schema-graph\">{\"@context\":\"https:\/\/schema.org\",\"@graph\":[{\"@type\":\"WebPage\",\"@id\":\"https:\/\/www.noticiasradioreflejos.com.ar\/2021\/?p=133691\",\"url\":\"https:\/\/www.noticiasradioreflejos.com.ar\/2021\/?p=133691\",\"name\":\"Consumo en ca\u00edda libre: las ventas minoristas pyme se desplomaron un 5,6% en febrero - Noticias Radio Reflejos\",\"isPartOf\":{\"@id\":\"https:\/\/www.noticiasradioreflejos.com.ar\/2021\/#website\"},\"primaryImageOfPage\":{\"@id\":\"https:\/\/www.noticiasradioreflejos.com.ar\/2021\/?p=133691#primaryimage\"},\"image\":{\"@id\":\"https:\/\/www.noticiasradioreflejos.com.ar\/2021\/?p=133691#primaryimage\"},\"thumbnailUrl\":\"https:\/\/www.noticiasradioreflejos.com.ar\/2021\/wp-content\/uploads\/2023\/02\/ventas.jpg\",\"datePublished\":\"2026-03-08T14:10:58+00:00\",\"author\":{\"@id\":\"https:\/\/www.noticiasradioreflejos.com.ar\/2021\/#\/schema\/person\/ad82545263dcc5ec0996818884fd5fb1\"},\"breadcrumb\":{\"@id\":\"https:\/\/www.noticiasradioreflejos.com.ar\/2021\/?p=133691#breadcrumb\"},\"inLanguage\":\"es\",\"potentialAction\":[{\"@type\":\"ReadAction\",\"target\":[\"https:\/\/www.noticiasradioreflejos.com.ar\/2021\/?p=133691\"]}]},{\"@type\":\"ImageObject\",\"inLanguage\":\"es\",\"@id\":\"https:\/\/www.noticiasradioreflejos.com.ar\/2021\/?p=133691#primaryimage\",\"url\":\"https:\/\/www.noticiasradioreflejos.com.ar\/2021\/wp-content\/uploads\/2023\/02\/ventas.jpg\",\"contentUrl\":\"https:\/\/www.noticiasradioreflejos.com.ar\/2021\/wp-content\/uploads\/2023\/02\/ventas.jpg\",\"width\":992,\"height\":580},{\"@type\":\"BreadcrumbList\",\"@id\":\"https:\/\/www.noticiasradioreflejos.com.ar\/2021\/?p=133691#breadcrumb\",\"itemListElement\":[{\"@type\":\"ListItem\",\"position\":1,\"name\":\"Portada\",\"item\":\"https:\/\/www.noticiasradioreflejos.com.ar\/2021\/\"},{\"@type\":\"ListItem\",\"position\":2,\"name\":\"Consumo en ca\u00edda libre: las ventas minoristas pyme se desplomaron un 5,6% en febrero\"}]},{\"@type\":\"WebSite\",\"@id\":\"https:\/\/www.noticiasradioreflejos.com.ar\/2021\/#website\",\"url\":\"https:\/\/www.noticiasradioreflejos.com.ar\/2021\/\",\"name\":\"Noticias Radio Reflejos\",\"description\":\"Las noticias de mi comarca\",\"potentialAction\":[{\"@type\":\"SearchAction\",\"target\":{\"@type\":\"EntryPoint\",\"urlTemplate\":\"https:\/\/www.noticiasradioreflejos.com.ar\/2021\/?s={search_term_string}\"},\"query-input\":{\"@type\":\"PropertyValueSpecification\",\"valueRequired\":true,\"valueName\":\"search_term_string\"}}],\"inLanguage\":\"es\"},{\"@type\":\"Person\",\"@id\":\"https:\/\/www.noticiasradioreflejos.com.ar\/2021\/#\/schema\/person\/ad82545263dcc5ec0996818884fd5fb1\",\"name\":\"Arnaldo Botto\",\"image\":{\"@type\":\"ImageObject\",\"inLanguage\":\"es\",\"@id\":\"https:\/\/www.noticiasradioreflejos.com.ar\/2021\/#\/schema\/person\/image\/\",\"url\":\"https:\/\/secure.gravatar.com\/avatar\/55cb5e37c1efa326397366e6974cb338056df65cb50e7d64d1cf314e87504837?s=96&d=mm&r=g\",\"contentUrl\":\"https:\/\/secure.gravatar.com\/avatar\/55cb5e37c1efa326397366e6974cb338056df65cb50e7d64d1cf314e87504837?s=96&d=mm&r=g\",\"caption\":\"Arnaldo Botto\"},\"url\":\"https:\/\/www.noticiasradioreflejos.com.ar\/2021\/author\/arnaldo\/\"}]}<\/script>\n<!-- \/ Yoast SEO plugin. -->","yoast_head_json":{"title":"Consumo en ca\u00edda libre: las ventas minoristas pyme se desplomaron un 5,6% en febrero - Noticias Radio Reflejos","robots":{"index":"index","follow":"follow","max-snippet":"max-snippet:-1","max-image-preview":"max-image-preview:large","max-video-preview":"max-video-preview:-1"},"canonical":"https:\/\/www.noticiasradioreflejos.com.ar\/2021\/?p=133691","og_locale":"es_ES","og_type":"article","og_title":"Consumo en ca\u00edda libre: las ventas minoristas pyme se desplomaron un 5,6% en febrero - Noticias Radio Reflejos","og_description":"El sector comercial contin\u00faa sin encontrar piso en la era Milei, acumulando una retracci\u00f3n del 5,2% en lo que va del a\u00f1o. Seg\u00fan el \u00faltimo relevamiento, la fuerte presi\u00f3n tributaria y el aumento de los costos operativos mantienen en jaque la rentabilidad de los negocios, donde casi el 60% de los comerciantes descarta realizar inversiones [&hellip;]","og_url":"https:\/\/www.noticiasradioreflejos.com.ar\/2021\/?p=133691","og_site_name":"Noticias Radio Reflejos","article_published_time":"2026-03-08T14:10:58+00:00","og_image":[{"url":"https:\/\/ci3.googleusercontent.com\/meips\/ADKq_NbNXH-tsSVgfGjwnITQp0B0Pc6JaT4bBgcFuZAq2RUXqh3LHtE5qwAgewq2tpQZSTm3VXrwZeMFHNiZOBr0L8-NYXyCsTs0vUg2TeFNzaEg9Z3iPzOX-lqBoPqBHsqSr0bM3wzq3ix8JTDhNi_AbfV5MzID92_gRerjf3l8oeecu1p6v795rS6w0Cfw0jLJo-oFjX2KWFY7=s0-d-e1-ft#https:\/\/mailprensa.came.org.ar\/data\/1899c60d3e88c767f20949a98d5003460b14bf85\/media_files\/1483\/original\/image-20260307204131-1.png","type":"","width":"","height":""}],"author":"Arnaldo Botto","twitter_card":"summary_large_image","schema":{"@context":"https:\/\/schema.org","@graph":[{"@type":"WebPage","@id":"https:\/\/www.noticiasradioreflejos.com.ar\/2021\/?p=133691","url":"https:\/\/www.noticiasradioreflejos.com.ar\/2021\/?p=133691","name":"Consumo en ca\u00edda libre: las ventas minoristas pyme se desplomaron un 5,6% en febrero - Noticias Radio Reflejos","isPartOf":{"@id":"https:\/\/www.noticiasradioreflejos.com.ar\/2021\/#website"},"primaryImageOfPage":{"@id":"https:\/\/www.noticiasradioreflejos.com.ar\/2021\/?p=133691#primaryimage"},"image":{"@id":"https:\/\/www.noticiasradioreflejos.com.ar\/2021\/?p=133691#primaryimage"},"thumbnailUrl":"https:\/\/www.noticiasradioreflejos.com.ar\/2021\/wp-content\/uploads\/2023\/02\/ventas.jpg","datePublished":"2026-03-08T14:10:58+00:00","author":{"@id":"https:\/\/www.noticiasradioreflejos.com.ar\/2021\/#\/schema\/person\/ad82545263dcc5ec0996818884fd5fb1"},"breadcrumb":{"@id":"https:\/\/www.noticiasradioreflejos.com.ar\/2021\/?p=133691#breadcrumb"},"inLanguage":"es","potentialAction":[{"@type":"ReadAction","target":["https:\/\/www.noticiasradioreflejos.com.ar\/2021\/?p=133691"]}]},{"@type":"ImageObject","inLanguage":"es","@id":"https:\/\/www.noticiasradioreflejos.com.ar\/2021\/?p=133691#primaryimage","url":"https:\/\/www.noticiasradioreflejos.com.ar\/2021\/wp-content\/uploads\/2023\/02\/ventas.jpg","contentUrl":"https:\/\/www.noticiasradioreflejos.com.ar\/2021\/wp-content\/uploads\/2023\/02\/ventas.jpg","width":992,"height":580},{"@type":"BreadcrumbList","@id":"https:\/\/www.noticiasradioreflejos.com.ar\/2021\/?p=133691#breadcrumb","itemListElement":[{"@type":"ListItem","position":1,"name":"Portada","item":"https:\/\/www.noticiasradioreflejos.com.ar\/2021\/"},{"@type":"ListItem","position":2,"name":"Consumo en ca\u00edda libre: las ventas minoristas pyme se desplomaron un 5,6% en febrero"}]},{"@type":"WebSite","@id":"https:\/\/www.noticiasradioreflejos.com.ar\/2021\/#website","url":"https:\/\/www.noticiasradioreflejos.com.ar\/2021\/","name":"Noticias Radio Reflejos","description":"Las noticias de mi comarca","potentialAction":[{"@type":"SearchAction","target":{"@type":"EntryPoint","urlTemplate":"https:\/\/www.noticiasradioreflejos.com.ar\/2021\/?s={search_term_string}"},"query-input":{"@type":"PropertyValueSpecification","valueRequired":true,"valueName":"search_term_string"}}],"inLanguage":"es"},{"@type":"Person","@id":"https:\/\/www.noticiasradioreflejos.com.ar\/2021\/#\/schema\/person\/ad82545263dcc5ec0996818884fd5fb1","name":"Arnaldo Botto","image":{"@type":"ImageObject","inLanguage":"es","@id":"https:\/\/www.noticiasradioreflejos.com.ar\/2021\/#\/schema\/person\/image\/","url":"https:\/\/secure.gravatar.com\/avatar\/55cb5e37c1efa326397366e6974cb338056df65cb50e7d64d1cf314e87504837?s=96&d=mm&r=g","contentUrl":"https:\/\/secure.gravatar.com\/avatar\/55cb5e37c1efa326397366e6974cb338056df65cb50e7d64d1cf314e87504837?s=96&d=mm&r=g","caption":"Arnaldo Botto"},"url":"https:\/\/www.noticiasradioreflejos.com.ar\/2021\/author\/arnaldo\/"}]}},"_links":{"self":[{"href":"https:\/\/www.noticiasradioreflejos.com.ar\/2021\/wp-json\/wp\/v2\/posts\/133691","targetHints":{"allow":["GET"]}}],"collection":[{"href":"https:\/\/www.noticiasradioreflejos.com.ar\/2021\/wp-json\/wp\/v2\/posts"}],"about":[{"href":"https:\/\/www.noticiasradioreflejos.com.ar\/2021\/wp-json\/wp\/v2\/types\/post"}],"author":[{"embeddable":true,"href":"https:\/\/www.noticiasradioreflejos.com.ar\/2021\/wp-json\/wp\/v2\/users\/3"}],"replies":[{"embeddable":true,"href":"https:\/\/www.noticiasradioreflejos.com.ar\/2021\/wp-json\/wp\/v2\/comments?post=133691"}],"version-history":[{"count":0,"href":"https:\/\/www.noticiasradioreflejos.com.ar\/2021\/wp-json\/wp\/v2\/posts\/133691\/revisions"}],"wp:featuredmedia":[{"embeddable":true,"href":"https:\/\/www.noticiasradioreflejos.com.ar\/2021\/wp-json\/wp\/v2\/media\/83623"}],"wp:attachment":[{"href":"https:\/\/www.noticiasradioreflejos.com.ar\/2021\/wp-json\/wp\/v2\/media?parent=133691"}],"wp:term":[{"taxonomy":"category","embeddable":true,"href":"https:\/\/www.noticiasradioreflejos.com.ar\/2021\/wp-json\/wp\/v2\/categories?post=133691"},{"taxonomy":"post_tag","embeddable":true,"href":"https:\/\/www.noticiasradioreflejos.com.ar\/2021\/wp-json\/wp\/v2\/tags?post=133691"}],"curies":[{"name":"wp","href":"https:\/\/api.w.org\/{rel}","templated":true}]}}