{"id":13307,"date":"2017-08-10T08:20:43","date_gmt":"2017-08-10T11:20:43","guid":{"rendered":"http:\/\/www.noticiasradioreflejos.com.ar\/noticias\/?p=13307"},"modified":"2017-08-10T08:20:43","modified_gmt":"2017-08-10T11:20:43","slug":"1pais-tornquist-cerro-junto-a-sergio-massa-la-campana-en-bahia-blanca","status":"publish","type":"post","link":"https:\/\/www.noticiasradioreflejos.com.ar\/2021\/1pais-tornquist-cerro-junto-a-sergio-massa-la-campana-en-bahia-blanca\/","title":{"rendered":"1Pa\u00eds Tornquist cerr\u00f3 junto a Sergio Massa la campa\u00f1a en Bah\u00eda Blanca."},"content":{"rendered":"<p><a title=\"IMG-20170809-WA0016\" href=\"http:\/\/farm5.staticflickr.com\/4432\/36342060061_a18c7ffa4a.jpg\" rel=\"\"><img loading=\"lazy\" decoding=\"async\" class=\"alignleft\" style=\"float: left;\" title=\"IMG-20170809-WA0016\" src=\"http:\/\/farm5.staticflickr.com\/4432\/36342060061_a18c7ffa4a.jpg\" alt=\"IMG-20170809-WA0016\" width=\"500\" height=\"442\" \/><\/a>Referentes y candidatos locales viajaron a la ciudad de Bah\u00eda Blanca para participar del lanzamiento del Programa Econ\u00f3mico Urgente presentado por los economistas Roberto Lavagna, Jos\u00e9 Ignacio De Mendiguren, Marco Lavagna y Jorge Sarghini.<br \/>\nJunto a ellos estuvieron presentes Margarita Stolbizer y Sergio Massa quienes en el Sal\u00f3n Blanco del Club Argentino dieron por concluida la campa\u00f1a en el interior bonaerense.<!--more--><br \/>\nAl finalizar el acto Sergio Massa mantuvo charlas con los referentes y candidatos a concejales y adelant\u00f3 para despu\u00e9s de la PASO visitar cada uno de los distritos de la sexta secci\u00f3n.<br \/>\nOscar Scharff, Sergio Pettorosso, Carlos Dana, Carla Pollio, junto a Juan Salinas, Ana Bedouret y Marcela Sambucetti, acompa\u00f1aron la delegaci\u00f3n de Tornquist.<br \/>\nDurante el acto estuvieron acompa\u00f1ados por la Diputada Provincial Mar\u00eda Marta Corrado y dem\u00e1s legisladores de la secci\u00f3n.<br \/>\n<a title=\"IMG-20170809-WA0034\" href=\"http:\/\/farm5.staticflickr.com\/4339\/36342059921_484a4353c1_z.jpg\" rel=\"\"><img loading=\"lazy\" decoding=\"async\" class=\"aligncenter\" title=\"IMG-20170809-WA0034\" src=\"http:\/\/farm5.staticflickr.com\/4339\/36342059921_484a4353c1_z.jpg\" alt=\"IMG-20170809-WA0034\" width=\"640\" height=\"420\" \/><\/a><a title=\"IMG-20170809-WA0042\" href=\"http:\/\/farm5.staticflickr.com\/4338\/36342059811_c367d72366_z.jpg\" rel=\"\"><img loading=\"lazy\" decoding=\"async\" class=\"aligncenter\" title=\"IMG-20170809-WA0042\" src=\"http:\/\/farm5.staticflickr.com\/4338\/36342059811_c367d72366_z.jpg\" alt=\"IMG-20170809-WA0042\" width=\"640\" height=\"480\" \/><\/a><a title=\"IMG-20170809-WA0044\" href=\"http:\/\/farm5.staticflickr.com\/4424\/36342059711_9808c2bed7_z.jpg\" rel=\"\"><img loading=\"lazy\" decoding=\"async\" class=\"aligncenter\" title=\"IMG-20170809-WA0044\" src=\"http:\/\/farm5.staticflickr.com\/4424\/36342059711_9808c2bed7_z.jpg\" alt=\"IMG-20170809-WA0044\" width=\"640\" height=\"480\" \/><\/a><br \/>\nPRENSA 1PAIS<br \/>\nTORNQUIST<\/p>\n","protected":false},"excerpt":{"rendered":"<p>Referentes y candidatos locales viajaron a la ciudad de Bah\u00eda Blanca para participar del lanzamiento del Programa Econ\u00f3mico Urgente presentado por los economistas Roberto Lavagna, Jos\u00e9 Ignacio De Mendiguren, Marco Lavagna y Jorge Sarghini. Junto a ellos estuvieron presentes Margarita Stolbizer y Sergio Massa quienes en el Sal\u00f3n Blanco del Club Argentino dieron por concluida [&hellip;]<\/p>\n","protected":false},"author":3,"featured_media":0,"comment_status":"closed","ping_status":"open","sticky":false,"template":"","format":"standard","meta":{"footnotes":""},"categories":[24],"tags":[],"class_list":["post-13307","post","type-post","status-publish","format-standard","hentry","category-politica"],"yoast_head":"<!-- This site is optimized with the Yoast SEO plugin v25.9 - https:\/\/yoast.com\/wordpress\/plugins\/seo\/ -->\n<title>1Pa\u00eds Tornquist cerr\u00f3 junto a Sergio Massa la campa\u00f1a en Bah\u00eda Blanca. - Noticias Radio Reflejos<\/title>\n<meta name=\"robots\" content=\"index, follow, max-snippet:-1, max-image-preview:large, max-video-preview:-1\" \/>\n<link rel=\"canonical\" href=\"https:\/\/www.noticiasradioreflejos.com.ar\/2021\/1pais-tornquist-cerro-junto-a-sergio-massa-la-campana-en-bahia-blanca\/\" \/>\n<meta property=\"og:locale\" content=\"es_ES\" \/>\n<meta property=\"og:type\" content=\"article\" \/>\n<meta property=\"og:title\" content=\"1Pa\u00eds Tornquist cerr\u00f3 junto a Sergio Massa la campa\u00f1a en Bah\u00eda Blanca. - Noticias Radio Reflejos\" \/>\n<meta property=\"og:description\" content=\"Referentes y candidatos locales viajaron a la ciudad de Bah\u00eda Blanca para participar del lanzamiento del Programa Econ\u00f3mico Urgente presentado por los economistas Roberto Lavagna, Jos\u00e9 Ignacio De Mendiguren, Marco Lavagna y Jorge Sarghini. Junto a ellos estuvieron presentes Margarita Stolbizer y Sergio Massa quienes en el Sal\u00f3n Blanco del Club Argentino dieron por concluida [&hellip;]\" \/>\n<meta property=\"og:url\" content=\"https:\/\/www.noticiasradioreflejos.com.ar\/2021\/1pais-tornquist-cerro-junto-a-sergio-massa-la-campana-en-bahia-blanca\/\" \/>\n<meta property=\"og:site_name\" content=\"Noticias Radio Reflejos\" \/>\n<meta property=\"article:published_time\" content=\"2017-08-10T11:20:43+00:00\" \/>\n<meta property=\"og:image\" content=\"http:\/\/farm5.staticflickr.com\/4432\/36342060061_a18c7ffa4a.jpg\" \/>\n<meta name=\"author\" content=\"Arnaldo Botto\" \/>\n<meta name=\"twitter:card\" content=\"summary_large_image\" \/>\n<script type=\"application\/ld+json\" class=\"yoast-schema-graph\">{\"@context\":\"https:\/\/schema.org\",\"@graph\":[{\"@type\":\"WebPage\",\"@id\":\"https:\/\/www.noticiasradioreflejos.com.ar\/2021\/1pais-tornquist-cerro-junto-a-sergio-massa-la-campana-en-bahia-blanca\/\",\"url\":\"https:\/\/www.noticiasradioreflejos.com.ar\/2021\/1pais-tornquist-cerro-junto-a-sergio-massa-la-campana-en-bahia-blanca\/\",\"name\":\"1Pa\u00eds Tornquist cerr\u00f3 junto a Sergio Massa la campa\u00f1a en Bah\u00eda Blanca. - Noticias Radio Reflejos\",\"isPartOf\":{\"@id\":\"https:\/\/www.noticiasradioreflejos.com.ar\/2021\/#website\"},\"primaryImageOfPage\":{\"@id\":\"https:\/\/www.noticiasradioreflejos.com.ar\/2021\/1pais-tornquist-cerro-junto-a-sergio-massa-la-campana-en-bahia-blanca\/#primaryimage\"},\"image\":{\"@id\":\"https:\/\/www.noticiasradioreflejos.com.ar\/2021\/1pais-tornquist-cerro-junto-a-sergio-massa-la-campana-en-bahia-blanca\/#primaryimage\"},\"thumbnailUrl\":\"http:\/\/farm5.staticflickr.com\/4432\/36342060061_a18c7ffa4a.jpg\",\"datePublished\":\"2017-08-10T11:20:43+00:00\",\"author\":{\"@id\":\"https:\/\/www.noticiasradioreflejos.com.ar\/2021\/#\/schema\/person\/ad82545263dcc5ec0996818884fd5fb1\"},\"breadcrumb\":{\"@id\":\"https:\/\/www.noticiasradioreflejos.com.ar\/2021\/1pais-tornquist-cerro-junto-a-sergio-massa-la-campana-en-bahia-blanca\/#breadcrumb\"},\"inLanguage\":\"es\",\"potentialAction\":[{\"@type\":\"ReadAction\",\"target\":[\"https:\/\/www.noticiasradioreflejos.com.ar\/2021\/1pais-tornquist-cerro-junto-a-sergio-massa-la-campana-en-bahia-blanca\/\"]}]},{\"@type\":\"ImageObject\",\"inLanguage\":\"es\",\"@id\":\"https:\/\/www.noticiasradioreflejos.com.ar\/2021\/1pais-tornquist-cerro-junto-a-sergio-massa-la-campana-en-bahia-blanca\/#primaryimage\",\"url\":\"http:\/\/farm5.staticflickr.com\/4432\/36342060061_a18c7ffa4a.jpg\",\"contentUrl\":\"http:\/\/farm5.staticflickr.com\/4432\/36342060061_a18c7ffa4a.jpg\"},{\"@type\":\"BreadcrumbList\",\"@id\":\"https:\/\/www.noticiasradioreflejos.com.ar\/2021\/1pais-tornquist-cerro-junto-a-sergio-massa-la-campana-en-bahia-blanca\/#breadcrumb\",\"itemListElement\":[{\"@type\":\"ListItem\",\"position\":1,\"name\":\"Portada\",\"item\":\"https:\/\/www.noticiasradioreflejos.com.ar\/2021\/\"},{\"@type\":\"ListItem\",\"position\":2,\"name\":\"1Pa\u00eds Tornquist cerr\u00f3 junto a Sergio Massa la campa\u00f1a en Bah\u00eda Blanca.\"}]},{\"@type\":\"WebSite\",\"@id\":\"https:\/\/www.noticiasradioreflejos.com.ar\/2021\/#website\",\"url\":\"https:\/\/www.noticiasradioreflejos.com.ar\/2021\/\",\"name\":\"Noticias Radio Reflejos\",\"description\":\"Las noticias de mi comarca\",\"potentialAction\":[{\"@type\":\"SearchAction\",\"target\":{\"@type\":\"EntryPoint\",\"urlTemplate\":\"https:\/\/www.noticiasradioreflejos.com.ar\/2021\/?s={search_term_string}\"},\"query-input\":{\"@type\":\"PropertyValueSpecification\",\"valueRequired\":true,\"valueName\":\"search_term_string\"}}],\"inLanguage\":\"es\"},{\"@type\":\"Person\",\"@id\":\"https:\/\/www.noticiasradioreflejos.com.ar\/2021\/#\/schema\/person\/ad82545263dcc5ec0996818884fd5fb1\",\"name\":\"Arnaldo Botto\",\"image\":{\"@type\":\"ImageObject\",\"inLanguage\":\"es\",\"@id\":\"https:\/\/www.noticiasradioreflejos.com.ar\/2021\/#\/schema\/person\/image\/\",\"url\":\"https:\/\/secure.gravatar.com\/avatar\/55cb5e37c1efa326397366e6974cb338056df65cb50e7d64d1cf314e87504837?s=96&d=mm&r=g\",\"contentUrl\":\"https:\/\/secure.gravatar.com\/avatar\/55cb5e37c1efa326397366e6974cb338056df65cb50e7d64d1cf314e87504837?s=96&d=mm&r=g\",\"caption\":\"Arnaldo Botto\"},\"url\":\"https:\/\/www.noticiasradioreflejos.com.ar\/2021\/author\/arnaldo\/\"}]}<\/script>\n<!-- \/ Yoast SEO plugin. -->","yoast_head_json":{"title":"1Pa\u00eds Tornquist cerr\u00f3 junto a Sergio Massa la campa\u00f1a en Bah\u00eda Blanca. - Noticias Radio Reflejos","robots":{"index":"index","follow":"follow","max-snippet":"max-snippet:-1","max-image-preview":"max-image-preview:large","max-video-preview":"max-video-preview:-1"},"canonical":"https:\/\/www.noticiasradioreflejos.com.ar\/2021\/1pais-tornquist-cerro-junto-a-sergio-massa-la-campana-en-bahia-blanca\/","og_locale":"es_ES","og_type":"article","og_title":"1Pa\u00eds Tornquist cerr\u00f3 junto a Sergio Massa la campa\u00f1a en Bah\u00eda Blanca. - Noticias Radio Reflejos","og_description":"Referentes y candidatos locales viajaron a la ciudad de Bah\u00eda Blanca para participar del lanzamiento del Programa Econ\u00f3mico Urgente presentado por los economistas Roberto Lavagna, Jos\u00e9 Ignacio De Mendiguren, Marco Lavagna y Jorge Sarghini. Junto a ellos estuvieron presentes Margarita Stolbizer y Sergio Massa quienes en el Sal\u00f3n Blanco del Club Argentino dieron por concluida [&hellip;]","og_url":"https:\/\/www.noticiasradioreflejos.com.ar\/2021\/1pais-tornquist-cerro-junto-a-sergio-massa-la-campana-en-bahia-blanca\/","og_site_name":"Noticias Radio Reflejos","article_published_time":"2017-08-10T11:20:43+00:00","og_image":[{"url":"http:\/\/farm5.staticflickr.com\/4432\/36342060061_a18c7ffa4a.jpg","type":"","width":"","height":""}],"author":"Arnaldo Botto","twitter_card":"summary_large_image","schema":{"@context":"https:\/\/schema.org","@graph":[{"@type":"WebPage","@id":"https:\/\/www.noticiasradioreflejos.com.ar\/2021\/1pais-tornquist-cerro-junto-a-sergio-massa-la-campana-en-bahia-blanca\/","url":"https:\/\/www.noticiasradioreflejos.com.ar\/2021\/1pais-tornquist-cerro-junto-a-sergio-massa-la-campana-en-bahia-blanca\/","name":"1Pa\u00eds Tornquist cerr\u00f3 junto a Sergio Massa la campa\u00f1a en Bah\u00eda Blanca. - Noticias Radio Reflejos","isPartOf":{"@id":"https:\/\/www.noticiasradioreflejos.com.ar\/2021\/#website"},"primaryImageOfPage":{"@id":"https:\/\/www.noticiasradioreflejos.com.ar\/2021\/1pais-tornquist-cerro-junto-a-sergio-massa-la-campana-en-bahia-blanca\/#primaryimage"},"image":{"@id":"https:\/\/www.noticiasradioreflejos.com.ar\/2021\/1pais-tornquist-cerro-junto-a-sergio-massa-la-campana-en-bahia-blanca\/#primaryimage"},"thumbnailUrl":"http:\/\/farm5.staticflickr.com\/4432\/36342060061_a18c7ffa4a.jpg","datePublished":"2017-08-10T11:20:43+00:00","author":{"@id":"https:\/\/www.noticiasradioreflejos.com.ar\/2021\/#\/schema\/person\/ad82545263dcc5ec0996818884fd5fb1"},"breadcrumb":{"@id":"https:\/\/www.noticiasradioreflejos.com.ar\/2021\/1pais-tornquist-cerro-junto-a-sergio-massa-la-campana-en-bahia-blanca\/#breadcrumb"},"inLanguage":"es","potentialAction":[{"@type":"ReadAction","target":["https:\/\/www.noticiasradioreflejos.com.ar\/2021\/1pais-tornquist-cerro-junto-a-sergio-massa-la-campana-en-bahia-blanca\/"]}]},{"@type":"ImageObject","inLanguage":"es","@id":"https:\/\/www.noticiasradioreflejos.com.ar\/2021\/1pais-tornquist-cerro-junto-a-sergio-massa-la-campana-en-bahia-blanca\/#primaryimage","url":"http:\/\/farm5.staticflickr.com\/4432\/36342060061_a18c7ffa4a.jpg","contentUrl":"http:\/\/farm5.staticflickr.com\/4432\/36342060061_a18c7ffa4a.jpg"},{"@type":"BreadcrumbList","@id":"https:\/\/www.noticiasradioreflejos.com.ar\/2021\/1pais-tornquist-cerro-junto-a-sergio-massa-la-campana-en-bahia-blanca\/#breadcrumb","itemListElement":[{"@type":"ListItem","position":1,"name":"Portada","item":"https:\/\/www.noticiasradioreflejos.com.ar\/2021\/"},{"@type":"ListItem","position":2,"name":"1Pa\u00eds Tornquist cerr\u00f3 junto a Sergio Massa la campa\u00f1a en Bah\u00eda Blanca."}]},{"@type":"WebSite","@id":"https:\/\/www.noticiasradioreflejos.com.ar\/2021\/#website","url":"https:\/\/www.noticiasradioreflejos.com.ar\/2021\/","name":"Noticias Radio Reflejos","description":"Las noticias de mi comarca","potentialAction":[{"@type":"SearchAction","target":{"@type":"EntryPoint","urlTemplate":"https:\/\/www.noticiasradioreflejos.com.ar\/2021\/?s={search_term_string}"},"query-input":{"@type":"PropertyValueSpecification","valueRequired":true,"valueName":"search_term_string"}}],"inLanguage":"es"},{"@type":"Person","@id":"https:\/\/www.noticiasradioreflejos.com.ar\/2021\/#\/schema\/person\/ad82545263dcc5ec0996818884fd5fb1","name":"Arnaldo Botto","image":{"@type":"ImageObject","inLanguage":"es","@id":"https:\/\/www.noticiasradioreflejos.com.ar\/2021\/#\/schema\/person\/image\/","url":"https:\/\/secure.gravatar.com\/avatar\/55cb5e37c1efa326397366e6974cb338056df65cb50e7d64d1cf314e87504837?s=96&d=mm&r=g","contentUrl":"https:\/\/secure.gravatar.com\/avatar\/55cb5e37c1efa326397366e6974cb338056df65cb50e7d64d1cf314e87504837?s=96&d=mm&r=g","caption":"Arnaldo Botto"},"url":"https:\/\/www.noticiasradioreflejos.com.ar\/2021\/author\/arnaldo\/"}]}},"_links":{"self":[{"href":"https:\/\/www.noticiasradioreflejos.com.ar\/2021\/wp-json\/wp\/v2\/posts\/13307","targetHints":{"allow":["GET"]}}],"collection":[{"href":"https:\/\/www.noticiasradioreflejos.com.ar\/2021\/wp-json\/wp\/v2\/posts"}],"about":[{"href":"https:\/\/www.noticiasradioreflejos.com.ar\/2021\/wp-json\/wp\/v2\/types\/post"}],"author":[{"embeddable":true,"href":"https:\/\/www.noticiasradioreflejos.com.ar\/2021\/wp-json\/wp\/v2\/users\/3"}],"replies":[{"embeddable":true,"href":"https:\/\/www.noticiasradioreflejos.com.ar\/2021\/wp-json\/wp\/v2\/comments?post=13307"}],"version-history":[{"count":0,"href":"https:\/\/www.noticiasradioreflejos.com.ar\/2021\/wp-json\/wp\/v2\/posts\/13307\/revisions"}],"wp:attachment":[{"href":"https:\/\/www.noticiasradioreflejos.com.ar\/2021\/wp-json\/wp\/v2\/media?parent=13307"}],"wp:term":[{"taxonomy":"category","embeddable":true,"href":"https:\/\/www.noticiasradioreflejos.com.ar\/2021\/wp-json\/wp\/v2\/categories?post=13307"},{"taxonomy":"post_tag","embeddable":true,"href":"https:\/\/www.noticiasradioreflejos.com.ar\/2021\/wp-json\/wp\/v2\/tags?post=13307"}],"curies":[{"name":"wp","href":"https:\/\/api.w.org\/{rel}","templated":true}]}}