{"id":13303,"date":"2017-08-10T08:10:34","date_gmt":"2017-08-10T11:10:34","guid":{"rendered":"http:\/\/www.noticiasradioreflejos.com.ar\/noticias\/?p=13303"},"modified":"2017-08-10T08:10:34","modified_gmt":"2017-08-10T11:10:34","slug":"diez-familias-de-saldungaray-obtendran-la-escritura-de-su-vivienda-luego-de-mas-de-30-anos-de-espera","status":"publish","type":"post","link":"https:\/\/www.noticiasradioreflejos.com.ar\/2021\/diez-familias-de-saldungaray-obtendran-la-escritura-de-su-vivienda-luego-de-mas-de-30-anos-de-espera\/","title":{"rendered":"Diez familias de Saldungaray obtendr\u00e1n la escritura de su vivienda luego de m\u00e1s de 30 a\u00f1os de espera"},"content":{"rendered":"<p>En la noche de este martes en el Concejo Deliberante fue aprobado por unanimidad el Expediente N\u00b0 4114-112\/15: \u201cRegularizaci\u00f3n Dominial: Solicitud de regularizar situaci\u00f3n dominial de la Mz. 67- 10 viviendas \u2013 de la localidad de Saldungaray. Pdo. de Tornquist\u201d.<!--more--><br \/>\nDe esta manera, diez familias de Saldungaray obtendr\u00e1n la escritura de su vivienda, cada una de ellas ubicadas en el denominado barrio \u2018Municipal\u2019 (Manzana 67) construido hace unos 37 a\u00f1os.<br \/>\n\u201cEs una la alegr\u00eda poder llegar a formalizar y estar a un paso de darle la escritura a esas familias. Es un paso trascendental. Se sigui\u00f3 lo que se ven\u00eda haciendo, se complement\u00f3 y las escrituras est\u00e1n por salir\u201d, manifest\u00f3 el Presidente del HCD, Gustavo Moroncini.<br \/>\n\u201cEs una necesidad de la gente contar con la escritura, porque sirve para muchos tr\u00e1mites y cuando no la tiene se complica; pero tambi\u00e9n tenerla a veces pasa por el s\u00f3lo hecho de poder decir \u2018soy el due\u00f1o de la vivienda\u2019\u201d, a\u00f1adi\u00f3.<br \/>\nPor su parte, Germ\u00e1n De Larena (Cambiemos) asegur\u00f3 que se trata de \u201cun reclamo de los vecinos de ese barrio de hace much\u00edsimo tiempo, ubicado frente al Club Porte\u00f1o entre la calles Pellegrini y La Plata\u201d. \u201cMucha gente ya no est\u00e1, ahora quedan sus familiares. Es un pasito m\u00e1s\u201d, indic\u00f3.<br \/>\n\u201cNi siquiera las tierras estaban a nombre de la municipalidad\u201d, dijo adem\u00e1s y se\u00f1al\u00f3 que \u201ccomo este caso hay muchos\u201d.<br \/>\nSiguiendo en el tema de tierras, De Larena se refiri\u00f3 a las repercusiones que arroj\u00f3 la aprobaci\u00f3n de la utilizaci\u00f3n de parcelas del predio de la Casa Mar\u00eda Auxiliadora para la construcci\u00f3n de viviendas.<br \/>\n\u201cFue un tema bastante debatido, m\u00e1s que nada en las redes sociales, pero nosotros no dudamos en ning\u00fan momento en aprobar el proyecto porque la de viviendas es la necesidad m\u00e1s importante\u201d, considero y agreg\u00f3 que \u201cm\u00e1s all\u00e1 de que son v\u00e1lido otros proyectos a realizar en los lotes en cuesti\u00f3n, los recursos de la municipalidad son escasos y hay que establecer prioridades\u201d. \u201cNos reunimos con vecinos, les explicamos nuestra postura y estamos convencidos de que es lo que hab\u00eda que hacer\u201d, dijo.<br \/>\nINCREMENTO SALARIAL A LOS EMPLEADOS MUNICIPALES<br \/>\nEn la sesi\u00f3n extraordinaria tambi\u00e9n se aprob\u00f3 un incremento salarial para los empleados municipales que consta de un 5% al b\u00e1sico y una remuneraci\u00f3n del 5% por \u00fanica vez para el mes en curso.<br \/>\nANT\u00d3N SOLICIT\u00d3 UNA REUNI\u00d3N CON LAS COOPERATIVAS EL\u00c9CTRICAS<br \/>\nPor \u00faltimo, el concejal del Frente para la Victoria V\u00edctor Ant\u00f3n solicit\u00f3 una reuni\u00f3n con las cooperativas el\u00e9ctricas del distrito frente a los importantes incrementos del servicio de luz.<br \/>\n\u201cVemos que a muchos vecinos les ha llegado duplicada la boleta de luz, es una situaci\u00f3n dif\u00edcil porque tambi\u00e9n estamos sufriendo el aumento del gas, donde han legado boletas desorbitantes\u00bb, expres\u00f3 el edil peronista.<br \/>\n\u201cA jubilados que tiene la m\u00ednima de $6600 les llegan boletas de gas de $3000 y de $2000 de luz, y ahora que ya no tienen los medicamentos \u00bfc\u00f3mo hacen para sobrevivir?, es una situaci\u00f3n complicada\u201d, a\u00f1adi\u00f3.<br \/>\nAnt\u00f3n sostuvo que \u201cadem\u00e1s de las cooperativas el\u00e9ctricas, consideramos que en la reuni\u00f3n tiene que haber alguien de la Secretar\u00eda Acci\u00f3n Social, porque estas tarifas van a impactar en todas nuestras instituciones\u201d.<br \/>\n\u201cLuego de que tengamos la reuni\u00f3n vamos a poder tener un pantallazo m\u00e1s importante de c\u00f3mo va a impactar y saber si desde el municipio podemos hacer algo para ayudar a aquellos que est\u00e9n m\u00e1s desprotegidos\u201d, concluy\u00f3.<br \/>\nLA PRESIDENCIA DEL HCD DESDE DICIEMBRE<br \/>\nLuego de la renovaci\u00f3n de la mitad de las bancas, se volver\u00e1n a elegir las autoridades del HCD y el actual presidente del cuerpo, Gustavo Moroncini sostuvo al respecto: \u201cestoy ac\u00e1 para servir, si el intendente le sirvo en donde estoy bien y si no se ver\u00e1\u201d.<br \/>\n\u201cSi hay alguien con otra impronta, en buena hora que venga; y si tengo que seguir lo voy a hacer de la misma manera como lo vengo haciendo ahora\u201d, cerr\u00f3.<br \/>\n<iframe loading=\"lazy\" src=\"https:\/\/w.soundcloud.com\/player\/?url=https%3A\/\/api.soundcloud.com\/tracks\/337276626&amp;color=ff5500&amp;auto_play=false&amp;hide_related=false&amp;show_comments=true&amp;show_user=true&amp;show_reposts=false\" width=\"100%\" height=\"166\" frameborder=\"no\" scrolling=\"no\"><\/iframe><br \/>\n<iframe loading=\"lazy\" src=\"https:\/\/w.soundcloud.com\/player\/?url=https%3A\/\/api.soundcloud.com\/tracks\/337276771&amp;color=ff5500&amp;auto_play=false&amp;hide_related=false&amp;show_comments=true&amp;show_user=true&amp;show_reposts=false\" width=\"100%\" height=\"166\" frameborder=\"no\" scrolling=\"no\"><\/iframe><br \/>\n<iframe loading=\"lazy\" src=\"https:\/\/w.soundcloud.com\/player\/?url=https%3A\/\/api.soundcloud.com\/tracks\/337276976&amp;color=ff5500&amp;auto_play=false&amp;hide_related=false&amp;show_comments=true&amp;show_user=true&amp;show_reposts=false\" width=\"100%\" height=\"166\" frameborder=\"no\" scrolling=\"no\"><\/iframe><\/p>\n","protected":false},"excerpt":{"rendered":"<p>En la noche de este martes en el Concejo Deliberante fue aprobado por unanimidad el Expediente N\u00b0 4114-112\/15: \u201cRegularizaci\u00f3n Dominial: Solicitud de regularizar situaci\u00f3n dominial de la Mz. 67- 10 viviendas \u2013 de la localidad de Saldungaray. Pdo. de Tornquist\u201d.<\/p>\n","protected":false},"author":3,"featured_media":0,"comment_status":"closed","ping_status":"open","sticky":false,"template":"","format":"standard","meta":{"footnotes":""},"categories":[24],"tags":[],"class_list":["post-13303","post","type-post","status-publish","format-standard","hentry","category-politica"],"yoast_head":"<!-- This site is optimized with the Yoast SEO plugin v25.9 - https:\/\/yoast.com\/wordpress\/plugins\/seo\/ -->\n<title>Diez familias de Saldungaray obtendr\u00e1n la escritura de su vivienda luego de m\u00e1s de 30 a\u00f1os de espera - Noticias Radio Reflejos<\/title>\n<meta name=\"robots\" content=\"index, follow, max-snippet:-1, max-image-preview:large, max-video-preview:-1\" \/>\n<link rel=\"canonical\" href=\"https:\/\/www.noticiasradioreflejos.com.ar\/2021\/diez-familias-de-saldungaray-obtendran-la-escritura-de-su-vivienda-luego-de-mas-de-30-anos-de-espera\/\" \/>\n<meta property=\"og:locale\" content=\"es_ES\" \/>\n<meta property=\"og:type\" content=\"article\" \/>\n<meta property=\"og:title\" content=\"Diez familias de Saldungaray obtendr\u00e1n la escritura de su vivienda luego de m\u00e1s de 30 a\u00f1os de espera - Noticias Radio Reflejos\" \/>\n<meta property=\"og:description\" content=\"En la noche de este martes en el Concejo Deliberante fue aprobado por unanimidad el Expediente N\u00b0 4114-112\/15: \u201cRegularizaci\u00f3n Dominial: Solicitud de regularizar situaci\u00f3n dominial de la Mz. 67- 10 viviendas \u2013 de la localidad de Saldungaray. Pdo. de Tornquist\u201d.\" \/>\n<meta property=\"og:url\" content=\"https:\/\/www.noticiasradioreflejos.com.ar\/2021\/diez-familias-de-saldungaray-obtendran-la-escritura-de-su-vivienda-luego-de-mas-de-30-anos-de-espera\/\" \/>\n<meta property=\"og:site_name\" content=\"Noticias Radio Reflejos\" \/>\n<meta property=\"article:published_time\" content=\"2017-08-10T11:10:34+00:00\" \/>\n<meta property=\"og:image\" content=\"https:\/\/www.noticiasradioreflejos.com.ar\/2021\/wp-content\/uploads\/2021\/07\/logosol300x200.png\" \/>\n\t<meta property=\"og:image:width\" content=\"300\" \/>\n\t<meta property=\"og:image:height\" content=\"200\" \/>\n\t<meta property=\"og:image:type\" content=\"image\/png\" \/>\n<meta name=\"author\" content=\"Arnaldo Botto\" \/>\n<meta name=\"twitter:card\" content=\"summary_large_image\" \/>\n<script type=\"application\/ld+json\" class=\"yoast-schema-graph\">{\"@context\":\"https:\/\/schema.org\",\"@graph\":[{\"@type\":\"WebPage\",\"@id\":\"https:\/\/www.noticiasradioreflejos.com.ar\/2021\/diez-familias-de-saldungaray-obtendran-la-escritura-de-su-vivienda-luego-de-mas-de-30-anos-de-espera\/\",\"url\":\"https:\/\/www.noticiasradioreflejos.com.ar\/2021\/diez-familias-de-saldungaray-obtendran-la-escritura-de-su-vivienda-luego-de-mas-de-30-anos-de-espera\/\",\"name\":\"Diez familias de Saldungaray obtendr\u00e1n la escritura de su vivienda luego de m\u00e1s de 30 a\u00f1os de espera - Noticias Radio Reflejos\",\"isPartOf\":{\"@id\":\"https:\/\/www.noticiasradioreflejos.com.ar\/2021\/#website\"},\"datePublished\":\"2017-08-10T11:10:34+00:00\",\"author\":{\"@id\":\"https:\/\/www.noticiasradioreflejos.com.ar\/2021\/#\/schema\/person\/ad82545263dcc5ec0996818884fd5fb1\"},\"breadcrumb\":{\"@id\":\"https:\/\/www.noticiasradioreflejos.com.ar\/2021\/diez-familias-de-saldungaray-obtendran-la-escritura-de-su-vivienda-luego-de-mas-de-30-anos-de-espera\/#breadcrumb\"},\"inLanguage\":\"es\",\"potentialAction\":[{\"@type\":\"ReadAction\",\"target\":[\"https:\/\/www.noticiasradioreflejos.com.ar\/2021\/diez-familias-de-saldungaray-obtendran-la-escritura-de-su-vivienda-luego-de-mas-de-30-anos-de-espera\/\"]}]},{\"@type\":\"BreadcrumbList\",\"@id\":\"https:\/\/www.noticiasradioreflejos.com.ar\/2021\/diez-familias-de-saldungaray-obtendran-la-escritura-de-su-vivienda-luego-de-mas-de-30-anos-de-espera\/#breadcrumb\",\"itemListElement\":[{\"@type\":\"ListItem\",\"position\":1,\"name\":\"Portada\",\"item\":\"https:\/\/www.noticiasradioreflejos.com.ar\/2021\/\"},{\"@type\":\"ListItem\",\"position\":2,\"name\":\"Diez familias de Saldungaray obtendr\u00e1n la escritura de su vivienda luego de m\u00e1s de 30 a\u00f1os de espera\"}]},{\"@type\":\"WebSite\",\"@id\":\"https:\/\/www.noticiasradioreflejos.com.ar\/2021\/#website\",\"url\":\"https:\/\/www.noticiasradioreflejos.com.ar\/2021\/\",\"name\":\"Noticias Radio Reflejos\",\"description\":\"Las noticias de mi comarca\",\"potentialAction\":[{\"@type\":\"SearchAction\",\"target\":{\"@type\":\"EntryPoint\",\"urlTemplate\":\"https:\/\/www.noticiasradioreflejos.com.ar\/2021\/?s={search_term_string}\"},\"query-input\":{\"@type\":\"PropertyValueSpecification\",\"valueRequired\":true,\"valueName\":\"search_term_string\"}}],\"inLanguage\":\"es\"},{\"@type\":\"Person\",\"@id\":\"https:\/\/www.noticiasradioreflejos.com.ar\/2021\/#\/schema\/person\/ad82545263dcc5ec0996818884fd5fb1\",\"name\":\"Arnaldo Botto\",\"image\":{\"@type\":\"ImageObject\",\"inLanguage\":\"es\",\"@id\":\"https:\/\/www.noticiasradioreflejos.com.ar\/2021\/#\/schema\/person\/image\/\",\"url\":\"https:\/\/secure.gravatar.com\/avatar\/55cb5e37c1efa326397366e6974cb338056df65cb50e7d64d1cf314e87504837?s=96&d=mm&r=g\",\"contentUrl\":\"https:\/\/secure.gravatar.com\/avatar\/55cb5e37c1efa326397366e6974cb338056df65cb50e7d64d1cf314e87504837?s=96&d=mm&r=g\",\"caption\":\"Arnaldo Botto\"},\"url\":\"https:\/\/www.noticiasradioreflejos.com.ar\/2021\/author\/arnaldo\/\"}]}<\/script>\n<!-- \/ Yoast SEO plugin. -->","yoast_head_json":{"title":"Diez familias de Saldungaray obtendr\u00e1n la escritura de su vivienda luego de m\u00e1s de 30 a\u00f1os de espera - Noticias Radio Reflejos","robots":{"index":"index","follow":"follow","max-snippet":"max-snippet:-1","max-image-preview":"max-image-preview:large","max-video-preview":"max-video-preview:-1"},"canonical":"https:\/\/www.noticiasradioreflejos.com.ar\/2021\/diez-familias-de-saldungaray-obtendran-la-escritura-de-su-vivienda-luego-de-mas-de-30-anos-de-espera\/","og_locale":"es_ES","og_type":"article","og_title":"Diez familias de Saldungaray obtendr\u00e1n la escritura de su vivienda luego de m\u00e1s de 30 a\u00f1os de espera - Noticias Radio Reflejos","og_description":"En la noche de este martes en el Concejo Deliberante fue aprobado por unanimidad el Expediente N\u00b0 4114-112\/15: \u201cRegularizaci\u00f3n Dominial: Solicitud de regularizar situaci\u00f3n dominial de la Mz. 67- 10 viviendas \u2013 de la localidad de Saldungaray. Pdo. de Tornquist\u201d.","og_url":"https:\/\/www.noticiasradioreflejos.com.ar\/2021\/diez-familias-de-saldungaray-obtendran-la-escritura-de-su-vivienda-luego-de-mas-de-30-anos-de-espera\/","og_site_name":"Noticias Radio Reflejos","article_published_time":"2017-08-10T11:10:34+00:00","og_image":[{"width":300,"height":200,"url":"https:\/\/www.noticiasradioreflejos.com.ar\/2021\/wp-content\/uploads\/2021\/07\/logosol300x200.png","type":"image\/png"}],"author":"Arnaldo Botto","twitter_card":"summary_large_image","schema":{"@context":"https:\/\/schema.org","@graph":[{"@type":"WebPage","@id":"https:\/\/www.noticiasradioreflejos.com.ar\/2021\/diez-familias-de-saldungaray-obtendran-la-escritura-de-su-vivienda-luego-de-mas-de-30-anos-de-espera\/","url":"https:\/\/www.noticiasradioreflejos.com.ar\/2021\/diez-familias-de-saldungaray-obtendran-la-escritura-de-su-vivienda-luego-de-mas-de-30-anos-de-espera\/","name":"Diez familias de Saldungaray obtendr\u00e1n la escritura de su vivienda luego de m\u00e1s de 30 a\u00f1os de espera - Noticias Radio Reflejos","isPartOf":{"@id":"https:\/\/www.noticiasradioreflejos.com.ar\/2021\/#website"},"datePublished":"2017-08-10T11:10:34+00:00","author":{"@id":"https:\/\/www.noticiasradioreflejos.com.ar\/2021\/#\/schema\/person\/ad82545263dcc5ec0996818884fd5fb1"},"breadcrumb":{"@id":"https:\/\/www.noticiasradioreflejos.com.ar\/2021\/diez-familias-de-saldungaray-obtendran-la-escritura-de-su-vivienda-luego-de-mas-de-30-anos-de-espera\/#breadcrumb"},"inLanguage":"es","potentialAction":[{"@type":"ReadAction","target":["https:\/\/www.noticiasradioreflejos.com.ar\/2021\/diez-familias-de-saldungaray-obtendran-la-escritura-de-su-vivienda-luego-de-mas-de-30-anos-de-espera\/"]}]},{"@type":"BreadcrumbList","@id":"https:\/\/www.noticiasradioreflejos.com.ar\/2021\/diez-familias-de-saldungaray-obtendran-la-escritura-de-su-vivienda-luego-de-mas-de-30-anos-de-espera\/#breadcrumb","itemListElement":[{"@type":"ListItem","position":1,"name":"Portada","item":"https:\/\/www.noticiasradioreflejos.com.ar\/2021\/"},{"@type":"ListItem","position":2,"name":"Diez familias de Saldungaray obtendr\u00e1n la escritura de su vivienda luego de m\u00e1s de 30 a\u00f1os de espera"}]},{"@type":"WebSite","@id":"https:\/\/www.noticiasradioreflejos.com.ar\/2021\/#website","url":"https:\/\/www.noticiasradioreflejos.com.ar\/2021\/","name":"Noticias Radio Reflejos","description":"Las noticias de mi comarca","potentialAction":[{"@type":"SearchAction","target":{"@type":"EntryPoint","urlTemplate":"https:\/\/www.noticiasradioreflejos.com.ar\/2021\/?s={search_term_string}"},"query-input":{"@type":"PropertyValueSpecification","valueRequired":true,"valueName":"search_term_string"}}],"inLanguage":"es"},{"@type":"Person","@id":"https:\/\/www.noticiasradioreflejos.com.ar\/2021\/#\/schema\/person\/ad82545263dcc5ec0996818884fd5fb1","name":"Arnaldo Botto","image":{"@type":"ImageObject","inLanguage":"es","@id":"https:\/\/www.noticiasradioreflejos.com.ar\/2021\/#\/schema\/person\/image\/","url":"https:\/\/secure.gravatar.com\/avatar\/55cb5e37c1efa326397366e6974cb338056df65cb50e7d64d1cf314e87504837?s=96&d=mm&r=g","contentUrl":"https:\/\/secure.gravatar.com\/avatar\/55cb5e37c1efa326397366e6974cb338056df65cb50e7d64d1cf314e87504837?s=96&d=mm&r=g","caption":"Arnaldo Botto"},"url":"https:\/\/www.noticiasradioreflejos.com.ar\/2021\/author\/arnaldo\/"}]}},"_links":{"self":[{"href":"https:\/\/www.noticiasradioreflejos.com.ar\/2021\/wp-json\/wp\/v2\/posts\/13303","targetHints":{"allow":["GET"]}}],"collection":[{"href":"https:\/\/www.noticiasradioreflejos.com.ar\/2021\/wp-json\/wp\/v2\/posts"}],"about":[{"href":"https:\/\/www.noticiasradioreflejos.com.ar\/2021\/wp-json\/wp\/v2\/types\/post"}],"author":[{"embeddable":true,"href":"https:\/\/www.noticiasradioreflejos.com.ar\/2021\/wp-json\/wp\/v2\/users\/3"}],"replies":[{"embeddable":true,"href":"https:\/\/www.noticiasradioreflejos.com.ar\/2021\/wp-json\/wp\/v2\/comments?post=13303"}],"version-history":[{"count":0,"href":"https:\/\/www.noticiasradioreflejos.com.ar\/2021\/wp-json\/wp\/v2\/posts\/13303\/revisions"}],"wp:attachment":[{"href":"https:\/\/www.noticiasradioreflejos.com.ar\/2021\/wp-json\/wp\/v2\/media?parent=13303"}],"wp:term":[{"taxonomy":"category","embeddable":true,"href":"https:\/\/www.noticiasradioreflejos.com.ar\/2021\/wp-json\/wp\/v2\/categories?post=13303"},{"taxonomy":"post_tag","embeddable":true,"href":"https:\/\/www.noticiasradioreflejos.com.ar\/2021\/wp-json\/wp\/v2\/tags?post=13303"}],"curies":[{"name":"wp","href":"https:\/\/api.w.org\/{rel}","templated":true}]}}