{"id":13296,"date":"2017-08-09T15:42:11","date_gmt":"2017-08-09T18:42:11","guid":{"rendered":"http:\/\/www.noticiasradioreflejos.com.ar\/noticias\/?p=13296"},"modified":"2017-08-09T15:42:11","modified_gmt":"2017-08-09T18:42:11","slug":"informe-de-la-sesion-extraordinaria-del-8-de-agosto","status":"publish","type":"post","link":"https:\/\/www.noticiasradioreflejos.com.ar\/2021\/informe-de-la-sesion-extraordinaria-del-8-de-agosto\/","title":{"rendered":"Informe de la Sesi\u00f3n Extraordinaria del 8 de agosto."},"content":{"rendered":"<p>El d\u00eda martes 8 de agosto del corriente a\u00f1o, se realiz\u00f3 la Sesi\u00f3n Extraordinaria en el honorable concejo Deliberante de Tornquist, convocada por Decreto N\u00b0 12\/17.<br \/>\nLos temas tratados fueron los siguientes:<!--more--><br \/>\n<strong><u>Expte. N\u00b0 4114-112\/15:<\/u><\/strong><strong> \u201c<\/strong>Regularizaci\u00f3n Dominial: Solicitud de regularizar situaci\u00f3n dominial de la Mz. 67- 10 viviendas \u2013 de la localidad de Saldungaray. Pdo. de Tornquist\u201d.<br \/>\nSe aprueba por unanimidad la Ordenanza con el N\u00ba 2981\/17 por la que se individualiza a los adjudicatarios del Plan de Viviendas\u00a0 en la localidad de Saldungaray, Partido de Tornquist, ubicadas en la Circunscripci\u00f3n IX; Secci\u00f3n A; Mz. 67; Parcelas: 1 A \u2013 2 A \u2013 3 A \u2013 4 A \u2013 9 A -10 A \u2013 11 A \u2013 12 A \u2013 13 \u2013 14 y 15, a las siguientes personas:<\/p>\n<table width=\"631\">\n<tbody>\n<tr>\n<td width=\"46\">Circ<\/td>\n<td width=\"47\">Sec.<\/td>\n<td width=\"38\">Mz<\/td>\n<td width=\"47\">Pla<\/td>\n<td width=\"76\">Partida<\/td>\n<td width=\"57\">Casa N\u00ba<\/td>\n<td width=\"227\">Adjudicatario<\/td>\n<td width=\"95\">DNI<\/td>\n<\/tr>\n<tr>\n<td width=\"46\">IX<\/td>\n<td width=\"47\">A<\/td>\n<td width=\"38\">67<\/td>\n<td width=\"47\">1a<\/td>\n<td width=\"76\">1367<\/td>\n<td width=\"57\">3<\/td>\n<td width=\"227\">CARDOSO, Francisco Donato<\/td>\n<td width=\"95\">7.848.399<\/td>\n<\/tr>\n<tr>\n<td width=\"46\">IX<\/td>\n<td width=\"47\">A<\/td>\n<td width=\"38\">67<\/td>\n<td width=\"47\">15<\/td>\n<td width=\"76\">17173<\/td>\n<td width=\"57\">4<\/td>\n<td width=\"227\">LEGUIZA, Roberto Alejandro<\/td>\n<td width=\"95\">27.478.776<\/td>\n<\/tr>\n<tr>\n<td width=\"46\">IX<\/td>\n<td width=\"47\">A<\/td>\n<td width=\"38\">67<\/td>\n<td width=\"47\">2a<\/td>\n<td width=\"76\">17164<\/td>\n<td width=\"57\">2<\/td>\n<td width=\"227\">FRAIHAUT, Juan Rodolfo<\/td>\n<td width=\"95\">16.138.001<\/td>\n<\/tr>\n<tr>\n<td width=\"46\">IX<\/td>\n<td width=\"47\">A<\/td>\n<td width=\"38\">67<\/td>\n<td width=\"47\">3a<\/td>\n<td width=\"76\">17165<\/td>\n<td width=\"57\">1<\/td>\n<td width=\"227\">DUMRAUF, Marisa Daiana<\/td>\n<td width=\"95\">13.873.836<\/td>\n<\/tr>\n<tr>\n<td width=\"46\">IX<\/td>\n<td width=\"47\">A<\/td>\n<td width=\"38\">67<\/td>\n<td width=\"47\">9a<\/td>\n<td width=\"76\">17167<\/td>\n<td width=\"57\">10<\/td>\n<td width=\"227\">ROJAS, Miguel \u00c1ngel<\/td>\n<td width=\"95\">10.105.757<\/td>\n<\/tr>\n<tr>\n<td width=\"46\">IX<\/td>\n<td width=\"47\">A<\/td>\n<td width=\"38\">67<\/td>\n<td width=\"47\">10a<\/td>\n<td width=\"76\">17168<\/td>\n<td width=\"57\">9<\/td>\n<td width=\"227\">GANDOLFI, Zulema Esther<\/td>\n<td width=\"95\">3.189.274<\/td>\n<\/tr>\n<tr>\n<td width=\"46\">IX<\/td>\n<td width=\"47\">A<\/td>\n<td width=\"38\">67<\/td>\n<td width=\"47\">12a<\/td>\n<td width=\"76\">17170<\/td>\n<td width=\"57\">7<\/td>\n<td width=\"227\">LEOTTA, Lirio Salvador<\/td>\n<td width=\"95\">5.467.121<\/td>\n<\/tr>\n<tr>\n<td width=\"46\">IX<\/td>\n<td width=\"47\">A<\/td>\n<td width=\"38\">67<\/td>\n<td width=\"47\">11a<\/td>\n<td width=\"76\">17169<\/td>\n<td width=\"57\">8<\/td>\n<td width=\"227\">ETCHEVERRY, Juan Carlos<\/td>\n<td width=\"95\">5.467.132<\/td>\n<\/tr>\n<tr>\n<td width=\"46\">IX<\/td>\n<td width=\"47\">A<\/td>\n<td width=\"38\">67<\/td>\n<td width=\"47\">13<\/td>\n<td width=\"76\">17171<\/td>\n<td width=\"57\">6<\/td>\n<td width=\"227\">HEGUILEIN, Mar\u00eda Zulema<\/td>\n<td width=\"95\">4.430.109<\/td>\n<\/tr>\n<tr>\n<td width=\"46\">IX<\/td>\n<td width=\"47\">A<\/td>\n<td width=\"38\">67<\/td>\n<td width=\"47\">14<\/td>\n<td width=\"76\">17172<\/td>\n<td width=\"57\">5<\/td>\n<td width=\"227\">SANTINI, N\u00e9lida Emilia<\/td>\n<td width=\"95\">4.430.095<\/td>\n<\/tr>\n<\/tbody>\n<\/table>\n<p>&nbsp;<br \/>\nSe declara de Inter\u00e9s Social la escrituraci\u00f3n\u00a0 de los mencionados inmuebles a cada familia beneficiaria, en los t\u00e9rminos del Art\u00edculo 4\u00ba inciso d) de la Ley N\u00ba 10.830, para proceder ante la Escriban\u00eda General de Gobierno de la Provincia de Bs. Aires.-<br \/>\n&nbsp;<br \/>\n<strong><u>Expte. N\u00b0 014\/17:<\/u><\/strong> \u201cD.E.- Incremento Salarial\u201d.<br \/>\nSe aprueba por unanimidad la Ordenanza con el N\u00ba 2980\/17 por la que se otorga un incremento salarial del 5% (cinco por ciento) a partir del 1 de agosto de 2017, para todas las categor\u00edas de los sueldos del personal municipal. Se otorga \u00a0una BONIFICACI\u00d3N ESPECIAL de car\u00e1cter remunerativa\u00a0 equivalente al 5% (cinco por ciento) del sueldo b\u00e1sico, \u00fanicamente para el mes de agosto de 2017, para todo el personal municipal.<br \/>\nAlocuciones de los se\u00f1ores Concejales:<br \/>\nConcejal Sagredo M\u00f3nica:<br \/>\n\u201cQuiero expresar la alegr\u00eda por lo que acabamos de aprobar de la regularizaci\u00f3n dominial de estas diez viviendas de Saldungaray. Todos sabemos que hace unos 37 a\u00f1os que las familias est\u00e1n esperando poder tener sus escrituras, se ha trabajado mucho por poder lograrlo, desde la gesti\u00f3n anterior se hab\u00edan iniciado todos los tr\u00e1mites para lograr la escrituraci\u00f3n de las tierras a favor del municipio, para luego continuar, para llegar a lo que hoy estamos llegando. Evidentemente se ha tomado, se ha continuado y bueno, hoy estamos aprobando por unanimidad esto que es un paso m\u00e1s para que puedan llegar a tener las familias, ojal\u00e1 en poco tiempo las tan anheladas escrituras de sus viviendas. Nada m\u00e1s se\u00f1or Presidente\u201d.<br \/>\nConcejal Ant\u00f3n V\u00edctor:<br \/>\n\u201cBueno, yo quiero hacer referencia a una reuni\u00f3n que tenemos pendiente con la comisi\u00f3n directiva, perd\u00f3n, con el Consejo de Administraci\u00f3n de la Cooperativa El\u00e9ctrica, respecto de cu\u00e1l va a ser el impacto, era el t\u00f3pico de la reuni\u00f3n que hab\u00edamos solicitado, del aumento, el incremento en las tarifas de luz para nuestro distrito. Lamentablemente hemos visto que han llegado ya en estos d\u00edas boletas con importantes incrementos, pr\u00e1cticamente el doble, hoy en una conversaci\u00f3n con un empresario local que tiene ocho o nueve empleados me dec\u00eda que pr\u00e1cticamente el gasto en energ\u00eda el\u00e9ctrica le duplica lo que tiene que ver con sueldos de empleados, y no estamos ajenos tampoco a que han llegado boletas de gas de valores pr\u00e1cticamente impagables, por lo cual ser\u00eda importante tener una reuni\u00f3n con el Consejo de Administraci\u00f3n de Cooperativas, para ver si estos valores, es as\u00ed, si se van a mantener, o si hay alguna instancia judicial a la que se pueda acceder, y fundamentalmente pensando en los clubes, si en las instituciones, saber si todos est\u00e1n resguardados por la tarifa social, y en definitiva, desde el municipio c\u00f3mo podemos ayudar a las empresas locales y a los vecinos en general, que van a sufrir este problema, \u00bfno? Tenemos jubilados con la m\u00ednima, que ganan seis mil seiscientos pesos, al que le llega una boleta de luz de mil quinientos dos mil pesos, y una de gas de tres mil pesos no s\u00e9 c\u00f3mo va a hacer esa persona para sobrevivir, para solventar sus gastos de medicamentos, de alimentos, con lo cual deber\u00edamos hacer una reuni\u00f3n y si es necesario por ah\u00ed tambi\u00e9n que est\u00e9 gente de la Secretar\u00eda de Acci\u00f3n Social para ver si tenemos que hacer alg\u00fan tipo de intervenci\u00f3n desde el municipio para dar una mano a aquellos que no puedan abonar. Nada m\u00e1s se\u00f1or Presidente\u201d.<br \/>\nPresidente del H.C.D. Concejal Moroncini Gustavo:<br \/>\n\u201cAntes de poner a consideraci\u00f3n la moci\u00f3n, quer\u00eda preguntarle si corresponde que invitemos a todas la Cooperativas, o a la comisi\u00f3n de la Cooperativa de Tornquist, porque la anterior eran todas las Cooperativas\u201d.<br \/>\nConcejal Ant\u00f3n V\u00edctor:<br \/>\n\u201cSi puede ser con todas las Cooperativas fant\u00e1stico, con un representante de cada una\u201d.<br \/>\nSe aprueba por unanimidad la moci\u00f3n del Concejal.<br \/>\nConcejal Skolak Mar\u00eda Ofelia:<br \/>\n\u201cPresidente, le quer\u00eda solicitar una reuni\u00f3n con las autoridades de Salud y con las enfermeras abajo firmantes de la nota que se present\u00f3 en la Sesi\u00f3n anterior, dado que hab\u00edamos quedado en la Sesi\u00f3n anterior que si no hab\u00eda respuesta para la semana, en la semana que pas\u00f3, \u00edbamos a hacer la reuni\u00f3n. Nada m\u00e1s se\u00f1or Presidente\u201d.<br \/>\nSe aprueba por unanimidad la moci\u00f3n de la Concejal.<br \/>\nHONORABLE CONCEJO DELIBERANTE<\/p>\n","protected":false},"excerpt":{"rendered":"<p>El d\u00eda martes 8 de agosto del corriente a\u00f1o, se realiz\u00f3 la Sesi\u00f3n Extraordinaria en el honorable concejo Deliberante de Tornquist, convocada por Decreto N\u00b0 12\/17. Los temas tratados fueron los siguientes:<\/p>\n","protected":false},"author":3,"featured_media":0,"comment_status":"closed","ping_status":"open","sticky":false,"template":"","format":"standard","meta":{"footnotes":""},"categories":[28],"tags":[],"class_list":["post-13296","post","type-post","status-publish","format-standard","hentry","category-municipales"],"yoast_head":"<!-- This site is optimized with the Yoast SEO plugin v25.9 - https:\/\/yoast.com\/wordpress\/plugins\/seo\/ -->\n<title>Informe de la Sesi\u00f3n Extraordinaria del 8 de agosto. - Noticias Radio Reflejos<\/title>\n<meta name=\"robots\" content=\"index, follow, max-snippet:-1, max-image-preview:large, max-video-preview:-1\" \/>\n<link rel=\"canonical\" href=\"https:\/\/www.noticiasradioreflejos.com.ar\/2021\/informe-de-la-sesion-extraordinaria-del-8-de-agosto\/\" \/>\n<meta property=\"og:locale\" content=\"es_ES\" \/>\n<meta property=\"og:type\" content=\"article\" \/>\n<meta property=\"og:title\" content=\"Informe de la Sesi\u00f3n Extraordinaria del 8 de agosto. - Noticias Radio Reflejos\" \/>\n<meta property=\"og:description\" content=\"El d\u00eda martes 8 de agosto del corriente a\u00f1o, se realiz\u00f3 la Sesi\u00f3n Extraordinaria en el honorable concejo Deliberante de Tornquist, convocada por Decreto N\u00b0 12\/17. Los temas tratados fueron los siguientes:\" \/>\n<meta property=\"og:url\" content=\"https:\/\/www.noticiasradioreflejos.com.ar\/2021\/informe-de-la-sesion-extraordinaria-del-8-de-agosto\/\" \/>\n<meta property=\"og:site_name\" content=\"Noticias Radio Reflejos\" \/>\n<meta property=\"article:published_time\" content=\"2017-08-09T18:42:11+00:00\" \/>\n<meta property=\"og:image\" content=\"https:\/\/www.noticiasradioreflejos.com.ar\/2021\/wp-content\/uploads\/2021\/07\/logosol300x200.png\" \/>\n\t<meta property=\"og:image:width\" content=\"300\" \/>\n\t<meta property=\"og:image:height\" content=\"200\" \/>\n\t<meta property=\"og:image:type\" content=\"image\/png\" \/>\n<meta name=\"author\" content=\"Arnaldo Botto\" \/>\n<meta name=\"twitter:card\" content=\"summary_large_image\" \/>\n<script type=\"application\/ld+json\" class=\"yoast-schema-graph\">{\"@context\":\"https:\/\/schema.org\",\"@graph\":[{\"@type\":\"WebPage\",\"@id\":\"https:\/\/www.noticiasradioreflejos.com.ar\/2021\/informe-de-la-sesion-extraordinaria-del-8-de-agosto\/\",\"url\":\"https:\/\/www.noticiasradioreflejos.com.ar\/2021\/informe-de-la-sesion-extraordinaria-del-8-de-agosto\/\",\"name\":\"Informe de la Sesi\u00f3n Extraordinaria del 8 de agosto. - Noticias Radio Reflejos\",\"isPartOf\":{\"@id\":\"https:\/\/www.noticiasradioreflejos.com.ar\/2021\/#website\"},\"datePublished\":\"2017-08-09T18:42:11+00:00\",\"author\":{\"@id\":\"https:\/\/www.noticiasradioreflejos.com.ar\/2021\/#\/schema\/person\/ad82545263dcc5ec0996818884fd5fb1\"},\"breadcrumb\":{\"@id\":\"https:\/\/www.noticiasradioreflejos.com.ar\/2021\/informe-de-la-sesion-extraordinaria-del-8-de-agosto\/#breadcrumb\"},\"inLanguage\":\"es\",\"potentialAction\":[{\"@type\":\"ReadAction\",\"target\":[\"https:\/\/www.noticiasradioreflejos.com.ar\/2021\/informe-de-la-sesion-extraordinaria-del-8-de-agosto\/\"]}]},{\"@type\":\"BreadcrumbList\",\"@id\":\"https:\/\/www.noticiasradioreflejos.com.ar\/2021\/informe-de-la-sesion-extraordinaria-del-8-de-agosto\/#breadcrumb\",\"itemListElement\":[{\"@type\":\"ListItem\",\"position\":1,\"name\":\"Portada\",\"item\":\"https:\/\/www.noticiasradioreflejos.com.ar\/2021\/\"},{\"@type\":\"ListItem\",\"position\":2,\"name\":\"Informe de la Sesi\u00f3n Extraordinaria del 8 de agosto.\"}]},{\"@type\":\"WebSite\",\"@id\":\"https:\/\/www.noticiasradioreflejos.com.ar\/2021\/#website\",\"url\":\"https:\/\/www.noticiasradioreflejos.com.ar\/2021\/\",\"name\":\"Noticias Radio Reflejos\",\"description\":\"Las noticias de mi comarca\",\"potentialAction\":[{\"@type\":\"SearchAction\",\"target\":{\"@type\":\"EntryPoint\",\"urlTemplate\":\"https:\/\/www.noticiasradioreflejos.com.ar\/2021\/?s={search_term_string}\"},\"query-input\":{\"@type\":\"PropertyValueSpecification\",\"valueRequired\":true,\"valueName\":\"search_term_string\"}}],\"inLanguage\":\"es\"},{\"@type\":\"Person\",\"@id\":\"https:\/\/www.noticiasradioreflejos.com.ar\/2021\/#\/schema\/person\/ad82545263dcc5ec0996818884fd5fb1\",\"name\":\"Arnaldo Botto\",\"image\":{\"@type\":\"ImageObject\",\"inLanguage\":\"es\",\"@id\":\"https:\/\/www.noticiasradioreflejos.com.ar\/2021\/#\/schema\/person\/image\/\",\"url\":\"https:\/\/secure.gravatar.com\/avatar\/55cb5e37c1efa326397366e6974cb338056df65cb50e7d64d1cf314e87504837?s=96&d=mm&r=g\",\"contentUrl\":\"https:\/\/secure.gravatar.com\/avatar\/55cb5e37c1efa326397366e6974cb338056df65cb50e7d64d1cf314e87504837?s=96&d=mm&r=g\",\"caption\":\"Arnaldo Botto\"},\"url\":\"https:\/\/www.noticiasradioreflejos.com.ar\/2021\/author\/arnaldo\/\"}]}<\/script>\n<!-- \/ Yoast SEO plugin. -->","yoast_head_json":{"title":"Informe de la Sesi\u00f3n Extraordinaria del 8 de agosto. - Noticias Radio Reflejos","robots":{"index":"index","follow":"follow","max-snippet":"max-snippet:-1","max-image-preview":"max-image-preview:large","max-video-preview":"max-video-preview:-1"},"canonical":"https:\/\/www.noticiasradioreflejos.com.ar\/2021\/informe-de-la-sesion-extraordinaria-del-8-de-agosto\/","og_locale":"es_ES","og_type":"article","og_title":"Informe de la Sesi\u00f3n Extraordinaria del 8 de agosto. - Noticias Radio Reflejos","og_description":"El d\u00eda martes 8 de agosto del corriente a\u00f1o, se realiz\u00f3 la Sesi\u00f3n Extraordinaria en el honorable concejo Deliberante de Tornquist, convocada por Decreto N\u00b0 12\/17. Los temas tratados fueron los siguientes:","og_url":"https:\/\/www.noticiasradioreflejos.com.ar\/2021\/informe-de-la-sesion-extraordinaria-del-8-de-agosto\/","og_site_name":"Noticias Radio Reflejos","article_published_time":"2017-08-09T18:42:11+00:00","og_image":[{"width":300,"height":200,"url":"https:\/\/www.noticiasradioreflejos.com.ar\/2021\/wp-content\/uploads\/2021\/07\/logosol300x200.png","type":"image\/png"}],"author":"Arnaldo Botto","twitter_card":"summary_large_image","schema":{"@context":"https:\/\/schema.org","@graph":[{"@type":"WebPage","@id":"https:\/\/www.noticiasradioreflejos.com.ar\/2021\/informe-de-la-sesion-extraordinaria-del-8-de-agosto\/","url":"https:\/\/www.noticiasradioreflejos.com.ar\/2021\/informe-de-la-sesion-extraordinaria-del-8-de-agosto\/","name":"Informe de la Sesi\u00f3n Extraordinaria del 8 de agosto. - Noticias Radio Reflejos","isPartOf":{"@id":"https:\/\/www.noticiasradioreflejos.com.ar\/2021\/#website"},"datePublished":"2017-08-09T18:42:11+00:00","author":{"@id":"https:\/\/www.noticiasradioreflejos.com.ar\/2021\/#\/schema\/person\/ad82545263dcc5ec0996818884fd5fb1"},"breadcrumb":{"@id":"https:\/\/www.noticiasradioreflejos.com.ar\/2021\/informe-de-la-sesion-extraordinaria-del-8-de-agosto\/#breadcrumb"},"inLanguage":"es","potentialAction":[{"@type":"ReadAction","target":["https:\/\/www.noticiasradioreflejos.com.ar\/2021\/informe-de-la-sesion-extraordinaria-del-8-de-agosto\/"]}]},{"@type":"BreadcrumbList","@id":"https:\/\/www.noticiasradioreflejos.com.ar\/2021\/informe-de-la-sesion-extraordinaria-del-8-de-agosto\/#breadcrumb","itemListElement":[{"@type":"ListItem","position":1,"name":"Portada","item":"https:\/\/www.noticiasradioreflejos.com.ar\/2021\/"},{"@type":"ListItem","position":2,"name":"Informe de la Sesi\u00f3n Extraordinaria del 8 de agosto."}]},{"@type":"WebSite","@id":"https:\/\/www.noticiasradioreflejos.com.ar\/2021\/#website","url":"https:\/\/www.noticiasradioreflejos.com.ar\/2021\/","name":"Noticias Radio Reflejos","description":"Las noticias de mi comarca","potentialAction":[{"@type":"SearchAction","target":{"@type":"EntryPoint","urlTemplate":"https:\/\/www.noticiasradioreflejos.com.ar\/2021\/?s={search_term_string}"},"query-input":{"@type":"PropertyValueSpecification","valueRequired":true,"valueName":"search_term_string"}}],"inLanguage":"es"},{"@type":"Person","@id":"https:\/\/www.noticiasradioreflejos.com.ar\/2021\/#\/schema\/person\/ad82545263dcc5ec0996818884fd5fb1","name":"Arnaldo Botto","image":{"@type":"ImageObject","inLanguage":"es","@id":"https:\/\/www.noticiasradioreflejos.com.ar\/2021\/#\/schema\/person\/image\/","url":"https:\/\/secure.gravatar.com\/avatar\/55cb5e37c1efa326397366e6974cb338056df65cb50e7d64d1cf314e87504837?s=96&d=mm&r=g","contentUrl":"https:\/\/secure.gravatar.com\/avatar\/55cb5e37c1efa326397366e6974cb338056df65cb50e7d64d1cf314e87504837?s=96&d=mm&r=g","caption":"Arnaldo Botto"},"url":"https:\/\/www.noticiasradioreflejos.com.ar\/2021\/author\/arnaldo\/"}]}},"_links":{"self":[{"href":"https:\/\/www.noticiasradioreflejos.com.ar\/2021\/wp-json\/wp\/v2\/posts\/13296","targetHints":{"allow":["GET"]}}],"collection":[{"href":"https:\/\/www.noticiasradioreflejos.com.ar\/2021\/wp-json\/wp\/v2\/posts"}],"about":[{"href":"https:\/\/www.noticiasradioreflejos.com.ar\/2021\/wp-json\/wp\/v2\/types\/post"}],"author":[{"embeddable":true,"href":"https:\/\/www.noticiasradioreflejos.com.ar\/2021\/wp-json\/wp\/v2\/users\/3"}],"replies":[{"embeddable":true,"href":"https:\/\/www.noticiasradioreflejos.com.ar\/2021\/wp-json\/wp\/v2\/comments?post=13296"}],"version-history":[{"count":0,"href":"https:\/\/www.noticiasradioreflejos.com.ar\/2021\/wp-json\/wp\/v2\/posts\/13296\/revisions"}],"wp:attachment":[{"href":"https:\/\/www.noticiasradioreflejos.com.ar\/2021\/wp-json\/wp\/v2\/media?parent=13296"}],"wp:term":[{"taxonomy":"category","embeddable":true,"href":"https:\/\/www.noticiasradioreflejos.com.ar\/2021\/wp-json\/wp\/v2\/categories?post=13296"},{"taxonomy":"post_tag","embeddable":true,"href":"https:\/\/www.noticiasradioreflejos.com.ar\/2021\/wp-json\/wp\/v2\/tags?post=13296"}],"curies":[{"name":"wp","href":"https:\/\/api.w.org\/{rel}","templated":true}]}}