{"id":13291,"date":"2017-08-09T14:05:59","date_gmt":"2017-08-09T17:05:59","guid":{"rendered":"http:\/\/www.noticiasradioreflejos.com.ar\/noticias\/?p=13291"},"modified":"2017-08-09T14:05:59","modified_gmt":"2017-08-09T17:05:59","slug":"seria-saludable-un-equilibrio-de-poderes","status":"publish","type":"post","link":"https:\/\/www.noticiasradioreflejos.com.ar\/2021\/seria-saludable-un-equilibrio-de-poderes\/","title":{"rendered":"&quot;Ser\u00eda saludable un equilibrio de poderes&quot;"},"content":{"rendered":"<p>Integrantes de la lista 509 del Frente Justicialista \u00abCumplir\u00bb, tuvieron su espacio en nuestra radio, para presentar sus propuestas y mostrar los reclamos que tuvieron durante la campa\u00f1a para la elecciones Primarias del pr\u00f3ximo domingo.<br \/>\n<strong>Mar\u00eda Luz Palacio<\/strong>, candidata a Consejera escolar, <strong>Laura Rosatelli<\/strong>, candidata a concejal titular en primer lugar junto a <strong>Adriana Nielsen<\/strong>, candidata a concejal en tercer lugar de la lista, estuvieron acompa\u00f1adas por<strong> Gustavo Trankels<\/strong> y <strong>Carmen Soverchia, <\/strong>candidatos a a legisladores provinciales<strong>,\u00a0<\/strong> informando los objetivos que desean cumplir en el espacio que lidera <strong>Florencio Randazzo<\/strong> a nivel nacional.<br \/>\n<!--more--><br \/>\nInicialmente, Mar\u00eda Cruz Palacio, explica los motivos que la llevaron a participar por primera vez en pol\u00edtica y de esta lista, mostrando a trav\u00e9s de su amplia trayectoria como docente, un conocimiento sobre las tareas y proyectos que la llevar\u00edan a ocupar el cargo de consejera Escolar.<br \/>\n\u00abNuestra propia identidad es cumplir\u00bb, destac\u00f3 durante la nota Laura Rosatelli apuntando como objetivo primordial en esta campa\u00f1a el de \u00ablograr un equilibrio en el concejo deliberante\u00bb.<br \/>\nAdriana Nielsen explica\u00a0los temas\u00a0que la comunidad reclama en estos momentos, detallando la falta de puesta en vigencia de una ordenanza sobre la tenencia responsable de mascotas, el banco de tierras municipal y adhiri\u00f3 a la vuelta de funcionamiento del foro de seguridad.<br \/>\n\u00abEl ejecutivo no est\u00e1 utilizando las herramientas que est\u00e1n a su disposici\u00f3n\u00bb destaca en parte de la nota Gustavo Trankels haciendo explicita referencia a la Ley de Habitat, aprobada en el a\u00f1o 2015 y reglamentada por el ejecutivo provincial, que brinda a los municipios la posibilidad de lograr tierras para\u00a0cubrir necesidades de viviendas u otros proyectos.<br \/>\nEn lo que significa el cierre de la la campa\u00f1a a nivel radial, la totalidad de los entrevistados se muestran muy confiados en los resultados que pudieran obtener en las PASO y agradeciendo a todos los pueblos y comunidades donde fueron recibidos.<br \/>\n<iframe loading=\"lazy\" src=\"https:\/\/w.soundcloud.com\/player\/?url=https%3A\/\/api.soundcloud.com\/tracks\/337145494&amp;color=ff5500&amp;auto_play=false&amp;hide_related=false&amp;show_comments=true&amp;show_user=true&amp;show_reposts=false\" width=\"100%\" height=\"166\" frameborder=\"no\" scrolling=\"no\"><\/iframe><\/p>\n","protected":false},"excerpt":{"rendered":"<p>Integrantes de la lista 509 del Frente Justicialista \u00abCumplir\u00bb, tuvieron su espacio en nuestra radio, para presentar sus propuestas y mostrar los reclamos que tuvieron durante la campa\u00f1a para la elecciones Primarias del pr\u00f3ximo domingo. Mar\u00eda Luz Palacio, candidata a Consejera escolar, Laura Rosatelli, candidata a concejal titular en primer lugar junto a Adriana Nielsen, [&hellip;]<\/p>\n","protected":false},"author":3,"featured_media":0,"comment_status":"closed","ping_status":"open","sticky":false,"template":"","format":"standard","meta":{"footnotes":""},"categories":[24],"tags":[],"class_list":["post-13291","post","type-post","status-publish","format-standard","hentry","category-politica"],"yoast_head":"<!-- This site is optimized with the Yoast SEO plugin v25.9 - https:\/\/yoast.com\/wordpress\/plugins\/seo\/ -->\n<title>&quot;Ser\u00eda saludable un equilibrio de poderes&quot; - Noticias Radio Reflejos<\/title>\n<meta name=\"robots\" content=\"index, follow, max-snippet:-1, max-image-preview:large, max-video-preview:-1\" \/>\n<link rel=\"canonical\" href=\"https:\/\/www.noticiasradioreflejos.com.ar\/2021\/seria-saludable-un-equilibrio-de-poderes\/\" \/>\n<meta property=\"og:locale\" content=\"es_ES\" \/>\n<meta property=\"og:type\" content=\"article\" \/>\n<meta property=\"og:title\" content=\"&quot;Ser\u00eda saludable un equilibrio de poderes&quot; - Noticias Radio Reflejos\" \/>\n<meta property=\"og:description\" content=\"Integrantes de la lista 509 del Frente Justicialista \u00abCumplir\u00bb, tuvieron su espacio en nuestra radio, para presentar sus propuestas y mostrar los reclamos que tuvieron durante la campa\u00f1a para la elecciones Primarias del pr\u00f3ximo domingo. Mar\u00eda Luz Palacio, candidata a Consejera escolar, Laura Rosatelli, candidata a concejal titular en primer lugar junto a Adriana Nielsen, [&hellip;]\" \/>\n<meta property=\"og:url\" content=\"https:\/\/www.noticiasradioreflejos.com.ar\/2021\/seria-saludable-un-equilibrio-de-poderes\/\" \/>\n<meta property=\"og:site_name\" content=\"Noticias Radio Reflejos\" \/>\n<meta property=\"article:published_time\" content=\"2017-08-09T17:05:59+00:00\" \/>\n<meta property=\"og:image\" content=\"https:\/\/www.noticiasradioreflejos.com.ar\/2021\/wp-content\/uploads\/2021\/07\/logosol300x200.png\" \/>\n\t<meta property=\"og:image:width\" content=\"300\" \/>\n\t<meta property=\"og:image:height\" content=\"200\" \/>\n\t<meta property=\"og:image:type\" content=\"image\/png\" \/>\n<meta name=\"author\" content=\"Arnaldo Botto\" \/>\n<meta name=\"twitter:card\" content=\"summary_large_image\" \/>\n<script type=\"application\/ld+json\" class=\"yoast-schema-graph\">{\"@context\":\"https:\/\/schema.org\",\"@graph\":[{\"@type\":\"WebPage\",\"@id\":\"https:\/\/www.noticiasradioreflejos.com.ar\/2021\/seria-saludable-un-equilibrio-de-poderes\/\",\"url\":\"https:\/\/www.noticiasradioreflejos.com.ar\/2021\/seria-saludable-un-equilibrio-de-poderes\/\",\"name\":\"&quot;Ser\u00eda saludable un equilibrio de poderes&quot; - Noticias Radio Reflejos\",\"isPartOf\":{\"@id\":\"https:\/\/www.noticiasradioreflejos.com.ar\/2021\/#website\"},\"datePublished\":\"2017-08-09T17:05:59+00:00\",\"author\":{\"@id\":\"https:\/\/www.noticiasradioreflejos.com.ar\/2021\/#\/schema\/person\/ad82545263dcc5ec0996818884fd5fb1\"},\"breadcrumb\":{\"@id\":\"https:\/\/www.noticiasradioreflejos.com.ar\/2021\/seria-saludable-un-equilibrio-de-poderes\/#breadcrumb\"},\"inLanguage\":\"es\",\"potentialAction\":[{\"@type\":\"ReadAction\",\"target\":[\"https:\/\/www.noticiasradioreflejos.com.ar\/2021\/seria-saludable-un-equilibrio-de-poderes\/\"]}]},{\"@type\":\"BreadcrumbList\",\"@id\":\"https:\/\/www.noticiasradioreflejos.com.ar\/2021\/seria-saludable-un-equilibrio-de-poderes\/#breadcrumb\",\"itemListElement\":[{\"@type\":\"ListItem\",\"position\":1,\"name\":\"Portada\",\"item\":\"https:\/\/www.noticiasradioreflejos.com.ar\/2021\/\"},{\"@type\":\"ListItem\",\"position\":2,\"name\":\"&quot;Ser\u00eda saludable un equilibrio de poderes&quot;\"}]},{\"@type\":\"WebSite\",\"@id\":\"https:\/\/www.noticiasradioreflejos.com.ar\/2021\/#website\",\"url\":\"https:\/\/www.noticiasradioreflejos.com.ar\/2021\/\",\"name\":\"Noticias Radio Reflejos\",\"description\":\"Las noticias de mi comarca\",\"potentialAction\":[{\"@type\":\"SearchAction\",\"target\":{\"@type\":\"EntryPoint\",\"urlTemplate\":\"https:\/\/www.noticiasradioreflejos.com.ar\/2021\/?s={search_term_string}\"},\"query-input\":{\"@type\":\"PropertyValueSpecification\",\"valueRequired\":true,\"valueName\":\"search_term_string\"}}],\"inLanguage\":\"es\"},{\"@type\":\"Person\",\"@id\":\"https:\/\/www.noticiasradioreflejos.com.ar\/2021\/#\/schema\/person\/ad82545263dcc5ec0996818884fd5fb1\",\"name\":\"Arnaldo Botto\",\"image\":{\"@type\":\"ImageObject\",\"inLanguage\":\"es\",\"@id\":\"https:\/\/www.noticiasradioreflejos.com.ar\/2021\/#\/schema\/person\/image\/\",\"url\":\"https:\/\/secure.gravatar.com\/avatar\/55cb5e37c1efa326397366e6974cb338056df65cb50e7d64d1cf314e87504837?s=96&d=mm&r=g\",\"contentUrl\":\"https:\/\/secure.gravatar.com\/avatar\/55cb5e37c1efa326397366e6974cb338056df65cb50e7d64d1cf314e87504837?s=96&d=mm&r=g\",\"caption\":\"Arnaldo Botto\"},\"url\":\"https:\/\/www.noticiasradioreflejos.com.ar\/2021\/author\/arnaldo\/\"}]}<\/script>\n<!-- \/ Yoast SEO plugin. -->","yoast_head_json":{"title":"&quot;Ser\u00eda saludable un equilibrio de poderes&quot; - Noticias Radio Reflejos","robots":{"index":"index","follow":"follow","max-snippet":"max-snippet:-1","max-image-preview":"max-image-preview:large","max-video-preview":"max-video-preview:-1"},"canonical":"https:\/\/www.noticiasradioreflejos.com.ar\/2021\/seria-saludable-un-equilibrio-de-poderes\/","og_locale":"es_ES","og_type":"article","og_title":"&quot;Ser\u00eda saludable un equilibrio de poderes&quot; - Noticias Radio Reflejos","og_description":"Integrantes de la lista 509 del Frente Justicialista \u00abCumplir\u00bb, tuvieron su espacio en nuestra radio, para presentar sus propuestas y mostrar los reclamos que tuvieron durante la campa\u00f1a para la elecciones Primarias del pr\u00f3ximo domingo. Mar\u00eda Luz Palacio, candidata a Consejera escolar, Laura Rosatelli, candidata a concejal titular en primer lugar junto a Adriana Nielsen, [&hellip;]","og_url":"https:\/\/www.noticiasradioreflejos.com.ar\/2021\/seria-saludable-un-equilibrio-de-poderes\/","og_site_name":"Noticias Radio Reflejos","article_published_time":"2017-08-09T17:05:59+00:00","og_image":[{"width":300,"height":200,"url":"https:\/\/www.noticiasradioreflejos.com.ar\/2021\/wp-content\/uploads\/2021\/07\/logosol300x200.png","type":"image\/png"}],"author":"Arnaldo Botto","twitter_card":"summary_large_image","schema":{"@context":"https:\/\/schema.org","@graph":[{"@type":"WebPage","@id":"https:\/\/www.noticiasradioreflejos.com.ar\/2021\/seria-saludable-un-equilibrio-de-poderes\/","url":"https:\/\/www.noticiasradioreflejos.com.ar\/2021\/seria-saludable-un-equilibrio-de-poderes\/","name":"&quot;Ser\u00eda saludable un equilibrio de poderes&quot; - Noticias Radio Reflejos","isPartOf":{"@id":"https:\/\/www.noticiasradioreflejos.com.ar\/2021\/#website"},"datePublished":"2017-08-09T17:05:59+00:00","author":{"@id":"https:\/\/www.noticiasradioreflejos.com.ar\/2021\/#\/schema\/person\/ad82545263dcc5ec0996818884fd5fb1"},"breadcrumb":{"@id":"https:\/\/www.noticiasradioreflejos.com.ar\/2021\/seria-saludable-un-equilibrio-de-poderes\/#breadcrumb"},"inLanguage":"es","potentialAction":[{"@type":"ReadAction","target":["https:\/\/www.noticiasradioreflejos.com.ar\/2021\/seria-saludable-un-equilibrio-de-poderes\/"]}]},{"@type":"BreadcrumbList","@id":"https:\/\/www.noticiasradioreflejos.com.ar\/2021\/seria-saludable-un-equilibrio-de-poderes\/#breadcrumb","itemListElement":[{"@type":"ListItem","position":1,"name":"Portada","item":"https:\/\/www.noticiasradioreflejos.com.ar\/2021\/"},{"@type":"ListItem","position":2,"name":"&quot;Ser\u00eda saludable un equilibrio de poderes&quot;"}]},{"@type":"WebSite","@id":"https:\/\/www.noticiasradioreflejos.com.ar\/2021\/#website","url":"https:\/\/www.noticiasradioreflejos.com.ar\/2021\/","name":"Noticias Radio Reflejos","description":"Las noticias de mi comarca","potentialAction":[{"@type":"SearchAction","target":{"@type":"EntryPoint","urlTemplate":"https:\/\/www.noticiasradioreflejos.com.ar\/2021\/?s={search_term_string}"},"query-input":{"@type":"PropertyValueSpecification","valueRequired":true,"valueName":"search_term_string"}}],"inLanguage":"es"},{"@type":"Person","@id":"https:\/\/www.noticiasradioreflejos.com.ar\/2021\/#\/schema\/person\/ad82545263dcc5ec0996818884fd5fb1","name":"Arnaldo Botto","image":{"@type":"ImageObject","inLanguage":"es","@id":"https:\/\/www.noticiasradioreflejos.com.ar\/2021\/#\/schema\/person\/image\/","url":"https:\/\/secure.gravatar.com\/avatar\/55cb5e37c1efa326397366e6974cb338056df65cb50e7d64d1cf314e87504837?s=96&d=mm&r=g","contentUrl":"https:\/\/secure.gravatar.com\/avatar\/55cb5e37c1efa326397366e6974cb338056df65cb50e7d64d1cf314e87504837?s=96&d=mm&r=g","caption":"Arnaldo Botto"},"url":"https:\/\/www.noticiasradioreflejos.com.ar\/2021\/author\/arnaldo\/"}]}},"_links":{"self":[{"href":"https:\/\/www.noticiasradioreflejos.com.ar\/2021\/wp-json\/wp\/v2\/posts\/13291","targetHints":{"allow":["GET"]}}],"collection":[{"href":"https:\/\/www.noticiasradioreflejos.com.ar\/2021\/wp-json\/wp\/v2\/posts"}],"about":[{"href":"https:\/\/www.noticiasradioreflejos.com.ar\/2021\/wp-json\/wp\/v2\/types\/post"}],"author":[{"embeddable":true,"href":"https:\/\/www.noticiasradioreflejos.com.ar\/2021\/wp-json\/wp\/v2\/users\/3"}],"replies":[{"embeddable":true,"href":"https:\/\/www.noticiasradioreflejos.com.ar\/2021\/wp-json\/wp\/v2\/comments?post=13291"}],"version-history":[{"count":0,"href":"https:\/\/www.noticiasradioreflejos.com.ar\/2021\/wp-json\/wp\/v2\/posts\/13291\/revisions"}],"wp:attachment":[{"href":"https:\/\/www.noticiasradioreflejos.com.ar\/2021\/wp-json\/wp\/v2\/media?parent=13291"}],"wp:term":[{"taxonomy":"category","embeddable":true,"href":"https:\/\/www.noticiasradioreflejos.com.ar\/2021\/wp-json\/wp\/v2\/categories?post=13291"},{"taxonomy":"post_tag","embeddable":true,"href":"https:\/\/www.noticiasradioreflejos.com.ar\/2021\/wp-json\/wp\/v2\/tags?post=13291"}],"curies":[{"name":"wp","href":"https:\/\/api.w.org\/{rel}","templated":true}]}}