{"id":13288,"date":"2017-08-09T11:13:16","date_gmt":"2017-08-09T14:13:16","guid":{"rendered":"http:\/\/www.noticiasradioreflejos.com.ar\/noticias\/?p=13288"},"modified":"2017-08-09T11:13:16","modified_gmt":"2017-08-09T14:13:16","slug":"siempre-hay-que-consensuar-las-cosas-con-la-comunidad-monica-sagredo","status":"publish","type":"post","link":"https:\/\/www.noticiasradioreflejos.com.ar\/2021\/siempre-hay-que-consensuar-las-cosas-con-la-comunidad-monica-sagredo\/","title":{"rendered":"&quot;Siempre hay que consensuar las cosas con la comunidad&quot; &#8211; M\u00f3nica Sagredo"},"content":{"rendered":"<p><a title=\"20668135_1409213802466212_148534173_n\" href=\"http:\/\/farm5.staticflickr.com\/4339\/35654872153_8f46280acb.jpg\" rel=\"\"><img loading=\"lazy\" decoding=\"async\" class=\"alignleft\" style=\"float: left;\" title=\"20668135_1409213802466212_148534173_n\" src=\"http:\/\/farm5.staticflickr.com\/4339\/35654872153_8f46280acb.jpg\" alt=\"20668135_1409213802466212_148534173_n\" width=\"511\" height=\"182\" \/><\/a>Hablamos con la concejal del FPV <strong>M\u00f3nica Sagredo<\/strong>, en relaci\u00f3n a la reuni\u00f3n que convoc\u00f3 la comunidad educativa de la Escuela Secundaria de Saldungaray, el d\u00eda lunes pasado, para debatir sobre la utilizaci\u00f3n del predio del establecimiento para la construcci\u00f3n de 14 viviendas.<!--more--><br \/>\nLa comunidad educativa de la Escuela Secundaria N\u00b0 4, junto a integrantes de la localidad de Saldungaray, enviaron una nota de invitaci\u00f3n al intendente Sergio Bordoni y a todo el Concejo Deliberante de Tornquist, para mostrar su disconformidad por la utilizaci\u00f3n del predio que pertenece a la \u00abEx Mar\u00eda auxiliadora\u00bb, que hoy utilizan el Centro de Formaci\u00f3n Profesional, y otras instituciones culturales. El lunes 7 de agosto a las 14 horas era el momento de la reuni\u00f3n, asistieron 6 concejales, el Delegado Municipal Dar\u00edo Cardoso y la Inspectora Jefe Distrital Mar\u00eda Rosa Gonzalez. El invitado principal, el intendente Sergio Bordoni no se hizo presente, como tampoco ning\u00fan otro integrante del ejecutivo.<br \/>\n\u00abSurgi\u00f3 de la inquietud de docentes y padres de la comunidad educativa y de toda la comunidad de Saldungaray\u00bb, nos dec\u00eda M\u00f3nica en el comienzo de la charla, pasando a explicar como fue todo el tr\u00e1mite de aprobaci\u00f3n de la Ordenanza que establece la radicaci\u00f3n de 24 viviendas para la localidad, de las cuales 14 quedan establecidas para construirse en el predio del establecimiento.<br \/>\n<iframe loading=\"lazy\" src=\"https:\/\/w.soundcloud.com\/player\/?url=https%3A\/\/api.soundcloud.com\/tracks\/337137144&amp;color=ff5500&amp;auto_play=false&amp;hide_related=false&amp;show_comments=true&amp;show_user=true&amp;show_reposts=false\" width=\"100%\" height=\"166\" frameborder=\"no\" scrolling=\"no\"><\/iframe><br \/>\n<a title=\"20667944_1409213839132875_1218442163_n\" href=\"http:\/\/farm5.staticflickr.com\/4377\/35654872493_cf2b00ecf6_z.jpg\" rel=\"\"><img loading=\"lazy\" decoding=\"async\" class=\"aligncenter\" title=\"20667944_1409213839132875_1218442163_n\" src=\"http:\/\/farm5.staticflickr.com\/4377\/35654872493_cf2b00ecf6_z.jpg\" alt=\"20667944_1409213839132875_1218442163_n\" width=\"640\" height=\"198\" \/><\/a><br \/>\n&nbsp;<br \/>\n<a title=\"20668463_1409214392466153_1859370678_n\" href=\"http:\/\/farm5.staticflickr.com\/4386\/35654871573_226cd4ccc3_z.jpg\" rel=\"\"><img loading=\"lazy\" decoding=\"async\" class=\"aligncenter\" title=\"20668463_1409214392466153_1859370678_n\" src=\"http:\/\/farm5.staticflickr.com\/4386\/35654871573_226cd4ccc3_z.jpg\" alt=\"20668463_1409214392466153_1859370678_n\" width=\"640\" height=\"360\" \/><\/a><\/p>\n","protected":false},"excerpt":{"rendered":"<p>Hablamos con la concejal del FPV M\u00f3nica Sagredo, en relaci\u00f3n a la reuni\u00f3n que convoc\u00f3 la comunidad educativa de la Escuela Secundaria de Saldungaray, el d\u00eda lunes pasado, para debatir sobre la utilizaci\u00f3n del predio del establecimiento para la construcci\u00f3n de 14 viviendas.<\/p>\n","protected":false},"author":3,"featured_media":0,"comment_status":"closed","ping_status":"open","sticky":false,"template":"","format":"standard","meta":{"footnotes":""},"categories":[24],"tags":[],"class_list":["post-13288","post","type-post","status-publish","format-standard","hentry","category-politica"],"yoast_head":"<!-- This site is optimized with the Yoast SEO plugin v25.9 - https:\/\/yoast.com\/wordpress\/plugins\/seo\/ -->\n<title>&quot;Siempre hay que consensuar las cosas con la comunidad&quot; - M\u00f3nica Sagredo - Noticias Radio Reflejos<\/title>\n<meta name=\"robots\" content=\"index, follow, max-snippet:-1, max-image-preview:large, max-video-preview:-1\" \/>\n<link rel=\"canonical\" href=\"https:\/\/www.noticiasradioreflejos.com.ar\/2021\/siempre-hay-que-consensuar-las-cosas-con-la-comunidad-monica-sagredo\/\" \/>\n<meta property=\"og:locale\" content=\"es_ES\" \/>\n<meta property=\"og:type\" content=\"article\" \/>\n<meta property=\"og:title\" content=\"&quot;Siempre hay que consensuar las cosas con la comunidad&quot; - M\u00f3nica Sagredo - Noticias Radio Reflejos\" \/>\n<meta property=\"og:description\" content=\"Hablamos con la concejal del FPV M\u00f3nica Sagredo, en relaci\u00f3n a la reuni\u00f3n que convoc\u00f3 la comunidad educativa de la Escuela Secundaria de Saldungaray, el d\u00eda lunes pasado, para debatir sobre la utilizaci\u00f3n del predio del establecimiento para la construcci\u00f3n de 14 viviendas.\" \/>\n<meta property=\"og:url\" content=\"https:\/\/www.noticiasradioreflejos.com.ar\/2021\/siempre-hay-que-consensuar-las-cosas-con-la-comunidad-monica-sagredo\/\" \/>\n<meta property=\"og:site_name\" content=\"Noticias Radio Reflejos\" \/>\n<meta property=\"article:published_time\" content=\"2017-08-09T14:13:16+00:00\" \/>\n<meta property=\"og:image\" content=\"http:\/\/farm5.staticflickr.com\/4339\/35654872153_8f46280acb.jpg\" \/>\n<meta name=\"author\" content=\"Arnaldo Botto\" \/>\n<meta name=\"twitter:card\" content=\"summary_large_image\" \/>\n<script type=\"application\/ld+json\" class=\"yoast-schema-graph\">{\"@context\":\"https:\/\/schema.org\",\"@graph\":[{\"@type\":\"WebPage\",\"@id\":\"https:\/\/www.noticiasradioreflejos.com.ar\/2021\/siempre-hay-que-consensuar-las-cosas-con-la-comunidad-monica-sagredo\/\",\"url\":\"https:\/\/www.noticiasradioreflejos.com.ar\/2021\/siempre-hay-que-consensuar-las-cosas-con-la-comunidad-monica-sagredo\/\",\"name\":\"&quot;Siempre hay que consensuar las cosas con la comunidad&quot; - M\u00f3nica Sagredo - Noticias Radio Reflejos\",\"isPartOf\":{\"@id\":\"https:\/\/www.noticiasradioreflejos.com.ar\/2021\/#website\"},\"primaryImageOfPage\":{\"@id\":\"https:\/\/www.noticiasradioreflejos.com.ar\/2021\/siempre-hay-que-consensuar-las-cosas-con-la-comunidad-monica-sagredo\/#primaryimage\"},\"image\":{\"@id\":\"https:\/\/www.noticiasradioreflejos.com.ar\/2021\/siempre-hay-que-consensuar-las-cosas-con-la-comunidad-monica-sagredo\/#primaryimage\"},\"thumbnailUrl\":\"http:\/\/farm5.staticflickr.com\/4339\/35654872153_8f46280acb.jpg\",\"datePublished\":\"2017-08-09T14:13:16+00:00\",\"author\":{\"@id\":\"https:\/\/www.noticiasradioreflejos.com.ar\/2021\/#\/schema\/person\/ad82545263dcc5ec0996818884fd5fb1\"},\"breadcrumb\":{\"@id\":\"https:\/\/www.noticiasradioreflejos.com.ar\/2021\/siempre-hay-que-consensuar-las-cosas-con-la-comunidad-monica-sagredo\/#breadcrumb\"},\"inLanguage\":\"es\",\"potentialAction\":[{\"@type\":\"ReadAction\",\"target\":[\"https:\/\/www.noticiasradioreflejos.com.ar\/2021\/siempre-hay-que-consensuar-las-cosas-con-la-comunidad-monica-sagredo\/\"]}]},{\"@type\":\"ImageObject\",\"inLanguage\":\"es\",\"@id\":\"https:\/\/www.noticiasradioreflejos.com.ar\/2021\/siempre-hay-que-consensuar-las-cosas-con-la-comunidad-monica-sagredo\/#primaryimage\",\"url\":\"http:\/\/farm5.staticflickr.com\/4339\/35654872153_8f46280acb.jpg\",\"contentUrl\":\"http:\/\/farm5.staticflickr.com\/4339\/35654872153_8f46280acb.jpg\"},{\"@type\":\"BreadcrumbList\",\"@id\":\"https:\/\/www.noticiasradioreflejos.com.ar\/2021\/siempre-hay-que-consensuar-las-cosas-con-la-comunidad-monica-sagredo\/#breadcrumb\",\"itemListElement\":[{\"@type\":\"ListItem\",\"position\":1,\"name\":\"Portada\",\"item\":\"https:\/\/www.noticiasradioreflejos.com.ar\/2021\/\"},{\"@type\":\"ListItem\",\"position\":2,\"name\":\"&quot;Siempre hay que consensuar las cosas con la comunidad&quot; &#8211; M\u00f3nica Sagredo\"}]},{\"@type\":\"WebSite\",\"@id\":\"https:\/\/www.noticiasradioreflejos.com.ar\/2021\/#website\",\"url\":\"https:\/\/www.noticiasradioreflejos.com.ar\/2021\/\",\"name\":\"Noticias Radio Reflejos\",\"description\":\"Las noticias de mi comarca\",\"potentialAction\":[{\"@type\":\"SearchAction\",\"target\":{\"@type\":\"EntryPoint\",\"urlTemplate\":\"https:\/\/www.noticiasradioreflejos.com.ar\/2021\/?s={search_term_string}\"},\"query-input\":{\"@type\":\"PropertyValueSpecification\",\"valueRequired\":true,\"valueName\":\"search_term_string\"}}],\"inLanguage\":\"es\"},{\"@type\":\"Person\",\"@id\":\"https:\/\/www.noticiasradioreflejos.com.ar\/2021\/#\/schema\/person\/ad82545263dcc5ec0996818884fd5fb1\",\"name\":\"Arnaldo Botto\",\"image\":{\"@type\":\"ImageObject\",\"inLanguage\":\"es\",\"@id\":\"https:\/\/www.noticiasradioreflejos.com.ar\/2021\/#\/schema\/person\/image\/\",\"url\":\"https:\/\/secure.gravatar.com\/avatar\/55cb5e37c1efa326397366e6974cb338056df65cb50e7d64d1cf314e87504837?s=96&d=mm&r=g\",\"contentUrl\":\"https:\/\/secure.gravatar.com\/avatar\/55cb5e37c1efa326397366e6974cb338056df65cb50e7d64d1cf314e87504837?s=96&d=mm&r=g\",\"caption\":\"Arnaldo Botto\"},\"url\":\"https:\/\/www.noticiasradioreflejos.com.ar\/2021\/author\/arnaldo\/\"}]}<\/script>\n<!-- \/ Yoast SEO plugin. -->","yoast_head_json":{"title":"&quot;Siempre hay que consensuar las cosas con la comunidad&quot; - M\u00f3nica Sagredo - Noticias Radio Reflejos","robots":{"index":"index","follow":"follow","max-snippet":"max-snippet:-1","max-image-preview":"max-image-preview:large","max-video-preview":"max-video-preview:-1"},"canonical":"https:\/\/www.noticiasradioreflejos.com.ar\/2021\/siempre-hay-que-consensuar-las-cosas-con-la-comunidad-monica-sagredo\/","og_locale":"es_ES","og_type":"article","og_title":"&quot;Siempre hay que consensuar las cosas con la comunidad&quot; - M\u00f3nica Sagredo - Noticias Radio Reflejos","og_description":"Hablamos con la concejal del FPV M\u00f3nica Sagredo, en relaci\u00f3n a la reuni\u00f3n que convoc\u00f3 la comunidad educativa de la Escuela Secundaria de Saldungaray, el d\u00eda lunes pasado, para debatir sobre la utilizaci\u00f3n del predio del establecimiento para la construcci\u00f3n de 14 viviendas.","og_url":"https:\/\/www.noticiasradioreflejos.com.ar\/2021\/siempre-hay-que-consensuar-las-cosas-con-la-comunidad-monica-sagredo\/","og_site_name":"Noticias Radio Reflejos","article_published_time":"2017-08-09T14:13:16+00:00","og_image":[{"url":"http:\/\/farm5.staticflickr.com\/4339\/35654872153_8f46280acb.jpg","type":"","width":"","height":""}],"author":"Arnaldo Botto","twitter_card":"summary_large_image","schema":{"@context":"https:\/\/schema.org","@graph":[{"@type":"WebPage","@id":"https:\/\/www.noticiasradioreflejos.com.ar\/2021\/siempre-hay-que-consensuar-las-cosas-con-la-comunidad-monica-sagredo\/","url":"https:\/\/www.noticiasradioreflejos.com.ar\/2021\/siempre-hay-que-consensuar-las-cosas-con-la-comunidad-monica-sagredo\/","name":"&quot;Siempre hay que consensuar las cosas con la comunidad&quot; - M\u00f3nica Sagredo - Noticias Radio Reflejos","isPartOf":{"@id":"https:\/\/www.noticiasradioreflejos.com.ar\/2021\/#website"},"primaryImageOfPage":{"@id":"https:\/\/www.noticiasradioreflejos.com.ar\/2021\/siempre-hay-que-consensuar-las-cosas-con-la-comunidad-monica-sagredo\/#primaryimage"},"image":{"@id":"https:\/\/www.noticiasradioreflejos.com.ar\/2021\/siempre-hay-que-consensuar-las-cosas-con-la-comunidad-monica-sagredo\/#primaryimage"},"thumbnailUrl":"http:\/\/farm5.staticflickr.com\/4339\/35654872153_8f46280acb.jpg","datePublished":"2017-08-09T14:13:16+00:00","author":{"@id":"https:\/\/www.noticiasradioreflejos.com.ar\/2021\/#\/schema\/person\/ad82545263dcc5ec0996818884fd5fb1"},"breadcrumb":{"@id":"https:\/\/www.noticiasradioreflejos.com.ar\/2021\/siempre-hay-que-consensuar-las-cosas-con-la-comunidad-monica-sagredo\/#breadcrumb"},"inLanguage":"es","potentialAction":[{"@type":"ReadAction","target":["https:\/\/www.noticiasradioreflejos.com.ar\/2021\/siempre-hay-que-consensuar-las-cosas-con-la-comunidad-monica-sagredo\/"]}]},{"@type":"ImageObject","inLanguage":"es","@id":"https:\/\/www.noticiasradioreflejos.com.ar\/2021\/siempre-hay-que-consensuar-las-cosas-con-la-comunidad-monica-sagredo\/#primaryimage","url":"http:\/\/farm5.staticflickr.com\/4339\/35654872153_8f46280acb.jpg","contentUrl":"http:\/\/farm5.staticflickr.com\/4339\/35654872153_8f46280acb.jpg"},{"@type":"BreadcrumbList","@id":"https:\/\/www.noticiasradioreflejos.com.ar\/2021\/siempre-hay-que-consensuar-las-cosas-con-la-comunidad-monica-sagredo\/#breadcrumb","itemListElement":[{"@type":"ListItem","position":1,"name":"Portada","item":"https:\/\/www.noticiasradioreflejos.com.ar\/2021\/"},{"@type":"ListItem","position":2,"name":"&quot;Siempre hay que consensuar las cosas con la comunidad&quot; &#8211; M\u00f3nica Sagredo"}]},{"@type":"WebSite","@id":"https:\/\/www.noticiasradioreflejos.com.ar\/2021\/#website","url":"https:\/\/www.noticiasradioreflejos.com.ar\/2021\/","name":"Noticias Radio Reflejos","description":"Las noticias de mi comarca","potentialAction":[{"@type":"SearchAction","target":{"@type":"EntryPoint","urlTemplate":"https:\/\/www.noticiasradioreflejos.com.ar\/2021\/?s={search_term_string}"},"query-input":{"@type":"PropertyValueSpecification","valueRequired":true,"valueName":"search_term_string"}}],"inLanguage":"es"},{"@type":"Person","@id":"https:\/\/www.noticiasradioreflejos.com.ar\/2021\/#\/schema\/person\/ad82545263dcc5ec0996818884fd5fb1","name":"Arnaldo Botto","image":{"@type":"ImageObject","inLanguage":"es","@id":"https:\/\/www.noticiasradioreflejos.com.ar\/2021\/#\/schema\/person\/image\/","url":"https:\/\/secure.gravatar.com\/avatar\/55cb5e37c1efa326397366e6974cb338056df65cb50e7d64d1cf314e87504837?s=96&d=mm&r=g","contentUrl":"https:\/\/secure.gravatar.com\/avatar\/55cb5e37c1efa326397366e6974cb338056df65cb50e7d64d1cf314e87504837?s=96&d=mm&r=g","caption":"Arnaldo Botto"},"url":"https:\/\/www.noticiasradioreflejos.com.ar\/2021\/author\/arnaldo\/"}]}},"_links":{"self":[{"href":"https:\/\/www.noticiasradioreflejos.com.ar\/2021\/wp-json\/wp\/v2\/posts\/13288","targetHints":{"allow":["GET"]}}],"collection":[{"href":"https:\/\/www.noticiasradioreflejos.com.ar\/2021\/wp-json\/wp\/v2\/posts"}],"about":[{"href":"https:\/\/www.noticiasradioreflejos.com.ar\/2021\/wp-json\/wp\/v2\/types\/post"}],"author":[{"embeddable":true,"href":"https:\/\/www.noticiasradioreflejos.com.ar\/2021\/wp-json\/wp\/v2\/users\/3"}],"replies":[{"embeddable":true,"href":"https:\/\/www.noticiasradioreflejos.com.ar\/2021\/wp-json\/wp\/v2\/comments?post=13288"}],"version-history":[{"count":0,"href":"https:\/\/www.noticiasradioreflejos.com.ar\/2021\/wp-json\/wp\/v2\/posts\/13288\/revisions"}],"wp:attachment":[{"href":"https:\/\/www.noticiasradioreflejos.com.ar\/2021\/wp-json\/wp\/v2\/media?parent=13288"}],"wp:term":[{"taxonomy":"category","embeddable":true,"href":"https:\/\/www.noticiasradioreflejos.com.ar\/2021\/wp-json\/wp\/v2\/categories?post=13288"},{"taxonomy":"post_tag","embeddable":true,"href":"https:\/\/www.noticiasradioreflejos.com.ar\/2021\/wp-json\/wp\/v2\/tags?post=13288"}],"curies":[{"name":"wp","href":"https:\/\/api.w.org\/{rel}","templated":true}]}}