{"id":13270,"date":"2017-08-08T13:15:31","date_gmt":"2017-08-08T16:15:31","guid":{"rendered":"http:\/\/www.noticiasradioreflejos.com.ar\/noticias\/?p=13270"},"modified":"2017-08-08T13:15:31","modified_gmt":"2017-08-08T16:15:31","slug":"hay-muchas-posibilidades-de-mejorar-con-muchas-voces-maria-marta-corrado","status":"publish","type":"post","link":"https:\/\/www.noticiasradioreflejos.com.ar\/2021\/hay-muchas-posibilidades-de-mejorar-con-muchas-voces-maria-marta-corrado\/","title":{"rendered":"&quot;Hay muchas posibilidades de mejorar con muchas voces&quot; &#8211; Mar\u00eda Marta Corrado"},"content":{"rendered":"<p>Hoy hablamos con la Diputada Provincial, <strong>Mar\u00eda Marta Corrado<\/strong> y <strong>Marcela Gonzalez<\/strong>, sobre el proyecto que present\u00f3 en la Legislatura Provincial la diputada del Frente Renovador.<br \/>\nSe trata de un proyecto de declaraci\u00f3n para que el PE construya diversas obras sobre el corredor tur\u00edstico de la Ruta Provincial 76, que involucran al Partido de Tornquist.<br \/>\nAdem\u00e1s junto a Marcela, qui\u00e9n forma parte de la lista de candidatos a concejales de 1 Pa\u00eds, analizamos brevemente el debate que se presenta para las elecciones del pr\u00f3ximo domingo.<!--more--><br \/>\nMa\u00f1ana a las 11 hs, en el Club Argentino, Margarita Stolbizer, Sergio Massa y Roberto Lavagna estar\u00e1n cerrando la campa\u00f1a en Bah\u00eda Blanca.<br \/>\nLa legisladora del Frente Renovador nos informa que la iniciativa surgi\u00f3 a trav\u00e9s de la inquietud de vecinos y referentes locales del propio espacio pol\u00edtico quienes le manifestaron la preocupaci\u00f3n por el intenso tr\u00e1nsito y el peligro que ello conlleva al no tener d\u00e1rsenas de giro sobre los accesos principales del corredor tur\u00edstico hacia las bases de los Cerros emblem\u00e1ticos de la Comarca.<br \/>\nCorrado no explica que junto a \u00e9sta medida, fundamentada principalmente en la prevenci\u00f3n de accidentes y la seguridad de los vecinos y visitantes se solicit\u00f3 en el proyecto el estudio para la construcci\u00f3n de d\u00e1rsenas de giro en los dos ingresos a la localidad de Villa Ventana; en la base del Cerro Bah\u00eda Blanca y en el acceso al Parque Provincial Ernesto Tornquist, Base del Cerro Ventana.<br \/>\nLa iniciativa tambi\u00e9n incluye la creaci\u00f3n de un cruce peatonal con la correspondiente se\u00f1alizaci\u00f3n, a la altura del mirador del Hueco de la Ventana (deck) ya que principalmente en ese sector la afluencia de familias y visitantes es concurrida y permanentemente cruzan la ruta para acceder a los paseos ubicados a ambos lados de la misma.<br \/>\nTambi\u00e9n charlamos sobre la campa\u00f1a, en que se centra la b\u00fasqueda de la gente en elegir sus candidatos y que perfil de personas elegir\u00e1n el pr\u00f3ximo domingo en las primarias.<br \/>\n\u00abHay muchas posibilidades de mejorar con muchas voces\u00bb dijo Mar\u00eda Marta en relaci\u00f3n a como se va incorporando cada vez mas gente que nunca hab\u00eda participado en pol\u00edtica.<br \/>\nEn tanto Marcela Gonzalez expres\u00f3: \u00abHacer el grito de los extremos\u00bb, en referencia a una campa\u00f1a que se inclin\u00f3 en tratar de marcar la grieta entre los de antes y los de ahora, destacando que \u00abla gente empieza a reconocer a las personas y especialmente en el lugar que viven\u00bb.<br \/>\n&nbsp;<br \/>\n<iframe loading=\"lazy\" src=\"https:\/\/w.soundcloud.com\/player\/?url=https%3A\/\/api.soundcloud.com\/tracks\/336998764&amp;color=ff5500&amp;auto_play=false&amp;hide_related=false&amp;show_comments=true&amp;show_user=true&amp;show_reposts=false\" width=\"100%\" height=\"166\" frameborder=\"no\" scrolling=\"no\"><\/iframe><\/p>\n","protected":false},"excerpt":{"rendered":"<p>Hoy hablamos con la Diputada Provincial, Mar\u00eda Marta Corrado y Marcela Gonzalez, sobre el proyecto que present\u00f3 en la Legislatura Provincial la diputada del Frente Renovador. Se trata de un proyecto de declaraci\u00f3n para que el PE construya diversas obras sobre el corredor tur\u00edstico de la Ruta Provincial 76, que involucran al Partido de Tornquist. [&hellip;]<\/p>\n","protected":false},"author":3,"featured_media":0,"comment_status":"closed","ping_status":"open","sticky":false,"template":"","format":"standard","meta":{"footnotes":""},"categories":[24],"tags":[],"class_list":["post-13270","post","type-post","status-publish","format-standard","hentry","category-politica"],"yoast_head":"<!-- This site is optimized with the Yoast SEO plugin v25.9 - https:\/\/yoast.com\/wordpress\/plugins\/seo\/ -->\n<title>&quot;Hay muchas posibilidades de mejorar con muchas voces&quot; - Mar\u00eda Marta Corrado - Noticias Radio Reflejos<\/title>\n<meta name=\"robots\" content=\"index, follow, max-snippet:-1, max-image-preview:large, max-video-preview:-1\" \/>\n<link rel=\"canonical\" href=\"https:\/\/www.noticiasradioreflejos.com.ar\/2021\/hay-muchas-posibilidades-de-mejorar-con-muchas-voces-maria-marta-corrado\/\" \/>\n<meta property=\"og:locale\" content=\"es_ES\" \/>\n<meta property=\"og:type\" content=\"article\" \/>\n<meta property=\"og:title\" content=\"&quot;Hay muchas posibilidades de mejorar con muchas voces&quot; - Mar\u00eda Marta Corrado - Noticias Radio Reflejos\" \/>\n<meta property=\"og:description\" content=\"Hoy hablamos con la Diputada Provincial, Mar\u00eda Marta Corrado y Marcela Gonzalez, sobre el proyecto que present\u00f3 en la Legislatura Provincial la diputada del Frente Renovador. Se trata de un proyecto de declaraci\u00f3n para que el PE construya diversas obras sobre el corredor tur\u00edstico de la Ruta Provincial 76, que involucran al Partido de Tornquist. [&hellip;]\" \/>\n<meta property=\"og:url\" content=\"https:\/\/www.noticiasradioreflejos.com.ar\/2021\/hay-muchas-posibilidades-de-mejorar-con-muchas-voces-maria-marta-corrado\/\" \/>\n<meta property=\"og:site_name\" content=\"Noticias Radio Reflejos\" \/>\n<meta property=\"article:published_time\" content=\"2017-08-08T16:15:31+00:00\" \/>\n<meta property=\"og:image\" content=\"https:\/\/www.noticiasradioreflejos.com.ar\/2021\/wp-content\/uploads\/2021\/07\/logosol300x200.png\" \/>\n\t<meta property=\"og:image:width\" content=\"300\" \/>\n\t<meta property=\"og:image:height\" content=\"200\" \/>\n\t<meta property=\"og:image:type\" content=\"image\/png\" \/>\n<meta name=\"author\" content=\"Arnaldo Botto\" \/>\n<meta name=\"twitter:card\" content=\"summary_large_image\" \/>\n<script type=\"application\/ld+json\" class=\"yoast-schema-graph\">{\"@context\":\"https:\/\/schema.org\",\"@graph\":[{\"@type\":\"WebPage\",\"@id\":\"https:\/\/www.noticiasradioreflejos.com.ar\/2021\/hay-muchas-posibilidades-de-mejorar-con-muchas-voces-maria-marta-corrado\/\",\"url\":\"https:\/\/www.noticiasradioreflejos.com.ar\/2021\/hay-muchas-posibilidades-de-mejorar-con-muchas-voces-maria-marta-corrado\/\",\"name\":\"&quot;Hay muchas posibilidades de mejorar con muchas voces&quot; - Mar\u00eda Marta Corrado - Noticias Radio Reflejos\",\"isPartOf\":{\"@id\":\"https:\/\/www.noticiasradioreflejos.com.ar\/2021\/#website\"},\"datePublished\":\"2017-08-08T16:15:31+00:00\",\"author\":{\"@id\":\"https:\/\/www.noticiasradioreflejos.com.ar\/2021\/#\/schema\/person\/ad82545263dcc5ec0996818884fd5fb1\"},\"breadcrumb\":{\"@id\":\"https:\/\/www.noticiasradioreflejos.com.ar\/2021\/hay-muchas-posibilidades-de-mejorar-con-muchas-voces-maria-marta-corrado\/#breadcrumb\"},\"inLanguage\":\"es\",\"potentialAction\":[{\"@type\":\"ReadAction\",\"target\":[\"https:\/\/www.noticiasradioreflejos.com.ar\/2021\/hay-muchas-posibilidades-de-mejorar-con-muchas-voces-maria-marta-corrado\/\"]}]},{\"@type\":\"BreadcrumbList\",\"@id\":\"https:\/\/www.noticiasradioreflejos.com.ar\/2021\/hay-muchas-posibilidades-de-mejorar-con-muchas-voces-maria-marta-corrado\/#breadcrumb\",\"itemListElement\":[{\"@type\":\"ListItem\",\"position\":1,\"name\":\"Portada\",\"item\":\"https:\/\/www.noticiasradioreflejos.com.ar\/2021\/\"},{\"@type\":\"ListItem\",\"position\":2,\"name\":\"&quot;Hay muchas posibilidades de mejorar con muchas voces&quot; &#8211; Mar\u00eda Marta Corrado\"}]},{\"@type\":\"WebSite\",\"@id\":\"https:\/\/www.noticiasradioreflejos.com.ar\/2021\/#website\",\"url\":\"https:\/\/www.noticiasradioreflejos.com.ar\/2021\/\",\"name\":\"Noticias Radio Reflejos\",\"description\":\"Las noticias de mi comarca\",\"potentialAction\":[{\"@type\":\"SearchAction\",\"target\":{\"@type\":\"EntryPoint\",\"urlTemplate\":\"https:\/\/www.noticiasradioreflejos.com.ar\/2021\/?s={search_term_string}\"},\"query-input\":{\"@type\":\"PropertyValueSpecification\",\"valueRequired\":true,\"valueName\":\"search_term_string\"}}],\"inLanguage\":\"es\"},{\"@type\":\"Person\",\"@id\":\"https:\/\/www.noticiasradioreflejos.com.ar\/2021\/#\/schema\/person\/ad82545263dcc5ec0996818884fd5fb1\",\"name\":\"Arnaldo Botto\",\"image\":{\"@type\":\"ImageObject\",\"inLanguage\":\"es\",\"@id\":\"https:\/\/www.noticiasradioreflejos.com.ar\/2021\/#\/schema\/person\/image\/\",\"url\":\"https:\/\/secure.gravatar.com\/avatar\/55cb5e37c1efa326397366e6974cb338056df65cb50e7d64d1cf314e87504837?s=96&d=mm&r=g\",\"contentUrl\":\"https:\/\/secure.gravatar.com\/avatar\/55cb5e37c1efa326397366e6974cb338056df65cb50e7d64d1cf314e87504837?s=96&d=mm&r=g\",\"caption\":\"Arnaldo Botto\"},\"url\":\"https:\/\/www.noticiasradioreflejos.com.ar\/2021\/author\/arnaldo\/\"}]}<\/script>\n<!-- \/ Yoast SEO plugin. -->","yoast_head_json":{"title":"&quot;Hay muchas posibilidades de mejorar con muchas voces&quot; - Mar\u00eda Marta Corrado - Noticias Radio Reflejos","robots":{"index":"index","follow":"follow","max-snippet":"max-snippet:-1","max-image-preview":"max-image-preview:large","max-video-preview":"max-video-preview:-1"},"canonical":"https:\/\/www.noticiasradioreflejos.com.ar\/2021\/hay-muchas-posibilidades-de-mejorar-con-muchas-voces-maria-marta-corrado\/","og_locale":"es_ES","og_type":"article","og_title":"&quot;Hay muchas posibilidades de mejorar con muchas voces&quot; - Mar\u00eda Marta Corrado - Noticias Radio Reflejos","og_description":"Hoy hablamos con la Diputada Provincial, Mar\u00eda Marta Corrado y Marcela Gonzalez, sobre el proyecto que present\u00f3 en la Legislatura Provincial la diputada del Frente Renovador. Se trata de un proyecto de declaraci\u00f3n para que el PE construya diversas obras sobre el corredor tur\u00edstico de la Ruta Provincial 76, que involucran al Partido de Tornquist. [&hellip;]","og_url":"https:\/\/www.noticiasradioreflejos.com.ar\/2021\/hay-muchas-posibilidades-de-mejorar-con-muchas-voces-maria-marta-corrado\/","og_site_name":"Noticias Radio Reflejos","article_published_time":"2017-08-08T16:15:31+00:00","og_image":[{"width":300,"height":200,"url":"https:\/\/www.noticiasradioreflejos.com.ar\/2021\/wp-content\/uploads\/2021\/07\/logosol300x200.png","type":"image\/png"}],"author":"Arnaldo Botto","twitter_card":"summary_large_image","schema":{"@context":"https:\/\/schema.org","@graph":[{"@type":"WebPage","@id":"https:\/\/www.noticiasradioreflejos.com.ar\/2021\/hay-muchas-posibilidades-de-mejorar-con-muchas-voces-maria-marta-corrado\/","url":"https:\/\/www.noticiasradioreflejos.com.ar\/2021\/hay-muchas-posibilidades-de-mejorar-con-muchas-voces-maria-marta-corrado\/","name":"&quot;Hay muchas posibilidades de mejorar con muchas voces&quot; - Mar\u00eda Marta Corrado - Noticias Radio Reflejos","isPartOf":{"@id":"https:\/\/www.noticiasradioreflejos.com.ar\/2021\/#website"},"datePublished":"2017-08-08T16:15:31+00:00","author":{"@id":"https:\/\/www.noticiasradioreflejos.com.ar\/2021\/#\/schema\/person\/ad82545263dcc5ec0996818884fd5fb1"},"breadcrumb":{"@id":"https:\/\/www.noticiasradioreflejos.com.ar\/2021\/hay-muchas-posibilidades-de-mejorar-con-muchas-voces-maria-marta-corrado\/#breadcrumb"},"inLanguage":"es","potentialAction":[{"@type":"ReadAction","target":["https:\/\/www.noticiasradioreflejos.com.ar\/2021\/hay-muchas-posibilidades-de-mejorar-con-muchas-voces-maria-marta-corrado\/"]}]},{"@type":"BreadcrumbList","@id":"https:\/\/www.noticiasradioreflejos.com.ar\/2021\/hay-muchas-posibilidades-de-mejorar-con-muchas-voces-maria-marta-corrado\/#breadcrumb","itemListElement":[{"@type":"ListItem","position":1,"name":"Portada","item":"https:\/\/www.noticiasradioreflejos.com.ar\/2021\/"},{"@type":"ListItem","position":2,"name":"&quot;Hay muchas posibilidades de mejorar con muchas voces&quot; &#8211; Mar\u00eda Marta Corrado"}]},{"@type":"WebSite","@id":"https:\/\/www.noticiasradioreflejos.com.ar\/2021\/#website","url":"https:\/\/www.noticiasradioreflejos.com.ar\/2021\/","name":"Noticias Radio Reflejos","description":"Las noticias de mi comarca","potentialAction":[{"@type":"SearchAction","target":{"@type":"EntryPoint","urlTemplate":"https:\/\/www.noticiasradioreflejos.com.ar\/2021\/?s={search_term_string}"},"query-input":{"@type":"PropertyValueSpecification","valueRequired":true,"valueName":"search_term_string"}}],"inLanguage":"es"},{"@type":"Person","@id":"https:\/\/www.noticiasradioreflejos.com.ar\/2021\/#\/schema\/person\/ad82545263dcc5ec0996818884fd5fb1","name":"Arnaldo Botto","image":{"@type":"ImageObject","inLanguage":"es","@id":"https:\/\/www.noticiasradioreflejos.com.ar\/2021\/#\/schema\/person\/image\/","url":"https:\/\/secure.gravatar.com\/avatar\/55cb5e37c1efa326397366e6974cb338056df65cb50e7d64d1cf314e87504837?s=96&d=mm&r=g","contentUrl":"https:\/\/secure.gravatar.com\/avatar\/55cb5e37c1efa326397366e6974cb338056df65cb50e7d64d1cf314e87504837?s=96&d=mm&r=g","caption":"Arnaldo Botto"},"url":"https:\/\/www.noticiasradioreflejos.com.ar\/2021\/author\/arnaldo\/"}]}},"_links":{"self":[{"href":"https:\/\/www.noticiasradioreflejos.com.ar\/2021\/wp-json\/wp\/v2\/posts\/13270","targetHints":{"allow":["GET"]}}],"collection":[{"href":"https:\/\/www.noticiasradioreflejos.com.ar\/2021\/wp-json\/wp\/v2\/posts"}],"about":[{"href":"https:\/\/www.noticiasradioreflejos.com.ar\/2021\/wp-json\/wp\/v2\/types\/post"}],"author":[{"embeddable":true,"href":"https:\/\/www.noticiasradioreflejos.com.ar\/2021\/wp-json\/wp\/v2\/users\/3"}],"replies":[{"embeddable":true,"href":"https:\/\/www.noticiasradioreflejos.com.ar\/2021\/wp-json\/wp\/v2\/comments?post=13270"}],"version-history":[{"count":0,"href":"https:\/\/www.noticiasradioreflejos.com.ar\/2021\/wp-json\/wp\/v2\/posts\/13270\/revisions"}],"wp:attachment":[{"href":"https:\/\/www.noticiasradioreflejos.com.ar\/2021\/wp-json\/wp\/v2\/media?parent=13270"}],"wp:term":[{"taxonomy":"category","embeddable":true,"href":"https:\/\/www.noticiasradioreflejos.com.ar\/2021\/wp-json\/wp\/v2\/categories?post=13270"},{"taxonomy":"post_tag","embeddable":true,"href":"https:\/\/www.noticiasradioreflejos.com.ar\/2021\/wp-json\/wp\/v2\/tags?post=13270"}],"curies":[{"name":"wp","href":"https:\/\/api.w.org\/{rel}","templated":true}]}}