{"id":13260,"date":"2017-08-08T11:30:40","date_gmt":"2017-08-08T14:30:40","guid":{"rendered":"http:\/\/www.noticiasradioreflejos.com.ar\/noticias\/?p=13260"},"modified":"2017-08-08T11:30:40","modified_gmt":"2017-08-08T14:30:40","slug":"cortan-la-ruta-51-en-frapal-por-accidente-sobre-los-7-puentes","status":"publish","type":"post","link":"https:\/\/www.noticiasradioreflejos.com.ar\/2021\/cortan-la-ruta-51-en-frapal-por-accidente-sobre-los-7-puentes\/","title":{"rendered":"Choque frontal con heridos en la Ruta 51."},"content":{"rendered":"<p>Choque frontal en el Km 710 de la ruta 51, \u00a0cerca de posta Rolando\u00a0entre una\u00a0una camioneta Ford \u00a0Ranger y un Renault\u00a0Megane. Se trata de Jorge Lahetjuz\u00e1n, de 34 a\u00f1os, quien iba al mando del Renault Megane \u2014remolcado por otra camioneta\u2014 y fue trasladado al Hospital Penna con traumatismo de cr\u00e1neo, varios golpes y cortes. <!--more-->El conductor de la Ford Ranger que impact\u00f3 contra el auto tambi\u00e9n fue derivado al mismo centro asistencial. Se trata de Sergio Schiafino, de 55 a\u00f1os, quien sufri\u00f3 traumatismo en la zona tor\u00e1cica y fractura del tobillo derecho.<br \/>\nSeg\u00fan se inform\u00f3, la camioneta iba de Bah\u00eda a Cabildo y el auto de Laprida a Bah\u00eda.<br \/>\nSeg\u00fan testigos, el choque se produjo por una maniobra peligrosa del conductor de una tercera camioneta, que escap\u00f3 del lugar y finalmente fue atrapado en la rotonda de Frapal.<br \/>\nPersonal de cient\u00edfica trabajaba este mediod\u00eda en la ruta y hab\u00eda un solo carril habilitado.<br \/>\n<img decoding=\"async\" src=\"http:\/\/www.lanueva.com\/upload\/news\/buriarte\/2017\/08\/5989edabcdc0e_large.jpeg\" width=\"100%\" \/><br \/>\n&nbsp;<br \/>\n<img decoding=\"async\" src=\"http:\/\/www.lanueva.com\/upload\/news\/buriarte\/2017\/08\/5989d6f723db0_large.jpeg\" width=\"100%\" \/><br \/>\n&nbsp;<br \/>\n<img decoding=\"async\" src=\"http:\/\/www.lanueva.com\/upload\/news\/buriarte\/2017\/08\/5989d6fb99acc_large.jpeg\" width=\"100%\" \/><br \/>\n&nbsp;<br \/>\n<img decoding=\"async\" src=\"http:\/\/www.lanueva.com\/upload\/news\/buriarte\/2017\/08\/5989edad73fa5_large.jpeg\" width=\"100%\" \/><br \/>\n&nbsp;<\/p>\n","protected":false},"excerpt":{"rendered":"<p>Choque frontal en el Km 710 de la ruta 51, \u00a0cerca de posta Rolando\u00a0entre una\u00a0una camioneta Ford \u00a0Ranger y un Renault\u00a0Megane. Se trata de Jorge Lahetjuz\u00e1n, de 34 a\u00f1os, quien iba al mando del Renault Megane \u2014remolcado por otra camioneta\u2014 y fue trasladado al Hospital Penna con traumatismo de cr\u00e1neo, varios golpes y cortes.<\/p>\n","protected":false},"author":3,"featured_media":0,"comment_status":"closed","ping_status":"open","sticky":false,"template":"","format":"standard","meta":{"footnotes":""},"categories":[29],"tags":[],"class_list":["post-13260","post","type-post","status-publish","format-standard","hentry","category-policiales"],"yoast_head":"<!-- This site is optimized with the Yoast SEO plugin v25.9 - https:\/\/yoast.com\/wordpress\/plugins\/seo\/ -->\n<title>Choque frontal con heridos en la Ruta 51. - Noticias Radio Reflejos<\/title>\n<meta name=\"robots\" content=\"index, follow, max-snippet:-1, max-image-preview:large, max-video-preview:-1\" \/>\n<link rel=\"canonical\" href=\"https:\/\/www.noticiasradioreflejos.com.ar\/2021\/cortan-la-ruta-51-en-frapal-por-accidente-sobre-los-7-puentes\/\" \/>\n<meta property=\"og:locale\" content=\"es_ES\" \/>\n<meta property=\"og:type\" content=\"article\" \/>\n<meta property=\"og:title\" content=\"Choque frontal con heridos en la Ruta 51. - Noticias Radio Reflejos\" \/>\n<meta property=\"og:description\" content=\"Choque frontal en el Km 710 de la ruta 51, \u00a0cerca de posta Rolando\u00a0entre una\u00a0una camioneta Ford \u00a0Ranger y un Renault\u00a0Megane. Se trata de Jorge Lahetjuz\u00e1n, de 34 a\u00f1os, quien iba al mando del Renault Megane \u2014remolcado por otra camioneta\u2014 y fue trasladado al Hospital Penna con traumatismo de cr\u00e1neo, varios golpes y cortes.\" \/>\n<meta property=\"og:url\" content=\"https:\/\/www.noticiasradioreflejos.com.ar\/2021\/cortan-la-ruta-51-en-frapal-por-accidente-sobre-los-7-puentes\/\" \/>\n<meta property=\"og:site_name\" content=\"Noticias Radio Reflejos\" \/>\n<meta property=\"article:published_time\" content=\"2017-08-08T14:30:40+00:00\" \/>\n<meta property=\"og:image\" content=\"http:\/\/www.lanueva.com\/upload\/news\/buriarte\/2017\/08\/5989edabcdc0e_large.jpeg\" \/>\n<meta name=\"author\" content=\"Arnaldo Botto\" \/>\n<meta name=\"twitter:card\" content=\"summary_large_image\" \/>\n<script type=\"application\/ld+json\" class=\"yoast-schema-graph\">{\"@context\":\"https:\/\/schema.org\",\"@graph\":[{\"@type\":\"WebPage\",\"@id\":\"https:\/\/www.noticiasradioreflejos.com.ar\/2021\/cortan-la-ruta-51-en-frapal-por-accidente-sobre-los-7-puentes\/\",\"url\":\"https:\/\/www.noticiasradioreflejos.com.ar\/2021\/cortan-la-ruta-51-en-frapal-por-accidente-sobre-los-7-puentes\/\",\"name\":\"Choque frontal con heridos en la Ruta 51. - Noticias Radio Reflejos\",\"isPartOf\":{\"@id\":\"https:\/\/www.noticiasradioreflejos.com.ar\/2021\/#website\"},\"primaryImageOfPage\":{\"@id\":\"https:\/\/www.noticiasradioreflejos.com.ar\/2021\/cortan-la-ruta-51-en-frapal-por-accidente-sobre-los-7-puentes\/#primaryimage\"},\"image\":{\"@id\":\"https:\/\/www.noticiasradioreflejos.com.ar\/2021\/cortan-la-ruta-51-en-frapal-por-accidente-sobre-los-7-puentes\/#primaryimage\"},\"thumbnailUrl\":\"http:\/\/www.lanueva.com\/upload\/news\/buriarte\/2017\/08\/5989edabcdc0e_large.jpeg\",\"datePublished\":\"2017-08-08T14:30:40+00:00\",\"author\":{\"@id\":\"https:\/\/www.noticiasradioreflejos.com.ar\/2021\/#\/schema\/person\/ad82545263dcc5ec0996818884fd5fb1\"},\"breadcrumb\":{\"@id\":\"https:\/\/www.noticiasradioreflejos.com.ar\/2021\/cortan-la-ruta-51-en-frapal-por-accidente-sobre-los-7-puentes\/#breadcrumb\"},\"inLanguage\":\"es\",\"potentialAction\":[{\"@type\":\"ReadAction\",\"target\":[\"https:\/\/www.noticiasradioreflejos.com.ar\/2021\/cortan-la-ruta-51-en-frapal-por-accidente-sobre-los-7-puentes\/\"]}]},{\"@type\":\"ImageObject\",\"inLanguage\":\"es\",\"@id\":\"https:\/\/www.noticiasradioreflejos.com.ar\/2021\/cortan-la-ruta-51-en-frapal-por-accidente-sobre-los-7-puentes\/#primaryimage\",\"url\":\"http:\/\/www.lanueva.com\/upload\/news\/buriarte\/2017\/08\/5989edabcdc0e_large.jpeg\",\"contentUrl\":\"http:\/\/www.lanueva.com\/upload\/news\/buriarte\/2017\/08\/5989edabcdc0e_large.jpeg\"},{\"@type\":\"BreadcrumbList\",\"@id\":\"https:\/\/www.noticiasradioreflejos.com.ar\/2021\/cortan-la-ruta-51-en-frapal-por-accidente-sobre-los-7-puentes\/#breadcrumb\",\"itemListElement\":[{\"@type\":\"ListItem\",\"position\":1,\"name\":\"Portada\",\"item\":\"https:\/\/www.noticiasradioreflejos.com.ar\/2021\/\"},{\"@type\":\"ListItem\",\"position\":2,\"name\":\"Choque frontal con heridos en la Ruta 51.\"}]},{\"@type\":\"WebSite\",\"@id\":\"https:\/\/www.noticiasradioreflejos.com.ar\/2021\/#website\",\"url\":\"https:\/\/www.noticiasradioreflejos.com.ar\/2021\/\",\"name\":\"Noticias Radio Reflejos\",\"description\":\"Las noticias de mi comarca\",\"potentialAction\":[{\"@type\":\"SearchAction\",\"target\":{\"@type\":\"EntryPoint\",\"urlTemplate\":\"https:\/\/www.noticiasradioreflejos.com.ar\/2021\/?s={search_term_string}\"},\"query-input\":{\"@type\":\"PropertyValueSpecification\",\"valueRequired\":true,\"valueName\":\"search_term_string\"}}],\"inLanguage\":\"es\"},{\"@type\":\"Person\",\"@id\":\"https:\/\/www.noticiasradioreflejos.com.ar\/2021\/#\/schema\/person\/ad82545263dcc5ec0996818884fd5fb1\",\"name\":\"Arnaldo Botto\",\"image\":{\"@type\":\"ImageObject\",\"inLanguage\":\"es\",\"@id\":\"https:\/\/www.noticiasradioreflejos.com.ar\/2021\/#\/schema\/person\/image\/\",\"url\":\"https:\/\/secure.gravatar.com\/avatar\/55cb5e37c1efa326397366e6974cb338056df65cb50e7d64d1cf314e87504837?s=96&d=mm&r=g\",\"contentUrl\":\"https:\/\/secure.gravatar.com\/avatar\/55cb5e37c1efa326397366e6974cb338056df65cb50e7d64d1cf314e87504837?s=96&d=mm&r=g\",\"caption\":\"Arnaldo Botto\"},\"url\":\"https:\/\/www.noticiasradioreflejos.com.ar\/2021\/author\/arnaldo\/\"}]}<\/script>\n<!-- \/ Yoast SEO plugin. -->","yoast_head_json":{"title":"Choque frontal con heridos en la Ruta 51. - Noticias Radio Reflejos","robots":{"index":"index","follow":"follow","max-snippet":"max-snippet:-1","max-image-preview":"max-image-preview:large","max-video-preview":"max-video-preview:-1"},"canonical":"https:\/\/www.noticiasradioreflejos.com.ar\/2021\/cortan-la-ruta-51-en-frapal-por-accidente-sobre-los-7-puentes\/","og_locale":"es_ES","og_type":"article","og_title":"Choque frontal con heridos en la Ruta 51. - Noticias Radio Reflejos","og_description":"Choque frontal en el Km 710 de la ruta 51, \u00a0cerca de posta Rolando\u00a0entre una\u00a0una camioneta Ford \u00a0Ranger y un Renault\u00a0Megane. Se trata de Jorge Lahetjuz\u00e1n, de 34 a\u00f1os, quien iba al mando del Renault Megane \u2014remolcado por otra camioneta\u2014 y fue trasladado al Hospital Penna con traumatismo de cr\u00e1neo, varios golpes y cortes.","og_url":"https:\/\/www.noticiasradioreflejos.com.ar\/2021\/cortan-la-ruta-51-en-frapal-por-accidente-sobre-los-7-puentes\/","og_site_name":"Noticias Radio Reflejos","article_published_time":"2017-08-08T14:30:40+00:00","og_image":[{"url":"http:\/\/www.lanueva.com\/upload\/news\/buriarte\/2017\/08\/5989edabcdc0e_large.jpeg","type":"","width":"","height":""}],"author":"Arnaldo Botto","twitter_card":"summary_large_image","schema":{"@context":"https:\/\/schema.org","@graph":[{"@type":"WebPage","@id":"https:\/\/www.noticiasradioreflejos.com.ar\/2021\/cortan-la-ruta-51-en-frapal-por-accidente-sobre-los-7-puentes\/","url":"https:\/\/www.noticiasradioreflejos.com.ar\/2021\/cortan-la-ruta-51-en-frapal-por-accidente-sobre-los-7-puentes\/","name":"Choque frontal con heridos en la Ruta 51. - Noticias Radio Reflejos","isPartOf":{"@id":"https:\/\/www.noticiasradioreflejos.com.ar\/2021\/#website"},"primaryImageOfPage":{"@id":"https:\/\/www.noticiasradioreflejos.com.ar\/2021\/cortan-la-ruta-51-en-frapal-por-accidente-sobre-los-7-puentes\/#primaryimage"},"image":{"@id":"https:\/\/www.noticiasradioreflejos.com.ar\/2021\/cortan-la-ruta-51-en-frapal-por-accidente-sobre-los-7-puentes\/#primaryimage"},"thumbnailUrl":"http:\/\/www.lanueva.com\/upload\/news\/buriarte\/2017\/08\/5989edabcdc0e_large.jpeg","datePublished":"2017-08-08T14:30:40+00:00","author":{"@id":"https:\/\/www.noticiasradioreflejos.com.ar\/2021\/#\/schema\/person\/ad82545263dcc5ec0996818884fd5fb1"},"breadcrumb":{"@id":"https:\/\/www.noticiasradioreflejos.com.ar\/2021\/cortan-la-ruta-51-en-frapal-por-accidente-sobre-los-7-puentes\/#breadcrumb"},"inLanguage":"es","potentialAction":[{"@type":"ReadAction","target":["https:\/\/www.noticiasradioreflejos.com.ar\/2021\/cortan-la-ruta-51-en-frapal-por-accidente-sobre-los-7-puentes\/"]}]},{"@type":"ImageObject","inLanguage":"es","@id":"https:\/\/www.noticiasradioreflejos.com.ar\/2021\/cortan-la-ruta-51-en-frapal-por-accidente-sobre-los-7-puentes\/#primaryimage","url":"http:\/\/www.lanueva.com\/upload\/news\/buriarte\/2017\/08\/5989edabcdc0e_large.jpeg","contentUrl":"http:\/\/www.lanueva.com\/upload\/news\/buriarte\/2017\/08\/5989edabcdc0e_large.jpeg"},{"@type":"BreadcrumbList","@id":"https:\/\/www.noticiasradioreflejos.com.ar\/2021\/cortan-la-ruta-51-en-frapal-por-accidente-sobre-los-7-puentes\/#breadcrumb","itemListElement":[{"@type":"ListItem","position":1,"name":"Portada","item":"https:\/\/www.noticiasradioreflejos.com.ar\/2021\/"},{"@type":"ListItem","position":2,"name":"Choque frontal con heridos en la Ruta 51."}]},{"@type":"WebSite","@id":"https:\/\/www.noticiasradioreflejos.com.ar\/2021\/#website","url":"https:\/\/www.noticiasradioreflejos.com.ar\/2021\/","name":"Noticias Radio Reflejos","description":"Las noticias de mi comarca","potentialAction":[{"@type":"SearchAction","target":{"@type":"EntryPoint","urlTemplate":"https:\/\/www.noticiasradioreflejos.com.ar\/2021\/?s={search_term_string}"},"query-input":{"@type":"PropertyValueSpecification","valueRequired":true,"valueName":"search_term_string"}}],"inLanguage":"es"},{"@type":"Person","@id":"https:\/\/www.noticiasradioreflejos.com.ar\/2021\/#\/schema\/person\/ad82545263dcc5ec0996818884fd5fb1","name":"Arnaldo Botto","image":{"@type":"ImageObject","inLanguage":"es","@id":"https:\/\/www.noticiasradioreflejos.com.ar\/2021\/#\/schema\/person\/image\/","url":"https:\/\/secure.gravatar.com\/avatar\/55cb5e37c1efa326397366e6974cb338056df65cb50e7d64d1cf314e87504837?s=96&d=mm&r=g","contentUrl":"https:\/\/secure.gravatar.com\/avatar\/55cb5e37c1efa326397366e6974cb338056df65cb50e7d64d1cf314e87504837?s=96&d=mm&r=g","caption":"Arnaldo Botto"},"url":"https:\/\/www.noticiasradioreflejos.com.ar\/2021\/author\/arnaldo\/"}]}},"_links":{"self":[{"href":"https:\/\/www.noticiasradioreflejos.com.ar\/2021\/wp-json\/wp\/v2\/posts\/13260","targetHints":{"allow":["GET"]}}],"collection":[{"href":"https:\/\/www.noticiasradioreflejos.com.ar\/2021\/wp-json\/wp\/v2\/posts"}],"about":[{"href":"https:\/\/www.noticiasradioreflejos.com.ar\/2021\/wp-json\/wp\/v2\/types\/post"}],"author":[{"embeddable":true,"href":"https:\/\/www.noticiasradioreflejos.com.ar\/2021\/wp-json\/wp\/v2\/users\/3"}],"replies":[{"embeddable":true,"href":"https:\/\/www.noticiasradioreflejos.com.ar\/2021\/wp-json\/wp\/v2\/comments?post=13260"}],"version-history":[{"count":0,"href":"https:\/\/www.noticiasradioreflejos.com.ar\/2021\/wp-json\/wp\/v2\/posts\/13260\/revisions"}],"wp:attachment":[{"href":"https:\/\/www.noticiasradioreflejos.com.ar\/2021\/wp-json\/wp\/v2\/media?parent=13260"}],"wp:term":[{"taxonomy":"category","embeddable":true,"href":"https:\/\/www.noticiasradioreflejos.com.ar\/2021\/wp-json\/wp\/v2\/categories?post=13260"},{"taxonomy":"post_tag","embeddable":true,"href":"https:\/\/www.noticiasradioreflejos.com.ar\/2021\/wp-json\/wp\/v2\/tags?post=13260"}],"curies":[{"name":"wp","href":"https:\/\/api.w.org\/{rel}","templated":true}]}}