{"id":13257,"date":"2017-08-08T10:51:26","date_gmt":"2017-08-08T13:51:26","guid":{"rendered":"http:\/\/www.noticiasradioreflejos.com.ar\/noticias\/?p=13257"},"modified":"2017-08-08T10:51:26","modified_gmt":"2017-08-08T13:51:26","slug":"se-corrio-la-ii-edicion-del-sierra-rally-bike","status":"publish","type":"post","link":"https:\/\/www.noticiasradioreflejos.com.ar\/2021\/se-corrio-la-ii-edicion-del-sierra-rally-bike\/","title":{"rendered":"Se corri\u00f3 la II edici\u00f3n del Sierra Rally Bike."},"content":{"rendered":"<div class=\"_2cuy _3dgx _2vxa\"><a title=\"20638974_1738076636493140_8633637155016237912_n\" href=\"http:\/\/farm5.staticflickr.com\/4401\/36398490636_64aa37c9a9.jpg\" rel=\"\"><img loading=\"lazy\" decoding=\"async\" class=\"alignleft\" style=\"float: left;\" title=\"20638974_1738076636493140_8633637155016237912_n\" src=\"http:\/\/farm5.staticflickr.com\/4401\/36398490636_64aa37c9a9.jpg\" alt=\"20638974_1738076636493140_8633637155016237912_n\" width=\"500\" height=\"333\" \/><\/a>En un marco inmejorable, este domingo tuvo lugar la segunda edici\u00f3n del Sierra Rally Bike, un encuentro que congreg\u00f3 a m\u00e1s de 500 corredores de todo el pa\u00eds a lo largo de paisajes imponentes de la comarca tur\u00edstica de las Sierras de la Ventana.<\/div>\n<div class=\"_2cuy _3dgx _2vxa\">Javier Rojas, a cargo de la organizaci\u00f3n, dijo que \u201cnos planteamos esta segunda edici\u00f3n con el objetivo de ir creciendo\u201d.<\/div>\n<p><!--more--><\/p>\n<div class=\"_39k5 _5s6c\">\n<div>\n<div class=\"_2cuy _3dgx _2vxa\">El recorrido incluy\u00f3 m\u00e1s de 15 km a lo largo de los Jardines del Pillahuinco, un territorio que presenta importantes desaf\u00edos para los ciclistas en el medio de bell\u00edsimas vistas. \u201cEs la parte del circuito que m\u00e1s llam\u00f3 la atenci\u00f3n, por ser el sector donde estaban los tramos m\u00e1s entretenidos, m\u00e1s dif\u00edciles, m\u00e1s vistosos y m\u00e1s diferentes\u201d, dijo Rojas. La largada, en cinco tandas, fue desde el Hotel Provincial de Sierra de la Ventana, cuando a las 11.00 de la ma\u00f1ana dio comienzo este rally con participantes de Chubut, La Pampa, Buenos Aires y Ciudad de Buenos Aires, entre otros lugares.<\/div>\n<div class=\"_2cuy _3dgx _2vxa\"><\/div>\n<div class=\"_2cuy _3dgx _2vxa\">La carrera se organiz\u00f3 en categor\u00edas competitivas de 50 km (con premiaci\u00f3n en efectivo) y en otras no competitivas, de 35 km (con premiaci\u00f3n en trofeos). Pablo Guillarmenc (Bah\u00eda Blanca) se qued\u00f3 con la clasificaci\u00f3n general de varones, mientras que Carolina Solera (Santa Rosa) hizo lo propio en mujeres.<\/div>\n<div class=\"_2cuy _3dgx _2vxa\">Todos los resultados se pueden consultar en la p\u00e1gina de Facebook de Ciclismo Zonal.<\/div>\n<div class=\"_2cuy _3dgx _2vxa\">Fue justamente Ciclismo Zonal quien estuvo a cargo de la organizaci\u00f3n del evento. Se trata de una agrupaci\u00f3n con amplia experiencia en llevar adelante este tipo de competencias en distintos escenarios de todo el pa\u00eds. \u201cCerrar esta segunda edici\u00f3n con el doble de corredores de la primera indica que la carrera, la organizaci\u00f3n, el lugar y la fecha van por el buen camino\u201d, concluye Rojas.<\/div>\n<div class=\"_2cuy _3dgx _2vxa\"><\/div>\n<div class=\"_2cuy _3dgx _2vxa\">Fuente:\u00a0www.ciclismozonal.com<\/div>\n<\/div>\n<\/div>\n","protected":false},"excerpt":{"rendered":"<p>En un marco inmejorable, este domingo tuvo lugar la segunda edici\u00f3n del Sierra Rally Bike, un encuentro que congreg\u00f3 a m\u00e1s de 500 corredores de todo el pa\u00eds a lo largo de paisajes imponentes de la comarca tur\u00edstica de las Sierras de la Ventana. Javier Rojas, a cargo de la organizaci\u00f3n, dijo que \u201cnos planteamos [&hellip;]<\/p>\n","protected":false},"author":3,"featured_media":0,"comment_status":"closed","ping_status":"open","sticky":false,"template":"","format":"standard","meta":{"footnotes":""},"categories":[27],"tags":[],"class_list":["post-13257","post","type-post","status-publish","format-standard","hentry","category-deportes"],"yoast_head":"<!-- This site is optimized with the Yoast SEO plugin v25.9 - https:\/\/yoast.com\/wordpress\/plugins\/seo\/ -->\n<title>Se corri\u00f3 la II edici\u00f3n del Sierra Rally Bike. - Noticias Radio Reflejos<\/title>\n<meta name=\"robots\" content=\"index, follow, max-snippet:-1, max-image-preview:large, max-video-preview:-1\" \/>\n<link rel=\"canonical\" href=\"https:\/\/www.noticiasradioreflejos.com.ar\/2021\/se-corrio-la-ii-edicion-del-sierra-rally-bike\/\" \/>\n<meta property=\"og:locale\" content=\"es_ES\" \/>\n<meta property=\"og:type\" content=\"article\" \/>\n<meta property=\"og:title\" content=\"Se corri\u00f3 la II edici\u00f3n del Sierra Rally Bike. - Noticias Radio Reflejos\" \/>\n<meta property=\"og:description\" content=\"En un marco inmejorable, este domingo tuvo lugar la segunda edici\u00f3n del Sierra Rally Bike, un encuentro que congreg\u00f3 a m\u00e1s de 500 corredores de todo el pa\u00eds a lo largo de paisajes imponentes de la comarca tur\u00edstica de las Sierras de la Ventana. Javier Rojas, a cargo de la organizaci\u00f3n, dijo que \u201cnos planteamos [&hellip;]\" \/>\n<meta property=\"og:url\" content=\"https:\/\/www.noticiasradioreflejos.com.ar\/2021\/se-corrio-la-ii-edicion-del-sierra-rally-bike\/\" \/>\n<meta property=\"og:site_name\" content=\"Noticias Radio Reflejos\" \/>\n<meta property=\"article:published_time\" content=\"2017-08-08T13:51:26+00:00\" \/>\n<meta property=\"og:image\" content=\"http:\/\/farm5.staticflickr.com\/4401\/36398490636_64aa37c9a9.jpg\" \/>\n<meta name=\"author\" content=\"Arnaldo Botto\" \/>\n<meta name=\"twitter:card\" content=\"summary_large_image\" \/>\n<script type=\"application\/ld+json\" class=\"yoast-schema-graph\">{\"@context\":\"https:\/\/schema.org\",\"@graph\":[{\"@type\":\"WebPage\",\"@id\":\"https:\/\/www.noticiasradioreflejos.com.ar\/2021\/se-corrio-la-ii-edicion-del-sierra-rally-bike\/\",\"url\":\"https:\/\/www.noticiasradioreflejos.com.ar\/2021\/se-corrio-la-ii-edicion-del-sierra-rally-bike\/\",\"name\":\"Se corri\u00f3 la II edici\u00f3n del Sierra Rally Bike. - Noticias Radio Reflejos\",\"isPartOf\":{\"@id\":\"https:\/\/www.noticiasradioreflejos.com.ar\/2021\/#website\"},\"primaryImageOfPage\":{\"@id\":\"https:\/\/www.noticiasradioreflejos.com.ar\/2021\/se-corrio-la-ii-edicion-del-sierra-rally-bike\/#primaryimage\"},\"image\":{\"@id\":\"https:\/\/www.noticiasradioreflejos.com.ar\/2021\/se-corrio-la-ii-edicion-del-sierra-rally-bike\/#primaryimage\"},\"thumbnailUrl\":\"http:\/\/farm5.staticflickr.com\/4401\/36398490636_64aa37c9a9.jpg\",\"datePublished\":\"2017-08-08T13:51:26+00:00\",\"author\":{\"@id\":\"https:\/\/www.noticiasradioreflejos.com.ar\/2021\/#\/schema\/person\/ad82545263dcc5ec0996818884fd5fb1\"},\"breadcrumb\":{\"@id\":\"https:\/\/www.noticiasradioreflejos.com.ar\/2021\/se-corrio-la-ii-edicion-del-sierra-rally-bike\/#breadcrumb\"},\"inLanguage\":\"es\",\"potentialAction\":[{\"@type\":\"ReadAction\",\"target\":[\"https:\/\/www.noticiasradioreflejos.com.ar\/2021\/se-corrio-la-ii-edicion-del-sierra-rally-bike\/\"]}]},{\"@type\":\"ImageObject\",\"inLanguage\":\"es\",\"@id\":\"https:\/\/www.noticiasradioreflejos.com.ar\/2021\/se-corrio-la-ii-edicion-del-sierra-rally-bike\/#primaryimage\",\"url\":\"http:\/\/farm5.staticflickr.com\/4401\/36398490636_64aa37c9a9.jpg\",\"contentUrl\":\"http:\/\/farm5.staticflickr.com\/4401\/36398490636_64aa37c9a9.jpg\"},{\"@type\":\"BreadcrumbList\",\"@id\":\"https:\/\/www.noticiasradioreflejos.com.ar\/2021\/se-corrio-la-ii-edicion-del-sierra-rally-bike\/#breadcrumb\",\"itemListElement\":[{\"@type\":\"ListItem\",\"position\":1,\"name\":\"Portada\",\"item\":\"https:\/\/www.noticiasradioreflejos.com.ar\/2021\/\"},{\"@type\":\"ListItem\",\"position\":2,\"name\":\"Se corri\u00f3 la II edici\u00f3n del Sierra Rally Bike.\"}]},{\"@type\":\"WebSite\",\"@id\":\"https:\/\/www.noticiasradioreflejos.com.ar\/2021\/#website\",\"url\":\"https:\/\/www.noticiasradioreflejos.com.ar\/2021\/\",\"name\":\"Noticias Radio Reflejos\",\"description\":\"Las noticias de mi comarca\",\"potentialAction\":[{\"@type\":\"SearchAction\",\"target\":{\"@type\":\"EntryPoint\",\"urlTemplate\":\"https:\/\/www.noticiasradioreflejos.com.ar\/2021\/?s={search_term_string}\"},\"query-input\":{\"@type\":\"PropertyValueSpecification\",\"valueRequired\":true,\"valueName\":\"search_term_string\"}}],\"inLanguage\":\"es\"},{\"@type\":\"Person\",\"@id\":\"https:\/\/www.noticiasradioreflejos.com.ar\/2021\/#\/schema\/person\/ad82545263dcc5ec0996818884fd5fb1\",\"name\":\"Arnaldo Botto\",\"image\":{\"@type\":\"ImageObject\",\"inLanguage\":\"es\",\"@id\":\"https:\/\/www.noticiasradioreflejos.com.ar\/2021\/#\/schema\/person\/image\/\",\"url\":\"https:\/\/secure.gravatar.com\/avatar\/55cb5e37c1efa326397366e6974cb338056df65cb50e7d64d1cf314e87504837?s=96&d=mm&r=g\",\"contentUrl\":\"https:\/\/secure.gravatar.com\/avatar\/55cb5e37c1efa326397366e6974cb338056df65cb50e7d64d1cf314e87504837?s=96&d=mm&r=g\",\"caption\":\"Arnaldo Botto\"},\"url\":\"https:\/\/www.noticiasradioreflejos.com.ar\/2021\/author\/arnaldo\/\"}]}<\/script>\n<!-- \/ Yoast SEO plugin. -->","yoast_head_json":{"title":"Se corri\u00f3 la II edici\u00f3n del Sierra Rally Bike. - Noticias Radio Reflejos","robots":{"index":"index","follow":"follow","max-snippet":"max-snippet:-1","max-image-preview":"max-image-preview:large","max-video-preview":"max-video-preview:-1"},"canonical":"https:\/\/www.noticiasradioreflejos.com.ar\/2021\/se-corrio-la-ii-edicion-del-sierra-rally-bike\/","og_locale":"es_ES","og_type":"article","og_title":"Se corri\u00f3 la II edici\u00f3n del Sierra Rally Bike. - Noticias Radio Reflejos","og_description":"En un marco inmejorable, este domingo tuvo lugar la segunda edici\u00f3n del Sierra Rally Bike, un encuentro que congreg\u00f3 a m\u00e1s de 500 corredores de todo el pa\u00eds a lo largo de paisajes imponentes de la comarca tur\u00edstica de las Sierras de la Ventana. Javier Rojas, a cargo de la organizaci\u00f3n, dijo que \u201cnos planteamos [&hellip;]","og_url":"https:\/\/www.noticiasradioreflejos.com.ar\/2021\/se-corrio-la-ii-edicion-del-sierra-rally-bike\/","og_site_name":"Noticias Radio Reflejos","article_published_time":"2017-08-08T13:51:26+00:00","og_image":[{"url":"http:\/\/farm5.staticflickr.com\/4401\/36398490636_64aa37c9a9.jpg","type":"","width":"","height":""}],"author":"Arnaldo Botto","twitter_card":"summary_large_image","schema":{"@context":"https:\/\/schema.org","@graph":[{"@type":"WebPage","@id":"https:\/\/www.noticiasradioreflejos.com.ar\/2021\/se-corrio-la-ii-edicion-del-sierra-rally-bike\/","url":"https:\/\/www.noticiasradioreflejos.com.ar\/2021\/se-corrio-la-ii-edicion-del-sierra-rally-bike\/","name":"Se corri\u00f3 la II edici\u00f3n del Sierra Rally Bike. - Noticias Radio Reflejos","isPartOf":{"@id":"https:\/\/www.noticiasradioreflejos.com.ar\/2021\/#website"},"primaryImageOfPage":{"@id":"https:\/\/www.noticiasradioreflejos.com.ar\/2021\/se-corrio-la-ii-edicion-del-sierra-rally-bike\/#primaryimage"},"image":{"@id":"https:\/\/www.noticiasradioreflejos.com.ar\/2021\/se-corrio-la-ii-edicion-del-sierra-rally-bike\/#primaryimage"},"thumbnailUrl":"http:\/\/farm5.staticflickr.com\/4401\/36398490636_64aa37c9a9.jpg","datePublished":"2017-08-08T13:51:26+00:00","author":{"@id":"https:\/\/www.noticiasradioreflejos.com.ar\/2021\/#\/schema\/person\/ad82545263dcc5ec0996818884fd5fb1"},"breadcrumb":{"@id":"https:\/\/www.noticiasradioreflejos.com.ar\/2021\/se-corrio-la-ii-edicion-del-sierra-rally-bike\/#breadcrumb"},"inLanguage":"es","potentialAction":[{"@type":"ReadAction","target":["https:\/\/www.noticiasradioreflejos.com.ar\/2021\/se-corrio-la-ii-edicion-del-sierra-rally-bike\/"]}]},{"@type":"ImageObject","inLanguage":"es","@id":"https:\/\/www.noticiasradioreflejos.com.ar\/2021\/se-corrio-la-ii-edicion-del-sierra-rally-bike\/#primaryimage","url":"http:\/\/farm5.staticflickr.com\/4401\/36398490636_64aa37c9a9.jpg","contentUrl":"http:\/\/farm5.staticflickr.com\/4401\/36398490636_64aa37c9a9.jpg"},{"@type":"BreadcrumbList","@id":"https:\/\/www.noticiasradioreflejos.com.ar\/2021\/se-corrio-la-ii-edicion-del-sierra-rally-bike\/#breadcrumb","itemListElement":[{"@type":"ListItem","position":1,"name":"Portada","item":"https:\/\/www.noticiasradioreflejos.com.ar\/2021\/"},{"@type":"ListItem","position":2,"name":"Se corri\u00f3 la II edici\u00f3n del Sierra Rally Bike."}]},{"@type":"WebSite","@id":"https:\/\/www.noticiasradioreflejos.com.ar\/2021\/#website","url":"https:\/\/www.noticiasradioreflejos.com.ar\/2021\/","name":"Noticias Radio Reflejos","description":"Las noticias de mi comarca","potentialAction":[{"@type":"SearchAction","target":{"@type":"EntryPoint","urlTemplate":"https:\/\/www.noticiasradioreflejos.com.ar\/2021\/?s={search_term_string}"},"query-input":{"@type":"PropertyValueSpecification","valueRequired":true,"valueName":"search_term_string"}}],"inLanguage":"es"},{"@type":"Person","@id":"https:\/\/www.noticiasradioreflejos.com.ar\/2021\/#\/schema\/person\/ad82545263dcc5ec0996818884fd5fb1","name":"Arnaldo Botto","image":{"@type":"ImageObject","inLanguage":"es","@id":"https:\/\/www.noticiasradioreflejos.com.ar\/2021\/#\/schema\/person\/image\/","url":"https:\/\/secure.gravatar.com\/avatar\/55cb5e37c1efa326397366e6974cb338056df65cb50e7d64d1cf314e87504837?s=96&d=mm&r=g","contentUrl":"https:\/\/secure.gravatar.com\/avatar\/55cb5e37c1efa326397366e6974cb338056df65cb50e7d64d1cf314e87504837?s=96&d=mm&r=g","caption":"Arnaldo Botto"},"url":"https:\/\/www.noticiasradioreflejos.com.ar\/2021\/author\/arnaldo\/"}]}},"_links":{"self":[{"href":"https:\/\/www.noticiasradioreflejos.com.ar\/2021\/wp-json\/wp\/v2\/posts\/13257","targetHints":{"allow":["GET"]}}],"collection":[{"href":"https:\/\/www.noticiasradioreflejos.com.ar\/2021\/wp-json\/wp\/v2\/posts"}],"about":[{"href":"https:\/\/www.noticiasradioreflejos.com.ar\/2021\/wp-json\/wp\/v2\/types\/post"}],"author":[{"embeddable":true,"href":"https:\/\/www.noticiasradioreflejos.com.ar\/2021\/wp-json\/wp\/v2\/users\/3"}],"replies":[{"embeddable":true,"href":"https:\/\/www.noticiasradioreflejos.com.ar\/2021\/wp-json\/wp\/v2\/comments?post=13257"}],"version-history":[{"count":0,"href":"https:\/\/www.noticiasradioreflejos.com.ar\/2021\/wp-json\/wp\/v2\/posts\/13257\/revisions"}],"wp:attachment":[{"href":"https:\/\/www.noticiasradioreflejos.com.ar\/2021\/wp-json\/wp\/v2\/media?parent=13257"}],"wp:term":[{"taxonomy":"category","embeddable":true,"href":"https:\/\/www.noticiasradioreflejos.com.ar\/2021\/wp-json\/wp\/v2\/categories?post=13257"},{"taxonomy":"post_tag","embeddable":true,"href":"https:\/\/www.noticiasradioreflejos.com.ar\/2021\/wp-json\/wp\/v2\/tags?post=13257"}],"curies":[{"name":"wp","href":"https:\/\/api.w.org\/{rel}","templated":true}]}}