{"id":13255,"date":"2017-08-08T10:13:02","date_gmt":"2017-08-08T13:13:02","guid":{"rendered":"http:\/\/www.noticiasradioreflejos.com.ar\/noticias\/?p=13255"},"modified":"2017-08-08T10:13:02","modified_gmt":"2017-08-08T13:13:02","slug":"hoy-en-el-honorable-concejo-deliberante-sesion-extraordinaria","status":"publish","type":"post","link":"https:\/\/www.noticiasradioreflejos.com.ar\/2021\/hoy-en-el-honorable-concejo-deliberante-sesion-extraordinaria\/","title":{"rendered":"Hoy en el Honorable Concejo Deliberante, Sesi\u00f3n Extraordinaria."},"content":{"rendered":"<p>Con el DECRETO N\u00ba 12\/17 se convoca a Sesi\u00f3n Extraordinaria al Honorable Concejo Deliberante de Tornquist, para el d\u00eda de hoy:<!--more--><br \/>\nVISTO:<br \/>\nLas facultades otorgadas al Presidente del Honorable Concejo Deliberante por el Art\u00edculo 68\u00ba de la Ley Org\u00e1nica de las Municipalidades, a efectos de que se convoque a Sesi\u00f3n Extraordinaria para el d\u00eda 8 de Agosto de 2017, y;<br \/>\nCONSIDERANDO:<br \/>\nQue el Presidente del Honorable Concejo Deliberante, se encuentra num\u00e9ricamente facultado para que tal solicitud proceda, conforme a las disposiciones del Art\u00edculo anteriormente mencionado, Inciso 5\u00ba de la Ley Org\u00e1nica de la Municipalidades y al Art\u00edculo 5\u00ba, Inciso 5\u00ba del Reglamento Interno de este Cuerpo.<br \/>\nPOR ELLO:<br \/>\nEL PRESIDENTE del HONORABLE CONCEJO DELIBERANTE,<br \/>\nen uso de sus facultades,<br \/>\nD E C R E T A<br \/>\nART\u00cdCULO 1\u00ba: Conv\u00f3quese a los miembros del Honorable Concejo Deliberante a Sesi\u00f3n Extraordinaria, para el d\u00eda 8 de Agosto de 2017, a la hora 20, con el objeto de dar tratamiento al siguiente tema:<br \/>\n\u2022 Expte. N\u00b0 4114-112\/15: Regularizaci\u00f3n Dominial: Solicitud de regularizar situaci\u00f3n dominial de la Mz. 67- 10 viviendas \u2013 de la localidad de Saldungaray. Pdo. de Tornquist<br \/>\nARTICULO 2\u00ba: Comun\u00edquese, publ\u00edquese, reg\u00edstrese y cumplido ARCHIVESE.-<br \/>\nTORNQUIST, 8 DE AGOSTO DE 2017.-<br \/>\nMa. Valentina Nyez \u00a0 \u00a0 \u00a0 \u00a0 \u00a0 \u00a0 \u00a0 \u00a0 \u00a0 \u00a0 \u00a0 \u00a0 \u00a0 \u00a0 \u00a0 \u00a0 \u00a0 \u00a0 \u00a0 \u00a0 \u00a0 \u00a0 \u00a0 \u00a0 \u00a0 \u00a0 \u00a0 \u00a0 \u00a0 \u00a0 \u00a0 \u00a0 \u00a0 \u00a0 \u00a0 \u00a0 \u00a0 \u00a0 \u00a0 \u00a0 \u00a0 \u00a0 \u00a0 \u00a0 \u00a0 \u00a0 \u00a0 \u00a0 \u00a0 \u00a0 \u00a0 \u00a0 \u00a0 \u00a0 \u00a0 \u00a0 \u00a0 \u00a0 \u00a0 \u00a0 \u00a0 Gustavo Moroncini<br \/>\nSecretaria H.C.D \u00a0 \u00a0 \u00a0 \u00a0 \u00a0 \u00a0 \u00a0 \u00a0 \u00a0 \u00a0 \u00a0 \u00a0 \u00a0 \u00a0 \u00a0 \u00a0 \u00a0 \u00a0 \u00a0 \u00a0 \u00a0 \u00a0 \u00a0 \u00a0 \u00a0 \u00a0 \u00a0 \u00a0 \u00a0 \u00a0 \u00a0 \u00a0 \u00a0 \u00a0 \u00a0 \u00a0 \u00a0 \u00a0 \u00a0 \u00a0 \u00a0 \u00a0 \u00a0 \u00a0 \u00a0 \u00a0 \u00a0 \u00a0 \u00a0 \u00a0 \u00a0 \u00a0 \u00a0 \u00a0 \u00a0 \u00a0 \u00a0 \u00a0 \u00a0 \u00a0 \u00a0 \u00a0Presidente H.C.D.<\/p>\n","protected":false},"excerpt":{"rendered":"<p>Con el DECRETO N\u00ba 12\/17 se convoca a Sesi\u00f3n Extraordinaria al Honorable Concejo Deliberante de Tornquist, para el d\u00eda de hoy:<\/p>\n","protected":false},"author":3,"featured_media":0,"comment_status":"closed","ping_status":"open","sticky":false,"template":"","format":"standard","meta":{"footnotes":""},"categories":[28],"tags":[],"class_list":["post-13255","post","type-post","status-publish","format-standard","hentry","category-municipales"],"yoast_head":"<!-- This site is optimized with the Yoast SEO plugin v25.9 - https:\/\/yoast.com\/wordpress\/plugins\/seo\/ -->\n<title>Hoy en el Honorable Concejo Deliberante, Sesi\u00f3n Extraordinaria. - Noticias Radio Reflejos<\/title>\n<meta name=\"robots\" content=\"index, follow, max-snippet:-1, max-image-preview:large, max-video-preview:-1\" \/>\n<link rel=\"canonical\" href=\"https:\/\/www.noticiasradioreflejos.com.ar\/2021\/hoy-en-el-honorable-concejo-deliberante-sesion-extraordinaria\/\" \/>\n<meta property=\"og:locale\" content=\"es_ES\" \/>\n<meta property=\"og:type\" content=\"article\" \/>\n<meta property=\"og:title\" content=\"Hoy en el Honorable Concejo Deliberante, Sesi\u00f3n Extraordinaria. - Noticias Radio Reflejos\" \/>\n<meta property=\"og:description\" content=\"Con el DECRETO N\u00ba 12\/17 se convoca a Sesi\u00f3n Extraordinaria al Honorable Concejo Deliberante de Tornquist, para el d\u00eda de hoy:\" \/>\n<meta property=\"og:url\" content=\"https:\/\/www.noticiasradioreflejos.com.ar\/2021\/hoy-en-el-honorable-concejo-deliberante-sesion-extraordinaria\/\" \/>\n<meta property=\"og:site_name\" content=\"Noticias Radio Reflejos\" \/>\n<meta property=\"article:published_time\" content=\"2017-08-08T13:13:02+00:00\" \/>\n<meta property=\"og:image\" content=\"https:\/\/www.noticiasradioreflejos.com.ar\/2021\/wp-content\/uploads\/2021\/07\/logosol300x200.png\" \/>\n\t<meta property=\"og:image:width\" content=\"300\" \/>\n\t<meta property=\"og:image:height\" content=\"200\" \/>\n\t<meta property=\"og:image:type\" content=\"image\/png\" \/>\n<meta name=\"author\" content=\"Arnaldo Botto\" \/>\n<meta name=\"twitter:card\" content=\"summary_large_image\" \/>\n<script type=\"application\/ld+json\" class=\"yoast-schema-graph\">{\"@context\":\"https:\/\/schema.org\",\"@graph\":[{\"@type\":\"WebPage\",\"@id\":\"https:\/\/www.noticiasradioreflejos.com.ar\/2021\/hoy-en-el-honorable-concejo-deliberante-sesion-extraordinaria\/\",\"url\":\"https:\/\/www.noticiasradioreflejos.com.ar\/2021\/hoy-en-el-honorable-concejo-deliberante-sesion-extraordinaria\/\",\"name\":\"Hoy en el Honorable Concejo Deliberante, Sesi\u00f3n Extraordinaria. - Noticias Radio Reflejos\",\"isPartOf\":{\"@id\":\"https:\/\/www.noticiasradioreflejos.com.ar\/2021\/#website\"},\"datePublished\":\"2017-08-08T13:13:02+00:00\",\"author\":{\"@id\":\"https:\/\/www.noticiasradioreflejos.com.ar\/2021\/#\/schema\/person\/ad82545263dcc5ec0996818884fd5fb1\"},\"breadcrumb\":{\"@id\":\"https:\/\/www.noticiasradioreflejos.com.ar\/2021\/hoy-en-el-honorable-concejo-deliberante-sesion-extraordinaria\/#breadcrumb\"},\"inLanguage\":\"es\",\"potentialAction\":[{\"@type\":\"ReadAction\",\"target\":[\"https:\/\/www.noticiasradioreflejos.com.ar\/2021\/hoy-en-el-honorable-concejo-deliberante-sesion-extraordinaria\/\"]}]},{\"@type\":\"BreadcrumbList\",\"@id\":\"https:\/\/www.noticiasradioreflejos.com.ar\/2021\/hoy-en-el-honorable-concejo-deliberante-sesion-extraordinaria\/#breadcrumb\",\"itemListElement\":[{\"@type\":\"ListItem\",\"position\":1,\"name\":\"Portada\",\"item\":\"https:\/\/www.noticiasradioreflejos.com.ar\/2021\/\"},{\"@type\":\"ListItem\",\"position\":2,\"name\":\"Hoy en el Honorable Concejo Deliberante, Sesi\u00f3n Extraordinaria.\"}]},{\"@type\":\"WebSite\",\"@id\":\"https:\/\/www.noticiasradioreflejos.com.ar\/2021\/#website\",\"url\":\"https:\/\/www.noticiasradioreflejos.com.ar\/2021\/\",\"name\":\"Noticias Radio Reflejos\",\"description\":\"Las noticias de mi comarca\",\"potentialAction\":[{\"@type\":\"SearchAction\",\"target\":{\"@type\":\"EntryPoint\",\"urlTemplate\":\"https:\/\/www.noticiasradioreflejos.com.ar\/2021\/?s={search_term_string}\"},\"query-input\":{\"@type\":\"PropertyValueSpecification\",\"valueRequired\":true,\"valueName\":\"search_term_string\"}}],\"inLanguage\":\"es\"},{\"@type\":\"Person\",\"@id\":\"https:\/\/www.noticiasradioreflejos.com.ar\/2021\/#\/schema\/person\/ad82545263dcc5ec0996818884fd5fb1\",\"name\":\"Arnaldo Botto\",\"image\":{\"@type\":\"ImageObject\",\"inLanguage\":\"es\",\"@id\":\"https:\/\/www.noticiasradioreflejos.com.ar\/2021\/#\/schema\/person\/image\/\",\"url\":\"https:\/\/secure.gravatar.com\/avatar\/55cb5e37c1efa326397366e6974cb338056df65cb50e7d64d1cf314e87504837?s=96&d=mm&r=g\",\"contentUrl\":\"https:\/\/secure.gravatar.com\/avatar\/55cb5e37c1efa326397366e6974cb338056df65cb50e7d64d1cf314e87504837?s=96&d=mm&r=g\",\"caption\":\"Arnaldo Botto\"},\"url\":\"https:\/\/www.noticiasradioreflejos.com.ar\/2021\/author\/arnaldo\/\"}]}<\/script>\n<!-- \/ Yoast SEO plugin. -->","yoast_head_json":{"title":"Hoy en el Honorable Concejo Deliberante, Sesi\u00f3n Extraordinaria. - Noticias Radio Reflejos","robots":{"index":"index","follow":"follow","max-snippet":"max-snippet:-1","max-image-preview":"max-image-preview:large","max-video-preview":"max-video-preview:-1"},"canonical":"https:\/\/www.noticiasradioreflejos.com.ar\/2021\/hoy-en-el-honorable-concejo-deliberante-sesion-extraordinaria\/","og_locale":"es_ES","og_type":"article","og_title":"Hoy en el Honorable Concejo Deliberante, Sesi\u00f3n Extraordinaria. - Noticias Radio Reflejos","og_description":"Con el DECRETO N\u00ba 12\/17 se convoca a Sesi\u00f3n Extraordinaria al Honorable Concejo Deliberante de Tornquist, para el d\u00eda de hoy:","og_url":"https:\/\/www.noticiasradioreflejos.com.ar\/2021\/hoy-en-el-honorable-concejo-deliberante-sesion-extraordinaria\/","og_site_name":"Noticias Radio Reflejos","article_published_time":"2017-08-08T13:13:02+00:00","og_image":[{"width":300,"height":200,"url":"https:\/\/www.noticiasradioreflejos.com.ar\/2021\/wp-content\/uploads\/2021\/07\/logosol300x200.png","type":"image\/png"}],"author":"Arnaldo Botto","twitter_card":"summary_large_image","schema":{"@context":"https:\/\/schema.org","@graph":[{"@type":"WebPage","@id":"https:\/\/www.noticiasradioreflejos.com.ar\/2021\/hoy-en-el-honorable-concejo-deliberante-sesion-extraordinaria\/","url":"https:\/\/www.noticiasradioreflejos.com.ar\/2021\/hoy-en-el-honorable-concejo-deliberante-sesion-extraordinaria\/","name":"Hoy en el Honorable Concejo Deliberante, Sesi\u00f3n Extraordinaria. - Noticias Radio Reflejos","isPartOf":{"@id":"https:\/\/www.noticiasradioreflejos.com.ar\/2021\/#website"},"datePublished":"2017-08-08T13:13:02+00:00","author":{"@id":"https:\/\/www.noticiasradioreflejos.com.ar\/2021\/#\/schema\/person\/ad82545263dcc5ec0996818884fd5fb1"},"breadcrumb":{"@id":"https:\/\/www.noticiasradioreflejos.com.ar\/2021\/hoy-en-el-honorable-concejo-deliberante-sesion-extraordinaria\/#breadcrumb"},"inLanguage":"es","potentialAction":[{"@type":"ReadAction","target":["https:\/\/www.noticiasradioreflejos.com.ar\/2021\/hoy-en-el-honorable-concejo-deliberante-sesion-extraordinaria\/"]}]},{"@type":"BreadcrumbList","@id":"https:\/\/www.noticiasradioreflejos.com.ar\/2021\/hoy-en-el-honorable-concejo-deliberante-sesion-extraordinaria\/#breadcrumb","itemListElement":[{"@type":"ListItem","position":1,"name":"Portada","item":"https:\/\/www.noticiasradioreflejos.com.ar\/2021\/"},{"@type":"ListItem","position":2,"name":"Hoy en el Honorable Concejo Deliberante, Sesi\u00f3n Extraordinaria."}]},{"@type":"WebSite","@id":"https:\/\/www.noticiasradioreflejos.com.ar\/2021\/#website","url":"https:\/\/www.noticiasradioreflejos.com.ar\/2021\/","name":"Noticias Radio Reflejos","description":"Las noticias de mi comarca","potentialAction":[{"@type":"SearchAction","target":{"@type":"EntryPoint","urlTemplate":"https:\/\/www.noticiasradioreflejos.com.ar\/2021\/?s={search_term_string}"},"query-input":{"@type":"PropertyValueSpecification","valueRequired":true,"valueName":"search_term_string"}}],"inLanguage":"es"},{"@type":"Person","@id":"https:\/\/www.noticiasradioreflejos.com.ar\/2021\/#\/schema\/person\/ad82545263dcc5ec0996818884fd5fb1","name":"Arnaldo Botto","image":{"@type":"ImageObject","inLanguage":"es","@id":"https:\/\/www.noticiasradioreflejos.com.ar\/2021\/#\/schema\/person\/image\/","url":"https:\/\/secure.gravatar.com\/avatar\/55cb5e37c1efa326397366e6974cb338056df65cb50e7d64d1cf314e87504837?s=96&d=mm&r=g","contentUrl":"https:\/\/secure.gravatar.com\/avatar\/55cb5e37c1efa326397366e6974cb338056df65cb50e7d64d1cf314e87504837?s=96&d=mm&r=g","caption":"Arnaldo Botto"},"url":"https:\/\/www.noticiasradioreflejos.com.ar\/2021\/author\/arnaldo\/"}]}},"_links":{"self":[{"href":"https:\/\/www.noticiasradioreflejos.com.ar\/2021\/wp-json\/wp\/v2\/posts\/13255","targetHints":{"allow":["GET"]}}],"collection":[{"href":"https:\/\/www.noticiasradioreflejos.com.ar\/2021\/wp-json\/wp\/v2\/posts"}],"about":[{"href":"https:\/\/www.noticiasradioreflejos.com.ar\/2021\/wp-json\/wp\/v2\/types\/post"}],"author":[{"embeddable":true,"href":"https:\/\/www.noticiasradioreflejos.com.ar\/2021\/wp-json\/wp\/v2\/users\/3"}],"replies":[{"embeddable":true,"href":"https:\/\/www.noticiasradioreflejos.com.ar\/2021\/wp-json\/wp\/v2\/comments?post=13255"}],"version-history":[{"count":0,"href":"https:\/\/www.noticiasradioreflejos.com.ar\/2021\/wp-json\/wp\/v2\/posts\/13255\/revisions"}],"wp:attachment":[{"href":"https:\/\/www.noticiasradioreflejos.com.ar\/2021\/wp-json\/wp\/v2\/media?parent=13255"}],"wp:term":[{"taxonomy":"category","embeddable":true,"href":"https:\/\/www.noticiasradioreflejos.com.ar\/2021\/wp-json\/wp\/v2\/categories?post=13255"},{"taxonomy":"post_tag","embeddable":true,"href":"https:\/\/www.noticiasradioreflejos.com.ar\/2021\/wp-json\/wp\/v2\/tags?post=13255"}],"curies":[{"name":"wp","href":"https:\/\/api.w.org\/{rel}","templated":true}]}}