{"id":13231,"date":"2017-08-07T19:32:13","date_gmt":"2017-08-07T22:32:13","guid":{"rendered":"http:\/\/www.noticiasradioreflejos.com.ar\/noticias\/?p=13231"},"modified":"2017-08-07T19:32:13","modified_gmt":"2017-08-07T22:32:13","slug":"13231","status":"publish","type":"post","link":"https:\/\/www.noticiasradioreflejos.com.ar\/2021\/13231\/","title":{"rendered":"Proyecto de 1Pa\u00eds &#8211; Construcci\u00f3n de d\u00e1rsenas y obras sobre el corredor tur\u00edstico de la RP 76"},"content":{"rendered":"<p>La Diputada Provincial, Mar\u00eda Marta Corrado present\u00f3 en la Legislatura Provincial un proyecto de declaraci\u00f3n para que el PE construya diversas obras sobre el corredor tur\u00edstico de la Ruta Provincial 76, que involucran al Partido de Tornquist.<br \/>\n<!--more--><br \/>\nLa iniciativa de la legisladora del Frente Renovador surgi\u00f3 de la inquietud de vecinos y referentes locales del propio espacio pol\u00edtico quienes le manifestaron la preocupaci\u00f3n por el intenso tr\u00e1nsito y el peligro que ello conlleva al no tener d\u00e1rsenas de giro sobre los accesos principales del corredor tur\u00edstico hacia las bases de los Cerros emblem\u00e1ticos de la Comarca.<br \/>\nAdem\u00e1s, junto a \u00e9sta medida, fundamentada principalmente en la prevenci\u00f3n de accidentes y la seguridad de los vecinos y visitantes se solicit\u00f3 en el proyecto el estudio para la construcci\u00f3n de d\u00e1rsenas de giro en los dos ingresos a la localidad de Villa Ventana; en la base del Cerro Bah\u00eda Blanca y en el acceso al Parque Provincial Ernesto Tornquist, Base del Cerro Ventana.<br \/>\nLa iniciativa de la Diputada Provincial tambi\u00e9n incluye la creaci\u00f3n de un cruce peatonal con la correspondiente se\u00f1alizaci\u00f3n, a la altura del mirador del Hueco de la Ventana (deck) ya que principalmente en ese sector la afluencia de familias y visitantes es concurrida y permanentemente cruzan la ruta para acceder a los paseos ubicados a ambos lados de la misma.<br \/>\nPRENSA 1PAIS<br \/>\nTORNQUIST<\/p>\n","protected":false},"excerpt":{"rendered":"<p>La Diputada Provincial, Mar\u00eda Marta Corrado present\u00f3 en la Legislatura Provincial un proyecto de declaraci\u00f3n para que el PE construya diversas obras sobre el corredor tur\u00edstico de la Ruta Provincial 76, que involucran al Partido de Tornquist.<\/p>\n","protected":false},"author":3,"featured_media":57,"comment_status":"closed","ping_status":"open","sticky":false,"template":"","format":"standard","meta":{"footnotes":""},"categories":[24],"tags":[],"class_list":["post-13231","post","type-post","status-publish","format-standard","has-post-thumbnail","hentry","category-politica"],"yoast_head":"<!-- This site is optimized with the Yoast SEO plugin v25.9 - https:\/\/yoast.com\/wordpress\/plugins\/seo\/ -->\n<title>Proyecto de 1Pa\u00eds - Construcci\u00f3n de d\u00e1rsenas y obras sobre el corredor tur\u00edstico de la RP 76 - Noticias Radio Reflejos<\/title>\n<meta name=\"robots\" content=\"index, follow, max-snippet:-1, max-image-preview:large, max-video-preview:-1\" \/>\n<link rel=\"canonical\" href=\"https:\/\/www.noticiasradioreflejos.com.ar\/2021\/13231\/\" \/>\n<meta property=\"og:locale\" content=\"es_ES\" \/>\n<meta property=\"og:type\" content=\"article\" \/>\n<meta property=\"og:title\" content=\"Proyecto de 1Pa\u00eds - Construcci\u00f3n de d\u00e1rsenas y obras sobre el corredor tur\u00edstico de la RP 76 - Noticias Radio Reflejos\" \/>\n<meta property=\"og:description\" content=\"La Diputada Provincial, Mar\u00eda Marta Corrado present\u00f3 en la Legislatura Provincial un proyecto de declaraci\u00f3n para que el PE construya diversas obras sobre el corredor tur\u00edstico de la Ruta Provincial 76, que involucran al Partido de Tornquist.\" \/>\n<meta property=\"og:url\" content=\"https:\/\/www.noticiasradioreflejos.com.ar\/2021\/13231\/\" \/>\n<meta property=\"og:site_name\" content=\"Noticias Radio Reflejos\" \/>\n<meta property=\"article:published_time\" content=\"2017-08-07T22:32:13+00:00\" \/>\n<meta property=\"og:image\" content=\"https:\/\/www.noticiasradioreflejos.com.ar\/2021\/wp-content\/uploads\/2016\/07\/parque4.png\" \/>\n\t<meta property=\"og:image:width\" content=\"1364\" \/>\n\t<meta property=\"og:image:height\" content=\"691\" \/>\n\t<meta property=\"og:image:type\" content=\"image\/png\" \/>\n<meta name=\"author\" content=\"Arnaldo Botto\" \/>\n<meta name=\"twitter:card\" content=\"summary_large_image\" \/>\n<script type=\"application\/ld+json\" class=\"yoast-schema-graph\">{\"@context\":\"https:\/\/schema.org\",\"@graph\":[{\"@type\":\"WebPage\",\"@id\":\"https:\/\/www.noticiasradioreflejos.com.ar\/2021\/13231\/\",\"url\":\"https:\/\/www.noticiasradioreflejos.com.ar\/2021\/13231\/\",\"name\":\"Proyecto de 1Pa\u00eds - Construcci\u00f3n de d\u00e1rsenas y obras sobre el corredor tur\u00edstico de la RP 76 - Noticias Radio Reflejos\",\"isPartOf\":{\"@id\":\"https:\/\/www.noticiasradioreflejos.com.ar\/2021\/#website\"},\"primaryImageOfPage\":{\"@id\":\"https:\/\/www.noticiasradioreflejos.com.ar\/2021\/13231\/#primaryimage\"},\"image\":{\"@id\":\"https:\/\/www.noticiasradioreflejos.com.ar\/2021\/13231\/#primaryimage\"},\"thumbnailUrl\":\"https:\/\/www.noticiasradioreflejos.com.ar\/2021\/wp-content\/uploads\/2016\/07\/parque4.png\",\"datePublished\":\"2017-08-07T22:32:13+00:00\",\"author\":{\"@id\":\"https:\/\/www.noticiasradioreflejos.com.ar\/2021\/#\/schema\/person\/ad82545263dcc5ec0996818884fd5fb1\"},\"breadcrumb\":{\"@id\":\"https:\/\/www.noticiasradioreflejos.com.ar\/2021\/13231\/#breadcrumb\"},\"inLanguage\":\"es\",\"potentialAction\":[{\"@type\":\"ReadAction\",\"target\":[\"https:\/\/www.noticiasradioreflejos.com.ar\/2021\/13231\/\"]}]},{\"@type\":\"ImageObject\",\"inLanguage\":\"es\",\"@id\":\"https:\/\/www.noticiasradioreflejos.com.ar\/2021\/13231\/#primaryimage\",\"url\":\"https:\/\/www.noticiasradioreflejos.com.ar\/2021\/wp-content\/uploads\/2016\/07\/parque4.png\",\"contentUrl\":\"https:\/\/www.noticiasradioreflejos.com.ar\/2021\/wp-content\/uploads\/2016\/07\/parque4.png\",\"width\":1364,\"height\":691},{\"@type\":\"BreadcrumbList\",\"@id\":\"https:\/\/www.noticiasradioreflejos.com.ar\/2021\/13231\/#breadcrumb\",\"itemListElement\":[{\"@type\":\"ListItem\",\"position\":1,\"name\":\"Portada\",\"item\":\"https:\/\/www.noticiasradioreflejos.com.ar\/2021\/\"},{\"@type\":\"ListItem\",\"position\":2,\"name\":\"Proyecto de 1Pa\u00eds &#8211; Construcci\u00f3n de d\u00e1rsenas y obras sobre el corredor tur\u00edstico de la RP 76\"}]},{\"@type\":\"WebSite\",\"@id\":\"https:\/\/www.noticiasradioreflejos.com.ar\/2021\/#website\",\"url\":\"https:\/\/www.noticiasradioreflejos.com.ar\/2021\/\",\"name\":\"Noticias Radio Reflejos\",\"description\":\"Las noticias de mi comarca\",\"potentialAction\":[{\"@type\":\"SearchAction\",\"target\":{\"@type\":\"EntryPoint\",\"urlTemplate\":\"https:\/\/www.noticiasradioreflejos.com.ar\/2021\/?s={search_term_string}\"},\"query-input\":{\"@type\":\"PropertyValueSpecification\",\"valueRequired\":true,\"valueName\":\"search_term_string\"}}],\"inLanguage\":\"es\"},{\"@type\":\"Person\",\"@id\":\"https:\/\/www.noticiasradioreflejos.com.ar\/2021\/#\/schema\/person\/ad82545263dcc5ec0996818884fd5fb1\",\"name\":\"Arnaldo Botto\",\"image\":{\"@type\":\"ImageObject\",\"inLanguage\":\"es\",\"@id\":\"https:\/\/www.noticiasradioreflejos.com.ar\/2021\/#\/schema\/person\/image\/\",\"url\":\"https:\/\/secure.gravatar.com\/avatar\/55cb5e37c1efa326397366e6974cb338056df65cb50e7d64d1cf314e87504837?s=96&d=mm&r=g\",\"contentUrl\":\"https:\/\/secure.gravatar.com\/avatar\/55cb5e37c1efa326397366e6974cb338056df65cb50e7d64d1cf314e87504837?s=96&d=mm&r=g\",\"caption\":\"Arnaldo Botto\"},\"url\":\"https:\/\/www.noticiasradioreflejos.com.ar\/2021\/author\/arnaldo\/\"}]}<\/script>\n<!-- \/ Yoast SEO plugin. -->","yoast_head_json":{"title":"Proyecto de 1Pa\u00eds - Construcci\u00f3n de d\u00e1rsenas y obras sobre el corredor tur\u00edstico de la RP 76 - Noticias Radio Reflejos","robots":{"index":"index","follow":"follow","max-snippet":"max-snippet:-1","max-image-preview":"max-image-preview:large","max-video-preview":"max-video-preview:-1"},"canonical":"https:\/\/www.noticiasradioreflejos.com.ar\/2021\/13231\/","og_locale":"es_ES","og_type":"article","og_title":"Proyecto de 1Pa\u00eds - Construcci\u00f3n de d\u00e1rsenas y obras sobre el corredor tur\u00edstico de la RP 76 - Noticias Radio Reflejos","og_description":"La Diputada Provincial, Mar\u00eda Marta Corrado present\u00f3 en la Legislatura Provincial un proyecto de declaraci\u00f3n para que el PE construya diversas obras sobre el corredor tur\u00edstico de la Ruta Provincial 76, que involucran al Partido de Tornquist.","og_url":"https:\/\/www.noticiasradioreflejos.com.ar\/2021\/13231\/","og_site_name":"Noticias Radio Reflejos","article_published_time":"2017-08-07T22:32:13+00:00","og_image":[{"width":1364,"height":691,"url":"https:\/\/www.noticiasradioreflejos.com.ar\/2021\/wp-content\/uploads\/2016\/07\/parque4.png","type":"image\/png"}],"author":"Arnaldo Botto","twitter_card":"summary_large_image","schema":{"@context":"https:\/\/schema.org","@graph":[{"@type":"WebPage","@id":"https:\/\/www.noticiasradioreflejos.com.ar\/2021\/13231\/","url":"https:\/\/www.noticiasradioreflejos.com.ar\/2021\/13231\/","name":"Proyecto de 1Pa\u00eds - Construcci\u00f3n de d\u00e1rsenas y obras sobre el corredor tur\u00edstico de la RP 76 - Noticias Radio Reflejos","isPartOf":{"@id":"https:\/\/www.noticiasradioreflejos.com.ar\/2021\/#website"},"primaryImageOfPage":{"@id":"https:\/\/www.noticiasradioreflejos.com.ar\/2021\/13231\/#primaryimage"},"image":{"@id":"https:\/\/www.noticiasradioreflejos.com.ar\/2021\/13231\/#primaryimage"},"thumbnailUrl":"https:\/\/www.noticiasradioreflejos.com.ar\/2021\/wp-content\/uploads\/2016\/07\/parque4.png","datePublished":"2017-08-07T22:32:13+00:00","author":{"@id":"https:\/\/www.noticiasradioreflejos.com.ar\/2021\/#\/schema\/person\/ad82545263dcc5ec0996818884fd5fb1"},"breadcrumb":{"@id":"https:\/\/www.noticiasradioreflejos.com.ar\/2021\/13231\/#breadcrumb"},"inLanguage":"es","potentialAction":[{"@type":"ReadAction","target":["https:\/\/www.noticiasradioreflejos.com.ar\/2021\/13231\/"]}]},{"@type":"ImageObject","inLanguage":"es","@id":"https:\/\/www.noticiasradioreflejos.com.ar\/2021\/13231\/#primaryimage","url":"https:\/\/www.noticiasradioreflejos.com.ar\/2021\/wp-content\/uploads\/2016\/07\/parque4.png","contentUrl":"https:\/\/www.noticiasradioreflejos.com.ar\/2021\/wp-content\/uploads\/2016\/07\/parque4.png","width":1364,"height":691},{"@type":"BreadcrumbList","@id":"https:\/\/www.noticiasradioreflejos.com.ar\/2021\/13231\/#breadcrumb","itemListElement":[{"@type":"ListItem","position":1,"name":"Portada","item":"https:\/\/www.noticiasradioreflejos.com.ar\/2021\/"},{"@type":"ListItem","position":2,"name":"Proyecto de 1Pa\u00eds &#8211; Construcci\u00f3n de d\u00e1rsenas y obras sobre el corredor tur\u00edstico de la RP 76"}]},{"@type":"WebSite","@id":"https:\/\/www.noticiasradioreflejos.com.ar\/2021\/#website","url":"https:\/\/www.noticiasradioreflejos.com.ar\/2021\/","name":"Noticias Radio Reflejos","description":"Las noticias de mi comarca","potentialAction":[{"@type":"SearchAction","target":{"@type":"EntryPoint","urlTemplate":"https:\/\/www.noticiasradioreflejos.com.ar\/2021\/?s={search_term_string}"},"query-input":{"@type":"PropertyValueSpecification","valueRequired":true,"valueName":"search_term_string"}}],"inLanguage":"es"},{"@type":"Person","@id":"https:\/\/www.noticiasradioreflejos.com.ar\/2021\/#\/schema\/person\/ad82545263dcc5ec0996818884fd5fb1","name":"Arnaldo Botto","image":{"@type":"ImageObject","inLanguage":"es","@id":"https:\/\/www.noticiasradioreflejos.com.ar\/2021\/#\/schema\/person\/image\/","url":"https:\/\/secure.gravatar.com\/avatar\/55cb5e37c1efa326397366e6974cb338056df65cb50e7d64d1cf314e87504837?s=96&d=mm&r=g","contentUrl":"https:\/\/secure.gravatar.com\/avatar\/55cb5e37c1efa326397366e6974cb338056df65cb50e7d64d1cf314e87504837?s=96&d=mm&r=g","caption":"Arnaldo Botto"},"url":"https:\/\/www.noticiasradioreflejos.com.ar\/2021\/author\/arnaldo\/"}]}},"_links":{"self":[{"href":"https:\/\/www.noticiasradioreflejos.com.ar\/2021\/wp-json\/wp\/v2\/posts\/13231","targetHints":{"allow":["GET"]}}],"collection":[{"href":"https:\/\/www.noticiasradioreflejos.com.ar\/2021\/wp-json\/wp\/v2\/posts"}],"about":[{"href":"https:\/\/www.noticiasradioreflejos.com.ar\/2021\/wp-json\/wp\/v2\/types\/post"}],"author":[{"embeddable":true,"href":"https:\/\/www.noticiasradioreflejos.com.ar\/2021\/wp-json\/wp\/v2\/users\/3"}],"replies":[{"embeddable":true,"href":"https:\/\/www.noticiasradioreflejos.com.ar\/2021\/wp-json\/wp\/v2\/comments?post=13231"}],"version-history":[{"count":0,"href":"https:\/\/www.noticiasradioreflejos.com.ar\/2021\/wp-json\/wp\/v2\/posts\/13231\/revisions"}],"wp:featuredmedia":[{"embeddable":true,"href":"https:\/\/www.noticiasradioreflejos.com.ar\/2021\/wp-json\/wp\/v2\/media\/57"}],"wp:attachment":[{"href":"https:\/\/www.noticiasradioreflejos.com.ar\/2021\/wp-json\/wp\/v2\/media?parent=13231"}],"wp:term":[{"taxonomy":"category","embeddable":true,"href":"https:\/\/www.noticiasradioreflejos.com.ar\/2021\/wp-json\/wp\/v2\/categories?post=13231"},{"taxonomy":"post_tag","embeddable":true,"href":"https:\/\/www.noticiasradioreflejos.com.ar\/2021\/wp-json\/wp\/v2\/tags?post=13231"}],"curies":[{"name":"wp","href":"https:\/\/api.w.org\/{rel}","templated":true}]}}