{"id":13227,"date":"2017-08-07T14:57:53","date_gmt":"2017-08-07T17:57:53","guid":{"rendered":"http:\/\/www.noticiasradioreflejos.com.ar\/noticias\/?p=13227"},"modified":"2017-08-07T14:57:53","modified_gmt":"2017-08-07T17:57:53","slug":"sorpresa-por-una-intensa-granizada-en-la-region","status":"publish","type":"post","link":"https:\/\/www.noticiasradioreflejos.com.ar\/2021\/sorpresa-por-una-intensa-granizada-en-la-region\/","title":{"rendered":"Sorpresa por una intensa granizada en la regi\u00f3n"},"content":{"rendered":"<p><a title=\"59886855392c6_medium\" href=\"http:\/\/farm5.staticflickr.com\/4344\/36383331876_1d3aabeebb.jpg\" rel=\"\"><img loading=\"lazy\" decoding=\"async\" class=\"alignleft\" style=\"float: left;\" title=\"59886855392c6_medium\" src=\"http:\/\/farm5.staticflickr.com\/4344\/36383331876_1d3aabeebb.jpg\" alt=\"59886855392c6_medium\" width=\"419\" height=\"500\" \/><\/a>No se registraron da\u00f1os de consideraci\u00f3n, aunque las piedras se acumularon en calles, veredas e incluso autos estacionados. La comunidad de Pig\u00fc\u00e9 se vio sorprendida esta ma\u00f1ana por una intensa granizada con lluvia que, seg\u00fan las fuentes consultadas, no caus\u00f3 da\u00f1os de consideraci\u00f3n.<br \/>\nEl fen\u00f3meno se dio alrededor de las 6 y, si bien las piedras fueron de tama\u00f1o peque\u00f1o, se acumularon en gran medida en calles, veredas e incluso veh\u00edculos estacionados.<!--more--><br \/>\nSe inform\u00f3 que no se registraron inconvenientes ni da\u00f1os de consideraci\u00f3n, salvo alguna canaleta tapada por la acumulaci\u00f3n de hielo.<br \/>\nLas piedras se derritieron en pocos minutos.<br \/>\nAlgunos vecinos se vieron sorprendidos por el fen\u00f3meno, dado que se asemej\u00f3 a una pedrada t\u00edpica de verano, que por lo general sobrevienen luego de d\u00edas de intenso calor y condiciones clim\u00e1ticas especiales. Ayer en la ciudad se registraron 21\u00baC de m\u00e1xima.<br \/>\nEn el resto de la zona amaneci\u00f3 con lluvias. Los registros, hasta el momento, rondan los 15 a 25 mil\u00edmetros.<br \/>\n<strong>En Coronel Suarez fuerta granizo y viento<\/strong><\/p>\n<div class=\"adelanto\">\n<img loading=\"lazy\" decoding=\"async\" class=\"aligncenter\" src=\"http:\/\/www.elorden.com\/uploads\/imagenes\/repositorio\/2017\/08\/07\/8192\/201708070208326f639307a9212e93dc290b68b20c68a1.jpg\" alt=\"\" width=\"624\" height=\"351\" \/><br \/>\nLos Bomberos Voluntarios debieron trabajar en varias viviendas e instituciones de Santa Trinidad, San Jos\u00e9 y Santa Mar\u00eda.<br \/>\nTodo indicar\u00eda que la parte m\u00e1s feroz de la tormenta que cruz\u00f3 por nuestra ciudad a las 7 de la ma\u00f1ana del lunes se vivi\u00f3 en nuestros tres Pueblos Alemanes desde donde se produjeron los primeros llamados telef\u00f3nicos de emergencia al Cuartel de Bomberos Voluntarios.<br \/>\nLas im\u00e1genes de la gran granizada que se produjo en Pueblo Santa Mar\u00eda hablan por s\u00ed solas y analizando este fen\u00f3meno meteorol\u00f3gico repentino el Servicio Meteorol\u00f3gico Nacional a las 8.40 horas emiti\u00f3 un alerta meteorol\u00f3gico \u201ca muy corto plazo\u201d, es decir de urgencia, por el per\u00edodo de tres horas para la zona comprendida por de Gonzales Chaves, Azul, Benito Juarez, Coronel Pringles, General La Madrid, Laprida, Necochea, Olavarria, Tandil, Tapalque y Tres Arroyos.<br \/>\nAnte este escenario varias de las instituciones educativas de los Pueblos Alemanes debieron suspender el normal dictado de clases como la Primaria 5, la Secundaria 5 y su Anexo 3051, la Escuela Primaria N\u00ba 3 y el turno ma\u00f1ana del Parroquial San Jos\u00e9.<br \/>\nUn \u00edcono del Pueblo San Jos\u00e9 tambi\u00e9n sufri\u00f3 los avatares de la tormenta: el Maibaum, ubicado en la rambla de la Avenida Alemanes del Volga, frente al Club Independiente.\n<\/div>\n<div class=\"text\">La Nueva Radio de Suarez<\/div>\n","protected":false},"excerpt":{"rendered":"<p>No se registraron da\u00f1os de consideraci\u00f3n, aunque las piedras se acumularon en calles, veredas e incluso autos estacionados. La comunidad de Pig\u00fc\u00e9 se vio sorprendida esta ma\u00f1ana por una intensa granizada con lluvia que, seg\u00fan las fuentes consultadas, no caus\u00f3 da\u00f1os de consideraci\u00f3n. El fen\u00f3meno se dio alrededor de las 6 y, si bien las [&hellip;]<\/p>\n","protected":false},"author":3,"featured_media":0,"comment_status":"closed","ping_status":"open","sticky":false,"template":"","format":"standard","meta":{"footnotes":""},"categories":[26],"tags":[],"class_list":["post-13227","post","type-post","status-publish","format-standard","hentry","category-sociedad"],"yoast_head":"<!-- This site is optimized with the Yoast SEO plugin v25.9 - https:\/\/yoast.com\/wordpress\/plugins\/seo\/ -->\n<title>Sorpresa por una intensa granizada en la regi\u00f3n - Noticias Radio Reflejos<\/title>\n<meta name=\"robots\" content=\"index, follow, max-snippet:-1, max-image-preview:large, max-video-preview:-1\" \/>\n<link rel=\"canonical\" href=\"https:\/\/www.noticiasradioreflejos.com.ar\/2021\/sorpresa-por-una-intensa-granizada-en-la-region\/\" \/>\n<meta property=\"og:locale\" content=\"es_ES\" \/>\n<meta property=\"og:type\" content=\"article\" \/>\n<meta property=\"og:title\" content=\"Sorpresa por una intensa granizada en la regi\u00f3n - Noticias Radio Reflejos\" \/>\n<meta property=\"og:description\" content=\"No se registraron da\u00f1os de consideraci\u00f3n, aunque las piedras se acumularon en calles, veredas e incluso autos estacionados. La comunidad de Pig\u00fc\u00e9 se vio sorprendida esta ma\u00f1ana por una intensa granizada con lluvia que, seg\u00fan las fuentes consultadas, no caus\u00f3 da\u00f1os de consideraci\u00f3n. El fen\u00f3meno se dio alrededor de las 6 y, si bien las [&hellip;]\" \/>\n<meta property=\"og:url\" content=\"https:\/\/www.noticiasradioreflejos.com.ar\/2021\/sorpresa-por-una-intensa-granizada-en-la-region\/\" \/>\n<meta property=\"og:site_name\" content=\"Noticias Radio Reflejos\" \/>\n<meta property=\"article:published_time\" content=\"2017-08-07T17:57:53+00:00\" \/>\n<meta property=\"og:image\" content=\"http:\/\/farm5.staticflickr.com\/4344\/36383331876_1d3aabeebb.jpg\" \/>\n<meta name=\"author\" content=\"Arnaldo Botto\" \/>\n<meta name=\"twitter:card\" content=\"summary_large_image\" \/>\n<script type=\"application\/ld+json\" class=\"yoast-schema-graph\">{\"@context\":\"https:\/\/schema.org\",\"@graph\":[{\"@type\":\"WebPage\",\"@id\":\"https:\/\/www.noticiasradioreflejos.com.ar\/2021\/sorpresa-por-una-intensa-granizada-en-la-region\/\",\"url\":\"https:\/\/www.noticiasradioreflejos.com.ar\/2021\/sorpresa-por-una-intensa-granizada-en-la-region\/\",\"name\":\"Sorpresa por una intensa granizada en la regi\u00f3n - Noticias Radio Reflejos\",\"isPartOf\":{\"@id\":\"https:\/\/www.noticiasradioreflejos.com.ar\/2021\/#website\"},\"primaryImageOfPage\":{\"@id\":\"https:\/\/www.noticiasradioreflejos.com.ar\/2021\/sorpresa-por-una-intensa-granizada-en-la-region\/#primaryimage\"},\"image\":{\"@id\":\"https:\/\/www.noticiasradioreflejos.com.ar\/2021\/sorpresa-por-una-intensa-granizada-en-la-region\/#primaryimage\"},\"thumbnailUrl\":\"http:\/\/farm5.staticflickr.com\/4344\/36383331876_1d3aabeebb.jpg\",\"datePublished\":\"2017-08-07T17:57:53+00:00\",\"author\":{\"@id\":\"https:\/\/www.noticiasradioreflejos.com.ar\/2021\/#\/schema\/person\/ad82545263dcc5ec0996818884fd5fb1\"},\"breadcrumb\":{\"@id\":\"https:\/\/www.noticiasradioreflejos.com.ar\/2021\/sorpresa-por-una-intensa-granizada-en-la-region\/#breadcrumb\"},\"inLanguage\":\"es\",\"potentialAction\":[{\"@type\":\"ReadAction\",\"target\":[\"https:\/\/www.noticiasradioreflejos.com.ar\/2021\/sorpresa-por-una-intensa-granizada-en-la-region\/\"]}]},{\"@type\":\"ImageObject\",\"inLanguage\":\"es\",\"@id\":\"https:\/\/www.noticiasradioreflejos.com.ar\/2021\/sorpresa-por-una-intensa-granizada-en-la-region\/#primaryimage\",\"url\":\"http:\/\/farm5.staticflickr.com\/4344\/36383331876_1d3aabeebb.jpg\",\"contentUrl\":\"http:\/\/farm5.staticflickr.com\/4344\/36383331876_1d3aabeebb.jpg\"},{\"@type\":\"BreadcrumbList\",\"@id\":\"https:\/\/www.noticiasradioreflejos.com.ar\/2021\/sorpresa-por-una-intensa-granizada-en-la-region\/#breadcrumb\",\"itemListElement\":[{\"@type\":\"ListItem\",\"position\":1,\"name\":\"Portada\",\"item\":\"https:\/\/www.noticiasradioreflejos.com.ar\/2021\/\"},{\"@type\":\"ListItem\",\"position\":2,\"name\":\"Sorpresa por una intensa granizada en la regi\u00f3n\"}]},{\"@type\":\"WebSite\",\"@id\":\"https:\/\/www.noticiasradioreflejos.com.ar\/2021\/#website\",\"url\":\"https:\/\/www.noticiasradioreflejos.com.ar\/2021\/\",\"name\":\"Noticias Radio Reflejos\",\"description\":\"Las noticias de mi comarca\",\"potentialAction\":[{\"@type\":\"SearchAction\",\"target\":{\"@type\":\"EntryPoint\",\"urlTemplate\":\"https:\/\/www.noticiasradioreflejos.com.ar\/2021\/?s={search_term_string}\"},\"query-input\":{\"@type\":\"PropertyValueSpecification\",\"valueRequired\":true,\"valueName\":\"search_term_string\"}}],\"inLanguage\":\"es\"},{\"@type\":\"Person\",\"@id\":\"https:\/\/www.noticiasradioreflejos.com.ar\/2021\/#\/schema\/person\/ad82545263dcc5ec0996818884fd5fb1\",\"name\":\"Arnaldo Botto\",\"image\":{\"@type\":\"ImageObject\",\"inLanguage\":\"es\",\"@id\":\"https:\/\/www.noticiasradioreflejos.com.ar\/2021\/#\/schema\/person\/image\/\",\"url\":\"https:\/\/secure.gravatar.com\/avatar\/55cb5e37c1efa326397366e6974cb338056df65cb50e7d64d1cf314e87504837?s=96&d=mm&r=g\",\"contentUrl\":\"https:\/\/secure.gravatar.com\/avatar\/55cb5e37c1efa326397366e6974cb338056df65cb50e7d64d1cf314e87504837?s=96&d=mm&r=g\",\"caption\":\"Arnaldo Botto\"},\"url\":\"https:\/\/www.noticiasradioreflejos.com.ar\/2021\/author\/arnaldo\/\"}]}<\/script>\n<!-- \/ Yoast SEO plugin. -->","yoast_head_json":{"title":"Sorpresa por una intensa granizada en la regi\u00f3n - Noticias Radio Reflejos","robots":{"index":"index","follow":"follow","max-snippet":"max-snippet:-1","max-image-preview":"max-image-preview:large","max-video-preview":"max-video-preview:-1"},"canonical":"https:\/\/www.noticiasradioreflejos.com.ar\/2021\/sorpresa-por-una-intensa-granizada-en-la-region\/","og_locale":"es_ES","og_type":"article","og_title":"Sorpresa por una intensa granizada en la regi\u00f3n - Noticias Radio Reflejos","og_description":"No se registraron da\u00f1os de consideraci\u00f3n, aunque las piedras se acumularon en calles, veredas e incluso autos estacionados. La comunidad de Pig\u00fc\u00e9 se vio sorprendida esta ma\u00f1ana por una intensa granizada con lluvia que, seg\u00fan las fuentes consultadas, no caus\u00f3 da\u00f1os de consideraci\u00f3n. El fen\u00f3meno se dio alrededor de las 6 y, si bien las [&hellip;]","og_url":"https:\/\/www.noticiasradioreflejos.com.ar\/2021\/sorpresa-por-una-intensa-granizada-en-la-region\/","og_site_name":"Noticias Radio Reflejos","article_published_time":"2017-08-07T17:57:53+00:00","og_image":[{"url":"http:\/\/farm5.staticflickr.com\/4344\/36383331876_1d3aabeebb.jpg","type":"","width":"","height":""}],"author":"Arnaldo Botto","twitter_card":"summary_large_image","schema":{"@context":"https:\/\/schema.org","@graph":[{"@type":"WebPage","@id":"https:\/\/www.noticiasradioreflejos.com.ar\/2021\/sorpresa-por-una-intensa-granizada-en-la-region\/","url":"https:\/\/www.noticiasradioreflejos.com.ar\/2021\/sorpresa-por-una-intensa-granizada-en-la-region\/","name":"Sorpresa por una intensa granizada en la regi\u00f3n - Noticias Radio Reflejos","isPartOf":{"@id":"https:\/\/www.noticiasradioreflejos.com.ar\/2021\/#website"},"primaryImageOfPage":{"@id":"https:\/\/www.noticiasradioreflejos.com.ar\/2021\/sorpresa-por-una-intensa-granizada-en-la-region\/#primaryimage"},"image":{"@id":"https:\/\/www.noticiasradioreflejos.com.ar\/2021\/sorpresa-por-una-intensa-granizada-en-la-region\/#primaryimage"},"thumbnailUrl":"http:\/\/farm5.staticflickr.com\/4344\/36383331876_1d3aabeebb.jpg","datePublished":"2017-08-07T17:57:53+00:00","author":{"@id":"https:\/\/www.noticiasradioreflejos.com.ar\/2021\/#\/schema\/person\/ad82545263dcc5ec0996818884fd5fb1"},"breadcrumb":{"@id":"https:\/\/www.noticiasradioreflejos.com.ar\/2021\/sorpresa-por-una-intensa-granizada-en-la-region\/#breadcrumb"},"inLanguage":"es","potentialAction":[{"@type":"ReadAction","target":["https:\/\/www.noticiasradioreflejos.com.ar\/2021\/sorpresa-por-una-intensa-granizada-en-la-region\/"]}]},{"@type":"ImageObject","inLanguage":"es","@id":"https:\/\/www.noticiasradioreflejos.com.ar\/2021\/sorpresa-por-una-intensa-granizada-en-la-region\/#primaryimage","url":"http:\/\/farm5.staticflickr.com\/4344\/36383331876_1d3aabeebb.jpg","contentUrl":"http:\/\/farm5.staticflickr.com\/4344\/36383331876_1d3aabeebb.jpg"},{"@type":"BreadcrumbList","@id":"https:\/\/www.noticiasradioreflejos.com.ar\/2021\/sorpresa-por-una-intensa-granizada-en-la-region\/#breadcrumb","itemListElement":[{"@type":"ListItem","position":1,"name":"Portada","item":"https:\/\/www.noticiasradioreflejos.com.ar\/2021\/"},{"@type":"ListItem","position":2,"name":"Sorpresa por una intensa granizada en la regi\u00f3n"}]},{"@type":"WebSite","@id":"https:\/\/www.noticiasradioreflejos.com.ar\/2021\/#website","url":"https:\/\/www.noticiasradioreflejos.com.ar\/2021\/","name":"Noticias Radio Reflejos","description":"Las noticias de mi comarca","potentialAction":[{"@type":"SearchAction","target":{"@type":"EntryPoint","urlTemplate":"https:\/\/www.noticiasradioreflejos.com.ar\/2021\/?s={search_term_string}"},"query-input":{"@type":"PropertyValueSpecification","valueRequired":true,"valueName":"search_term_string"}}],"inLanguage":"es"},{"@type":"Person","@id":"https:\/\/www.noticiasradioreflejos.com.ar\/2021\/#\/schema\/person\/ad82545263dcc5ec0996818884fd5fb1","name":"Arnaldo Botto","image":{"@type":"ImageObject","inLanguage":"es","@id":"https:\/\/www.noticiasradioreflejos.com.ar\/2021\/#\/schema\/person\/image\/","url":"https:\/\/secure.gravatar.com\/avatar\/55cb5e37c1efa326397366e6974cb338056df65cb50e7d64d1cf314e87504837?s=96&d=mm&r=g","contentUrl":"https:\/\/secure.gravatar.com\/avatar\/55cb5e37c1efa326397366e6974cb338056df65cb50e7d64d1cf314e87504837?s=96&d=mm&r=g","caption":"Arnaldo Botto"},"url":"https:\/\/www.noticiasradioreflejos.com.ar\/2021\/author\/arnaldo\/"}]}},"_links":{"self":[{"href":"https:\/\/www.noticiasradioreflejos.com.ar\/2021\/wp-json\/wp\/v2\/posts\/13227","targetHints":{"allow":["GET"]}}],"collection":[{"href":"https:\/\/www.noticiasradioreflejos.com.ar\/2021\/wp-json\/wp\/v2\/posts"}],"about":[{"href":"https:\/\/www.noticiasradioreflejos.com.ar\/2021\/wp-json\/wp\/v2\/types\/post"}],"author":[{"embeddable":true,"href":"https:\/\/www.noticiasradioreflejos.com.ar\/2021\/wp-json\/wp\/v2\/users\/3"}],"replies":[{"embeddable":true,"href":"https:\/\/www.noticiasradioreflejos.com.ar\/2021\/wp-json\/wp\/v2\/comments?post=13227"}],"version-history":[{"count":0,"href":"https:\/\/www.noticiasradioreflejos.com.ar\/2021\/wp-json\/wp\/v2\/posts\/13227\/revisions"}],"wp:attachment":[{"href":"https:\/\/www.noticiasradioreflejos.com.ar\/2021\/wp-json\/wp\/v2\/media?parent=13227"}],"wp:term":[{"taxonomy":"category","embeddable":true,"href":"https:\/\/www.noticiasradioreflejos.com.ar\/2021\/wp-json\/wp\/v2\/categories?post=13227"},{"taxonomy":"post_tag","embeddable":true,"href":"https:\/\/www.noticiasradioreflejos.com.ar\/2021\/wp-json\/wp\/v2\/tags?post=13227"}],"curies":[{"name":"wp","href":"https:\/\/api.w.org\/{rel}","templated":true}]}}