{"id":132131,"date":"2026-01-29T21:46:44","date_gmt":"2026-01-30T00:46:44","guid":{"rendered":"https:\/\/www.noticiasradioreflejos.com.ar\/2021\/?p=132131"},"modified":"2026-01-29T21:46:57","modified_gmt":"2026-01-30T00:46:57","slug":"continua-el-acompanamiento-a-productores-con-la-financiacion-de-emprendimientos","status":"publish","type":"post","link":"https:\/\/www.noticiasradioreflejos.com.ar\/2021\/continua-el-acompanamiento-a-productores-con-la-financiacion-de-emprendimientos\/","title":{"rendered":"Contin\u00faa el acompa\u00f1amiento a productores con la financiaci\u00f3n de emprendimientos"},"content":{"rendered":"<p>En el marco del programa de Peque\u00f1as Unidades Productivas de Alimentos Artesanales (PUPAAS), la Intendente Municipal, Estefan\u00eda Bordoni, firm\u00f3 un convenio de financiaci\u00f3n por 10 millones de pesos para un productor de Sierra de la Ventana.<!--more--><\/p>\n<p>Se trata de un emprendimiento de producci\u00f3n de fermentos envasados, como kombucha y k\u00e9fir, que iniciar\u00e1 su producci\u00f3n a peque\u00f1a escala. El cr\u00e9dito fue gestionado por el municipio ante el Ministerio de Desarrollo Agrario bonaerense, que brinda el beneficio a tasa cero de inter\u00e9s y a devolver en 18 meses.<\/p>\n<p>En la r\u00fabrica del convenio, estuvieron presentes el titular de la producci\u00f3n, Cristi\u00e1n Sim\u00f3n, el Secretario de Ambiente y Desarrollo Productivo, V\u00edctor Ant\u00f3n, y el Director del Plan de Desarrollo del Sudoeste Bonaerense, Mart\u00edn Tomaselli Piz\u00e1.<\/p>\n<p>Desde el Municipio se contin\u00faa trabajando de manera articulada con los organismos provinciales para acompa\u00f1ar y fortalecer a los peque\u00f1os productores locales, promoviendo el desarrollo de emprendimientos que generen valor agregado, empleo y nuevas oportunidades productivas en el distrito.<\/p>\n<p><a href=\"https:\/\/www.noticiasradioreflejos.com.ar\/2021\/continua-el-acompanamiento-a-productores-con-la-financiacion-de-emprendimientos\/firmacredito-29-1-3\/\" rel=\"attachment wp-att-132132\"><img loading=\"lazy\" decoding=\"async\" class=\"aligncenter size-full wp-image-132132\" src=\"https:\/\/www.noticiasradioreflejos.com.ar\/2021\/wp-content\/uploads\/2026\/01\/firmacredito-29-1-3.jpg\" alt=\"\" width=\"2264\" height=\"1510\" srcset=\"https:\/\/www.noticiasradioreflejos.com.ar\/2021\/wp-content\/uploads\/2026\/01\/firmacredito-29-1-3.jpg 2264w, https:\/\/www.noticiasradioreflejos.com.ar\/2021\/wp-content\/uploads\/2026\/01\/firmacredito-29-1-3-300x200.jpg 300w, https:\/\/www.noticiasradioreflejos.com.ar\/2021\/wp-content\/uploads\/2026\/01\/firmacredito-29-1-3-1024x683.jpg 1024w, https:\/\/www.noticiasradioreflejos.com.ar\/2021\/wp-content\/uploads\/2026\/01\/firmacredito-29-1-3-768x512.jpg 768w, https:\/\/www.noticiasradioreflejos.com.ar\/2021\/wp-content\/uploads\/2026\/01\/firmacredito-29-1-3-1536x1024.jpg 1536w, https:\/\/www.noticiasradioreflejos.com.ar\/2021\/wp-content\/uploads\/2026\/01\/firmacredito-29-1-3-2048x1366.jpg 2048w, https:\/\/www.noticiasradioreflejos.com.ar\/2021\/wp-content\/uploads\/2026\/01\/firmacredito-29-1-3-750x500.jpg 750w, https:\/\/www.noticiasradioreflejos.com.ar\/2021\/wp-content\/uploads\/2026\/01\/firmacredito-29-1-3-1140x760.jpg 1140w\" sizes=\"auto, (max-width: 2264px) 100vw, 2264px\" \/><\/a><\/p>\n","protected":false},"excerpt":{"rendered":"<p>En el marco del programa de Peque\u00f1as Unidades Productivas de Alimentos Artesanales (PUPAAS), la Intendente Municipal, Estefan\u00eda Bordoni, firm\u00f3 un convenio de financiaci\u00f3n por 10 millones de pesos para un productor de Sierra de la Ventana.<\/p>\n","protected":false},"author":3,"featured_media":132133,"comment_status":"closed","ping_status":"closed","sticky":false,"template":"","format":"standard","meta":{"footnotes":""},"categories":[28],"tags":[],"class_list":["post-132131","post","type-post","status-publish","format-standard","has-post-thumbnail","hentry","category-municipales"],"yoast_head":"<!-- This site is optimized with the Yoast SEO plugin v25.9 - https:\/\/yoast.com\/wordpress\/plugins\/seo\/ -->\n<title>Contin\u00faa el acompa\u00f1amiento a productores con la financiaci\u00f3n de emprendimientos - Noticias Radio Reflejos<\/title>\n<meta name=\"robots\" content=\"index, follow, max-snippet:-1, max-image-preview:large, max-video-preview:-1\" \/>\n<link rel=\"canonical\" href=\"https:\/\/www.noticiasradioreflejos.com.ar\/2021\/continua-el-acompanamiento-a-productores-con-la-financiacion-de-emprendimientos\/\" \/>\n<meta property=\"og:locale\" content=\"es_ES\" \/>\n<meta property=\"og:type\" content=\"article\" \/>\n<meta property=\"og:title\" content=\"Contin\u00faa el acompa\u00f1amiento a productores con la financiaci\u00f3n de emprendimientos - Noticias Radio Reflejos\" \/>\n<meta property=\"og:description\" content=\"En el marco del programa de Peque\u00f1as Unidades Productivas de Alimentos Artesanales (PUPAAS), la Intendente Municipal, Estefan\u00eda Bordoni, firm\u00f3 un convenio de financiaci\u00f3n por 10 millones de pesos para un productor de Sierra de la Ventana.\" \/>\n<meta property=\"og:url\" content=\"https:\/\/www.noticiasradioreflejos.com.ar\/2021\/continua-el-acompanamiento-a-productores-con-la-financiacion-de-emprendimientos\/\" \/>\n<meta property=\"og:site_name\" content=\"Noticias Radio Reflejos\" \/>\n<meta property=\"article:published_time\" content=\"2026-01-30T00:46:44+00:00\" \/>\n<meta property=\"article:modified_time\" content=\"2026-01-30T00:46:57+00:00\" \/>\n<meta property=\"og:image\" content=\"https:\/\/www.noticiasradioreflejos.com.ar\/2021\/wp-content\/uploads\/2026\/01\/firmacredito-29-1-1.jpg\" \/>\n\t<meta property=\"og:image:width\" content=\"2500\" \/>\n\t<meta property=\"og:image:height\" content=\"1667\" \/>\n\t<meta property=\"og:image:type\" content=\"image\/jpeg\" \/>\n<meta name=\"author\" content=\"Arnaldo Botto\" \/>\n<meta name=\"twitter:card\" content=\"summary_large_image\" \/>\n<script type=\"application\/ld+json\" class=\"yoast-schema-graph\">{\"@context\":\"https:\/\/schema.org\",\"@graph\":[{\"@type\":\"WebPage\",\"@id\":\"https:\/\/www.noticiasradioreflejos.com.ar\/2021\/continua-el-acompanamiento-a-productores-con-la-financiacion-de-emprendimientos\/\",\"url\":\"https:\/\/www.noticiasradioreflejos.com.ar\/2021\/continua-el-acompanamiento-a-productores-con-la-financiacion-de-emprendimientos\/\",\"name\":\"Contin\u00faa el acompa\u00f1amiento a productores con la financiaci\u00f3n de emprendimientos - Noticias Radio Reflejos\",\"isPartOf\":{\"@id\":\"https:\/\/www.noticiasradioreflejos.com.ar\/2021\/#website\"},\"primaryImageOfPage\":{\"@id\":\"https:\/\/www.noticiasradioreflejos.com.ar\/2021\/continua-el-acompanamiento-a-productores-con-la-financiacion-de-emprendimientos\/#primaryimage\"},\"image\":{\"@id\":\"https:\/\/www.noticiasradioreflejos.com.ar\/2021\/continua-el-acompanamiento-a-productores-con-la-financiacion-de-emprendimientos\/#primaryimage\"},\"thumbnailUrl\":\"https:\/\/www.noticiasradioreflejos.com.ar\/2021\/wp-content\/uploads\/2026\/01\/firmacredito-29-1-1.jpg\",\"datePublished\":\"2026-01-30T00:46:44+00:00\",\"dateModified\":\"2026-01-30T00:46:57+00:00\",\"author\":{\"@id\":\"https:\/\/www.noticiasradioreflejos.com.ar\/2021\/#\/schema\/person\/ad82545263dcc5ec0996818884fd5fb1\"},\"breadcrumb\":{\"@id\":\"https:\/\/www.noticiasradioreflejos.com.ar\/2021\/continua-el-acompanamiento-a-productores-con-la-financiacion-de-emprendimientos\/#breadcrumb\"},\"inLanguage\":\"es\",\"potentialAction\":[{\"@type\":\"ReadAction\",\"target\":[\"https:\/\/www.noticiasradioreflejos.com.ar\/2021\/continua-el-acompanamiento-a-productores-con-la-financiacion-de-emprendimientos\/\"]}]},{\"@type\":\"ImageObject\",\"inLanguage\":\"es\",\"@id\":\"https:\/\/www.noticiasradioreflejos.com.ar\/2021\/continua-el-acompanamiento-a-productores-con-la-financiacion-de-emprendimientos\/#primaryimage\",\"url\":\"https:\/\/www.noticiasradioreflejos.com.ar\/2021\/wp-content\/uploads\/2026\/01\/firmacredito-29-1-1.jpg\",\"contentUrl\":\"https:\/\/www.noticiasradioreflejos.com.ar\/2021\/wp-content\/uploads\/2026\/01\/firmacredito-29-1-1.jpg\",\"width\":2500,\"height\":1667},{\"@type\":\"BreadcrumbList\",\"@id\":\"https:\/\/www.noticiasradioreflejos.com.ar\/2021\/continua-el-acompanamiento-a-productores-con-la-financiacion-de-emprendimientos\/#breadcrumb\",\"itemListElement\":[{\"@type\":\"ListItem\",\"position\":1,\"name\":\"Portada\",\"item\":\"https:\/\/www.noticiasradioreflejos.com.ar\/2021\/\"},{\"@type\":\"ListItem\",\"position\":2,\"name\":\"Contin\u00faa el acompa\u00f1amiento a productores con la financiaci\u00f3n de emprendimientos\"}]},{\"@type\":\"WebSite\",\"@id\":\"https:\/\/www.noticiasradioreflejos.com.ar\/2021\/#website\",\"url\":\"https:\/\/www.noticiasradioreflejos.com.ar\/2021\/\",\"name\":\"Noticias Radio Reflejos\",\"description\":\"Las noticias de mi comarca\",\"potentialAction\":[{\"@type\":\"SearchAction\",\"target\":{\"@type\":\"EntryPoint\",\"urlTemplate\":\"https:\/\/www.noticiasradioreflejos.com.ar\/2021\/?s={search_term_string}\"},\"query-input\":{\"@type\":\"PropertyValueSpecification\",\"valueRequired\":true,\"valueName\":\"search_term_string\"}}],\"inLanguage\":\"es\"},{\"@type\":\"Person\",\"@id\":\"https:\/\/www.noticiasradioreflejos.com.ar\/2021\/#\/schema\/person\/ad82545263dcc5ec0996818884fd5fb1\",\"name\":\"Arnaldo Botto\",\"image\":{\"@type\":\"ImageObject\",\"inLanguage\":\"es\",\"@id\":\"https:\/\/www.noticiasradioreflejos.com.ar\/2021\/#\/schema\/person\/image\/\",\"url\":\"https:\/\/secure.gravatar.com\/avatar\/55cb5e37c1efa326397366e6974cb338056df65cb50e7d64d1cf314e87504837?s=96&d=mm&r=g\",\"contentUrl\":\"https:\/\/secure.gravatar.com\/avatar\/55cb5e37c1efa326397366e6974cb338056df65cb50e7d64d1cf314e87504837?s=96&d=mm&r=g\",\"caption\":\"Arnaldo Botto\"},\"url\":\"https:\/\/www.noticiasradioreflejos.com.ar\/2021\/author\/arnaldo\/\"}]}<\/script>\n<!-- \/ Yoast SEO plugin. -->","yoast_head_json":{"title":"Contin\u00faa el acompa\u00f1amiento a productores con la financiaci\u00f3n de emprendimientos - Noticias Radio Reflejos","robots":{"index":"index","follow":"follow","max-snippet":"max-snippet:-1","max-image-preview":"max-image-preview:large","max-video-preview":"max-video-preview:-1"},"canonical":"https:\/\/www.noticiasradioreflejos.com.ar\/2021\/continua-el-acompanamiento-a-productores-con-la-financiacion-de-emprendimientos\/","og_locale":"es_ES","og_type":"article","og_title":"Contin\u00faa el acompa\u00f1amiento a productores con la financiaci\u00f3n de emprendimientos - Noticias Radio Reflejos","og_description":"En el marco del programa de Peque\u00f1as Unidades Productivas de Alimentos Artesanales (PUPAAS), la Intendente Municipal, Estefan\u00eda Bordoni, firm\u00f3 un convenio de financiaci\u00f3n por 10 millones de pesos para un productor de Sierra de la Ventana.","og_url":"https:\/\/www.noticiasradioreflejos.com.ar\/2021\/continua-el-acompanamiento-a-productores-con-la-financiacion-de-emprendimientos\/","og_site_name":"Noticias Radio Reflejos","article_published_time":"2026-01-30T00:46:44+00:00","article_modified_time":"2026-01-30T00:46:57+00:00","og_image":[{"width":2500,"height":1667,"url":"https:\/\/www.noticiasradioreflejos.com.ar\/2021\/wp-content\/uploads\/2026\/01\/firmacredito-29-1-1.jpg","type":"image\/jpeg"}],"author":"Arnaldo Botto","twitter_card":"summary_large_image","schema":{"@context":"https:\/\/schema.org","@graph":[{"@type":"WebPage","@id":"https:\/\/www.noticiasradioreflejos.com.ar\/2021\/continua-el-acompanamiento-a-productores-con-la-financiacion-de-emprendimientos\/","url":"https:\/\/www.noticiasradioreflejos.com.ar\/2021\/continua-el-acompanamiento-a-productores-con-la-financiacion-de-emprendimientos\/","name":"Contin\u00faa el acompa\u00f1amiento a productores con la financiaci\u00f3n de emprendimientos - Noticias Radio Reflejos","isPartOf":{"@id":"https:\/\/www.noticiasradioreflejos.com.ar\/2021\/#website"},"primaryImageOfPage":{"@id":"https:\/\/www.noticiasradioreflejos.com.ar\/2021\/continua-el-acompanamiento-a-productores-con-la-financiacion-de-emprendimientos\/#primaryimage"},"image":{"@id":"https:\/\/www.noticiasradioreflejos.com.ar\/2021\/continua-el-acompanamiento-a-productores-con-la-financiacion-de-emprendimientos\/#primaryimage"},"thumbnailUrl":"https:\/\/www.noticiasradioreflejos.com.ar\/2021\/wp-content\/uploads\/2026\/01\/firmacredito-29-1-1.jpg","datePublished":"2026-01-30T00:46:44+00:00","dateModified":"2026-01-30T00:46:57+00:00","author":{"@id":"https:\/\/www.noticiasradioreflejos.com.ar\/2021\/#\/schema\/person\/ad82545263dcc5ec0996818884fd5fb1"},"breadcrumb":{"@id":"https:\/\/www.noticiasradioreflejos.com.ar\/2021\/continua-el-acompanamiento-a-productores-con-la-financiacion-de-emprendimientos\/#breadcrumb"},"inLanguage":"es","potentialAction":[{"@type":"ReadAction","target":["https:\/\/www.noticiasradioreflejos.com.ar\/2021\/continua-el-acompanamiento-a-productores-con-la-financiacion-de-emprendimientos\/"]}]},{"@type":"ImageObject","inLanguage":"es","@id":"https:\/\/www.noticiasradioreflejos.com.ar\/2021\/continua-el-acompanamiento-a-productores-con-la-financiacion-de-emprendimientos\/#primaryimage","url":"https:\/\/www.noticiasradioreflejos.com.ar\/2021\/wp-content\/uploads\/2026\/01\/firmacredito-29-1-1.jpg","contentUrl":"https:\/\/www.noticiasradioreflejos.com.ar\/2021\/wp-content\/uploads\/2026\/01\/firmacredito-29-1-1.jpg","width":2500,"height":1667},{"@type":"BreadcrumbList","@id":"https:\/\/www.noticiasradioreflejos.com.ar\/2021\/continua-el-acompanamiento-a-productores-con-la-financiacion-de-emprendimientos\/#breadcrumb","itemListElement":[{"@type":"ListItem","position":1,"name":"Portada","item":"https:\/\/www.noticiasradioreflejos.com.ar\/2021\/"},{"@type":"ListItem","position":2,"name":"Contin\u00faa el acompa\u00f1amiento a productores con la financiaci\u00f3n de emprendimientos"}]},{"@type":"WebSite","@id":"https:\/\/www.noticiasradioreflejos.com.ar\/2021\/#website","url":"https:\/\/www.noticiasradioreflejos.com.ar\/2021\/","name":"Noticias Radio Reflejos","description":"Las noticias de mi comarca","potentialAction":[{"@type":"SearchAction","target":{"@type":"EntryPoint","urlTemplate":"https:\/\/www.noticiasradioreflejos.com.ar\/2021\/?s={search_term_string}"},"query-input":{"@type":"PropertyValueSpecification","valueRequired":true,"valueName":"search_term_string"}}],"inLanguage":"es"},{"@type":"Person","@id":"https:\/\/www.noticiasradioreflejos.com.ar\/2021\/#\/schema\/person\/ad82545263dcc5ec0996818884fd5fb1","name":"Arnaldo Botto","image":{"@type":"ImageObject","inLanguage":"es","@id":"https:\/\/www.noticiasradioreflejos.com.ar\/2021\/#\/schema\/person\/image\/","url":"https:\/\/secure.gravatar.com\/avatar\/55cb5e37c1efa326397366e6974cb338056df65cb50e7d64d1cf314e87504837?s=96&d=mm&r=g","contentUrl":"https:\/\/secure.gravatar.com\/avatar\/55cb5e37c1efa326397366e6974cb338056df65cb50e7d64d1cf314e87504837?s=96&d=mm&r=g","caption":"Arnaldo Botto"},"url":"https:\/\/www.noticiasradioreflejos.com.ar\/2021\/author\/arnaldo\/"}]}},"_links":{"self":[{"href":"https:\/\/www.noticiasradioreflejos.com.ar\/2021\/wp-json\/wp\/v2\/posts\/132131","targetHints":{"allow":["GET"]}}],"collection":[{"href":"https:\/\/www.noticiasradioreflejos.com.ar\/2021\/wp-json\/wp\/v2\/posts"}],"about":[{"href":"https:\/\/www.noticiasradioreflejos.com.ar\/2021\/wp-json\/wp\/v2\/types\/post"}],"author":[{"embeddable":true,"href":"https:\/\/www.noticiasradioreflejos.com.ar\/2021\/wp-json\/wp\/v2\/users\/3"}],"replies":[{"embeddable":true,"href":"https:\/\/www.noticiasradioreflejos.com.ar\/2021\/wp-json\/wp\/v2\/comments?post=132131"}],"version-history":[{"count":2,"href":"https:\/\/www.noticiasradioreflejos.com.ar\/2021\/wp-json\/wp\/v2\/posts\/132131\/revisions"}],"predecessor-version":[{"id":132135,"href":"https:\/\/www.noticiasradioreflejos.com.ar\/2021\/wp-json\/wp\/v2\/posts\/132131\/revisions\/132135"}],"wp:featuredmedia":[{"embeddable":true,"href":"https:\/\/www.noticiasradioreflejos.com.ar\/2021\/wp-json\/wp\/v2\/media\/132133"}],"wp:attachment":[{"href":"https:\/\/www.noticiasradioreflejos.com.ar\/2021\/wp-json\/wp\/v2\/media?parent=132131"}],"wp:term":[{"taxonomy":"category","embeddable":true,"href":"https:\/\/www.noticiasradioreflejos.com.ar\/2021\/wp-json\/wp\/v2\/categories?post=132131"},{"taxonomy":"post_tag","embeddable":true,"href":"https:\/\/www.noticiasradioreflejos.com.ar\/2021\/wp-json\/wp\/v2\/tags?post=132131"}],"curies":[{"name":"wp","href":"https:\/\/api.w.org\/{rel}","templated":true}]}}