{"id":132126,"date":"2026-01-29T20:11:34","date_gmt":"2026-01-29T23:11:34","guid":{"rendered":"https:\/\/www.noticiasradioreflejos.com.ar\/2021\/?p=132126"},"modified":"2026-01-29T20:11:34","modified_gmt":"2026-01-29T23:11:34","slug":"advierten-que-esta-en-riesgo-la-provision-de-medicamentos-por-una-deuda-del-pami","status":"publish","type":"post","link":"https:\/\/www.noticiasradioreflejos.com.ar\/2021\/advierten-que-esta-en-riesgo-la-provision-de-medicamentos-por-una-deuda-del-pami\/","title":{"rendered":"Advierten que est\u00e1 en riesgo la provisi\u00f3n de medicamentos por una deuda del Pami"},"content":{"rendered":"<p>\u00abLas farmacias est\u00e1n financiado al Estado\u00bb, cuestion\u00f3 el titular del colegio de Farmac\u00e9uticos, Juan Perlotti.<!--more--><\/p>\n<p class=\"has-drop-cap\">El Colegio de Farmac\u00e9uticos local advirti\u00f3 que las farmacias atraviesan una situaci\u00f3n cr\u00edtica por una deuda que mantiene el PAMI, lo que comprometer\u00eda la continuidad de la dispensa de medicamentos a jubilados y pensionados.<\/p>\n<p>Acumula seis vencimientos impagos, situaci\u00f3n que impacta de forma directa en el funcionamiento cotidiano de las farmacias, especialmente las de barrio, periferias y localidades del interior.<\/p>\n<p>El titular del Colegio de Farmac\u00e9uticos local,\u00a0<strong>Juan Perlotti<\/strong>, cont\u00f3 en\u00a0<em>Pulso Informativo\u00a0<\/em>que el problema es a nivel nacional.<\/p>\n<p>\u201c<em>Hace dos d\u00edas PAMI cancel\u00f3 un vencimiento de hace m\u00e1s de un mes pero la situaci\u00f3n es complicada para dispensar correctamente porque es dif\u00edcil reponer stock, en efecto al dispensa<\/em>\u201c, relat\u00f3.<\/p>\n<p>En esa l\u00ednea explic\u00f3 que hay saldos que no se abonan de noviembre, diciembre y parte de enero. \u201cPreocupa la incertidumbre y la falta de informaci\u00f3n porque no hay respuestas\u201d, reconoci\u00f3.<\/p>\n<p>\u201cHace un tiempo dec\u00edamos que era imprescindible un cronograma de pagos para poder proyectar las obligaciones, hoy es fundamental cobrar lo que se debe porque s\u00f3lo nos sirve que se pague para seguir trabajando\u201d, resumi\u00f3.<\/p>\n<p>Explic\u00f3 que el escenario es negativo porque afecta no solo a las farmacias, sino tambi\u00e9n a otras obras sociales y tambi\u00e9n a los clientes que no acceden a sus medicamentos.<\/p>\n<blockquote class=\"wp-block-quote is-layout-flow wp-block-quote-is-layout-flow\"><p>\u201cNuestros cr\u00e9ditos son como con una tarjeta, si no se cancela la deuda no se puede volver a comprar. Lamentablemente el 80% de las farmacias mantienen una estructura que dependen del volumen de pago de PAMI, es decir si no cobramos qu\u00e9 hacemos con la gente que tenemos y los compromisos; hay familias que est\u00e1n esperando, ya no es una cuesti\u00f3n de rentabilidad\u201d, lament\u00f3 Perlotti.<\/p><\/blockquote>\n<p>Si bien dijo que no es nuevo el atraso de pagos, nunca hab\u00eda sucedido de esta manera. \u201cEs desesperante porque no hay ninguna informaci\u00f3n, ni siquiera cuando van a hacer un pago. O sea que puede ser ma\u00f1ana o dentro de un mes, todo es un \u2018tal vez&#8217;\u201d, manifest\u00f3.<\/p>\n<p>En esa l\u00ednea no dudo en aseverar que \u201cla realidad es que\u00a0<strong>las farmacias est\u00e1n financiado al Estado<\/strong>, a trav\u00e9s de un convenio, con un medicamento ya entregado\u201d.<\/p>\n<p>Ante la consulta, alert\u00f3 que en el pa\u00eds hay\u00a0<em>14.000 farmacias, y todas las dependientes de PAMI \u201cest\u00e1n con deudas gigantes con proveedores que patean, con cr\u00e9ditos por fuera o bancando con ahorros propios<\/em>\u201c.<\/p>\n","protected":false},"excerpt":{"rendered":"<p>\u00abLas farmacias est\u00e1n financiado al Estado\u00bb, cuestion\u00f3 el titular del colegio de Farmac\u00e9uticos, Juan Perlotti.<\/p>\n","protected":false},"author":3,"featured_media":94205,"comment_status":"closed","ping_status":"closed","sticky":false,"template":"","format":"standard","meta":{"footnotes":""},"categories":[1],"tags":[],"class_list":["post-132126","post","type-post","status-publish","format-standard","has-post-thumbnail","hentry","category-sin-categoria"],"yoast_head":"<!-- This site is optimized with the Yoast SEO plugin v25.9 - https:\/\/yoast.com\/wordpress\/plugins\/seo\/ -->\n<title>Advierten que est\u00e1 en riesgo la provisi\u00f3n de medicamentos por una deuda del Pami - Noticias Radio Reflejos<\/title>\n<meta name=\"robots\" content=\"index, follow, max-snippet:-1, max-image-preview:large, max-video-preview:-1\" \/>\n<link rel=\"canonical\" href=\"https:\/\/www.noticiasradioreflejos.com.ar\/2021\/advierten-que-esta-en-riesgo-la-provision-de-medicamentos-por-una-deuda-del-pami\/\" \/>\n<meta property=\"og:locale\" content=\"es_ES\" \/>\n<meta property=\"og:type\" content=\"article\" \/>\n<meta property=\"og:title\" content=\"Advierten que est\u00e1 en riesgo la provisi\u00f3n de medicamentos por una deuda del Pami - Noticias Radio Reflejos\" \/>\n<meta property=\"og:description\" content=\"\u00abLas farmacias est\u00e1n financiado al Estado\u00bb, cuestion\u00f3 el titular del colegio de Farmac\u00e9uticos, Juan Perlotti.\" \/>\n<meta property=\"og:url\" content=\"https:\/\/www.noticiasradioreflejos.com.ar\/2021\/advierten-que-esta-en-riesgo-la-provision-de-medicamentos-por-una-deuda-del-pami\/\" \/>\n<meta property=\"og:site_name\" content=\"Noticias Radio Reflejos\" \/>\n<meta property=\"article:published_time\" content=\"2026-01-29T23:11:34+00:00\" \/>\n<meta property=\"og:image\" content=\"https:\/\/www.noticiasradioreflejos.com.ar\/2021\/wp-content\/uploads\/2023\/10\/FACAF-falta-medicamentos.jpeg\" \/>\n\t<meta property=\"og:image:width\" content=\"1600\" \/>\n\t<meta property=\"og:image:height\" content=\"1200\" \/>\n\t<meta property=\"og:image:type\" content=\"image\/jpeg\" \/>\n<meta name=\"author\" content=\"Arnaldo Botto\" \/>\n<meta name=\"twitter:card\" content=\"summary_large_image\" \/>\n<script type=\"application\/ld+json\" class=\"yoast-schema-graph\">{\"@context\":\"https:\/\/schema.org\",\"@graph\":[{\"@type\":\"WebPage\",\"@id\":\"https:\/\/www.noticiasradioreflejos.com.ar\/2021\/advierten-que-esta-en-riesgo-la-provision-de-medicamentos-por-una-deuda-del-pami\/\",\"url\":\"https:\/\/www.noticiasradioreflejos.com.ar\/2021\/advierten-que-esta-en-riesgo-la-provision-de-medicamentos-por-una-deuda-del-pami\/\",\"name\":\"Advierten que est\u00e1 en riesgo la provisi\u00f3n de medicamentos por una deuda del Pami - Noticias Radio Reflejos\",\"isPartOf\":{\"@id\":\"https:\/\/www.noticiasradioreflejos.com.ar\/2021\/#website\"},\"primaryImageOfPage\":{\"@id\":\"https:\/\/www.noticiasradioreflejos.com.ar\/2021\/advierten-que-esta-en-riesgo-la-provision-de-medicamentos-por-una-deuda-del-pami\/#primaryimage\"},\"image\":{\"@id\":\"https:\/\/www.noticiasradioreflejos.com.ar\/2021\/advierten-que-esta-en-riesgo-la-provision-de-medicamentos-por-una-deuda-del-pami\/#primaryimage\"},\"thumbnailUrl\":\"https:\/\/www.noticiasradioreflejos.com.ar\/2021\/wp-content\/uploads\/2023\/10\/FACAF-falta-medicamentos.jpeg\",\"datePublished\":\"2026-01-29T23:11:34+00:00\",\"author\":{\"@id\":\"https:\/\/www.noticiasradioreflejos.com.ar\/2021\/#\/schema\/person\/ad82545263dcc5ec0996818884fd5fb1\"},\"breadcrumb\":{\"@id\":\"https:\/\/www.noticiasradioreflejos.com.ar\/2021\/advierten-que-esta-en-riesgo-la-provision-de-medicamentos-por-una-deuda-del-pami\/#breadcrumb\"},\"inLanguage\":\"es\",\"potentialAction\":[{\"@type\":\"ReadAction\",\"target\":[\"https:\/\/www.noticiasradioreflejos.com.ar\/2021\/advierten-que-esta-en-riesgo-la-provision-de-medicamentos-por-una-deuda-del-pami\/\"]}]},{\"@type\":\"ImageObject\",\"inLanguage\":\"es\",\"@id\":\"https:\/\/www.noticiasradioreflejos.com.ar\/2021\/advierten-que-esta-en-riesgo-la-provision-de-medicamentos-por-una-deuda-del-pami\/#primaryimage\",\"url\":\"https:\/\/www.noticiasradioreflejos.com.ar\/2021\/wp-content\/uploads\/2023\/10\/FACAF-falta-medicamentos.jpeg\",\"contentUrl\":\"https:\/\/www.noticiasradioreflejos.com.ar\/2021\/wp-content\/uploads\/2023\/10\/FACAF-falta-medicamentos.jpeg\",\"width\":1600,\"height\":1200},{\"@type\":\"BreadcrumbList\",\"@id\":\"https:\/\/www.noticiasradioreflejos.com.ar\/2021\/advierten-que-esta-en-riesgo-la-provision-de-medicamentos-por-una-deuda-del-pami\/#breadcrumb\",\"itemListElement\":[{\"@type\":\"ListItem\",\"position\":1,\"name\":\"Portada\",\"item\":\"https:\/\/www.noticiasradioreflejos.com.ar\/2021\/\"},{\"@type\":\"ListItem\",\"position\":2,\"name\":\"Advierten que est\u00e1 en riesgo la provisi\u00f3n de medicamentos por una deuda del Pami\"}]},{\"@type\":\"WebSite\",\"@id\":\"https:\/\/www.noticiasradioreflejos.com.ar\/2021\/#website\",\"url\":\"https:\/\/www.noticiasradioreflejos.com.ar\/2021\/\",\"name\":\"Noticias Radio Reflejos\",\"description\":\"Las noticias de mi comarca\",\"potentialAction\":[{\"@type\":\"SearchAction\",\"target\":{\"@type\":\"EntryPoint\",\"urlTemplate\":\"https:\/\/www.noticiasradioreflejos.com.ar\/2021\/?s={search_term_string}\"},\"query-input\":{\"@type\":\"PropertyValueSpecification\",\"valueRequired\":true,\"valueName\":\"search_term_string\"}}],\"inLanguage\":\"es\"},{\"@type\":\"Person\",\"@id\":\"https:\/\/www.noticiasradioreflejos.com.ar\/2021\/#\/schema\/person\/ad82545263dcc5ec0996818884fd5fb1\",\"name\":\"Arnaldo Botto\",\"image\":{\"@type\":\"ImageObject\",\"inLanguage\":\"es\",\"@id\":\"https:\/\/www.noticiasradioreflejos.com.ar\/2021\/#\/schema\/person\/image\/\",\"url\":\"https:\/\/secure.gravatar.com\/avatar\/55cb5e37c1efa326397366e6974cb338056df65cb50e7d64d1cf314e87504837?s=96&d=mm&r=g\",\"contentUrl\":\"https:\/\/secure.gravatar.com\/avatar\/55cb5e37c1efa326397366e6974cb338056df65cb50e7d64d1cf314e87504837?s=96&d=mm&r=g\",\"caption\":\"Arnaldo Botto\"},\"url\":\"https:\/\/www.noticiasradioreflejos.com.ar\/2021\/author\/arnaldo\/\"}]}<\/script>\n<!-- \/ Yoast SEO plugin. -->","yoast_head_json":{"title":"Advierten que est\u00e1 en riesgo la provisi\u00f3n de medicamentos por una deuda del Pami - Noticias Radio Reflejos","robots":{"index":"index","follow":"follow","max-snippet":"max-snippet:-1","max-image-preview":"max-image-preview:large","max-video-preview":"max-video-preview:-1"},"canonical":"https:\/\/www.noticiasradioreflejos.com.ar\/2021\/advierten-que-esta-en-riesgo-la-provision-de-medicamentos-por-una-deuda-del-pami\/","og_locale":"es_ES","og_type":"article","og_title":"Advierten que est\u00e1 en riesgo la provisi\u00f3n de medicamentos por una deuda del Pami - Noticias Radio Reflejos","og_description":"\u00abLas farmacias est\u00e1n financiado al Estado\u00bb, cuestion\u00f3 el titular del colegio de Farmac\u00e9uticos, Juan Perlotti.","og_url":"https:\/\/www.noticiasradioreflejos.com.ar\/2021\/advierten-que-esta-en-riesgo-la-provision-de-medicamentos-por-una-deuda-del-pami\/","og_site_name":"Noticias Radio Reflejos","article_published_time":"2026-01-29T23:11:34+00:00","og_image":[{"width":1600,"height":1200,"url":"https:\/\/www.noticiasradioreflejos.com.ar\/2021\/wp-content\/uploads\/2023\/10\/FACAF-falta-medicamentos.jpeg","type":"image\/jpeg"}],"author":"Arnaldo Botto","twitter_card":"summary_large_image","schema":{"@context":"https:\/\/schema.org","@graph":[{"@type":"WebPage","@id":"https:\/\/www.noticiasradioreflejos.com.ar\/2021\/advierten-que-esta-en-riesgo-la-provision-de-medicamentos-por-una-deuda-del-pami\/","url":"https:\/\/www.noticiasradioreflejos.com.ar\/2021\/advierten-que-esta-en-riesgo-la-provision-de-medicamentos-por-una-deuda-del-pami\/","name":"Advierten que est\u00e1 en riesgo la provisi\u00f3n de medicamentos por una deuda del Pami - Noticias Radio Reflejos","isPartOf":{"@id":"https:\/\/www.noticiasradioreflejos.com.ar\/2021\/#website"},"primaryImageOfPage":{"@id":"https:\/\/www.noticiasradioreflejos.com.ar\/2021\/advierten-que-esta-en-riesgo-la-provision-de-medicamentos-por-una-deuda-del-pami\/#primaryimage"},"image":{"@id":"https:\/\/www.noticiasradioreflejos.com.ar\/2021\/advierten-que-esta-en-riesgo-la-provision-de-medicamentos-por-una-deuda-del-pami\/#primaryimage"},"thumbnailUrl":"https:\/\/www.noticiasradioreflejos.com.ar\/2021\/wp-content\/uploads\/2023\/10\/FACAF-falta-medicamentos.jpeg","datePublished":"2026-01-29T23:11:34+00:00","author":{"@id":"https:\/\/www.noticiasradioreflejos.com.ar\/2021\/#\/schema\/person\/ad82545263dcc5ec0996818884fd5fb1"},"breadcrumb":{"@id":"https:\/\/www.noticiasradioreflejos.com.ar\/2021\/advierten-que-esta-en-riesgo-la-provision-de-medicamentos-por-una-deuda-del-pami\/#breadcrumb"},"inLanguage":"es","potentialAction":[{"@type":"ReadAction","target":["https:\/\/www.noticiasradioreflejos.com.ar\/2021\/advierten-que-esta-en-riesgo-la-provision-de-medicamentos-por-una-deuda-del-pami\/"]}]},{"@type":"ImageObject","inLanguage":"es","@id":"https:\/\/www.noticiasradioreflejos.com.ar\/2021\/advierten-que-esta-en-riesgo-la-provision-de-medicamentos-por-una-deuda-del-pami\/#primaryimage","url":"https:\/\/www.noticiasradioreflejos.com.ar\/2021\/wp-content\/uploads\/2023\/10\/FACAF-falta-medicamentos.jpeg","contentUrl":"https:\/\/www.noticiasradioreflejos.com.ar\/2021\/wp-content\/uploads\/2023\/10\/FACAF-falta-medicamentos.jpeg","width":1600,"height":1200},{"@type":"BreadcrumbList","@id":"https:\/\/www.noticiasradioreflejos.com.ar\/2021\/advierten-que-esta-en-riesgo-la-provision-de-medicamentos-por-una-deuda-del-pami\/#breadcrumb","itemListElement":[{"@type":"ListItem","position":1,"name":"Portada","item":"https:\/\/www.noticiasradioreflejos.com.ar\/2021\/"},{"@type":"ListItem","position":2,"name":"Advierten que est\u00e1 en riesgo la provisi\u00f3n de medicamentos por una deuda del Pami"}]},{"@type":"WebSite","@id":"https:\/\/www.noticiasradioreflejos.com.ar\/2021\/#website","url":"https:\/\/www.noticiasradioreflejos.com.ar\/2021\/","name":"Noticias Radio Reflejos","description":"Las noticias de mi comarca","potentialAction":[{"@type":"SearchAction","target":{"@type":"EntryPoint","urlTemplate":"https:\/\/www.noticiasradioreflejos.com.ar\/2021\/?s={search_term_string}"},"query-input":{"@type":"PropertyValueSpecification","valueRequired":true,"valueName":"search_term_string"}}],"inLanguage":"es"},{"@type":"Person","@id":"https:\/\/www.noticiasradioreflejos.com.ar\/2021\/#\/schema\/person\/ad82545263dcc5ec0996818884fd5fb1","name":"Arnaldo Botto","image":{"@type":"ImageObject","inLanguage":"es","@id":"https:\/\/www.noticiasradioreflejos.com.ar\/2021\/#\/schema\/person\/image\/","url":"https:\/\/secure.gravatar.com\/avatar\/55cb5e37c1efa326397366e6974cb338056df65cb50e7d64d1cf314e87504837?s=96&d=mm&r=g","contentUrl":"https:\/\/secure.gravatar.com\/avatar\/55cb5e37c1efa326397366e6974cb338056df65cb50e7d64d1cf314e87504837?s=96&d=mm&r=g","caption":"Arnaldo Botto"},"url":"https:\/\/www.noticiasradioreflejos.com.ar\/2021\/author\/arnaldo\/"}]}},"_links":{"self":[{"href":"https:\/\/www.noticiasradioreflejos.com.ar\/2021\/wp-json\/wp\/v2\/posts\/132126","targetHints":{"allow":["GET"]}}],"collection":[{"href":"https:\/\/www.noticiasradioreflejos.com.ar\/2021\/wp-json\/wp\/v2\/posts"}],"about":[{"href":"https:\/\/www.noticiasradioreflejos.com.ar\/2021\/wp-json\/wp\/v2\/types\/post"}],"author":[{"embeddable":true,"href":"https:\/\/www.noticiasradioreflejos.com.ar\/2021\/wp-json\/wp\/v2\/users\/3"}],"replies":[{"embeddable":true,"href":"https:\/\/www.noticiasradioreflejos.com.ar\/2021\/wp-json\/wp\/v2\/comments?post=132126"}],"version-history":[{"count":1,"href":"https:\/\/www.noticiasradioreflejos.com.ar\/2021\/wp-json\/wp\/v2\/posts\/132126\/revisions"}],"predecessor-version":[{"id":132127,"href":"https:\/\/www.noticiasradioreflejos.com.ar\/2021\/wp-json\/wp\/v2\/posts\/132126\/revisions\/132127"}],"wp:featuredmedia":[{"embeddable":true,"href":"https:\/\/www.noticiasradioreflejos.com.ar\/2021\/wp-json\/wp\/v2\/media\/94205"}],"wp:attachment":[{"href":"https:\/\/www.noticiasradioreflejos.com.ar\/2021\/wp-json\/wp\/v2\/media?parent=132126"}],"wp:term":[{"taxonomy":"category","embeddable":true,"href":"https:\/\/www.noticiasradioreflejos.com.ar\/2021\/wp-json\/wp\/v2\/categories?post=132126"},{"taxonomy":"post_tag","embeddable":true,"href":"https:\/\/www.noticiasradioreflejos.com.ar\/2021\/wp-json\/wp\/v2\/tags?post=132126"}],"curies":[{"name":"wp","href":"https:\/\/api.w.org\/{rel}","templated":true}]}}