{"id":132122,"date":"2026-01-29T19:50:04","date_gmt":"2026-01-29T22:50:04","guid":{"rendered":"https:\/\/www.noticiasradioreflejos.com.ar\/2021\/?p=132122"},"modified":"2026-01-29T19:50:38","modified_gmt":"2026-01-29T22:50:38","slug":"estefania-bordoni-puso-en-funciones-a-maria-graciela-musso-como-jefa-de-gabinete","status":"publish","type":"post","link":"https:\/\/www.noticiasradioreflejos.com.ar\/2021\/estefania-bordoni-puso-en-funciones-a-maria-graciela-musso-como-jefa-de-gabinete\/","title":{"rendered":"Estefan\u00eda Bordoni puso en funciones a Mar\u00eda Graciela Musso como Jefa de Gabinete"},"content":{"rendered":"<p>Este jueves en su despacho, la Intendente Municipal, Estefania Bordoni, oficializ\u00f3 la incorporaci\u00f3n de Mar\u00eda Graciela \u2018Tita\u2019 Musso al equipo de trabajo de la actual gesti\u00f3n de gobierno.<!--more--><\/p>\n<p>Musso, de importante trayectoria en la funci\u00f3n p\u00fablica del distrito, se desempe\u00f1ar\u00e1 como asesora del Ejecutivo Municipal y cumplir\u00e1 la funci\u00f3n de Jefa de Gabinete.<\/p>\n<p>Tendr\u00e1 a su cargo la coordinaci\u00f3n y articulaci\u00f3n del trabajo entre las distintas \u00e1reas del Municipio, el acompa\u00f1amiento en la planificaci\u00f3n de pol\u00edticas p\u00fablicas y el fortalecimiento de la gesti\u00f3n administrativa.<\/p>\n","protected":false},"excerpt":{"rendered":"<p>Este jueves en su despacho, la Intendente Municipal, Estefania Bordoni, oficializ\u00f3 la incorporaci\u00f3n de Mar\u00eda Graciela \u2018Tita\u2019 Musso al equipo de trabajo de la actual gesti\u00f3n de gobierno.<\/p>\n","protected":false},"author":3,"featured_media":132123,"comment_status":"closed","ping_status":"closed","sticky":false,"template":"","format":"standard","meta":{"footnotes":""},"categories":[28],"tags":[],"class_list":["post-132122","post","type-post","status-publish","format-standard","has-post-thumbnail","hentry","category-municipales"],"yoast_head":"<!-- This site is optimized with the Yoast SEO plugin v25.9 - https:\/\/yoast.com\/wordpress\/plugins\/seo\/ -->\n<title>Estefan\u00eda Bordoni puso en funciones a Mar\u00eda Graciela Musso como Jefa de Gabinete - Noticias Radio Reflejos<\/title>\n<meta name=\"robots\" content=\"index, follow, max-snippet:-1, max-image-preview:large, max-video-preview:-1\" \/>\n<link rel=\"canonical\" href=\"https:\/\/www.noticiasradioreflejos.com.ar\/2021\/estefania-bordoni-puso-en-funciones-a-maria-graciela-musso-como-jefa-de-gabinete\/\" \/>\n<meta property=\"og:locale\" content=\"es_ES\" \/>\n<meta property=\"og:type\" content=\"article\" \/>\n<meta property=\"og:title\" content=\"Estefan\u00eda Bordoni puso en funciones a Mar\u00eda Graciela Musso como Jefa de Gabinete - Noticias Radio Reflejos\" \/>\n<meta property=\"og:description\" content=\"Este jueves en su despacho, la Intendente Municipal, Estefania Bordoni, oficializ\u00f3 la incorporaci\u00f3n de Mar\u00eda Graciela \u2018Tita\u2019 Musso al equipo de trabajo de la actual gesti\u00f3n de gobierno.\" \/>\n<meta property=\"og:url\" content=\"https:\/\/www.noticiasradioreflejos.com.ar\/2021\/estefania-bordoni-puso-en-funciones-a-maria-graciela-musso-como-jefa-de-gabinete\/\" \/>\n<meta property=\"og:site_name\" content=\"Noticias Radio Reflejos\" \/>\n<meta property=\"article:published_time\" content=\"2026-01-29T22:50:04+00:00\" \/>\n<meta property=\"article:modified_time\" content=\"2026-01-29T22:50:38+00:00\" \/>\n<meta property=\"og:image\" content=\"https:\/\/www.noticiasradioreflejos.com.ar\/2021\/wp-content\/uploads\/2026\/01\/Asuncionmusso.jpg\" \/>\n\t<meta property=\"og:image:width\" content=\"2500\" \/>\n\t<meta property=\"og:image:height\" content=\"1667\" \/>\n\t<meta property=\"og:image:type\" content=\"image\/jpeg\" \/>\n<meta name=\"author\" content=\"Arnaldo Botto\" \/>\n<meta name=\"twitter:card\" content=\"summary_large_image\" \/>\n<script type=\"application\/ld+json\" class=\"yoast-schema-graph\">{\"@context\":\"https:\/\/schema.org\",\"@graph\":[{\"@type\":\"WebPage\",\"@id\":\"https:\/\/www.noticiasradioreflejos.com.ar\/2021\/estefania-bordoni-puso-en-funciones-a-maria-graciela-musso-como-jefa-de-gabinete\/\",\"url\":\"https:\/\/www.noticiasradioreflejos.com.ar\/2021\/estefania-bordoni-puso-en-funciones-a-maria-graciela-musso-como-jefa-de-gabinete\/\",\"name\":\"Estefan\u00eda Bordoni puso en funciones a Mar\u00eda Graciela Musso como Jefa de Gabinete - Noticias Radio Reflejos\",\"isPartOf\":{\"@id\":\"https:\/\/www.noticiasradioreflejos.com.ar\/2021\/#website\"},\"primaryImageOfPage\":{\"@id\":\"https:\/\/www.noticiasradioreflejos.com.ar\/2021\/estefania-bordoni-puso-en-funciones-a-maria-graciela-musso-como-jefa-de-gabinete\/#primaryimage\"},\"image\":{\"@id\":\"https:\/\/www.noticiasradioreflejos.com.ar\/2021\/estefania-bordoni-puso-en-funciones-a-maria-graciela-musso-como-jefa-de-gabinete\/#primaryimage\"},\"thumbnailUrl\":\"https:\/\/www.noticiasradioreflejos.com.ar\/2021\/wp-content\/uploads\/2026\/01\/Asuncionmusso.jpg\",\"datePublished\":\"2026-01-29T22:50:04+00:00\",\"dateModified\":\"2026-01-29T22:50:38+00:00\",\"author\":{\"@id\":\"https:\/\/www.noticiasradioreflejos.com.ar\/2021\/#\/schema\/person\/ad82545263dcc5ec0996818884fd5fb1\"},\"breadcrumb\":{\"@id\":\"https:\/\/www.noticiasradioreflejos.com.ar\/2021\/estefania-bordoni-puso-en-funciones-a-maria-graciela-musso-como-jefa-de-gabinete\/#breadcrumb\"},\"inLanguage\":\"es\",\"potentialAction\":[{\"@type\":\"ReadAction\",\"target\":[\"https:\/\/www.noticiasradioreflejos.com.ar\/2021\/estefania-bordoni-puso-en-funciones-a-maria-graciela-musso-como-jefa-de-gabinete\/\"]}]},{\"@type\":\"ImageObject\",\"inLanguage\":\"es\",\"@id\":\"https:\/\/www.noticiasradioreflejos.com.ar\/2021\/estefania-bordoni-puso-en-funciones-a-maria-graciela-musso-como-jefa-de-gabinete\/#primaryimage\",\"url\":\"https:\/\/www.noticiasradioreflejos.com.ar\/2021\/wp-content\/uploads\/2026\/01\/Asuncionmusso.jpg\",\"contentUrl\":\"https:\/\/www.noticiasradioreflejos.com.ar\/2021\/wp-content\/uploads\/2026\/01\/Asuncionmusso.jpg\",\"width\":2500,\"height\":1667},{\"@type\":\"BreadcrumbList\",\"@id\":\"https:\/\/www.noticiasradioreflejos.com.ar\/2021\/estefania-bordoni-puso-en-funciones-a-maria-graciela-musso-como-jefa-de-gabinete\/#breadcrumb\",\"itemListElement\":[{\"@type\":\"ListItem\",\"position\":1,\"name\":\"Portada\",\"item\":\"https:\/\/www.noticiasradioreflejos.com.ar\/2021\/\"},{\"@type\":\"ListItem\",\"position\":2,\"name\":\"Estefan\u00eda Bordoni puso en funciones a Mar\u00eda Graciela Musso como Jefa de Gabinete\"}]},{\"@type\":\"WebSite\",\"@id\":\"https:\/\/www.noticiasradioreflejos.com.ar\/2021\/#website\",\"url\":\"https:\/\/www.noticiasradioreflejos.com.ar\/2021\/\",\"name\":\"Noticias Radio Reflejos\",\"description\":\"Las noticias de mi comarca\",\"potentialAction\":[{\"@type\":\"SearchAction\",\"target\":{\"@type\":\"EntryPoint\",\"urlTemplate\":\"https:\/\/www.noticiasradioreflejos.com.ar\/2021\/?s={search_term_string}\"},\"query-input\":{\"@type\":\"PropertyValueSpecification\",\"valueRequired\":true,\"valueName\":\"search_term_string\"}}],\"inLanguage\":\"es\"},{\"@type\":\"Person\",\"@id\":\"https:\/\/www.noticiasradioreflejos.com.ar\/2021\/#\/schema\/person\/ad82545263dcc5ec0996818884fd5fb1\",\"name\":\"Arnaldo Botto\",\"image\":{\"@type\":\"ImageObject\",\"inLanguage\":\"es\",\"@id\":\"https:\/\/www.noticiasradioreflejos.com.ar\/2021\/#\/schema\/person\/image\/\",\"url\":\"https:\/\/secure.gravatar.com\/avatar\/55cb5e37c1efa326397366e6974cb338056df65cb50e7d64d1cf314e87504837?s=96&d=mm&r=g\",\"contentUrl\":\"https:\/\/secure.gravatar.com\/avatar\/55cb5e37c1efa326397366e6974cb338056df65cb50e7d64d1cf314e87504837?s=96&d=mm&r=g\",\"caption\":\"Arnaldo Botto\"},\"url\":\"https:\/\/www.noticiasradioreflejos.com.ar\/2021\/author\/arnaldo\/\"}]}<\/script>\n<!-- \/ Yoast SEO plugin. -->","yoast_head_json":{"title":"Estefan\u00eda Bordoni puso en funciones a Mar\u00eda Graciela Musso como Jefa de Gabinete - Noticias Radio Reflejos","robots":{"index":"index","follow":"follow","max-snippet":"max-snippet:-1","max-image-preview":"max-image-preview:large","max-video-preview":"max-video-preview:-1"},"canonical":"https:\/\/www.noticiasradioreflejos.com.ar\/2021\/estefania-bordoni-puso-en-funciones-a-maria-graciela-musso-como-jefa-de-gabinete\/","og_locale":"es_ES","og_type":"article","og_title":"Estefan\u00eda Bordoni puso en funciones a Mar\u00eda Graciela Musso como Jefa de Gabinete - Noticias Radio Reflejos","og_description":"Este jueves en su despacho, la Intendente Municipal, Estefania Bordoni, oficializ\u00f3 la incorporaci\u00f3n de Mar\u00eda Graciela \u2018Tita\u2019 Musso al equipo de trabajo de la actual gesti\u00f3n de gobierno.","og_url":"https:\/\/www.noticiasradioreflejos.com.ar\/2021\/estefania-bordoni-puso-en-funciones-a-maria-graciela-musso-como-jefa-de-gabinete\/","og_site_name":"Noticias Radio Reflejos","article_published_time":"2026-01-29T22:50:04+00:00","article_modified_time":"2026-01-29T22:50:38+00:00","og_image":[{"width":2500,"height":1667,"url":"https:\/\/www.noticiasradioreflejos.com.ar\/2021\/wp-content\/uploads\/2026\/01\/Asuncionmusso.jpg","type":"image\/jpeg"}],"author":"Arnaldo Botto","twitter_card":"summary_large_image","schema":{"@context":"https:\/\/schema.org","@graph":[{"@type":"WebPage","@id":"https:\/\/www.noticiasradioreflejos.com.ar\/2021\/estefania-bordoni-puso-en-funciones-a-maria-graciela-musso-como-jefa-de-gabinete\/","url":"https:\/\/www.noticiasradioreflejos.com.ar\/2021\/estefania-bordoni-puso-en-funciones-a-maria-graciela-musso-como-jefa-de-gabinete\/","name":"Estefan\u00eda Bordoni puso en funciones a Mar\u00eda Graciela Musso como Jefa de Gabinete - Noticias Radio Reflejos","isPartOf":{"@id":"https:\/\/www.noticiasradioreflejos.com.ar\/2021\/#website"},"primaryImageOfPage":{"@id":"https:\/\/www.noticiasradioreflejos.com.ar\/2021\/estefania-bordoni-puso-en-funciones-a-maria-graciela-musso-como-jefa-de-gabinete\/#primaryimage"},"image":{"@id":"https:\/\/www.noticiasradioreflejos.com.ar\/2021\/estefania-bordoni-puso-en-funciones-a-maria-graciela-musso-como-jefa-de-gabinete\/#primaryimage"},"thumbnailUrl":"https:\/\/www.noticiasradioreflejos.com.ar\/2021\/wp-content\/uploads\/2026\/01\/Asuncionmusso.jpg","datePublished":"2026-01-29T22:50:04+00:00","dateModified":"2026-01-29T22:50:38+00:00","author":{"@id":"https:\/\/www.noticiasradioreflejos.com.ar\/2021\/#\/schema\/person\/ad82545263dcc5ec0996818884fd5fb1"},"breadcrumb":{"@id":"https:\/\/www.noticiasradioreflejos.com.ar\/2021\/estefania-bordoni-puso-en-funciones-a-maria-graciela-musso-como-jefa-de-gabinete\/#breadcrumb"},"inLanguage":"es","potentialAction":[{"@type":"ReadAction","target":["https:\/\/www.noticiasradioreflejos.com.ar\/2021\/estefania-bordoni-puso-en-funciones-a-maria-graciela-musso-como-jefa-de-gabinete\/"]}]},{"@type":"ImageObject","inLanguage":"es","@id":"https:\/\/www.noticiasradioreflejos.com.ar\/2021\/estefania-bordoni-puso-en-funciones-a-maria-graciela-musso-como-jefa-de-gabinete\/#primaryimage","url":"https:\/\/www.noticiasradioreflejos.com.ar\/2021\/wp-content\/uploads\/2026\/01\/Asuncionmusso.jpg","contentUrl":"https:\/\/www.noticiasradioreflejos.com.ar\/2021\/wp-content\/uploads\/2026\/01\/Asuncionmusso.jpg","width":2500,"height":1667},{"@type":"BreadcrumbList","@id":"https:\/\/www.noticiasradioreflejos.com.ar\/2021\/estefania-bordoni-puso-en-funciones-a-maria-graciela-musso-como-jefa-de-gabinete\/#breadcrumb","itemListElement":[{"@type":"ListItem","position":1,"name":"Portada","item":"https:\/\/www.noticiasradioreflejos.com.ar\/2021\/"},{"@type":"ListItem","position":2,"name":"Estefan\u00eda Bordoni puso en funciones a Mar\u00eda Graciela Musso como Jefa de Gabinete"}]},{"@type":"WebSite","@id":"https:\/\/www.noticiasradioreflejos.com.ar\/2021\/#website","url":"https:\/\/www.noticiasradioreflejos.com.ar\/2021\/","name":"Noticias Radio Reflejos","description":"Las noticias de mi comarca","potentialAction":[{"@type":"SearchAction","target":{"@type":"EntryPoint","urlTemplate":"https:\/\/www.noticiasradioreflejos.com.ar\/2021\/?s={search_term_string}"},"query-input":{"@type":"PropertyValueSpecification","valueRequired":true,"valueName":"search_term_string"}}],"inLanguage":"es"},{"@type":"Person","@id":"https:\/\/www.noticiasradioreflejos.com.ar\/2021\/#\/schema\/person\/ad82545263dcc5ec0996818884fd5fb1","name":"Arnaldo Botto","image":{"@type":"ImageObject","inLanguage":"es","@id":"https:\/\/www.noticiasradioreflejos.com.ar\/2021\/#\/schema\/person\/image\/","url":"https:\/\/secure.gravatar.com\/avatar\/55cb5e37c1efa326397366e6974cb338056df65cb50e7d64d1cf314e87504837?s=96&d=mm&r=g","contentUrl":"https:\/\/secure.gravatar.com\/avatar\/55cb5e37c1efa326397366e6974cb338056df65cb50e7d64d1cf314e87504837?s=96&d=mm&r=g","caption":"Arnaldo Botto"},"url":"https:\/\/www.noticiasradioreflejos.com.ar\/2021\/author\/arnaldo\/"}]}},"_links":{"self":[{"href":"https:\/\/www.noticiasradioreflejos.com.ar\/2021\/wp-json\/wp\/v2\/posts\/132122","targetHints":{"allow":["GET"]}}],"collection":[{"href":"https:\/\/www.noticiasradioreflejos.com.ar\/2021\/wp-json\/wp\/v2\/posts"}],"about":[{"href":"https:\/\/www.noticiasradioreflejos.com.ar\/2021\/wp-json\/wp\/v2\/types\/post"}],"author":[{"embeddable":true,"href":"https:\/\/www.noticiasradioreflejos.com.ar\/2021\/wp-json\/wp\/v2\/users\/3"}],"replies":[{"embeddable":true,"href":"https:\/\/www.noticiasradioreflejos.com.ar\/2021\/wp-json\/wp\/v2\/comments?post=132122"}],"version-history":[{"count":2,"href":"https:\/\/www.noticiasradioreflejos.com.ar\/2021\/wp-json\/wp\/v2\/posts\/132122\/revisions"}],"predecessor-version":[{"id":132125,"href":"https:\/\/www.noticiasradioreflejos.com.ar\/2021\/wp-json\/wp\/v2\/posts\/132122\/revisions\/132125"}],"wp:featuredmedia":[{"embeddable":true,"href":"https:\/\/www.noticiasradioreflejos.com.ar\/2021\/wp-json\/wp\/v2\/media\/132123"}],"wp:attachment":[{"href":"https:\/\/www.noticiasradioreflejos.com.ar\/2021\/wp-json\/wp\/v2\/media?parent=132122"}],"wp:term":[{"taxonomy":"category","embeddable":true,"href":"https:\/\/www.noticiasradioreflejos.com.ar\/2021\/wp-json\/wp\/v2\/categories?post=132122"},{"taxonomy":"post_tag","embeddable":true,"href":"https:\/\/www.noticiasradioreflejos.com.ar\/2021\/wp-json\/wp\/v2\/tags?post=132122"}],"curies":[{"name":"wp","href":"https:\/\/api.w.org\/{rel}","templated":true}]}}