{"id":132119,"date":"2026-01-29T18:37:02","date_gmt":"2026-01-29T21:37:02","guid":{"rendered":"https:\/\/www.noticiasradioreflejos.com.ar\/2021\/?p=132119"},"modified":"2026-01-30T16:29:24","modified_gmt":"2026-01-30T19:29:24","slug":"la-salud-en-terapia-intensiva-5-mil-clinicas-estan-con-respirador-y-a-punto-de-expirar","status":"publish","type":"post","link":"https:\/\/www.noticiasradioreflejos.com.ar\/2021\/la-salud-en-terapia-intensiva-5-mil-clinicas-estan-con-respirador-y-a-punto-de-expirar\/","title":{"rendered":"La salud, en terapia intensiva: 5 mil cl\u00ednicas est\u00e1n con respirador y a punto de expirar"},"content":{"rendered":"<p>Las distorsiones atentan contra la continuidad y eficiencia de un sistema sanitario cuyas nuevas t\u00e9cnicas y requerimientos legales exigen modernizarlo.<!--more--><\/p>\n<div class=\"columns\" data-tadevel-template=\"web\/article-columns\">\n<div class=\"column-main\">\n<figure class=\"multimedia\" data-tadevel-template=\"web\/multimedia\" data-type=\"photo\">\n<div class=\"content\">\n<div class=\"sizer\" data-sizer=\"aspect-ratio\" data-tadevel-template=\"web\/aspect-ratio\"><\/div>\n<\/div>\n<\/figure>\n<div class=\"article-body\" data-tadevel-template=\"web\/article-body\">\n<div class=\"article-body-content\">\n<p>\u00a0M\u00e1s de\u00a0<strong>cinco mil cl\u00ednicas est\u00e1n en peligro de quiebra,<\/strong>\u00a0aunque en realidad se contabilizaban alrededor de\u00a0<strong>1670 centros de salud en el \u00e1mbito nacional como los que enfrentaban una situaci\u00f3n cr\u00edtica.<\/strong><\/p>\n<p>Sin embargo, esas\u00a0<strong>cl\u00ednicas<\/strong>, que dan trabajo a cientos de miles de trabajadores y cobertura a millones de argentinos, est\u00e1n\u00a0<strong>muy lejos de poder modernizarse, dar buenas prestaciones y contener a los pacientes,<\/strong> de acuerdo con los testimonios sectoriales.<\/p>\n<p>La\u00a0<strong>Uni\u00f3n Argentina de la Salud (UAS)\u00a0<\/strong>hab\u00eda lanzado la advertencia en su informe del 25 de diciembre de 2025 para el caso de que no se renovara la\u00a0<strong>emergencia sanitaria nacional,<\/strong>\u00a0establecida por el DNU 70\/23, lo que s\u00ed se hizo\u00a0<strong>a partir del 1 de enero de 2026 hasta fin de a\u00f1o.<\/strong><\/p>\n<p>Argument\u00f3 la necesidad de que<strong>\u00a0se adoptaran medidas de transici\u00f3n y compensaci\u00f3n adecuadas<\/strong>, a fin de evitar \u00ab<strong>un riesgo inmediato para la continuidad de los servicios de salud,<\/strong>\u00a0ya que\u00a0<strong>afectar\u00eda el acceso de la poblaci\u00f3n a la atenci\u00f3n sanitaria y podr\u00eda generar consecuencias irreversibles en la red asistencial\u00bb<\/strong>.<\/p>\n<p>Desde que asumi\u00f3 el\u00a0<strong>Gobierno de Javier Milei\u00a0<\/strong>y desregulariz\u00f3 el sector, el tr\u00e1nsito desde\u00a0<strong>altas tasas de inflaci\u00f3n<\/strong>\u00a0conjugada con\u00a0<strong>cuotas de las prepagas que el sector consideraba insuficientes<\/strong>, modific\u00f3 los par\u00e1metros de la\u00a0<strong>estructura de costos y precios.<\/strong><\/p>\n<p>En el \u00ednterin, tras las auditor\u00edas realizadas, elimin\u00f3 del\u00a0<strong>Registro Nacional de Entidades de Medicina Prepaga<\/strong>\u00a0(RNEMP) a 13 compa\u00f1\u00edas<strong>\u00a0por inactividad y por no contar con afiliados.<\/strong><\/p>\n<p>Eran en una palabra<strong>\u00a0sellos de goma<\/strong>: Codime S.A., Mapfre Salud S.A., Sociedad M\u00e9dica Universitaria S.A., Carra Salud S.A., Huinca Salud, Rescate Centro S.A., Emergencia R\u00edo Cuarto (Aspurc), Emergencias M\u00e9dicas Punilla S.A., Grupo Gerenciador G4 S.A., Emergencia Cardio Asistencial S.A., Pangea S.A., Obra Social del Personal de la Industria Lechera (Atilra) y Armiento S.A. (Grupo A Mano).<\/p>\n<h3>Los centros de salud<\/h3>\n<p>Quedan exactamente en la Argentina\u00a0<strong>3174 hospitales, cl\u00ednicas y sanatorios: 1740 privados (55%) y 1434 p\u00fablicos (45%).<\/strong><\/p>\n<p>La\u00a0<strong>Ciudad de Buenos Aires tiene 35 hospitales p\u00fablicos generales y 19 especializados.<\/strong>\u00a0Existen asimismo\u00a0<strong>m\u00e1s de 1.600 centros de atenci\u00f3n, incluyendo numerosos sanatorios y cl\u00ednicas privadas en todo el pa\u00eds<\/strong><\/p>\n<p>Cuenta adem\u00e1s con\u00a0<strong>44 Centros de Salud y Acci\u00f3n Comunitaria (CeSACs) y 39 Centros M\u00e9dicos Barriales (CMB).<\/strong><\/p>\n<p>Hay grandes redes, como\u00a0<strong>Swiss Medical,\u00a0<\/strong>que gestionan m\u00faltiples sanatorios, incluyendo el\u00a0<strong>Agote, de los Arcos, y la Cl\u00ednica y Maternidad Suizo Argentina Swiss Medical.<\/strong><\/p>\n<p>\u201cEl\u00a0<strong>aumento autorizado a las prepagas fue entre el 22 y el 30%, contra una inflaci\u00f3n, a lo largo del a\u00f1o, del 32%<\/strong>, mucho mejor que a\u00f1os precedentes, pero a\u00fan con valores muy por sobre los guarismos de Uruguay, Brasil y Chile\u201d, afirma\u00a0<strong>Omar L\u00f3pez Mato,<\/strong>\u00a0miembro de CAMEOF.<\/p>\n<p>\u201cEsas gerenciadoras quedaron a mitad de camino con el ajuste que les dieron a lo largo del a\u00f1o a los\u00a0<strong>m\u00e9dicos y dem\u00e1s prestadores<\/strong>,\u00a0<strong>entre el 10 y el 16%\u201d<\/strong>, a\u00f1ade.<\/p>\n<p>Y pone de relieve que, precisamente,\u00a0<strong>los prestadores arrastran aumentos por debajo de la inflaci\u00f3n desde antes de 2020.<\/strong><\/p>\n<p>Refiri\u00e9ndose a los<strong>\u00a0m\u00e9dicos<\/strong>, subraya que \u00abcobran entre 3 y 4 veces menos que en los pa\u00edses vecinos, y\u00a0<strong>algunas prepagas de primer orden pagan la consulta a los especialistas en valores inferiores a los 5 d\u00f3lares,<\/strong>\u00a0contra los\u00a0<strong>m\u00e1s de 20\u00a0<\/strong>que rigen en la regi\u00f3n.<\/p>\n<p>De ese modo concluye que\u00a0<strong>la desproporci\u00f3n actual con los valores hist\u00f3ricos es inmensa.<\/strong><\/p>\n<p>Para colmo,\u00a0<strong>las nuevas t\u00e9cnicas y los requerimientos legales exigen modernizar la medicina,\u00a0<\/strong>pero las distorsiones del sistema y el abuso de posici\u00f3n dominante atentan contra la continuidad y eficiencia del sistema.<\/p>\n<h3>Buenas pr\u00e1cticas<\/h3>\n<p>Los costos que implican una buena pr\u00e1ctica<strong>\u00a0se multiplicaron en los \u00faltimos veinte a\u00f1os en forma considerable.\u00a0<\/strong><\/p>\n<p>Pone como ejemplo que\u00a0<strong>antes una apendicitis se operaba por dolor en la fosa il\u00edaca derecha<\/strong>, pero hoy\u00a0<strong>no entra al quir\u00f3fano si no tiene, por lo menos, un laboratorio, una tomograf\u00eda de abdomen,\u00a0<\/strong>y\u00a0<strong>la operaci\u00f3n ya no es incisional, sino por laparoscopia.<\/strong><\/p>\n<p><strong>\u201cTodos exigen pero no todos est\u00e1n dispuestos a pagar<\/strong>, lo cual va\u00a0<strong>en desmedro de los prestadores<\/strong>\u201d, indica.<\/p>\n<p>Y agrega: \u201cSi bien coinciden con la\u00a0<strong>crisis e inviabilidad del sistema<\/strong>, nadie se atreve a poner en pr\u00e1ctica<strong>\u00a0una soluci\u00f3n de fondo, porque existe una intrincada telara\u00f1a de acuerdos de distinta \u00edndole que entorpecen cualquier sinceramiento del sistema\u201d<\/strong>.<\/p>\n<p>El camino de reducir la burocracia y la redundancia de servicios administrativos es\u00a0<strong>un camino ineludible para hacer m\u00e1s eficiente al sistema,\u00a0<\/strong>pero s\u00f3lo es el comienzo.<\/p>\n<p>El especialistas propone:\u00a0<strong>sincerar el compromiso impositivo y aliviar cargas que encarecen la salud.\u00a0<\/strong><\/p>\n<p>Asimismo,\u00a0<strong>aggiornar las prestaciones y actualizar el PMO<\/strong>, ya que\u00a0<strong>hoy las exigencias de la atenci\u00f3n est\u00e1n marcadas por la litigiosidad, que conduce a una medicina a la defensiva.<\/strong><\/p>\n<p>\u00abCada d\u00eda s<strong>e requieren m\u00e1s estudios de im\u00e1genes y ex\u00e1menes de laboratorio para asegurar el diagn\u00f3stico y tratamiento a la altura que el nivel cient\u00edfico requiere<\/strong>\u00ab, finaliza diciendo.<\/p>\n<p><a href=\"https:\/\/noticiasargentinas.com\/-agenciana_t6916e70a4551e78eb9423f59\">#AgenciaNA<\/a><\/p>\n<\/div>\n<\/div>\n<\/div>\n<\/div>\n","protected":false},"excerpt":{"rendered":"<p>Las distorsiones atentan contra la continuidad y eficiencia de un sistema sanitario cuyas nuevas t\u00e9cnicas y requerimientos legales exigen modernizarlo.<\/p>\n","protected":false},"author":3,"featured_media":132120,"comment_status":"closed","ping_status":"closed","sticky":false,"template":"","format":"standard","meta":{"footnotes":""},"categories":[24,30,26],"tags":[],"class_list":["post-132119","post","type-post","status-publish","format-standard","has-post-thumbnail","hentry","category-politica","category-salud","category-sociedad"],"yoast_head":"<!-- This site is optimized with the Yoast SEO plugin v25.9 - https:\/\/yoast.com\/wordpress\/plugins\/seo\/ -->\n<title>La salud, en terapia intensiva: 5 mil cl\u00ednicas est\u00e1n con respirador y a punto de expirar - Noticias Radio Reflejos<\/title>\n<meta name=\"robots\" content=\"index, follow, max-snippet:-1, max-image-preview:large, max-video-preview:-1\" \/>\n<link rel=\"canonical\" href=\"https:\/\/www.noticiasradioreflejos.com.ar\/2021\/la-salud-en-terapia-intensiva-5-mil-clinicas-estan-con-respirador-y-a-punto-de-expirar\/\" \/>\n<meta property=\"og:locale\" content=\"es_ES\" \/>\n<meta property=\"og:type\" content=\"article\" \/>\n<meta property=\"og:title\" content=\"La salud, en terapia intensiva: 5 mil cl\u00ednicas est\u00e1n con respirador y a punto de expirar - Noticias Radio Reflejos\" \/>\n<meta property=\"og:description\" content=\"Las distorsiones atentan contra la continuidad y eficiencia de un sistema sanitario cuyas nuevas t\u00e9cnicas y requerimientos legales exigen modernizarlo.\" \/>\n<meta property=\"og:url\" content=\"https:\/\/www.noticiasradioreflejos.com.ar\/2021\/la-salud-en-terapia-intensiva-5-mil-clinicas-estan-con-respirador-y-a-punto-de-expirar\/\" \/>\n<meta property=\"og:site_name\" content=\"Noticias Radio Reflejos\" \/>\n<meta property=\"article:published_time\" content=\"2026-01-29T21:37:02+00:00\" \/>\n<meta property=\"article:modified_time\" content=\"2026-01-30T19:29:24+00:00\" \/>\n<meta property=\"og:image\" content=\"https:\/\/www.noticiasradioreflejos.com.ar\/2021\/wp-content\/uploads\/2026\/01\/clinica-terapia.jpg\" \/>\n\t<meta property=\"og:image:width\" content=\"1024\" \/>\n\t<meta property=\"og:image:height\" content=\"704\" \/>\n\t<meta property=\"og:image:type\" content=\"image\/jpeg\" \/>\n<meta name=\"author\" content=\"Arnaldo Botto\" \/>\n<meta name=\"twitter:card\" content=\"summary_large_image\" \/>\n<script type=\"application\/ld+json\" class=\"yoast-schema-graph\">{\"@context\":\"https:\/\/schema.org\",\"@graph\":[{\"@type\":\"WebPage\",\"@id\":\"https:\/\/www.noticiasradioreflejos.com.ar\/2021\/la-salud-en-terapia-intensiva-5-mil-clinicas-estan-con-respirador-y-a-punto-de-expirar\/\",\"url\":\"https:\/\/www.noticiasradioreflejos.com.ar\/2021\/la-salud-en-terapia-intensiva-5-mil-clinicas-estan-con-respirador-y-a-punto-de-expirar\/\",\"name\":\"La salud, en terapia intensiva: 5 mil cl\u00ednicas est\u00e1n con respirador y a punto de expirar - Noticias Radio Reflejos\",\"isPartOf\":{\"@id\":\"https:\/\/www.noticiasradioreflejos.com.ar\/2021\/#website\"},\"primaryImageOfPage\":{\"@id\":\"https:\/\/www.noticiasradioreflejos.com.ar\/2021\/la-salud-en-terapia-intensiva-5-mil-clinicas-estan-con-respirador-y-a-punto-de-expirar\/#primaryimage\"},\"image\":{\"@id\":\"https:\/\/www.noticiasradioreflejos.com.ar\/2021\/la-salud-en-terapia-intensiva-5-mil-clinicas-estan-con-respirador-y-a-punto-de-expirar\/#primaryimage\"},\"thumbnailUrl\":\"https:\/\/www.noticiasradioreflejos.com.ar\/2021\/wp-content\/uploads\/2026\/01\/clinica-terapia.jpg\",\"datePublished\":\"2026-01-29T21:37:02+00:00\",\"dateModified\":\"2026-01-30T19:29:24+00:00\",\"author\":{\"@id\":\"https:\/\/www.noticiasradioreflejos.com.ar\/2021\/#\/schema\/person\/ad82545263dcc5ec0996818884fd5fb1\"},\"breadcrumb\":{\"@id\":\"https:\/\/www.noticiasradioreflejos.com.ar\/2021\/la-salud-en-terapia-intensiva-5-mil-clinicas-estan-con-respirador-y-a-punto-de-expirar\/#breadcrumb\"},\"inLanguage\":\"es\",\"potentialAction\":[{\"@type\":\"ReadAction\",\"target\":[\"https:\/\/www.noticiasradioreflejos.com.ar\/2021\/la-salud-en-terapia-intensiva-5-mil-clinicas-estan-con-respirador-y-a-punto-de-expirar\/\"]}]},{\"@type\":\"ImageObject\",\"inLanguage\":\"es\",\"@id\":\"https:\/\/www.noticiasradioreflejos.com.ar\/2021\/la-salud-en-terapia-intensiva-5-mil-clinicas-estan-con-respirador-y-a-punto-de-expirar\/#primaryimage\",\"url\":\"https:\/\/www.noticiasradioreflejos.com.ar\/2021\/wp-content\/uploads\/2026\/01\/clinica-terapia.jpg\",\"contentUrl\":\"https:\/\/www.noticiasradioreflejos.com.ar\/2021\/wp-content\/uploads\/2026\/01\/clinica-terapia.jpg\",\"width\":1024,\"height\":704},{\"@type\":\"BreadcrumbList\",\"@id\":\"https:\/\/www.noticiasradioreflejos.com.ar\/2021\/la-salud-en-terapia-intensiva-5-mil-clinicas-estan-con-respirador-y-a-punto-de-expirar\/#breadcrumb\",\"itemListElement\":[{\"@type\":\"ListItem\",\"position\":1,\"name\":\"Portada\",\"item\":\"https:\/\/www.noticiasradioreflejos.com.ar\/2021\/\"},{\"@type\":\"ListItem\",\"position\":2,\"name\":\"La salud, en terapia intensiva: 5 mil cl\u00ednicas est\u00e1n con respirador y a punto de expirar\"}]},{\"@type\":\"WebSite\",\"@id\":\"https:\/\/www.noticiasradioreflejos.com.ar\/2021\/#website\",\"url\":\"https:\/\/www.noticiasradioreflejos.com.ar\/2021\/\",\"name\":\"Noticias Radio Reflejos\",\"description\":\"Las noticias de mi comarca\",\"potentialAction\":[{\"@type\":\"SearchAction\",\"target\":{\"@type\":\"EntryPoint\",\"urlTemplate\":\"https:\/\/www.noticiasradioreflejos.com.ar\/2021\/?s={search_term_string}\"},\"query-input\":{\"@type\":\"PropertyValueSpecification\",\"valueRequired\":true,\"valueName\":\"search_term_string\"}}],\"inLanguage\":\"es\"},{\"@type\":\"Person\",\"@id\":\"https:\/\/www.noticiasradioreflejos.com.ar\/2021\/#\/schema\/person\/ad82545263dcc5ec0996818884fd5fb1\",\"name\":\"Arnaldo Botto\",\"image\":{\"@type\":\"ImageObject\",\"inLanguage\":\"es\",\"@id\":\"https:\/\/www.noticiasradioreflejos.com.ar\/2021\/#\/schema\/person\/image\/\",\"url\":\"https:\/\/secure.gravatar.com\/avatar\/55cb5e37c1efa326397366e6974cb338056df65cb50e7d64d1cf314e87504837?s=96&d=mm&r=g\",\"contentUrl\":\"https:\/\/secure.gravatar.com\/avatar\/55cb5e37c1efa326397366e6974cb338056df65cb50e7d64d1cf314e87504837?s=96&d=mm&r=g\",\"caption\":\"Arnaldo Botto\"},\"url\":\"https:\/\/www.noticiasradioreflejos.com.ar\/2021\/author\/arnaldo\/\"}]}<\/script>\n<!-- \/ Yoast SEO plugin. -->","yoast_head_json":{"title":"La salud, en terapia intensiva: 5 mil cl\u00ednicas est\u00e1n con respirador y a punto de expirar - Noticias Radio Reflejos","robots":{"index":"index","follow":"follow","max-snippet":"max-snippet:-1","max-image-preview":"max-image-preview:large","max-video-preview":"max-video-preview:-1"},"canonical":"https:\/\/www.noticiasradioreflejos.com.ar\/2021\/la-salud-en-terapia-intensiva-5-mil-clinicas-estan-con-respirador-y-a-punto-de-expirar\/","og_locale":"es_ES","og_type":"article","og_title":"La salud, en terapia intensiva: 5 mil cl\u00ednicas est\u00e1n con respirador y a punto de expirar - Noticias Radio Reflejos","og_description":"Las distorsiones atentan contra la continuidad y eficiencia de un sistema sanitario cuyas nuevas t\u00e9cnicas y requerimientos legales exigen modernizarlo.","og_url":"https:\/\/www.noticiasradioreflejos.com.ar\/2021\/la-salud-en-terapia-intensiva-5-mil-clinicas-estan-con-respirador-y-a-punto-de-expirar\/","og_site_name":"Noticias Radio Reflejos","article_published_time":"2026-01-29T21:37:02+00:00","article_modified_time":"2026-01-30T19:29:24+00:00","og_image":[{"width":1024,"height":704,"url":"https:\/\/www.noticiasradioreflejos.com.ar\/2021\/wp-content\/uploads\/2026\/01\/clinica-terapia.jpg","type":"image\/jpeg"}],"author":"Arnaldo Botto","twitter_card":"summary_large_image","schema":{"@context":"https:\/\/schema.org","@graph":[{"@type":"WebPage","@id":"https:\/\/www.noticiasradioreflejos.com.ar\/2021\/la-salud-en-terapia-intensiva-5-mil-clinicas-estan-con-respirador-y-a-punto-de-expirar\/","url":"https:\/\/www.noticiasradioreflejos.com.ar\/2021\/la-salud-en-terapia-intensiva-5-mil-clinicas-estan-con-respirador-y-a-punto-de-expirar\/","name":"La salud, en terapia intensiva: 5 mil cl\u00ednicas est\u00e1n con respirador y a punto de expirar - Noticias Radio Reflejos","isPartOf":{"@id":"https:\/\/www.noticiasradioreflejos.com.ar\/2021\/#website"},"primaryImageOfPage":{"@id":"https:\/\/www.noticiasradioreflejos.com.ar\/2021\/la-salud-en-terapia-intensiva-5-mil-clinicas-estan-con-respirador-y-a-punto-de-expirar\/#primaryimage"},"image":{"@id":"https:\/\/www.noticiasradioreflejos.com.ar\/2021\/la-salud-en-terapia-intensiva-5-mil-clinicas-estan-con-respirador-y-a-punto-de-expirar\/#primaryimage"},"thumbnailUrl":"https:\/\/www.noticiasradioreflejos.com.ar\/2021\/wp-content\/uploads\/2026\/01\/clinica-terapia.jpg","datePublished":"2026-01-29T21:37:02+00:00","dateModified":"2026-01-30T19:29:24+00:00","author":{"@id":"https:\/\/www.noticiasradioreflejos.com.ar\/2021\/#\/schema\/person\/ad82545263dcc5ec0996818884fd5fb1"},"breadcrumb":{"@id":"https:\/\/www.noticiasradioreflejos.com.ar\/2021\/la-salud-en-terapia-intensiva-5-mil-clinicas-estan-con-respirador-y-a-punto-de-expirar\/#breadcrumb"},"inLanguage":"es","potentialAction":[{"@type":"ReadAction","target":["https:\/\/www.noticiasradioreflejos.com.ar\/2021\/la-salud-en-terapia-intensiva-5-mil-clinicas-estan-con-respirador-y-a-punto-de-expirar\/"]}]},{"@type":"ImageObject","inLanguage":"es","@id":"https:\/\/www.noticiasradioreflejos.com.ar\/2021\/la-salud-en-terapia-intensiva-5-mil-clinicas-estan-con-respirador-y-a-punto-de-expirar\/#primaryimage","url":"https:\/\/www.noticiasradioreflejos.com.ar\/2021\/wp-content\/uploads\/2026\/01\/clinica-terapia.jpg","contentUrl":"https:\/\/www.noticiasradioreflejos.com.ar\/2021\/wp-content\/uploads\/2026\/01\/clinica-terapia.jpg","width":1024,"height":704},{"@type":"BreadcrumbList","@id":"https:\/\/www.noticiasradioreflejos.com.ar\/2021\/la-salud-en-terapia-intensiva-5-mil-clinicas-estan-con-respirador-y-a-punto-de-expirar\/#breadcrumb","itemListElement":[{"@type":"ListItem","position":1,"name":"Portada","item":"https:\/\/www.noticiasradioreflejos.com.ar\/2021\/"},{"@type":"ListItem","position":2,"name":"La salud, en terapia intensiva: 5 mil cl\u00ednicas est\u00e1n con respirador y a punto de expirar"}]},{"@type":"WebSite","@id":"https:\/\/www.noticiasradioreflejos.com.ar\/2021\/#website","url":"https:\/\/www.noticiasradioreflejos.com.ar\/2021\/","name":"Noticias Radio Reflejos","description":"Las noticias de mi comarca","potentialAction":[{"@type":"SearchAction","target":{"@type":"EntryPoint","urlTemplate":"https:\/\/www.noticiasradioreflejos.com.ar\/2021\/?s={search_term_string}"},"query-input":{"@type":"PropertyValueSpecification","valueRequired":true,"valueName":"search_term_string"}}],"inLanguage":"es"},{"@type":"Person","@id":"https:\/\/www.noticiasradioreflejos.com.ar\/2021\/#\/schema\/person\/ad82545263dcc5ec0996818884fd5fb1","name":"Arnaldo Botto","image":{"@type":"ImageObject","inLanguage":"es","@id":"https:\/\/www.noticiasradioreflejos.com.ar\/2021\/#\/schema\/person\/image\/","url":"https:\/\/secure.gravatar.com\/avatar\/55cb5e37c1efa326397366e6974cb338056df65cb50e7d64d1cf314e87504837?s=96&d=mm&r=g","contentUrl":"https:\/\/secure.gravatar.com\/avatar\/55cb5e37c1efa326397366e6974cb338056df65cb50e7d64d1cf314e87504837?s=96&d=mm&r=g","caption":"Arnaldo Botto"},"url":"https:\/\/www.noticiasradioreflejos.com.ar\/2021\/author\/arnaldo\/"}]}},"_links":{"self":[{"href":"https:\/\/www.noticiasradioreflejos.com.ar\/2021\/wp-json\/wp\/v2\/posts\/132119","targetHints":{"allow":["GET"]}}],"collection":[{"href":"https:\/\/www.noticiasradioreflejos.com.ar\/2021\/wp-json\/wp\/v2\/posts"}],"about":[{"href":"https:\/\/www.noticiasradioreflejos.com.ar\/2021\/wp-json\/wp\/v2\/types\/post"}],"author":[{"embeddable":true,"href":"https:\/\/www.noticiasradioreflejos.com.ar\/2021\/wp-json\/wp\/v2\/users\/3"}],"replies":[{"embeddable":true,"href":"https:\/\/www.noticiasradioreflejos.com.ar\/2021\/wp-json\/wp\/v2\/comments?post=132119"}],"version-history":[{"count":1,"href":"https:\/\/www.noticiasradioreflejos.com.ar\/2021\/wp-json\/wp\/v2\/posts\/132119\/revisions"}],"predecessor-version":[{"id":132121,"href":"https:\/\/www.noticiasradioreflejos.com.ar\/2021\/wp-json\/wp\/v2\/posts\/132119\/revisions\/132121"}],"wp:featuredmedia":[{"embeddable":true,"href":"https:\/\/www.noticiasradioreflejos.com.ar\/2021\/wp-json\/wp\/v2\/media\/132120"}],"wp:attachment":[{"href":"https:\/\/www.noticiasradioreflejos.com.ar\/2021\/wp-json\/wp\/v2\/media?parent=132119"}],"wp:term":[{"taxonomy":"category","embeddable":true,"href":"https:\/\/www.noticiasradioreflejos.com.ar\/2021\/wp-json\/wp\/v2\/categories?post=132119"},{"taxonomy":"post_tag","embeddable":true,"href":"https:\/\/www.noticiasradioreflejos.com.ar\/2021\/wp-json\/wp\/v2\/tags?post=132119"}],"curies":[{"name":"wp","href":"https:\/\/api.w.org\/{rel}","templated":true}]}}