{"id":13211,"date":"2017-08-07T12:53:19","date_gmt":"2017-08-07T15:53:19","guid":{"rendered":"http:\/\/www.noticiasradioreflejos.com.ar\/noticias\/?p=13211"},"modified":"2017-08-07T12:53:19","modified_gmt":"2017-08-07T15:53:19","slug":"programa-de-capacitacion-profesional-en-asesor-en-vinos","status":"publish","type":"post","link":"https:\/\/www.noticiasradioreflejos.com.ar\/2021\/programa-de-capacitacion-profesional-en-asesor-en-vinos\/","title":{"rendered":"Programa de Capacitaci\u00f3n Profesional en Asesor en vinos"},"content":{"rendered":"<p><a title=\"WhatsApp Image 2017-08-03 at 15.47.06\" href=\"http:\/\/farm5.staticflickr.com\/4398\/36426523655_000080ef98.jpg\" rel=\"\"><img loading=\"lazy\" decoding=\"async\" class=\"alignleft\" style=\"float: left;\" title=\"WhatsApp Image 2017-08-03 at 15.47.06\" src=\"http:\/\/farm5.staticflickr.com\/4398\/36426523655_000080ef98.jpg\" alt=\"WhatsApp Image 2017-08-03 at 15.47.06\" width=\"500\" height=\"354\" \/><\/a>La Direcci\u00f3n de Turismo municipal informa que est\u00e1 abierta la inscripci\u00f3n al Programa de Capacitaci\u00f3n Profesional en Asesor en vinos.<br \/>\nLa capacitaci\u00f3n dar\u00e1 inicio el 22 de agosto del corriente a\u00f1o, se llevar\u00e1 a cabo en Sierra de la Ventana y constar\u00e1 de seis encuentros.<!--more--><br \/>\nSe trata de un programa que tiene como objetivo fortalecer el sector vitivin\u00edcola, tur\u00edstico y gastron\u00f3mico a trav\u00e9s de la capacitaci\u00f3n espec\u00edfica en el mundo del vino.<br \/>\nEst\u00e1 destinado a propietarios y empleados de bodegas, vinotecas, restaurantes, hoteles y cualquier otro establecimiento comercial o de servicios relacionados con el mercado del vino, la gastronom\u00eda y el turismo; y a funcionarios municipales de las \u00e1reas de Turismo, Desarrollo y Producci\u00f3n.<br \/>\nTornquist municipio adhiere a dicha capacitaci\u00f3n que es llevada adelante por la UPSO y la UNS.<br \/>\nLos interesados en realizarla, deber\u00e1n inscribirse v\u00eda mail: dttornquist@gmail.com bienestar@upso.edu.ar o por tel\u00e9fono llamando al 0291-494.0811, Direcci\u00f3n de Turismo.<\/p>\n","protected":false},"excerpt":{"rendered":"<p>La Direcci\u00f3n de Turismo municipal informa que est\u00e1 abierta la inscripci\u00f3n al Programa de Capacitaci\u00f3n Profesional en Asesor en vinos. La capacitaci\u00f3n dar\u00e1 inicio el 22 de agosto del corriente a\u00f1o, se llevar\u00e1 a cabo en Sierra de la Ventana y constar\u00e1 de seis encuentros.<\/p>\n","protected":false},"author":3,"featured_media":0,"comment_status":"closed","ping_status":"open","sticky":false,"template":"","format":"standard","meta":{"footnotes":""},"categories":[26],"tags":[],"class_list":["post-13211","post","type-post","status-publish","format-standard","hentry","category-sociedad"],"yoast_head":"<!-- This site is optimized with the Yoast SEO plugin v25.9 - https:\/\/yoast.com\/wordpress\/plugins\/seo\/ -->\n<title>Programa de Capacitaci\u00f3n Profesional en Asesor en vinos - Noticias Radio Reflejos<\/title>\n<meta name=\"robots\" content=\"index, follow, max-snippet:-1, max-image-preview:large, max-video-preview:-1\" \/>\n<link rel=\"canonical\" href=\"https:\/\/www.noticiasradioreflejos.com.ar\/2021\/programa-de-capacitacion-profesional-en-asesor-en-vinos\/\" \/>\n<meta property=\"og:locale\" content=\"es_ES\" \/>\n<meta property=\"og:type\" content=\"article\" \/>\n<meta property=\"og:title\" content=\"Programa de Capacitaci\u00f3n Profesional en Asesor en vinos - Noticias Radio Reflejos\" \/>\n<meta property=\"og:description\" content=\"La Direcci\u00f3n de Turismo municipal informa que est\u00e1 abierta la inscripci\u00f3n al Programa de Capacitaci\u00f3n Profesional en Asesor en vinos. La capacitaci\u00f3n dar\u00e1 inicio el 22 de agosto del corriente a\u00f1o, se llevar\u00e1 a cabo en Sierra de la Ventana y constar\u00e1 de seis encuentros.\" \/>\n<meta property=\"og:url\" content=\"https:\/\/www.noticiasradioreflejos.com.ar\/2021\/programa-de-capacitacion-profesional-en-asesor-en-vinos\/\" \/>\n<meta property=\"og:site_name\" content=\"Noticias Radio Reflejos\" \/>\n<meta property=\"article:published_time\" content=\"2017-08-07T15:53:19+00:00\" \/>\n<meta property=\"og:image\" content=\"http:\/\/farm5.staticflickr.com\/4398\/36426523655_000080ef98.jpg\" \/>\n<meta name=\"author\" content=\"Arnaldo Botto\" \/>\n<meta name=\"twitter:card\" content=\"summary_large_image\" \/>\n<script type=\"application\/ld+json\" class=\"yoast-schema-graph\">{\"@context\":\"https:\/\/schema.org\",\"@graph\":[{\"@type\":\"WebPage\",\"@id\":\"https:\/\/www.noticiasradioreflejos.com.ar\/2021\/programa-de-capacitacion-profesional-en-asesor-en-vinos\/\",\"url\":\"https:\/\/www.noticiasradioreflejos.com.ar\/2021\/programa-de-capacitacion-profesional-en-asesor-en-vinos\/\",\"name\":\"Programa de Capacitaci\u00f3n Profesional en Asesor en vinos - Noticias Radio Reflejos\",\"isPartOf\":{\"@id\":\"https:\/\/www.noticiasradioreflejos.com.ar\/2021\/#website\"},\"primaryImageOfPage\":{\"@id\":\"https:\/\/www.noticiasradioreflejos.com.ar\/2021\/programa-de-capacitacion-profesional-en-asesor-en-vinos\/#primaryimage\"},\"image\":{\"@id\":\"https:\/\/www.noticiasradioreflejos.com.ar\/2021\/programa-de-capacitacion-profesional-en-asesor-en-vinos\/#primaryimage\"},\"thumbnailUrl\":\"http:\/\/farm5.staticflickr.com\/4398\/36426523655_000080ef98.jpg\",\"datePublished\":\"2017-08-07T15:53:19+00:00\",\"author\":{\"@id\":\"https:\/\/www.noticiasradioreflejos.com.ar\/2021\/#\/schema\/person\/ad82545263dcc5ec0996818884fd5fb1\"},\"breadcrumb\":{\"@id\":\"https:\/\/www.noticiasradioreflejos.com.ar\/2021\/programa-de-capacitacion-profesional-en-asesor-en-vinos\/#breadcrumb\"},\"inLanguage\":\"es\",\"potentialAction\":[{\"@type\":\"ReadAction\",\"target\":[\"https:\/\/www.noticiasradioreflejos.com.ar\/2021\/programa-de-capacitacion-profesional-en-asesor-en-vinos\/\"]}]},{\"@type\":\"ImageObject\",\"inLanguage\":\"es\",\"@id\":\"https:\/\/www.noticiasradioreflejos.com.ar\/2021\/programa-de-capacitacion-profesional-en-asesor-en-vinos\/#primaryimage\",\"url\":\"http:\/\/farm5.staticflickr.com\/4398\/36426523655_000080ef98.jpg\",\"contentUrl\":\"http:\/\/farm5.staticflickr.com\/4398\/36426523655_000080ef98.jpg\"},{\"@type\":\"BreadcrumbList\",\"@id\":\"https:\/\/www.noticiasradioreflejos.com.ar\/2021\/programa-de-capacitacion-profesional-en-asesor-en-vinos\/#breadcrumb\",\"itemListElement\":[{\"@type\":\"ListItem\",\"position\":1,\"name\":\"Portada\",\"item\":\"https:\/\/www.noticiasradioreflejos.com.ar\/2021\/\"},{\"@type\":\"ListItem\",\"position\":2,\"name\":\"Programa de Capacitaci\u00f3n Profesional en Asesor en vinos\"}]},{\"@type\":\"WebSite\",\"@id\":\"https:\/\/www.noticiasradioreflejos.com.ar\/2021\/#website\",\"url\":\"https:\/\/www.noticiasradioreflejos.com.ar\/2021\/\",\"name\":\"Noticias Radio Reflejos\",\"description\":\"Las noticias de mi comarca\",\"potentialAction\":[{\"@type\":\"SearchAction\",\"target\":{\"@type\":\"EntryPoint\",\"urlTemplate\":\"https:\/\/www.noticiasradioreflejos.com.ar\/2021\/?s={search_term_string}\"},\"query-input\":{\"@type\":\"PropertyValueSpecification\",\"valueRequired\":true,\"valueName\":\"search_term_string\"}}],\"inLanguage\":\"es\"},{\"@type\":\"Person\",\"@id\":\"https:\/\/www.noticiasradioreflejos.com.ar\/2021\/#\/schema\/person\/ad82545263dcc5ec0996818884fd5fb1\",\"name\":\"Arnaldo Botto\",\"image\":{\"@type\":\"ImageObject\",\"inLanguage\":\"es\",\"@id\":\"https:\/\/www.noticiasradioreflejos.com.ar\/2021\/#\/schema\/person\/image\/\",\"url\":\"https:\/\/secure.gravatar.com\/avatar\/55cb5e37c1efa326397366e6974cb338056df65cb50e7d64d1cf314e87504837?s=96&d=mm&r=g\",\"contentUrl\":\"https:\/\/secure.gravatar.com\/avatar\/55cb5e37c1efa326397366e6974cb338056df65cb50e7d64d1cf314e87504837?s=96&d=mm&r=g\",\"caption\":\"Arnaldo Botto\"},\"url\":\"https:\/\/www.noticiasradioreflejos.com.ar\/2021\/author\/arnaldo\/\"}]}<\/script>\n<!-- \/ Yoast SEO plugin. -->","yoast_head_json":{"title":"Programa de Capacitaci\u00f3n Profesional en Asesor en vinos - Noticias Radio Reflejos","robots":{"index":"index","follow":"follow","max-snippet":"max-snippet:-1","max-image-preview":"max-image-preview:large","max-video-preview":"max-video-preview:-1"},"canonical":"https:\/\/www.noticiasradioreflejos.com.ar\/2021\/programa-de-capacitacion-profesional-en-asesor-en-vinos\/","og_locale":"es_ES","og_type":"article","og_title":"Programa de Capacitaci\u00f3n Profesional en Asesor en vinos - Noticias Radio Reflejos","og_description":"La Direcci\u00f3n de Turismo municipal informa que est\u00e1 abierta la inscripci\u00f3n al Programa de Capacitaci\u00f3n Profesional en Asesor en vinos. La capacitaci\u00f3n dar\u00e1 inicio el 22 de agosto del corriente a\u00f1o, se llevar\u00e1 a cabo en Sierra de la Ventana y constar\u00e1 de seis encuentros.","og_url":"https:\/\/www.noticiasradioreflejos.com.ar\/2021\/programa-de-capacitacion-profesional-en-asesor-en-vinos\/","og_site_name":"Noticias Radio Reflejos","article_published_time":"2017-08-07T15:53:19+00:00","og_image":[{"url":"http:\/\/farm5.staticflickr.com\/4398\/36426523655_000080ef98.jpg","type":"","width":"","height":""}],"author":"Arnaldo Botto","twitter_card":"summary_large_image","schema":{"@context":"https:\/\/schema.org","@graph":[{"@type":"WebPage","@id":"https:\/\/www.noticiasradioreflejos.com.ar\/2021\/programa-de-capacitacion-profesional-en-asesor-en-vinos\/","url":"https:\/\/www.noticiasradioreflejos.com.ar\/2021\/programa-de-capacitacion-profesional-en-asesor-en-vinos\/","name":"Programa de Capacitaci\u00f3n Profesional en Asesor en vinos - Noticias Radio Reflejos","isPartOf":{"@id":"https:\/\/www.noticiasradioreflejos.com.ar\/2021\/#website"},"primaryImageOfPage":{"@id":"https:\/\/www.noticiasradioreflejos.com.ar\/2021\/programa-de-capacitacion-profesional-en-asesor-en-vinos\/#primaryimage"},"image":{"@id":"https:\/\/www.noticiasradioreflejos.com.ar\/2021\/programa-de-capacitacion-profesional-en-asesor-en-vinos\/#primaryimage"},"thumbnailUrl":"http:\/\/farm5.staticflickr.com\/4398\/36426523655_000080ef98.jpg","datePublished":"2017-08-07T15:53:19+00:00","author":{"@id":"https:\/\/www.noticiasradioreflejos.com.ar\/2021\/#\/schema\/person\/ad82545263dcc5ec0996818884fd5fb1"},"breadcrumb":{"@id":"https:\/\/www.noticiasradioreflejos.com.ar\/2021\/programa-de-capacitacion-profesional-en-asesor-en-vinos\/#breadcrumb"},"inLanguage":"es","potentialAction":[{"@type":"ReadAction","target":["https:\/\/www.noticiasradioreflejos.com.ar\/2021\/programa-de-capacitacion-profesional-en-asesor-en-vinos\/"]}]},{"@type":"ImageObject","inLanguage":"es","@id":"https:\/\/www.noticiasradioreflejos.com.ar\/2021\/programa-de-capacitacion-profesional-en-asesor-en-vinos\/#primaryimage","url":"http:\/\/farm5.staticflickr.com\/4398\/36426523655_000080ef98.jpg","contentUrl":"http:\/\/farm5.staticflickr.com\/4398\/36426523655_000080ef98.jpg"},{"@type":"BreadcrumbList","@id":"https:\/\/www.noticiasradioreflejos.com.ar\/2021\/programa-de-capacitacion-profesional-en-asesor-en-vinos\/#breadcrumb","itemListElement":[{"@type":"ListItem","position":1,"name":"Portada","item":"https:\/\/www.noticiasradioreflejos.com.ar\/2021\/"},{"@type":"ListItem","position":2,"name":"Programa de Capacitaci\u00f3n Profesional en Asesor en vinos"}]},{"@type":"WebSite","@id":"https:\/\/www.noticiasradioreflejos.com.ar\/2021\/#website","url":"https:\/\/www.noticiasradioreflejos.com.ar\/2021\/","name":"Noticias Radio Reflejos","description":"Las noticias de mi comarca","potentialAction":[{"@type":"SearchAction","target":{"@type":"EntryPoint","urlTemplate":"https:\/\/www.noticiasradioreflejos.com.ar\/2021\/?s={search_term_string}"},"query-input":{"@type":"PropertyValueSpecification","valueRequired":true,"valueName":"search_term_string"}}],"inLanguage":"es"},{"@type":"Person","@id":"https:\/\/www.noticiasradioreflejos.com.ar\/2021\/#\/schema\/person\/ad82545263dcc5ec0996818884fd5fb1","name":"Arnaldo Botto","image":{"@type":"ImageObject","inLanguage":"es","@id":"https:\/\/www.noticiasradioreflejos.com.ar\/2021\/#\/schema\/person\/image\/","url":"https:\/\/secure.gravatar.com\/avatar\/55cb5e37c1efa326397366e6974cb338056df65cb50e7d64d1cf314e87504837?s=96&d=mm&r=g","contentUrl":"https:\/\/secure.gravatar.com\/avatar\/55cb5e37c1efa326397366e6974cb338056df65cb50e7d64d1cf314e87504837?s=96&d=mm&r=g","caption":"Arnaldo Botto"},"url":"https:\/\/www.noticiasradioreflejos.com.ar\/2021\/author\/arnaldo\/"}]}},"_links":{"self":[{"href":"https:\/\/www.noticiasradioreflejos.com.ar\/2021\/wp-json\/wp\/v2\/posts\/13211","targetHints":{"allow":["GET"]}}],"collection":[{"href":"https:\/\/www.noticiasradioreflejos.com.ar\/2021\/wp-json\/wp\/v2\/posts"}],"about":[{"href":"https:\/\/www.noticiasradioreflejos.com.ar\/2021\/wp-json\/wp\/v2\/types\/post"}],"author":[{"embeddable":true,"href":"https:\/\/www.noticiasradioreflejos.com.ar\/2021\/wp-json\/wp\/v2\/users\/3"}],"replies":[{"embeddable":true,"href":"https:\/\/www.noticiasradioreflejos.com.ar\/2021\/wp-json\/wp\/v2\/comments?post=13211"}],"version-history":[{"count":0,"href":"https:\/\/www.noticiasradioreflejos.com.ar\/2021\/wp-json\/wp\/v2\/posts\/13211\/revisions"}],"wp:attachment":[{"href":"https:\/\/www.noticiasradioreflejos.com.ar\/2021\/wp-json\/wp\/v2\/media?parent=13211"}],"wp:term":[{"taxonomy":"category","embeddable":true,"href":"https:\/\/www.noticiasradioreflejos.com.ar\/2021\/wp-json\/wp\/v2\/categories?post=13211"},{"taxonomy":"post_tag","embeddable":true,"href":"https:\/\/www.noticiasradioreflejos.com.ar\/2021\/wp-json\/wp\/v2\/tags?post=13211"}],"curies":[{"name":"wp","href":"https:\/\/api.w.org\/{rel}","templated":true}]}}