{"id":132096,"date":"2026-01-29T14:23:05","date_gmt":"2026-01-29T17:23:05","guid":{"rendered":"https:\/\/www.noticiasradioreflejos.com.ar\/2021\/?p=132096"},"modified":"2026-01-29T14:23:07","modified_gmt":"2026-01-29T17:23:07","slug":"es-una-aberracion-el-peronismo-de-tornquist-denuncio-la-toma-del-puerto-de-ushuaia-por-parte-de-nacion","status":"publish","type":"post","link":"https:\/\/www.noticiasradioreflejos.com.ar\/2021\/es-una-aberracion-el-peronismo-de-tornquist-denuncio-la-toma-del-puerto-de-ushuaia-por-parte-de-nacion\/","title":{"rendered":"\u00abEs una aberraci\u00f3n\u00bb: El peronismo de Tornquist denunci\u00f3 la toma del Puerto de Ushuaia por parte de Naci\u00f3n"},"content":{"rendered":"<p data-path-to-node=\"7\"><strong>Los bloques de concejales locales de Uni\u00f3n por la Patria y Fuerza Patria<\/strong> emitieron un duro descargo contra el Poder Ejecutivo Nacional tras la intervenci\u00f3n del puerto fueguino. Aseguran que la medida, justificada oficialmente por supuestas deficiencias financieras, es en realidad una \u00abdecisi\u00f3n pol\u00edtica arbitraria\u00bb que vulnera los derechos federales de las provincias.<!--more--><\/p>\n<p data-path-to-node=\"7\"><a href=\"https:\/\/www.noticiasradioreflejos.com.ar\/2021\/es-una-aberracion-el-peronismo-de-tornquist-denuncio-la-toma-del-puerto-de-ushuaia-por-parte-de-nacion\/whatsapp-image-2026-01-29-at-14-06-03\/\" rel=\"attachment wp-att-132097\"><img loading=\"lazy\" decoding=\"async\" class=\"aligncenter size-full wp-image-132097\" src=\"https:\/\/www.noticiasradioreflejos.com.ar\/2021\/wp-content\/uploads\/2026\/01\/WhatsApp-Image-2026-01-29-at-14.06.03.jpeg\" alt=\"\" width=\"723\" height=\"1013\" srcset=\"https:\/\/www.noticiasradioreflejos.com.ar\/2021\/wp-content\/uploads\/2026\/01\/WhatsApp-Image-2026-01-29-at-14.06.03.jpeg 723w, https:\/\/www.noticiasradioreflejos.com.ar\/2021\/wp-content\/uploads\/2026\/01\/WhatsApp-Image-2026-01-29-at-14.06.03-214x300.jpeg 214w, https:\/\/www.noticiasradioreflejos.com.ar\/2021\/wp-content\/uploads\/2026\/01\/WhatsApp-Image-2026-01-29-at-14.06.03-360x504.jpeg 360w\" sizes=\"auto, (max-width: 723px) 100vw, 723px\" \/><\/a><\/p>\n","protected":false},"excerpt":{"rendered":"<p>Los bloques de concejales locales de Uni\u00f3n por la Patria y Fuerza Patria emitieron un duro descargo contra el Poder Ejecutivo Nacional tras la intervenci\u00f3n del puerto fueguino. Aseguran que la medida, justificada oficialmente por supuestas deficiencias financieras, es en realidad una \u00abdecisi\u00f3n pol\u00edtica arbitraria\u00bb que vulnera los derechos federales de las provincias.<\/p>\n","protected":false},"author":3,"featured_media":132098,"comment_status":"closed","ping_status":"closed","sticky":false,"template":"","format":"standard","meta":{"footnotes":""},"categories":[24],"tags":[],"class_list":["post-132096","post","type-post","status-publish","format-standard","has-post-thumbnail","hentry","category-politica"],"yoast_head":"<!-- This site is optimized with the Yoast SEO plugin v25.9 - https:\/\/yoast.com\/wordpress\/plugins\/seo\/ -->\n<title>&quot;Es una aberraci\u00f3n&quot;: El peronismo de Tornquist denunci\u00f3 la toma del Puerto de Ushuaia por parte de Naci\u00f3n - Noticias Radio Reflejos<\/title>\n<meta name=\"robots\" content=\"index, follow, max-snippet:-1, max-image-preview:large, max-video-preview:-1\" \/>\n<link rel=\"canonical\" href=\"https:\/\/www.noticiasradioreflejos.com.ar\/2021\/es-una-aberracion-el-peronismo-de-tornquist-denuncio-la-toma-del-puerto-de-ushuaia-por-parte-de-nacion\/\" \/>\n<meta property=\"og:locale\" content=\"es_ES\" \/>\n<meta property=\"og:type\" content=\"article\" \/>\n<meta property=\"og:title\" content=\"&quot;Es una aberraci\u00f3n&quot;: El peronismo de Tornquist denunci\u00f3 la toma del Puerto de Ushuaia por parte de Naci\u00f3n - Noticias Radio Reflejos\" \/>\n<meta property=\"og:description\" content=\"Los bloques de concejales locales de Uni\u00f3n por la Patria y Fuerza Patria emitieron un duro descargo contra el Poder Ejecutivo Nacional tras la intervenci\u00f3n del puerto fueguino. Aseguran que la medida, justificada oficialmente por supuestas deficiencias financieras, es en realidad una \u00abdecisi\u00f3n pol\u00edtica arbitraria\u00bb que vulnera los derechos federales de las provincias.\" \/>\n<meta property=\"og:url\" content=\"https:\/\/www.noticiasradioreflejos.com.ar\/2021\/es-una-aberracion-el-peronismo-de-tornquist-denuncio-la-toma-del-puerto-de-ushuaia-por-parte-de-nacion\/\" \/>\n<meta property=\"og:site_name\" content=\"Noticias Radio Reflejos\" \/>\n<meta property=\"article:published_time\" content=\"2026-01-29T17:23:05+00:00\" \/>\n<meta property=\"article:modified_time\" content=\"2026-01-29T17:23:07+00:00\" \/>\n<meta property=\"og:image\" content=\"https:\/\/www.noticiasradioreflejos.com.ar\/2021\/wp-content\/uploads\/2026\/01\/Fuerza-Patria-y-UXP-Tornquist.jpg\" \/>\n\t<meta property=\"og:image:width\" content=\"641\" \/>\n\t<meta property=\"og:image:height\" content=\"334\" \/>\n\t<meta property=\"og:image:type\" content=\"image\/jpeg\" \/>\n<meta name=\"author\" content=\"Arnaldo Botto\" \/>\n<meta name=\"twitter:card\" content=\"summary_large_image\" \/>\n<script type=\"application\/ld+json\" class=\"yoast-schema-graph\">{\"@context\":\"https:\/\/schema.org\",\"@graph\":[{\"@type\":\"WebPage\",\"@id\":\"https:\/\/www.noticiasradioreflejos.com.ar\/2021\/es-una-aberracion-el-peronismo-de-tornquist-denuncio-la-toma-del-puerto-de-ushuaia-por-parte-de-nacion\/\",\"url\":\"https:\/\/www.noticiasradioreflejos.com.ar\/2021\/es-una-aberracion-el-peronismo-de-tornquist-denuncio-la-toma-del-puerto-de-ushuaia-por-parte-de-nacion\/\",\"name\":\"\\\"Es una aberraci\u00f3n\\\": El peronismo de Tornquist denunci\u00f3 la toma del Puerto de Ushuaia por parte de Naci\u00f3n - Noticias Radio Reflejos\",\"isPartOf\":{\"@id\":\"https:\/\/www.noticiasradioreflejos.com.ar\/2021\/#website\"},\"primaryImageOfPage\":{\"@id\":\"https:\/\/www.noticiasradioreflejos.com.ar\/2021\/es-una-aberracion-el-peronismo-de-tornquist-denuncio-la-toma-del-puerto-de-ushuaia-por-parte-de-nacion\/#primaryimage\"},\"image\":{\"@id\":\"https:\/\/www.noticiasradioreflejos.com.ar\/2021\/es-una-aberracion-el-peronismo-de-tornquist-denuncio-la-toma-del-puerto-de-ushuaia-por-parte-de-nacion\/#primaryimage\"},\"thumbnailUrl\":\"https:\/\/www.noticiasradioreflejos.com.ar\/2021\/wp-content\/uploads\/2026\/01\/Fuerza-Patria-y-UXP-Tornquist.jpg\",\"datePublished\":\"2026-01-29T17:23:05+00:00\",\"dateModified\":\"2026-01-29T17:23:07+00:00\",\"author\":{\"@id\":\"https:\/\/www.noticiasradioreflejos.com.ar\/2021\/#\/schema\/person\/ad82545263dcc5ec0996818884fd5fb1\"},\"breadcrumb\":{\"@id\":\"https:\/\/www.noticiasradioreflejos.com.ar\/2021\/es-una-aberracion-el-peronismo-de-tornquist-denuncio-la-toma-del-puerto-de-ushuaia-por-parte-de-nacion\/#breadcrumb\"},\"inLanguage\":\"es\",\"potentialAction\":[{\"@type\":\"ReadAction\",\"target\":[\"https:\/\/www.noticiasradioreflejos.com.ar\/2021\/es-una-aberracion-el-peronismo-de-tornquist-denuncio-la-toma-del-puerto-de-ushuaia-por-parte-de-nacion\/\"]}]},{\"@type\":\"ImageObject\",\"inLanguage\":\"es\",\"@id\":\"https:\/\/www.noticiasradioreflejos.com.ar\/2021\/es-una-aberracion-el-peronismo-de-tornquist-denuncio-la-toma-del-puerto-de-ushuaia-por-parte-de-nacion\/#primaryimage\",\"url\":\"https:\/\/www.noticiasradioreflejos.com.ar\/2021\/wp-content\/uploads\/2026\/01\/Fuerza-Patria-y-UXP-Tornquist.jpg\",\"contentUrl\":\"https:\/\/www.noticiasradioreflejos.com.ar\/2021\/wp-content\/uploads\/2026\/01\/Fuerza-Patria-y-UXP-Tornquist.jpg\",\"width\":641,\"height\":334},{\"@type\":\"BreadcrumbList\",\"@id\":\"https:\/\/www.noticiasradioreflejos.com.ar\/2021\/es-una-aberracion-el-peronismo-de-tornquist-denuncio-la-toma-del-puerto-de-ushuaia-por-parte-de-nacion\/#breadcrumb\",\"itemListElement\":[{\"@type\":\"ListItem\",\"position\":1,\"name\":\"Portada\",\"item\":\"https:\/\/www.noticiasradioreflejos.com.ar\/2021\/\"},{\"@type\":\"ListItem\",\"position\":2,\"name\":\"\u00abEs una aberraci\u00f3n\u00bb: El peronismo de Tornquist denunci\u00f3 la toma del Puerto de Ushuaia por parte de Naci\u00f3n\"}]},{\"@type\":\"WebSite\",\"@id\":\"https:\/\/www.noticiasradioreflejos.com.ar\/2021\/#website\",\"url\":\"https:\/\/www.noticiasradioreflejos.com.ar\/2021\/\",\"name\":\"Noticias Radio Reflejos\",\"description\":\"Las noticias de mi comarca\",\"potentialAction\":[{\"@type\":\"SearchAction\",\"target\":{\"@type\":\"EntryPoint\",\"urlTemplate\":\"https:\/\/www.noticiasradioreflejos.com.ar\/2021\/?s={search_term_string}\"},\"query-input\":{\"@type\":\"PropertyValueSpecification\",\"valueRequired\":true,\"valueName\":\"search_term_string\"}}],\"inLanguage\":\"es\"},{\"@type\":\"Person\",\"@id\":\"https:\/\/www.noticiasradioreflejos.com.ar\/2021\/#\/schema\/person\/ad82545263dcc5ec0996818884fd5fb1\",\"name\":\"Arnaldo Botto\",\"image\":{\"@type\":\"ImageObject\",\"inLanguage\":\"es\",\"@id\":\"https:\/\/www.noticiasradioreflejos.com.ar\/2021\/#\/schema\/person\/image\/\",\"url\":\"https:\/\/secure.gravatar.com\/avatar\/55cb5e37c1efa326397366e6974cb338056df65cb50e7d64d1cf314e87504837?s=96&d=mm&r=g\",\"contentUrl\":\"https:\/\/secure.gravatar.com\/avatar\/55cb5e37c1efa326397366e6974cb338056df65cb50e7d64d1cf314e87504837?s=96&d=mm&r=g\",\"caption\":\"Arnaldo Botto\"},\"url\":\"https:\/\/www.noticiasradioreflejos.com.ar\/2021\/author\/arnaldo\/\"}]}<\/script>\n<!-- \/ Yoast SEO plugin. -->","yoast_head_json":{"title":"\"Es una aberraci\u00f3n\": El peronismo de Tornquist denunci\u00f3 la toma del Puerto de Ushuaia por parte de Naci\u00f3n - Noticias Radio Reflejos","robots":{"index":"index","follow":"follow","max-snippet":"max-snippet:-1","max-image-preview":"max-image-preview:large","max-video-preview":"max-video-preview:-1"},"canonical":"https:\/\/www.noticiasradioreflejos.com.ar\/2021\/es-una-aberracion-el-peronismo-de-tornquist-denuncio-la-toma-del-puerto-de-ushuaia-por-parte-de-nacion\/","og_locale":"es_ES","og_type":"article","og_title":"\"Es una aberraci\u00f3n\": El peronismo de Tornquist denunci\u00f3 la toma del Puerto de Ushuaia por parte de Naci\u00f3n - Noticias Radio Reflejos","og_description":"Los bloques de concejales locales de Uni\u00f3n por la Patria y Fuerza Patria emitieron un duro descargo contra el Poder Ejecutivo Nacional tras la intervenci\u00f3n del puerto fueguino. Aseguran que la medida, justificada oficialmente por supuestas deficiencias financieras, es en realidad una \u00abdecisi\u00f3n pol\u00edtica arbitraria\u00bb que vulnera los derechos federales de las provincias.","og_url":"https:\/\/www.noticiasradioreflejos.com.ar\/2021\/es-una-aberracion-el-peronismo-de-tornquist-denuncio-la-toma-del-puerto-de-ushuaia-por-parte-de-nacion\/","og_site_name":"Noticias Radio Reflejos","article_published_time":"2026-01-29T17:23:05+00:00","article_modified_time":"2026-01-29T17:23:07+00:00","og_image":[{"width":641,"height":334,"url":"https:\/\/www.noticiasradioreflejos.com.ar\/2021\/wp-content\/uploads\/2026\/01\/Fuerza-Patria-y-UXP-Tornquist.jpg","type":"image\/jpeg"}],"author":"Arnaldo Botto","twitter_card":"summary_large_image","schema":{"@context":"https:\/\/schema.org","@graph":[{"@type":"WebPage","@id":"https:\/\/www.noticiasradioreflejos.com.ar\/2021\/es-una-aberracion-el-peronismo-de-tornquist-denuncio-la-toma-del-puerto-de-ushuaia-por-parte-de-nacion\/","url":"https:\/\/www.noticiasradioreflejos.com.ar\/2021\/es-una-aberracion-el-peronismo-de-tornquist-denuncio-la-toma-del-puerto-de-ushuaia-por-parte-de-nacion\/","name":"\"Es una aberraci\u00f3n\": El peronismo de Tornquist denunci\u00f3 la toma del Puerto de Ushuaia por parte de Naci\u00f3n - Noticias Radio Reflejos","isPartOf":{"@id":"https:\/\/www.noticiasradioreflejos.com.ar\/2021\/#website"},"primaryImageOfPage":{"@id":"https:\/\/www.noticiasradioreflejos.com.ar\/2021\/es-una-aberracion-el-peronismo-de-tornquist-denuncio-la-toma-del-puerto-de-ushuaia-por-parte-de-nacion\/#primaryimage"},"image":{"@id":"https:\/\/www.noticiasradioreflejos.com.ar\/2021\/es-una-aberracion-el-peronismo-de-tornquist-denuncio-la-toma-del-puerto-de-ushuaia-por-parte-de-nacion\/#primaryimage"},"thumbnailUrl":"https:\/\/www.noticiasradioreflejos.com.ar\/2021\/wp-content\/uploads\/2026\/01\/Fuerza-Patria-y-UXP-Tornquist.jpg","datePublished":"2026-01-29T17:23:05+00:00","dateModified":"2026-01-29T17:23:07+00:00","author":{"@id":"https:\/\/www.noticiasradioreflejos.com.ar\/2021\/#\/schema\/person\/ad82545263dcc5ec0996818884fd5fb1"},"breadcrumb":{"@id":"https:\/\/www.noticiasradioreflejos.com.ar\/2021\/es-una-aberracion-el-peronismo-de-tornquist-denuncio-la-toma-del-puerto-de-ushuaia-por-parte-de-nacion\/#breadcrumb"},"inLanguage":"es","potentialAction":[{"@type":"ReadAction","target":["https:\/\/www.noticiasradioreflejos.com.ar\/2021\/es-una-aberracion-el-peronismo-de-tornquist-denuncio-la-toma-del-puerto-de-ushuaia-por-parte-de-nacion\/"]}]},{"@type":"ImageObject","inLanguage":"es","@id":"https:\/\/www.noticiasradioreflejos.com.ar\/2021\/es-una-aberracion-el-peronismo-de-tornquist-denuncio-la-toma-del-puerto-de-ushuaia-por-parte-de-nacion\/#primaryimage","url":"https:\/\/www.noticiasradioreflejos.com.ar\/2021\/wp-content\/uploads\/2026\/01\/Fuerza-Patria-y-UXP-Tornquist.jpg","contentUrl":"https:\/\/www.noticiasradioreflejos.com.ar\/2021\/wp-content\/uploads\/2026\/01\/Fuerza-Patria-y-UXP-Tornquist.jpg","width":641,"height":334},{"@type":"BreadcrumbList","@id":"https:\/\/www.noticiasradioreflejos.com.ar\/2021\/es-una-aberracion-el-peronismo-de-tornquist-denuncio-la-toma-del-puerto-de-ushuaia-por-parte-de-nacion\/#breadcrumb","itemListElement":[{"@type":"ListItem","position":1,"name":"Portada","item":"https:\/\/www.noticiasradioreflejos.com.ar\/2021\/"},{"@type":"ListItem","position":2,"name":"\u00abEs una aberraci\u00f3n\u00bb: El peronismo de Tornquist denunci\u00f3 la toma del Puerto de Ushuaia por parte de Naci\u00f3n"}]},{"@type":"WebSite","@id":"https:\/\/www.noticiasradioreflejos.com.ar\/2021\/#website","url":"https:\/\/www.noticiasradioreflejos.com.ar\/2021\/","name":"Noticias Radio Reflejos","description":"Las noticias de mi comarca","potentialAction":[{"@type":"SearchAction","target":{"@type":"EntryPoint","urlTemplate":"https:\/\/www.noticiasradioreflejos.com.ar\/2021\/?s={search_term_string}"},"query-input":{"@type":"PropertyValueSpecification","valueRequired":true,"valueName":"search_term_string"}}],"inLanguage":"es"},{"@type":"Person","@id":"https:\/\/www.noticiasradioreflejos.com.ar\/2021\/#\/schema\/person\/ad82545263dcc5ec0996818884fd5fb1","name":"Arnaldo Botto","image":{"@type":"ImageObject","inLanguage":"es","@id":"https:\/\/www.noticiasradioreflejos.com.ar\/2021\/#\/schema\/person\/image\/","url":"https:\/\/secure.gravatar.com\/avatar\/55cb5e37c1efa326397366e6974cb338056df65cb50e7d64d1cf314e87504837?s=96&d=mm&r=g","contentUrl":"https:\/\/secure.gravatar.com\/avatar\/55cb5e37c1efa326397366e6974cb338056df65cb50e7d64d1cf314e87504837?s=96&d=mm&r=g","caption":"Arnaldo Botto"},"url":"https:\/\/www.noticiasradioreflejos.com.ar\/2021\/author\/arnaldo\/"}]}},"_links":{"self":[{"href":"https:\/\/www.noticiasradioreflejos.com.ar\/2021\/wp-json\/wp\/v2\/posts\/132096","targetHints":{"allow":["GET"]}}],"collection":[{"href":"https:\/\/www.noticiasradioreflejos.com.ar\/2021\/wp-json\/wp\/v2\/posts"}],"about":[{"href":"https:\/\/www.noticiasradioreflejos.com.ar\/2021\/wp-json\/wp\/v2\/types\/post"}],"author":[{"embeddable":true,"href":"https:\/\/www.noticiasradioreflejos.com.ar\/2021\/wp-json\/wp\/v2\/users\/3"}],"replies":[{"embeddable":true,"href":"https:\/\/www.noticiasradioreflejos.com.ar\/2021\/wp-json\/wp\/v2\/comments?post=132096"}],"version-history":[{"count":2,"href":"https:\/\/www.noticiasradioreflejos.com.ar\/2021\/wp-json\/wp\/v2\/posts\/132096\/revisions"}],"predecessor-version":[{"id":132100,"href":"https:\/\/www.noticiasradioreflejos.com.ar\/2021\/wp-json\/wp\/v2\/posts\/132096\/revisions\/132100"}],"wp:featuredmedia":[{"embeddable":true,"href":"https:\/\/www.noticiasradioreflejos.com.ar\/2021\/wp-json\/wp\/v2\/media\/132098"}],"wp:attachment":[{"href":"https:\/\/www.noticiasradioreflejos.com.ar\/2021\/wp-json\/wp\/v2\/media?parent=132096"}],"wp:term":[{"taxonomy":"category","embeddable":true,"href":"https:\/\/www.noticiasradioreflejos.com.ar\/2021\/wp-json\/wp\/v2\/categories?post=132096"},{"taxonomy":"post_tag","embeddable":true,"href":"https:\/\/www.noticiasradioreflejos.com.ar\/2021\/wp-json\/wp\/v2\/tags?post=132096"}],"curies":[{"name":"wp","href":"https:\/\/api.w.org\/{rel}","templated":true}]}}