{"id":132088,"date":"2026-01-29T14:09:22","date_gmt":"2026-01-29T17:09:22","guid":{"rendered":"https:\/\/www.noticiasradioreflejos.com.ar\/2021\/?p=132088"},"modified":"2026-01-29T15:10:09","modified_gmt":"2026-01-29T18:10:09","slug":"vialidad-provincial-finalizo-el-bacheo-integral-de-87-kilometros-en-la-ruta-provincial-76","status":"publish","type":"post","link":"https:\/\/www.noticiasradioreflejos.com.ar\/2021\/vialidad-provincial-finalizo-el-bacheo-integral-de-87-kilometros-en-la-ruta-provincial-76\/","title":{"rendered":"Vialidad Provincial finaliz\u00f3 el bacheo integral de 87 kil\u00f3metros en la Ruta Provincial 76"},"content":{"rendered":"<p data-path-to-node=\"3\"><b data-path-to-node=\"3\" data-index-in-node=\"0\"><\/b> Los trabajos abarcaron el tramo comprendido entre San Eloy y la Ruta Nacional 33. Adem\u00e1s, esta ma\u00f1ana se completaron tareas de se\u00f1alizaci\u00f3n horizontal con pintura logar\u00edtmica en los accesos a Villa Serrana La Gruta y San Andr\u00e9s de las Sierras para reforzar la seguridad vial en la zona tur\u00edstica.<!--more--><\/p>\n<p data-path-to-node=\"5\">En el marco del plan de mejoras viales para la regi\u00f3n, la Direcci\u00f3n de Vialidad Provincial concluy\u00f3 con \u00e9xito esta ma\u00f1ana los trabajos de bacheo completo en el tramo de la Ruta Provincial 76 que conecta el cruce de San Eloy (intersecci\u00f3n con RP 85) con la Ruta Nacional 33, en el distrito de Tornquist.<\/p>\n<p data-path-to-node=\"5\"><a href=\"https:\/\/www.noticiasradioreflejos.com.ar\/2021\/vialidad-provincial-finalizo-el-bacheo-integral-de-87-kilometros-en-la-ruta-provincial-76\/ruta-76-san-andres-la-gruta-2\/\" rel=\"attachment wp-att-132090\"><img loading=\"lazy\" decoding=\"async\" class=\"aligncenter size-full wp-image-132090\" src=\"https:\/\/www.noticiasradioreflejos.com.ar\/2021\/wp-content\/uploads\/2026\/01\/Ruta-76-San-Andres-La-Gruta-2.jpeg\" alt=\"\" width=\"1600\" height=\"1200\" srcset=\"https:\/\/www.noticiasradioreflejos.com.ar\/2021\/wp-content\/uploads\/2026\/01\/Ruta-76-San-Andres-La-Gruta-2.jpeg 1600w, https:\/\/www.noticiasradioreflejos.com.ar\/2021\/wp-content\/uploads\/2026\/01\/Ruta-76-San-Andres-La-Gruta-2-300x225.jpeg 300w, https:\/\/www.noticiasradioreflejos.com.ar\/2021\/wp-content\/uploads\/2026\/01\/Ruta-76-San-Andres-La-Gruta-2-1024x768.jpeg 1024w, https:\/\/www.noticiasradioreflejos.com.ar\/2021\/wp-content\/uploads\/2026\/01\/Ruta-76-San-Andres-La-Gruta-2-768x576.jpeg 768w, https:\/\/www.noticiasradioreflejos.com.ar\/2021\/wp-content\/uploads\/2026\/01\/Ruta-76-San-Andres-La-Gruta-2-1536x1152.jpeg 1536w, https:\/\/www.noticiasradioreflejos.com.ar\/2021\/wp-content\/uploads\/2026\/01\/Ruta-76-San-Andres-La-Gruta-2-750x563.jpeg 750w, https:\/\/www.noticiasradioreflejos.com.ar\/2021\/wp-content\/uploads\/2026\/01\/Ruta-76-San-Andres-La-Gruta-2-1140x855.jpeg 1140w\" sizes=\"auto, (max-width: 1600px) 100vw, 1600px\" \/><\/a><\/p>\n<p data-path-to-node=\"6\">Las tareas permitieron la recuperaci\u00f3n integral de una extensi\u00f3n total de 87 kil\u00f3metros, garantizando una transitabilidad m\u00e1s segura y fluida para los usuarios de esta arteria clave. Seg\u00fan se inform\u00f3, los operativos de bacheo fueron ejecutados \u00edntegramente con personal de la repartici\u00f3n bajo la supervisi\u00f3n de<strong> Jos\u00e9 Alberto Pino, jefe del Distrito XI de la Direcci\u00f3n Provincial de Vialidad (DPV) con asiento en Bah\u00eda Blanca.<\/strong><\/p>\n<p data-path-to-node=\"7\">Para la concreci\u00f3n de esta obra de mantenimiento, se despleg\u00f3 un importante operativo log\u00edstico que incluy\u00f3 la utilizaci\u00f3n de veh\u00edculos pesados, camiones y niveladoras, empleando aproximadamente 20 toneladas de material asf\u00e1ltico para sellar las imperfecciones de la calzada en los casi 90 kil\u00f3metros de recorrido.<\/p>\n<h3 data-path-to-node=\"8\"><a href=\"https:\/\/www.noticiasradioreflejos.com.ar\/2021\/vialidad-provincial-finalizo-el-bacheo-integral-de-87-kilometros-en-la-ruta-provincial-76\/whatsapp-image-2026-01-29-at-14-26-23\/\" rel=\"attachment wp-att-132102\"><img loading=\"lazy\" decoding=\"async\" class=\"aligncenter size-full wp-image-132102\" src=\"https:\/\/www.noticiasradioreflejos.com.ar\/2021\/wp-content\/uploads\/2026\/01\/WhatsApp-Image-2026-01-29-at-14.26.23.jpeg\" alt=\"\" width=\"799\" height=\"599\" srcset=\"https:\/\/www.noticiasradioreflejos.com.ar\/2021\/wp-content\/uploads\/2026\/01\/WhatsApp-Image-2026-01-29-at-14.26.23.jpeg 799w, https:\/\/www.noticiasradioreflejos.com.ar\/2021\/wp-content\/uploads\/2026\/01\/WhatsApp-Image-2026-01-29-at-14.26.23-300x225.jpeg 300w, https:\/\/www.noticiasradioreflejos.com.ar\/2021\/wp-content\/uploads\/2026\/01\/WhatsApp-Image-2026-01-29-at-14.26.23-768x576.jpeg 768w, https:\/\/www.noticiasradioreflejos.com.ar\/2021\/wp-content\/uploads\/2026\/01\/WhatsApp-Image-2026-01-29-at-14.26.23-750x562.jpeg 750w\" sizes=\"auto, (max-width: 799px) 100vw, 799px\" \/><\/a><\/h3>\n<h3 data-path-to-node=\"8\"><b data-path-to-node=\"8\" data-index-in-node=\"0\">Seguridad en puntos tur\u00edsticos<\/b><\/h3>\n<p data-path-to-node=\"8\">Complementariamente a las tareas de bacheo, durante la ma\u00f1ana de este jueves 29 se llevaron a cabo trabajos de<strong> pintura logar\u00edtmica sobre la calzada. Estas labores de se\u00f1alizaci\u00f3n se centraron frente a los accesos de Villa Serrana La Gruta y San Andr\u00e9s de las Sierras.<\/strong><\/p>\n<p data-path-to-node=\"9\"><strong>La intervenci\u00f3n en estos sectores es considerada prioritaria por las autoridades municipales, al frente de Estefan\u00eda Bordoni, el Administrador de Vialidad Provincial Roberto Caggiano\u00a0 y el Gobernador Axel Kicillof<\/strong>, dado que se trata de puntos altamente relevantes y muy visitados dentro de la Comarca de Ventania, donde el flujo vehicular se intensifica debido al turismo. Con esta nueva se\u00f1alizaci\u00f3n, se busca alertar a los conductores sobre la proximidad de los accesos y reducir los riesgos de incidentes viales en la zona serrana.<\/p>\n<p data-path-to-node=\"9\"><a href=\"https:\/\/www.noticiasradioreflejos.com.ar\/2021\/vialidad-provincial-finalizo-el-bacheo-integral-de-87-kilometros-en-la-ruta-provincial-76\/ruta-76-san-andres-la-gruta-3\/\" rel=\"attachment wp-att-132091\"><img loading=\"lazy\" decoding=\"async\" class=\"aligncenter size-full wp-image-132091\" src=\"https:\/\/www.noticiasradioreflejos.com.ar\/2021\/wp-content\/uploads\/2026\/01\/Ruta-76-San-Andres-La-Gruta-3.jpeg\" alt=\"\" width=\"1600\" height=\"1200\" srcset=\"https:\/\/www.noticiasradioreflejos.com.ar\/2021\/wp-content\/uploads\/2026\/01\/Ruta-76-San-Andres-La-Gruta-3.jpeg 1600w, https:\/\/www.noticiasradioreflejos.com.ar\/2021\/wp-content\/uploads\/2026\/01\/Ruta-76-San-Andres-La-Gruta-3-300x225.jpeg 300w, https:\/\/www.noticiasradioreflejos.com.ar\/2021\/wp-content\/uploads\/2026\/01\/Ruta-76-San-Andres-La-Gruta-3-1024x768.jpeg 1024w, https:\/\/www.noticiasradioreflejos.com.ar\/2021\/wp-content\/uploads\/2026\/01\/Ruta-76-San-Andres-La-Gruta-3-768x576.jpeg 768w, https:\/\/www.noticiasradioreflejos.com.ar\/2021\/wp-content\/uploads\/2026\/01\/Ruta-76-San-Andres-La-Gruta-3-1536x1152.jpeg 1536w, https:\/\/www.noticiasradioreflejos.com.ar\/2021\/wp-content\/uploads\/2026\/01\/Ruta-76-San-Andres-La-Gruta-3-750x563.jpeg 750w, https:\/\/www.noticiasradioreflejos.com.ar\/2021\/wp-content\/uploads\/2026\/01\/Ruta-76-San-Andres-La-Gruta-3-1140x855.jpeg 1140w\" sizes=\"auto, (max-width: 1600px) 100vw, 1600px\" \/><\/a><\/p>\n","protected":false},"excerpt":{"rendered":"<p>Los trabajos abarcaron el tramo comprendido entre San Eloy y la Ruta Nacional 33. Adem\u00e1s, esta ma\u00f1ana se completaron tareas de se\u00f1alizaci\u00f3n horizontal con pintura logar\u00edtmica en los accesos a Villa Serrana La Gruta y San Andr\u00e9s de las Sierras para reforzar la seguridad vial en la zona tur\u00edstica.<\/p>\n","protected":false},"author":3,"featured_media":132089,"comment_status":"closed","ping_status":"closed","sticky":false,"template":"","format":"standard","meta":{"footnotes":""},"categories":[58,24,26],"tags":[48],"class_list":["post-132088","post","type-post","status-publish","format-standard","has-post-thumbnail","hentry","category-gobierno","category-politica","category-sociedad","tag-destacada"],"yoast_head":"<!-- This site is optimized with the Yoast SEO plugin v25.9 - https:\/\/yoast.com\/wordpress\/plugins\/seo\/ -->\n<title>Vialidad Provincial finaliz\u00f3 el bacheo integral de 87 kil\u00f3metros en la Ruta Provincial 76 - Noticias Radio Reflejos<\/title>\n<meta name=\"robots\" content=\"index, follow, max-snippet:-1, max-image-preview:large, max-video-preview:-1\" \/>\n<link rel=\"canonical\" href=\"https:\/\/www.noticiasradioreflejos.com.ar\/2021\/vialidad-provincial-finalizo-el-bacheo-integral-de-87-kilometros-en-la-ruta-provincial-76\/\" \/>\n<meta property=\"og:locale\" content=\"es_ES\" \/>\n<meta property=\"og:type\" content=\"article\" \/>\n<meta property=\"og:title\" content=\"Vialidad Provincial finaliz\u00f3 el bacheo integral de 87 kil\u00f3metros en la Ruta Provincial 76 - Noticias Radio Reflejos\" \/>\n<meta property=\"og:description\" content=\"Los trabajos abarcaron el tramo comprendido entre San Eloy y la Ruta Nacional 33. Adem\u00e1s, esta ma\u00f1ana se completaron tareas de se\u00f1alizaci\u00f3n horizontal con pintura logar\u00edtmica en los accesos a Villa Serrana La Gruta y San Andr\u00e9s de las Sierras para reforzar la seguridad vial en la zona tur\u00edstica.\" \/>\n<meta property=\"og:url\" content=\"https:\/\/www.noticiasradioreflejos.com.ar\/2021\/vialidad-provincial-finalizo-el-bacheo-integral-de-87-kilometros-en-la-ruta-provincial-76\/\" \/>\n<meta property=\"og:site_name\" content=\"Noticias Radio Reflejos\" \/>\n<meta property=\"article:published_time\" content=\"2026-01-29T17:09:22+00:00\" \/>\n<meta property=\"article:modified_time\" content=\"2026-01-29T18:10:09+00:00\" \/>\n<meta property=\"og:image\" content=\"https:\/\/www.noticiasradioreflejos.com.ar\/2021\/wp-content\/uploads\/2026\/01\/Ruta-76-San-Andres-La-Gruta-1.jpeg\" \/>\n\t<meta property=\"og:image:width\" content=\"1600\" \/>\n\t<meta property=\"og:image:height\" content=\"1200\" \/>\n\t<meta property=\"og:image:type\" content=\"image\/jpeg\" \/>\n<meta name=\"author\" content=\"Arnaldo Botto\" \/>\n<meta name=\"twitter:card\" content=\"summary_large_image\" \/>\n<script type=\"application\/ld+json\" class=\"yoast-schema-graph\">{\"@context\":\"https:\/\/schema.org\",\"@graph\":[{\"@type\":\"WebPage\",\"@id\":\"https:\/\/www.noticiasradioreflejos.com.ar\/2021\/vialidad-provincial-finalizo-el-bacheo-integral-de-87-kilometros-en-la-ruta-provincial-76\/\",\"url\":\"https:\/\/www.noticiasradioreflejos.com.ar\/2021\/vialidad-provincial-finalizo-el-bacheo-integral-de-87-kilometros-en-la-ruta-provincial-76\/\",\"name\":\"Vialidad Provincial finaliz\u00f3 el bacheo integral de 87 kil\u00f3metros en la Ruta Provincial 76 - Noticias Radio Reflejos\",\"isPartOf\":{\"@id\":\"https:\/\/www.noticiasradioreflejos.com.ar\/2021\/#website\"},\"primaryImageOfPage\":{\"@id\":\"https:\/\/www.noticiasradioreflejos.com.ar\/2021\/vialidad-provincial-finalizo-el-bacheo-integral-de-87-kilometros-en-la-ruta-provincial-76\/#primaryimage\"},\"image\":{\"@id\":\"https:\/\/www.noticiasradioreflejos.com.ar\/2021\/vialidad-provincial-finalizo-el-bacheo-integral-de-87-kilometros-en-la-ruta-provincial-76\/#primaryimage\"},\"thumbnailUrl\":\"https:\/\/www.noticiasradioreflejos.com.ar\/2021\/wp-content\/uploads\/2026\/01\/Ruta-76-San-Andres-La-Gruta-1.jpeg\",\"datePublished\":\"2026-01-29T17:09:22+00:00\",\"dateModified\":\"2026-01-29T18:10:09+00:00\",\"author\":{\"@id\":\"https:\/\/www.noticiasradioreflejos.com.ar\/2021\/#\/schema\/person\/ad82545263dcc5ec0996818884fd5fb1\"},\"breadcrumb\":{\"@id\":\"https:\/\/www.noticiasradioreflejos.com.ar\/2021\/vialidad-provincial-finalizo-el-bacheo-integral-de-87-kilometros-en-la-ruta-provincial-76\/#breadcrumb\"},\"inLanguage\":\"es\",\"potentialAction\":[{\"@type\":\"ReadAction\",\"target\":[\"https:\/\/www.noticiasradioreflejos.com.ar\/2021\/vialidad-provincial-finalizo-el-bacheo-integral-de-87-kilometros-en-la-ruta-provincial-76\/\"]}]},{\"@type\":\"ImageObject\",\"inLanguage\":\"es\",\"@id\":\"https:\/\/www.noticiasradioreflejos.com.ar\/2021\/vialidad-provincial-finalizo-el-bacheo-integral-de-87-kilometros-en-la-ruta-provincial-76\/#primaryimage\",\"url\":\"https:\/\/www.noticiasradioreflejos.com.ar\/2021\/wp-content\/uploads\/2026\/01\/Ruta-76-San-Andres-La-Gruta-1.jpeg\",\"contentUrl\":\"https:\/\/www.noticiasradioreflejos.com.ar\/2021\/wp-content\/uploads\/2026\/01\/Ruta-76-San-Andres-La-Gruta-1.jpeg\",\"width\":1600,\"height\":1200},{\"@type\":\"BreadcrumbList\",\"@id\":\"https:\/\/www.noticiasradioreflejos.com.ar\/2021\/vialidad-provincial-finalizo-el-bacheo-integral-de-87-kilometros-en-la-ruta-provincial-76\/#breadcrumb\",\"itemListElement\":[{\"@type\":\"ListItem\",\"position\":1,\"name\":\"Portada\",\"item\":\"https:\/\/www.noticiasradioreflejos.com.ar\/2021\/\"},{\"@type\":\"ListItem\",\"position\":2,\"name\":\"Vialidad Provincial finaliz\u00f3 el bacheo integral de 87 kil\u00f3metros en la Ruta Provincial 76\"}]},{\"@type\":\"WebSite\",\"@id\":\"https:\/\/www.noticiasradioreflejos.com.ar\/2021\/#website\",\"url\":\"https:\/\/www.noticiasradioreflejos.com.ar\/2021\/\",\"name\":\"Noticias Radio Reflejos\",\"description\":\"Las noticias de mi comarca\",\"potentialAction\":[{\"@type\":\"SearchAction\",\"target\":{\"@type\":\"EntryPoint\",\"urlTemplate\":\"https:\/\/www.noticiasradioreflejos.com.ar\/2021\/?s={search_term_string}\"},\"query-input\":{\"@type\":\"PropertyValueSpecification\",\"valueRequired\":true,\"valueName\":\"search_term_string\"}}],\"inLanguage\":\"es\"},{\"@type\":\"Person\",\"@id\":\"https:\/\/www.noticiasradioreflejos.com.ar\/2021\/#\/schema\/person\/ad82545263dcc5ec0996818884fd5fb1\",\"name\":\"Arnaldo Botto\",\"image\":{\"@type\":\"ImageObject\",\"inLanguage\":\"es\",\"@id\":\"https:\/\/www.noticiasradioreflejos.com.ar\/2021\/#\/schema\/person\/image\/\",\"url\":\"https:\/\/secure.gravatar.com\/avatar\/55cb5e37c1efa326397366e6974cb338056df65cb50e7d64d1cf314e87504837?s=96&d=mm&r=g\",\"contentUrl\":\"https:\/\/secure.gravatar.com\/avatar\/55cb5e37c1efa326397366e6974cb338056df65cb50e7d64d1cf314e87504837?s=96&d=mm&r=g\",\"caption\":\"Arnaldo Botto\"},\"url\":\"https:\/\/www.noticiasradioreflejos.com.ar\/2021\/author\/arnaldo\/\"}]}<\/script>\n<!-- \/ Yoast SEO plugin. -->","yoast_head_json":{"title":"Vialidad Provincial finaliz\u00f3 el bacheo integral de 87 kil\u00f3metros en la Ruta Provincial 76 - Noticias Radio Reflejos","robots":{"index":"index","follow":"follow","max-snippet":"max-snippet:-1","max-image-preview":"max-image-preview:large","max-video-preview":"max-video-preview:-1"},"canonical":"https:\/\/www.noticiasradioreflejos.com.ar\/2021\/vialidad-provincial-finalizo-el-bacheo-integral-de-87-kilometros-en-la-ruta-provincial-76\/","og_locale":"es_ES","og_type":"article","og_title":"Vialidad Provincial finaliz\u00f3 el bacheo integral de 87 kil\u00f3metros en la Ruta Provincial 76 - Noticias Radio Reflejos","og_description":"Los trabajos abarcaron el tramo comprendido entre San Eloy y la Ruta Nacional 33. Adem\u00e1s, esta ma\u00f1ana se completaron tareas de se\u00f1alizaci\u00f3n horizontal con pintura logar\u00edtmica en los accesos a Villa Serrana La Gruta y San Andr\u00e9s de las Sierras para reforzar la seguridad vial en la zona tur\u00edstica.","og_url":"https:\/\/www.noticiasradioreflejos.com.ar\/2021\/vialidad-provincial-finalizo-el-bacheo-integral-de-87-kilometros-en-la-ruta-provincial-76\/","og_site_name":"Noticias Radio Reflejos","article_published_time":"2026-01-29T17:09:22+00:00","article_modified_time":"2026-01-29T18:10:09+00:00","og_image":[{"width":1600,"height":1200,"url":"https:\/\/www.noticiasradioreflejos.com.ar\/2021\/wp-content\/uploads\/2026\/01\/Ruta-76-San-Andres-La-Gruta-1.jpeg","type":"image\/jpeg"}],"author":"Arnaldo Botto","twitter_card":"summary_large_image","schema":{"@context":"https:\/\/schema.org","@graph":[{"@type":"WebPage","@id":"https:\/\/www.noticiasradioreflejos.com.ar\/2021\/vialidad-provincial-finalizo-el-bacheo-integral-de-87-kilometros-en-la-ruta-provincial-76\/","url":"https:\/\/www.noticiasradioreflejos.com.ar\/2021\/vialidad-provincial-finalizo-el-bacheo-integral-de-87-kilometros-en-la-ruta-provincial-76\/","name":"Vialidad Provincial finaliz\u00f3 el bacheo integral de 87 kil\u00f3metros en la Ruta Provincial 76 - Noticias Radio Reflejos","isPartOf":{"@id":"https:\/\/www.noticiasradioreflejos.com.ar\/2021\/#website"},"primaryImageOfPage":{"@id":"https:\/\/www.noticiasradioreflejos.com.ar\/2021\/vialidad-provincial-finalizo-el-bacheo-integral-de-87-kilometros-en-la-ruta-provincial-76\/#primaryimage"},"image":{"@id":"https:\/\/www.noticiasradioreflejos.com.ar\/2021\/vialidad-provincial-finalizo-el-bacheo-integral-de-87-kilometros-en-la-ruta-provincial-76\/#primaryimage"},"thumbnailUrl":"https:\/\/www.noticiasradioreflejos.com.ar\/2021\/wp-content\/uploads\/2026\/01\/Ruta-76-San-Andres-La-Gruta-1.jpeg","datePublished":"2026-01-29T17:09:22+00:00","dateModified":"2026-01-29T18:10:09+00:00","author":{"@id":"https:\/\/www.noticiasradioreflejos.com.ar\/2021\/#\/schema\/person\/ad82545263dcc5ec0996818884fd5fb1"},"breadcrumb":{"@id":"https:\/\/www.noticiasradioreflejos.com.ar\/2021\/vialidad-provincial-finalizo-el-bacheo-integral-de-87-kilometros-en-la-ruta-provincial-76\/#breadcrumb"},"inLanguage":"es","potentialAction":[{"@type":"ReadAction","target":["https:\/\/www.noticiasradioreflejos.com.ar\/2021\/vialidad-provincial-finalizo-el-bacheo-integral-de-87-kilometros-en-la-ruta-provincial-76\/"]}]},{"@type":"ImageObject","inLanguage":"es","@id":"https:\/\/www.noticiasradioreflejos.com.ar\/2021\/vialidad-provincial-finalizo-el-bacheo-integral-de-87-kilometros-en-la-ruta-provincial-76\/#primaryimage","url":"https:\/\/www.noticiasradioreflejos.com.ar\/2021\/wp-content\/uploads\/2026\/01\/Ruta-76-San-Andres-La-Gruta-1.jpeg","contentUrl":"https:\/\/www.noticiasradioreflejos.com.ar\/2021\/wp-content\/uploads\/2026\/01\/Ruta-76-San-Andres-La-Gruta-1.jpeg","width":1600,"height":1200},{"@type":"BreadcrumbList","@id":"https:\/\/www.noticiasradioreflejos.com.ar\/2021\/vialidad-provincial-finalizo-el-bacheo-integral-de-87-kilometros-en-la-ruta-provincial-76\/#breadcrumb","itemListElement":[{"@type":"ListItem","position":1,"name":"Portada","item":"https:\/\/www.noticiasradioreflejos.com.ar\/2021\/"},{"@type":"ListItem","position":2,"name":"Vialidad Provincial finaliz\u00f3 el bacheo integral de 87 kil\u00f3metros en la Ruta Provincial 76"}]},{"@type":"WebSite","@id":"https:\/\/www.noticiasradioreflejos.com.ar\/2021\/#website","url":"https:\/\/www.noticiasradioreflejos.com.ar\/2021\/","name":"Noticias Radio Reflejos","description":"Las noticias de mi comarca","potentialAction":[{"@type":"SearchAction","target":{"@type":"EntryPoint","urlTemplate":"https:\/\/www.noticiasradioreflejos.com.ar\/2021\/?s={search_term_string}"},"query-input":{"@type":"PropertyValueSpecification","valueRequired":true,"valueName":"search_term_string"}}],"inLanguage":"es"},{"@type":"Person","@id":"https:\/\/www.noticiasradioreflejos.com.ar\/2021\/#\/schema\/person\/ad82545263dcc5ec0996818884fd5fb1","name":"Arnaldo Botto","image":{"@type":"ImageObject","inLanguage":"es","@id":"https:\/\/www.noticiasradioreflejos.com.ar\/2021\/#\/schema\/person\/image\/","url":"https:\/\/secure.gravatar.com\/avatar\/55cb5e37c1efa326397366e6974cb338056df65cb50e7d64d1cf314e87504837?s=96&d=mm&r=g","contentUrl":"https:\/\/secure.gravatar.com\/avatar\/55cb5e37c1efa326397366e6974cb338056df65cb50e7d64d1cf314e87504837?s=96&d=mm&r=g","caption":"Arnaldo Botto"},"url":"https:\/\/www.noticiasradioreflejos.com.ar\/2021\/author\/arnaldo\/"}]}},"_links":{"self":[{"href":"https:\/\/www.noticiasradioreflejos.com.ar\/2021\/wp-json\/wp\/v2\/posts\/132088","targetHints":{"allow":["GET"]}}],"collection":[{"href":"https:\/\/www.noticiasradioreflejos.com.ar\/2021\/wp-json\/wp\/v2\/posts"}],"about":[{"href":"https:\/\/www.noticiasradioreflejos.com.ar\/2021\/wp-json\/wp\/v2\/types\/post"}],"author":[{"embeddable":true,"href":"https:\/\/www.noticiasradioreflejos.com.ar\/2021\/wp-json\/wp\/v2\/users\/3"}],"replies":[{"embeddable":true,"href":"https:\/\/www.noticiasradioreflejos.com.ar\/2021\/wp-json\/wp\/v2\/comments?post=132088"}],"version-history":[{"count":7,"href":"https:\/\/www.noticiasradioreflejos.com.ar\/2021\/wp-json\/wp\/v2\/posts\/132088\/revisions"}],"predecessor-version":[{"id":132114,"href":"https:\/\/www.noticiasradioreflejos.com.ar\/2021\/wp-json\/wp\/v2\/posts\/132088\/revisions\/132114"}],"wp:featuredmedia":[{"embeddable":true,"href":"https:\/\/www.noticiasradioreflejos.com.ar\/2021\/wp-json\/wp\/v2\/media\/132089"}],"wp:attachment":[{"href":"https:\/\/www.noticiasradioreflejos.com.ar\/2021\/wp-json\/wp\/v2\/media?parent=132088"}],"wp:term":[{"taxonomy":"category","embeddable":true,"href":"https:\/\/www.noticiasradioreflejos.com.ar\/2021\/wp-json\/wp\/v2\/categories?post=132088"},{"taxonomy":"post_tag","embeddable":true,"href":"https:\/\/www.noticiasradioreflejos.com.ar\/2021\/wp-json\/wp\/v2\/tags?post=132088"}],"curies":[{"name":"wp","href":"https:\/\/api.w.org\/{rel}","templated":true}]}}