{"id":132085,"date":"2026-01-29T13:51:39","date_gmt":"2026-01-29T16:51:39","guid":{"rendered":"https:\/\/www.noticiasradioreflejos.com.ar\/2021\/?p=132085"},"modified":"2026-01-29T13:51:39","modified_gmt":"2026-01-29T16:51:39","slug":"produccion-nuevo-programa-de-creditos-con-bonificacion-de-tasas","status":"publish","type":"post","link":"https:\/\/www.noticiasradioreflejos.com.ar\/2021\/produccion-nuevo-programa-de-creditos-con-bonificacion-de-tasas\/","title":{"rendered":"Producci\u00f3n: Nuevo programa de cr\u00e9ditos con bonificaci\u00f3n de tasas"},"content":{"rendered":"<p>La Secretar\u00eda de Ambiente y Desarrollo Productivo informa que, en el marco del programa \u2018Provincia en Marcha\u2019, se encuentran disponibles nuevos cr\u00e9ditos del Banco Provincia para inversi\u00f3n productiva e insumos.<!--more--><\/p>\n<p>Se trata de pr\u00e9stamos con bonificaci\u00f3n de tasas de inter\u00e9s del\u00a0Ministerio de Producci\u00f3n, Ciencia e Innovaci\u00f3n Tecnol\u00f3gica de la Provincia de Buenos Aires, destinados exclusivamente a Industrias:<\/p>\n<p>&#8211; Inversi\u00f3n (equipamiento, construcci\u00f3n, refacciones):\u00a0 Hasta $250 millones. Plazo 60 meses. Tasa final: 41%. 12 meses de gracia para pago de capital.<\/p>\n<p>&#8211; Inversiones en Agrupamientos industriales (para empresas con actividad industrial, comercial y\/o de servicios) o en Proyectos Sustentables. Tasa final de 36%.<\/p>\n<p>&#8211; Compra de insumos (solo industria): Hasta $50 millones. Tasa final: 33,6%. 24 meses de plazo, 3 meses de gracia para pago de capital.<\/p>\n<p>Para acceder, los interesados deben iniciar el tr\u00e1mite a trav\u00e9s de <a href=\"https:\/\/www.gba.gob.ar\/produccion\/creditos_pem\">https:\/\/www.gba.gob.ar\/produccion\/creditos_pem<\/a> y, luego, continuarlo en el Banco.<\/p>\n<p>Por consultas, dirigirse a la Oficina de Producci\u00f3n (Av. San Mart\u00edn 268, Tornquist) o escribir a <a href=\"mailto:crp_bonificacion@mp.gba.gov.ar\">crp_bonificacion@mp.gba.gov.ar<\/a>.<\/p>\n<p>&nbsp;<\/p>\n","protected":false},"excerpt":{"rendered":"<p>La Secretar\u00eda de Ambiente y Desarrollo Productivo informa que, en el marco del programa \u2018Provincia en Marcha\u2019, se encuentran disponibles nuevos cr\u00e9ditos del Banco Provincia para inversi\u00f3n productiva e insumos.<\/p>\n","protected":false},"author":3,"featured_media":132086,"comment_status":"closed","ping_status":"closed","sticky":false,"template":"","format":"standard","meta":{"footnotes":""},"categories":[36,28],"tags":[],"class_list":["post-132085","post","type-post","status-publish","format-standard","has-post-thumbnail","hentry","category-economia","category-municipales"],"yoast_head":"<!-- This site is optimized with the Yoast SEO plugin v25.9 - https:\/\/yoast.com\/wordpress\/plugins\/seo\/ -->\n<title>Producci\u00f3n: Nuevo programa de cr\u00e9ditos con bonificaci\u00f3n de tasas - Noticias Radio Reflejos<\/title>\n<meta name=\"robots\" content=\"index, follow, max-snippet:-1, max-image-preview:large, max-video-preview:-1\" \/>\n<link rel=\"canonical\" href=\"https:\/\/www.noticiasradioreflejos.com.ar\/2021\/produccion-nuevo-programa-de-creditos-con-bonificacion-de-tasas\/\" \/>\n<meta property=\"og:locale\" content=\"es_ES\" \/>\n<meta property=\"og:type\" content=\"article\" \/>\n<meta property=\"og:title\" content=\"Producci\u00f3n: Nuevo programa de cr\u00e9ditos con bonificaci\u00f3n de tasas - Noticias Radio Reflejos\" \/>\n<meta property=\"og:description\" content=\"La Secretar\u00eda de Ambiente y Desarrollo Productivo informa que, en el marco del programa \u2018Provincia en Marcha\u2019, se encuentran disponibles nuevos cr\u00e9ditos del Banco Provincia para inversi\u00f3n productiva e insumos.\" \/>\n<meta property=\"og:url\" content=\"https:\/\/www.noticiasradioreflejos.com.ar\/2021\/produccion-nuevo-programa-de-creditos-con-bonificacion-de-tasas\/\" \/>\n<meta property=\"og:site_name\" content=\"Noticias Radio Reflejos\" \/>\n<meta property=\"article:published_time\" content=\"2026-01-29T16:51:39+00:00\" \/>\n<meta property=\"og:image\" content=\"https:\/\/www.noticiasradioreflejos.com.ar\/2021\/wp-content\/uploads\/2026\/01\/Provincia-en-marcha.jpg.jpeg\" \/>\n\t<meta property=\"og:image:width\" content=\"1024\" \/>\n\t<meta property=\"og:image:height\" content=\"1280\" \/>\n\t<meta property=\"og:image:type\" content=\"image\/jpeg\" \/>\n<meta name=\"author\" content=\"Arnaldo Botto\" \/>\n<meta name=\"twitter:card\" content=\"summary_large_image\" \/>\n<script type=\"application\/ld+json\" class=\"yoast-schema-graph\">{\"@context\":\"https:\/\/schema.org\",\"@graph\":[{\"@type\":\"WebPage\",\"@id\":\"https:\/\/www.noticiasradioreflejos.com.ar\/2021\/produccion-nuevo-programa-de-creditos-con-bonificacion-de-tasas\/\",\"url\":\"https:\/\/www.noticiasradioreflejos.com.ar\/2021\/produccion-nuevo-programa-de-creditos-con-bonificacion-de-tasas\/\",\"name\":\"Producci\u00f3n: Nuevo programa de cr\u00e9ditos con bonificaci\u00f3n de tasas - Noticias Radio Reflejos\",\"isPartOf\":{\"@id\":\"https:\/\/www.noticiasradioreflejos.com.ar\/2021\/#website\"},\"primaryImageOfPage\":{\"@id\":\"https:\/\/www.noticiasradioreflejos.com.ar\/2021\/produccion-nuevo-programa-de-creditos-con-bonificacion-de-tasas\/#primaryimage\"},\"image\":{\"@id\":\"https:\/\/www.noticiasradioreflejos.com.ar\/2021\/produccion-nuevo-programa-de-creditos-con-bonificacion-de-tasas\/#primaryimage\"},\"thumbnailUrl\":\"https:\/\/www.noticiasradioreflejos.com.ar\/2021\/wp-content\/uploads\/2026\/01\/Provincia-en-marcha.jpg.jpeg\",\"datePublished\":\"2026-01-29T16:51:39+00:00\",\"author\":{\"@id\":\"https:\/\/www.noticiasradioreflejos.com.ar\/2021\/#\/schema\/person\/ad82545263dcc5ec0996818884fd5fb1\"},\"breadcrumb\":{\"@id\":\"https:\/\/www.noticiasradioreflejos.com.ar\/2021\/produccion-nuevo-programa-de-creditos-con-bonificacion-de-tasas\/#breadcrumb\"},\"inLanguage\":\"es\",\"potentialAction\":[{\"@type\":\"ReadAction\",\"target\":[\"https:\/\/www.noticiasradioreflejos.com.ar\/2021\/produccion-nuevo-programa-de-creditos-con-bonificacion-de-tasas\/\"]}]},{\"@type\":\"ImageObject\",\"inLanguage\":\"es\",\"@id\":\"https:\/\/www.noticiasradioreflejos.com.ar\/2021\/produccion-nuevo-programa-de-creditos-con-bonificacion-de-tasas\/#primaryimage\",\"url\":\"https:\/\/www.noticiasradioreflejos.com.ar\/2021\/wp-content\/uploads\/2026\/01\/Provincia-en-marcha.jpg.jpeg\",\"contentUrl\":\"https:\/\/www.noticiasradioreflejos.com.ar\/2021\/wp-content\/uploads\/2026\/01\/Provincia-en-marcha.jpg.jpeg\",\"width\":1024,\"height\":1280},{\"@type\":\"BreadcrumbList\",\"@id\":\"https:\/\/www.noticiasradioreflejos.com.ar\/2021\/produccion-nuevo-programa-de-creditos-con-bonificacion-de-tasas\/#breadcrumb\",\"itemListElement\":[{\"@type\":\"ListItem\",\"position\":1,\"name\":\"Portada\",\"item\":\"https:\/\/www.noticiasradioreflejos.com.ar\/2021\/\"},{\"@type\":\"ListItem\",\"position\":2,\"name\":\"Producci\u00f3n: Nuevo programa de cr\u00e9ditos con bonificaci\u00f3n de tasas\"}]},{\"@type\":\"WebSite\",\"@id\":\"https:\/\/www.noticiasradioreflejos.com.ar\/2021\/#website\",\"url\":\"https:\/\/www.noticiasradioreflejos.com.ar\/2021\/\",\"name\":\"Noticias Radio Reflejos\",\"description\":\"Las noticias de mi comarca\",\"potentialAction\":[{\"@type\":\"SearchAction\",\"target\":{\"@type\":\"EntryPoint\",\"urlTemplate\":\"https:\/\/www.noticiasradioreflejos.com.ar\/2021\/?s={search_term_string}\"},\"query-input\":{\"@type\":\"PropertyValueSpecification\",\"valueRequired\":true,\"valueName\":\"search_term_string\"}}],\"inLanguage\":\"es\"},{\"@type\":\"Person\",\"@id\":\"https:\/\/www.noticiasradioreflejos.com.ar\/2021\/#\/schema\/person\/ad82545263dcc5ec0996818884fd5fb1\",\"name\":\"Arnaldo Botto\",\"image\":{\"@type\":\"ImageObject\",\"inLanguage\":\"es\",\"@id\":\"https:\/\/www.noticiasradioreflejos.com.ar\/2021\/#\/schema\/person\/image\/\",\"url\":\"https:\/\/secure.gravatar.com\/avatar\/55cb5e37c1efa326397366e6974cb338056df65cb50e7d64d1cf314e87504837?s=96&d=mm&r=g\",\"contentUrl\":\"https:\/\/secure.gravatar.com\/avatar\/55cb5e37c1efa326397366e6974cb338056df65cb50e7d64d1cf314e87504837?s=96&d=mm&r=g\",\"caption\":\"Arnaldo Botto\"},\"url\":\"https:\/\/www.noticiasradioreflejos.com.ar\/2021\/author\/arnaldo\/\"}]}<\/script>\n<!-- \/ Yoast SEO plugin. -->","yoast_head_json":{"title":"Producci\u00f3n: Nuevo programa de cr\u00e9ditos con bonificaci\u00f3n de tasas - Noticias Radio Reflejos","robots":{"index":"index","follow":"follow","max-snippet":"max-snippet:-1","max-image-preview":"max-image-preview:large","max-video-preview":"max-video-preview:-1"},"canonical":"https:\/\/www.noticiasradioreflejos.com.ar\/2021\/produccion-nuevo-programa-de-creditos-con-bonificacion-de-tasas\/","og_locale":"es_ES","og_type":"article","og_title":"Producci\u00f3n: Nuevo programa de cr\u00e9ditos con bonificaci\u00f3n de tasas - Noticias Radio Reflejos","og_description":"La Secretar\u00eda de Ambiente y Desarrollo Productivo informa que, en el marco del programa \u2018Provincia en Marcha\u2019, se encuentran disponibles nuevos cr\u00e9ditos del Banco Provincia para inversi\u00f3n productiva e insumos.","og_url":"https:\/\/www.noticiasradioreflejos.com.ar\/2021\/produccion-nuevo-programa-de-creditos-con-bonificacion-de-tasas\/","og_site_name":"Noticias Radio Reflejos","article_published_time":"2026-01-29T16:51:39+00:00","og_image":[{"width":1024,"height":1280,"url":"https:\/\/www.noticiasradioreflejos.com.ar\/2021\/wp-content\/uploads\/2026\/01\/Provincia-en-marcha.jpg.jpeg","type":"image\/jpeg"}],"author":"Arnaldo Botto","twitter_card":"summary_large_image","schema":{"@context":"https:\/\/schema.org","@graph":[{"@type":"WebPage","@id":"https:\/\/www.noticiasradioreflejos.com.ar\/2021\/produccion-nuevo-programa-de-creditos-con-bonificacion-de-tasas\/","url":"https:\/\/www.noticiasradioreflejos.com.ar\/2021\/produccion-nuevo-programa-de-creditos-con-bonificacion-de-tasas\/","name":"Producci\u00f3n: Nuevo programa de cr\u00e9ditos con bonificaci\u00f3n de tasas - Noticias Radio Reflejos","isPartOf":{"@id":"https:\/\/www.noticiasradioreflejos.com.ar\/2021\/#website"},"primaryImageOfPage":{"@id":"https:\/\/www.noticiasradioreflejos.com.ar\/2021\/produccion-nuevo-programa-de-creditos-con-bonificacion-de-tasas\/#primaryimage"},"image":{"@id":"https:\/\/www.noticiasradioreflejos.com.ar\/2021\/produccion-nuevo-programa-de-creditos-con-bonificacion-de-tasas\/#primaryimage"},"thumbnailUrl":"https:\/\/www.noticiasradioreflejos.com.ar\/2021\/wp-content\/uploads\/2026\/01\/Provincia-en-marcha.jpg.jpeg","datePublished":"2026-01-29T16:51:39+00:00","author":{"@id":"https:\/\/www.noticiasradioreflejos.com.ar\/2021\/#\/schema\/person\/ad82545263dcc5ec0996818884fd5fb1"},"breadcrumb":{"@id":"https:\/\/www.noticiasradioreflejos.com.ar\/2021\/produccion-nuevo-programa-de-creditos-con-bonificacion-de-tasas\/#breadcrumb"},"inLanguage":"es","potentialAction":[{"@type":"ReadAction","target":["https:\/\/www.noticiasradioreflejos.com.ar\/2021\/produccion-nuevo-programa-de-creditos-con-bonificacion-de-tasas\/"]}]},{"@type":"ImageObject","inLanguage":"es","@id":"https:\/\/www.noticiasradioreflejos.com.ar\/2021\/produccion-nuevo-programa-de-creditos-con-bonificacion-de-tasas\/#primaryimage","url":"https:\/\/www.noticiasradioreflejos.com.ar\/2021\/wp-content\/uploads\/2026\/01\/Provincia-en-marcha.jpg.jpeg","contentUrl":"https:\/\/www.noticiasradioreflejos.com.ar\/2021\/wp-content\/uploads\/2026\/01\/Provincia-en-marcha.jpg.jpeg","width":1024,"height":1280},{"@type":"BreadcrumbList","@id":"https:\/\/www.noticiasradioreflejos.com.ar\/2021\/produccion-nuevo-programa-de-creditos-con-bonificacion-de-tasas\/#breadcrumb","itemListElement":[{"@type":"ListItem","position":1,"name":"Portada","item":"https:\/\/www.noticiasradioreflejos.com.ar\/2021\/"},{"@type":"ListItem","position":2,"name":"Producci\u00f3n: Nuevo programa de cr\u00e9ditos con bonificaci\u00f3n de tasas"}]},{"@type":"WebSite","@id":"https:\/\/www.noticiasradioreflejos.com.ar\/2021\/#website","url":"https:\/\/www.noticiasradioreflejos.com.ar\/2021\/","name":"Noticias Radio Reflejos","description":"Las noticias de mi comarca","potentialAction":[{"@type":"SearchAction","target":{"@type":"EntryPoint","urlTemplate":"https:\/\/www.noticiasradioreflejos.com.ar\/2021\/?s={search_term_string}"},"query-input":{"@type":"PropertyValueSpecification","valueRequired":true,"valueName":"search_term_string"}}],"inLanguage":"es"},{"@type":"Person","@id":"https:\/\/www.noticiasradioreflejos.com.ar\/2021\/#\/schema\/person\/ad82545263dcc5ec0996818884fd5fb1","name":"Arnaldo Botto","image":{"@type":"ImageObject","inLanguage":"es","@id":"https:\/\/www.noticiasradioreflejos.com.ar\/2021\/#\/schema\/person\/image\/","url":"https:\/\/secure.gravatar.com\/avatar\/55cb5e37c1efa326397366e6974cb338056df65cb50e7d64d1cf314e87504837?s=96&d=mm&r=g","contentUrl":"https:\/\/secure.gravatar.com\/avatar\/55cb5e37c1efa326397366e6974cb338056df65cb50e7d64d1cf314e87504837?s=96&d=mm&r=g","caption":"Arnaldo Botto"},"url":"https:\/\/www.noticiasradioreflejos.com.ar\/2021\/author\/arnaldo\/"}]}},"_links":{"self":[{"href":"https:\/\/www.noticiasradioreflejos.com.ar\/2021\/wp-json\/wp\/v2\/posts\/132085","targetHints":{"allow":["GET"]}}],"collection":[{"href":"https:\/\/www.noticiasradioreflejos.com.ar\/2021\/wp-json\/wp\/v2\/posts"}],"about":[{"href":"https:\/\/www.noticiasradioreflejos.com.ar\/2021\/wp-json\/wp\/v2\/types\/post"}],"author":[{"embeddable":true,"href":"https:\/\/www.noticiasradioreflejos.com.ar\/2021\/wp-json\/wp\/v2\/users\/3"}],"replies":[{"embeddable":true,"href":"https:\/\/www.noticiasradioreflejos.com.ar\/2021\/wp-json\/wp\/v2\/comments?post=132085"}],"version-history":[{"count":1,"href":"https:\/\/www.noticiasradioreflejos.com.ar\/2021\/wp-json\/wp\/v2\/posts\/132085\/revisions"}],"predecessor-version":[{"id":132087,"href":"https:\/\/www.noticiasradioreflejos.com.ar\/2021\/wp-json\/wp\/v2\/posts\/132085\/revisions\/132087"}],"wp:featuredmedia":[{"embeddable":true,"href":"https:\/\/www.noticiasradioreflejos.com.ar\/2021\/wp-json\/wp\/v2\/media\/132086"}],"wp:attachment":[{"href":"https:\/\/www.noticiasradioreflejos.com.ar\/2021\/wp-json\/wp\/v2\/media?parent=132085"}],"wp:term":[{"taxonomy":"category","embeddable":true,"href":"https:\/\/www.noticiasradioreflejos.com.ar\/2021\/wp-json\/wp\/v2\/categories?post=132085"},{"taxonomy":"post_tag","embeddable":true,"href":"https:\/\/www.noticiasradioreflejos.com.ar\/2021\/wp-json\/wp\/v2\/tags?post=132085"}],"curies":[{"name":"wp","href":"https:\/\/api.w.org\/{rel}","templated":true}]}}