{"id":132078,"date":"2026-01-29T13:49:40","date_gmt":"2026-01-29T16:49:40","guid":{"rendered":"https:\/\/www.noticiasradioreflejos.com.ar\/2021\/?p=132078"},"modified":"2026-01-29T14:35:55","modified_gmt":"2026-01-29T17:35:55","slug":"cerca-de-15-000-personas-desfrutaron-de-la-34o-fiesta-provincial-de-las-golondrinas","status":"publish","type":"post","link":"https:\/\/www.noticiasradioreflejos.com.ar\/2021\/cerca-de-15-000-personas-desfrutaron-de-la-34o-fiesta-provincial-de-las-golondrinas\/","title":{"rendered":"Cerca de 15.000 personas desfrutaron de la 34\u00ba Fiesta Provincial de las Golondrinas"},"content":{"rendered":"<p>Entre el s\u00e1bado y el lunes, Villa Ventana fue escenario de la 34\u00ba edici\u00f3n de la Fiesta Provincial de las Golondrinas, que tuvo como epicentro una Plaza Salerno colmada.<!--more--><\/p>\n<p>El tradicional evento fue organizado por la Asociaci\u00f3n de Bomberos Voluntarios local en conjunto con Tornquist Municipio, y reuni\u00f3, a lo largo de ambas jornadas, a cerca de 15 mil personas, consolid\u00e1ndose una vez m\u00e1s como una de las celebraciones m\u00e1s convocantes del distrito.<\/p>\n<p><a href=\"https:\/\/www.noticiasradioreflejos.com.ar\/2021\/cerca-de-15-000-personas-desfrutaron-de-la-34o-fiesta-provincial-de-las-golondrinas\/img_4039\/\" rel=\"attachment wp-att-132079\"><img loading=\"lazy\" decoding=\"async\" class=\"aligncenter size-full wp-image-132079\" src=\"https:\/\/www.noticiasradioreflejos.com.ar\/2021\/wp-content\/uploads\/2026\/01\/IMG_4039.jpeg\" alt=\"\" width=\"2048\" height=\"1365\" srcset=\"https:\/\/www.noticiasradioreflejos.com.ar\/2021\/wp-content\/uploads\/2026\/01\/IMG_4039.jpeg 2048w, https:\/\/www.noticiasradioreflejos.com.ar\/2021\/wp-content\/uploads\/2026\/01\/IMG_4039-300x200.jpeg 300w, https:\/\/www.noticiasradioreflejos.com.ar\/2021\/wp-content\/uploads\/2026\/01\/IMG_4039-1024x683.jpeg 1024w, https:\/\/www.noticiasradioreflejos.com.ar\/2021\/wp-content\/uploads\/2026\/01\/IMG_4039-768x512.jpeg 768w, https:\/\/www.noticiasradioreflejos.com.ar\/2021\/wp-content\/uploads\/2026\/01\/IMG_4039-1536x1024.jpeg 1536w, https:\/\/www.noticiasradioreflejos.com.ar\/2021\/wp-content\/uploads\/2026\/01\/IMG_4039-750x500.jpeg 750w, https:\/\/www.noticiasradioreflejos.com.ar\/2021\/wp-content\/uploads\/2026\/01\/IMG_4039-1140x760.jpeg 1140w\" sizes=\"auto, (max-width: 2048px) 100vw, 2048px\" \/><\/a><\/p>\n<p>Durante el s\u00e1bado 24, el escenario cont\u00f3 con la presentaci\u00f3n de la Escuela Folkl\u00f3rica Municipal, Rudy G\u00fcemes, Talleres Folkl\u00f3ricos Municipales, La Clave Tr\u00edo, Chichilo Viale, Media Pinta, San Witzky y Fondo Blanco, ofreciendo una variada propuesta art\u00edstica para todo p\u00fablico.<\/p>\n<p><iframe loading=\"lazy\" style=\"border: none; overflow: hidden;\" src=\"https:\/\/www.facebook.com\/plugins\/post.php?href=https%3A%2F%2Fwww.facebook.com%2Fpermalink.php%3Fstory_fbid%3Dpfbid02Y4oNiDvETfzqhoFJqhB9RoX6BoWZac66aTALGaJDxMBvZmaGa6MjXYQggTN72Zdfl%26id%3D100091327519773&amp;show_text=true&amp;width=500\" width=\"500\" height=\"783\" frameborder=\"0\" scrolling=\"no\" allowfullscreen=\"allowfullscreen\"><\/iframe><br \/>\nEn tanto, el lunes 26, se presentaron el Taller de Coreograf\u00eda del Centro de Jubilados, Danza para las Infancias, el D\u00fao Paredes Molina, Boedo Tango, El Panor\u00e1mico de Estrellas y La F Etchemendy, cerrando dos jornadas de celebraci\u00f3n con una amplia diversidad de expresiones culturales.<\/p>\n<p>La Fiesta Provincial de las Golondrinas, que a\u00f1o tras a\u00f1o marca el inicio de una nueva temporada en Villa Ventana, contin\u00faa fortaleciendo la identidad local, promoviendo el turismo y generando espacios de encuentro para la comunidad y quienes visitan la localidad.<\/p>\n<p><a href=\"https:\/\/www.noticiasradioreflejos.com.ar\/2021\/cerca-de-15-000-personas-desfrutaron-de-la-34o-fiesta-provincial-de-las-golondrinas\/img_4040\/\" rel=\"attachment wp-att-132080\"><img loading=\"lazy\" decoding=\"async\" class=\"aligncenter size-full wp-image-132080\" src=\"https:\/\/www.noticiasradioreflejos.com.ar\/2021\/wp-content\/uploads\/2026\/01\/IMG_4040.jpeg\" alt=\"\" width=\"2048\" height=\"1365\" srcset=\"https:\/\/www.noticiasradioreflejos.com.ar\/2021\/wp-content\/uploads\/2026\/01\/IMG_4040.jpeg 2048w, https:\/\/www.noticiasradioreflejos.com.ar\/2021\/wp-content\/uploads\/2026\/01\/IMG_4040-300x200.jpeg 300w, https:\/\/www.noticiasradioreflejos.com.ar\/2021\/wp-content\/uploads\/2026\/01\/IMG_4040-1024x683.jpeg 1024w, https:\/\/www.noticiasradioreflejos.com.ar\/2021\/wp-content\/uploads\/2026\/01\/IMG_4040-768x512.jpeg 768w, https:\/\/www.noticiasradioreflejos.com.ar\/2021\/wp-content\/uploads\/2026\/01\/IMG_4040-1536x1024.jpeg 1536w, https:\/\/www.noticiasradioreflejos.com.ar\/2021\/wp-content\/uploads\/2026\/01\/IMG_4040-750x500.jpeg 750w, https:\/\/www.noticiasradioreflejos.com.ar\/2021\/wp-content\/uploads\/2026\/01\/IMG_4040-1140x760.jpeg 1140w\" sizes=\"auto, (max-width: 2048px) 100vw, 2048px\" \/><\/a><\/p>\n<p>&nbsp;<\/p>\n<p>&nbsp;<\/p>\n","protected":false},"excerpt":{"rendered":"<p>Entre el s\u00e1bado y el lunes, Villa Ventana fue escenario de la 34\u00ba edici\u00f3n de la Fiesta Provincial de las Golondrinas, que tuvo como epicentro una Plaza Salerno colmada.<\/p>\n","protected":false},"author":3,"featured_media":132082,"comment_status":"closed","ping_status":"closed","sticky":false,"template":"","format":"standard","meta":{"footnotes":""},"categories":[28],"tags":[],"class_list":["post-132078","post","type-post","status-publish","format-standard","has-post-thumbnail","hentry","category-municipales"],"yoast_head":"<!-- This site is optimized with the Yoast SEO plugin v25.9 - https:\/\/yoast.com\/wordpress\/plugins\/seo\/ -->\n<title>Cerca de 15.000 personas desfrutaron de la 34\u00ba Fiesta Provincial de las Golondrinas - Noticias Radio Reflejos<\/title>\n<meta name=\"robots\" content=\"index, follow, max-snippet:-1, max-image-preview:large, max-video-preview:-1\" \/>\n<link rel=\"canonical\" href=\"https:\/\/www.noticiasradioreflejos.com.ar\/2021\/cerca-de-15-000-personas-desfrutaron-de-la-34o-fiesta-provincial-de-las-golondrinas\/\" \/>\n<meta property=\"og:locale\" content=\"es_ES\" \/>\n<meta property=\"og:type\" content=\"article\" \/>\n<meta property=\"og:title\" content=\"Cerca de 15.000 personas desfrutaron de la 34\u00ba Fiesta Provincial de las Golondrinas - Noticias Radio Reflejos\" \/>\n<meta property=\"og:description\" content=\"Entre el s\u00e1bado y el lunes, Villa Ventana fue escenario de la 34\u00ba edici\u00f3n de la Fiesta Provincial de las Golondrinas, que tuvo como epicentro una Plaza Salerno colmada.\" \/>\n<meta property=\"og:url\" content=\"https:\/\/www.noticiasradioreflejos.com.ar\/2021\/cerca-de-15-000-personas-desfrutaron-de-la-34o-fiesta-provincial-de-las-golondrinas\/\" \/>\n<meta property=\"og:site_name\" content=\"Noticias Radio Reflejos\" \/>\n<meta property=\"article:published_time\" content=\"2026-01-29T16:49:40+00:00\" \/>\n<meta property=\"article:modified_time\" content=\"2026-01-29T17:35:55+00:00\" \/>\n<meta property=\"og:image\" content=\"https:\/\/www.noticiasradioreflejos.com.ar\/2021\/wp-content\/uploads\/2026\/01\/IMG_4052.jpeg\" \/>\n\t<meta property=\"og:image:width\" content=\"2048\" \/>\n\t<meta property=\"og:image:height\" content=\"1365\" \/>\n\t<meta property=\"og:image:type\" content=\"image\/jpeg\" \/>\n<meta name=\"author\" content=\"Arnaldo Botto\" \/>\n<meta name=\"twitter:card\" content=\"summary_large_image\" \/>\n<script type=\"application\/ld+json\" class=\"yoast-schema-graph\">{\"@context\":\"https:\/\/schema.org\",\"@graph\":[{\"@type\":\"WebPage\",\"@id\":\"https:\/\/www.noticiasradioreflejos.com.ar\/2021\/cerca-de-15-000-personas-desfrutaron-de-la-34o-fiesta-provincial-de-las-golondrinas\/\",\"url\":\"https:\/\/www.noticiasradioreflejos.com.ar\/2021\/cerca-de-15-000-personas-desfrutaron-de-la-34o-fiesta-provincial-de-las-golondrinas\/\",\"name\":\"Cerca de 15.000 personas desfrutaron de la 34\u00ba Fiesta Provincial de las Golondrinas - Noticias Radio Reflejos\",\"isPartOf\":{\"@id\":\"https:\/\/www.noticiasradioreflejos.com.ar\/2021\/#website\"},\"primaryImageOfPage\":{\"@id\":\"https:\/\/www.noticiasradioreflejos.com.ar\/2021\/cerca-de-15-000-personas-desfrutaron-de-la-34o-fiesta-provincial-de-las-golondrinas\/#primaryimage\"},\"image\":{\"@id\":\"https:\/\/www.noticiasradioreflejos.com.ar\/2021\/cerca-de-15-000-personas-desfrutaron-de-la-34o-fiesta-provincial-de-las-golondrinas\/#primaryimage\"},\"thumbnailUrl\":\"https:\/\/www.noticiasradioreflejos.com.ar\/2021\/wp-content\/uploads\/2026\/01\/IMG_4052.jpeg\",\"datePublished\":\"2026-01-29T16:49:40+00:00\",\"dateModified\":\"2026-01-29T17:35:55+00:00\",\"author\":{\"@id\":\"https:\/\/www.noticiasradioreflejos.com.ar\/2021\/#\/schema\/person\/ad82545263dcc5ec0996818884fd5fb1\"},\"breadcrumb\":{\"@id\":\"https:\/\/www.noticiasradioreflejos.com.ar\/2021\/cerca-de-15-000-personas-desfrutaron-de-la-34o-fiesta-provincial-de-las-golondrinas\/#breadcrumb\"},\"inLanguage\":\"es\",\"potentialAction\":[{\"@type\":\"ReadAction\",\"target\":[\"https:\/\/www.noticiasradioreflejos.com.ar\/2021\/cerca-de-15-000-personas-desfrutaron-de-la-34o-fiesta-provincial-de-las-golondrinas\/\"]}]},{\"@type\":\"ImageObject\",\"inLanguage\":\"es\",\"@id\":\"https:\/\/www.noticiasradioreflejos.com.ar\/2021\/cerca-de-15-000-personas-desfrutaron-de-la-34o-fiesta-provincial-de-las-golondrinas\/#primaryimage\",\"url\":\"https:\/\/www.noticiasradioreflejos.com.ar\/2021\/wp-content\/uploads\/2026\/01\/IMG_4052.jpeg\",\"contentUrl\":\"https:\/\/www.noticiasradioreflejos.com.ar\/2021\/wp-content\/uploads\/2026\/01\/IMG_4052.jpeg\",\"width\":2048,\"height\":1365},{\"@type\":\"BreadcrumbList\",\"@id\":\"https:\/\/www.noticiasradioreflejos.com.ar\/2021\/cerca-de-15-000-personas-desfrutaron-de-la-34o-fiesta-provincial-de-las-golondrinas\/#breadcrumb\",\"itemListElement\":[{\"@type\":\"ListItem\",\"position\":1,\"name\":\"Portada\",\"item\":\"https:\/\/www.noticiasradioreflejos.com.ar\/2021\/\"},{\"@type\":\"ListItem\",\"position\":2,\"name\":\"Cerca de 15.000 personas desfrutaron de la 34\u00ba Fiesta Provincial de las Golondrinas\"}]},{\"@type\":\"WebSite\",\"@id\":\"https:\/\/www.noticiasradioreflejos.com.ar\/2021\/#website\",\"url\":\"https:\/\/www.noticiasradioreflejos.com.ar\/2021\/\",\"name\":\"Noticias Radio Reflejos\",\"description\":\"Las noticias de mi comarca\",\"potentialAction\":[{\"@type\":\"SearchAction\",\"target\":{\"@type\":\"EntryPoint\",\"urlTemplate\":\"https:\/\/www.noticiasradioreflejos.com.ar\/2021\/?s={search_term_string}\"},\"query-input\":{\"@type\":\"PropertyValueSpecification\",\"valueRequired\":true,\"valueName\":\"search_term_string\"}}],\"inLanguage\":\"es\"},{\"@type\":\"Person\",\"@id\":\"https:\/\/www.noticiasradioreflejos.com.ar\/2021\/#\/schema\/person\/ad82545263dcc5ec0996818884fd5fb1\",\"name\":\"Arnaldo Botto\",\"image\":{\"@type\":\"ImageObject\",\"inLanguage\":\"es\",\"@id\":\"https:\/\/www.noticiasradioreflejos.com.ar\/2021\/#\/schema\/person\/image\/\",\"url\":\"https:\/\/secure.gravatar.com\/avatar\/55cb5e37c1efa326397366e6974cb338056df65cb50e7d64d1cf314e87504837?s=96&d=mm&r=g\",\"contentUrl\":\"https:\/\/secure.gravatar.com\/avatar\/55cb5e37c1efa326397366e6974cb338056df65cb50e7d64d1cf314e87504837?s=96&d=mm&r=g\",\"caption\":\"Arnaldo Botto\"},\"url\":\"https:\/\/www.noticiasradioreflejos.com.ar\/2021\/author\/arnaldo\/\"}]}<\/script>\n<!-- \/ Yoast SEO plugin. -->","yoast_head_json":{"title":"Cerca de 15.000 personas desfrutaron de la 34\u00ba Fiesta Provincial de las Golondrinas - Noticias Radio Reflejos","robots":{"index":"index","follow":"follow","max-snippet":"max-snippet:-1","max-image-preview":"max-image-preview:large","max-video-preview":"max-video-preview:-1"},"canonical":"https:\/\/www.noticiasradioreflejos.com.ar\/2021\/cerca-de-15-000-personas-desfrutaron-de-la-34o-fiesta-provincial-de-las-golondrinas\/","og_locale":"es_ES","og_type":"article","og_title":"Cerca de 15.000 personas desfrutaron de la 34\u00ba Fiesta Provincial de las Golondrinas - Noticias Radio Reflejos","og_description":"Entre el s\u00e1bado y el lunes, Villa Ventana fue escenario de la 34\u00ba edici\u00f3n de la Fiesta Provincial de las Golondrinas, que tuvo como epicentro una Plaza Salerno colmada.","og_url":"https:\/\/www.noticiasradioreflejos.com.ar\/2021\/cerca-de-15-000-personas-desfrutaron-de-la-34o-fiesta-provincial-de-las-golondrinas\/","og_site_name":"Noticias Radio Reflejos","article_published_time":"2026-01-29T16:49:40+00:00","article_modified_time":"2026-01-29T17:35:55+00:00","og_image":[{"width":2048,"height":1365,"url":"https:\/\/www.noticiasradioreflejos.com.ar\/2021\/wp-content\/uploads\/2026\/01\/IMG_4052.jpeg","type":"image\/jpeg"}],"author":"Arnaldo Botto","twitter_card":"summary_large_image","schema":{"@context":"https:\/\/schema.org","@graph":[{"@type":"WebPage","@id":"https:\/\/www.noticiasradioreflejos.com.ar\/2021\/cerca-de-15-000-personas-desfrutaron-de-la-34o-fiesta-provincial-de-las-golondrinas\/","url":"https:\/\/www.noticiasradioreflejos.com.ar\/2021\/cerca-de-15-000-personas-desfrutaron-de-la-34o-fiesta-provincial-de-las-golondrinas\/","name":"Cerca de 15.000 personas desfrutaron de la 34\u00ba Fiesta Provincial de las Golondrinas - Noticias Radio Reflejos","isPartOf":{"@id":"https:\/\/www.noticiasradioreflejos.com.ar\/2021\/#website"},"primaryImageOfPage":{"@id":"https:\/\/www.noticiasradioreflejos.com.ar\/2021\/cerca-de-15-000-personas-desfrutaron-de-la-34o-fiesta-provincial-de-las-golondrinas\/#primaryimage"},"image":{"@id":"https:\/\/www.noticiasradioreflejos.com.ar\/2021\/cerca-de-15-000-personas-desfrutaron-de-la-34o-fiesta-provincial-de-las-golondrinas\/#primaryimage"},"thumbnailUrl":"https:\/\/www.noticiasradioreflejos.com.ar\/2021\/wp-content\/uploads\/2026\/01\/IMG_4052.jpeg","datePublished":"2026-01-29T16:49:40+00:00","dateModified":"2026-01-29T17:35:55+00:00","author":{"@id":"https:\/\/www.noticiasradioreflejos.com.ar\/2021\/#\/schema\/person\/ad82545263dcc5ec0996818884fd5fb1"},"breadcrumb":{"@id":"https:\/\/www.noticiasradioreflejos.com.ar\/2021\/cerca-de-15-000-personas-desfrutaron-de-la-34o-fiesta-provincial-de-las-golondrinas\/#breadcrumb"},"inLanguage":"es","potentialAction":[{"@type":"ReadAction","target":["https:\/\/www.noticiasradioreflejos.com.ar\/2021\/cerca-de-15-000-personas-desfrutaron-de-la-34o-fiesta-provincial-de-las-golondrinas\/"]}]},{"@type":"ImageObject","inLanguage":"es","@id":"https:\/\/www.noticiasradioreflejos.com.ar\/2021\/cerca-de-15-000-personas-desfrutaron-de-la-34o-fiesta-provincial-de-las-golondrinas\/#primaryimage","url":"https:\/\/www.noticiasradioreflejos.com.ar\/2021\/wp-content\/uploads\/2026\/01\/IMG_4052.jpeg","contentUrl":"https:\/\/www.noticiasradioreflejos.com.ar\/2021\/wp-content\/uploads\/2026\/01\/IMG_4052.jpeg","width":2048,"height":1365},{"@type":"BreadcrumbList","@id":"https:\/\/www.noticiasradioreflejos.com.ar\/2021\/cerca-de-15-000-personas-desfrutaron-de-la-34o-fiesta-provincial-de-las-golondrinas\/#breadcrumb","itemListElement":[{"@type":"ListItem","position":1,"name":"Portada","item":"https:\/\/www.noticiasradioreflejos.com.ar\/2021\/"},{"@type":"ListItem","position":2,"name":"Cerca de 15.000 personas desfrutaron de la 34\u00ba Fiesta Provincial de las Golondrinas"}]},{"@type":"WebSite","@id":"https:\/\/www.noticiasradioreflejos.com.ar\/2021\/#website","url":"https:\/\/www.noticiasradioreflejos.com.ar\/2021\/","name":"Noticias Radio Reflejos","description":"Las noticias de mi comarca","potentialAction":[{"@type":"SearchAction","target":{"@type":"EntryPoint","urlTemplate":"https:\/\/www.noticiasradioreflejos.com.ar\/2021\/?s={search_term_string}"},"query-input":{"@type":"PropertyValueSpecification","valueRequired":true,"valueName":"search_term_string"}}],"inLanguage":"es"},{"@type":"Person","@id":"https:\/\/www.noticiasradioreflejos.com.ar\/2021\/#\/schema\/person\/ad82545263dcc5ec0996818884fd5fb1","name":"Arnaldo Botto","image":{"@type":"ImageObject","inLanguage":"es","@id":"https:\/\/www.noticiasradioreflejos.com.ar\/2021\/#\/schema\/person\/image\/","url":"https:\/\/secure.gravatar.com\/avatar\/55cb5e37c1efa326397366e6974cb338056df65cb50e7d64d1cf314e87504837?s=96&d=mm&r=g","contentUrl":"https:\/\/secure.gravatar.com\/avatar\/55cb5e37c1efa326397366e6974cb338056df65cb50e7d64d1cf314e87504837?s=96&d=mm&r=g","caption":"Arnaldo Botto"},"url":"https:\/\/www.noticiasradioreflejos.com.ar\/2021\/author\/arnaldo\/"}]}},"_links":{"self":[{"href":"https:\/\/www.noticiasradioreflejos.com.ar\/2021\/wp-json\/wp\/v2\/posts\/132078","targetHints":{"allow":["GET"]}}],"collection":[{"href":"https:\/\/www.noticiasradioreflejos.com.ar\/2021\/wp-json\/wp\/v2\/posts"}],"about":[{"href":"https:\/\/www.noticiasradioreflejos.com.ar\/2021\/wp-json\/wp\/v2\/types\/post"}],"author":[{"embeddable":true,"href":"https:\/\/www.noticiasradioreflejos.com.ar\/2021\/wp-json\/wp\/v2\/users\/3"}],"replies":[{"embeddable":true,"href":"https:\/\/www.noticiasradioreflejos.com.ar\/2021\/wp-json\/wp\/v2\/comments?post=132078"}],"version-history":[{"count":3,"href":"https:\/\/www.noticiasradioreflejos.com.ar\/2021\/wp-json\/wp\/v2\/posts\/132078\/revisions"}],"predecessor-version":[{"id":132110,"href":"https:\/\/www.noticiasradioreflejos.com.ar\/2021\/wp-json\/wp\/v2\/posts\/132078\/revisions\/132110"}],"wp:featuredmedia":[{"embeddable":true,"href":"https:\/\/www.noticiasradioreflejos.com.ar\/2021\/wp-json\/wp\/v2\/media\/132082"}],"wp:attachment":[{"href":"https:\/\/www.noticiasradioreflejos.com.ar\/2021\/wp-json\/wp\/v2\/media?parent=132078"}],"wp:term":[{"taxonomy":"category","embeddable":true,"href":"https:\/\/www.noticiasradioreflejos.com.ar\/2021\/wp-json\/wp\/v2\/categories?post=132078"},{"taxonomy":"post_tag","embeddable":true,"href":"https:\/\/www.noticiasradioreflejos.com.ar\/2021\/wp-json\/wp\/v2\/tags?post=132078"}],"curies":[{"name":"wp","href":"https:\/\/api.w.org\/{rel}","templated":true}]}}