{"id":132076,"date":"2026-01-29T13:23:02","date_gmt":"2026-01-29T16:23:02","guid":{"rendered":"https:\/\/www.noticiasradioreflejos.com.ar\/2021\/?p=132076"},"modified":"2026-01-29T14:49:29","modified_gmt":"2026-01-29T17:49:29","slug":"busqueda-laboral-chef-cocinero-a-2","status":"publish","type":"post","link":"https:\/\/www.noticiasradioreflejos.com.ar\/2021\/busqueda-laboral-chef-cocinero-a-2\/","title":{"rendered":"B\u00fasqueda laboral: Chef \/ Cocinero\/a"},"content":{"rendered":"<p>Restaurante reconocido en<a style=\"font-size: 15px;\" href=\"https:\/\/www.noticiasradioreflejos.com.ar\/2021\/\">\u00a0Sierra de la Ventana<\/a><span style=\"color: #333333; font-size: 15px;\">\u00a0se encuentra en la b\u00fasqueda de un\/a Chef \/ Cocinero\/a para incorporarse a un equipo de trabajo estable, con continuidad laboral durante todo el a\u00f1o.<\/span><br \/>\n<!--more--><\/p>\n<p><img decoding=\"async\" class=\"emoji\" role=\"img\" draggable=\"false\" src=\"https:\/\/s.w.org\/images\/core\/emoji\/17.0.2\/svg\/1f539.svg\" alt=\"\ud83d\udd39\" \/>\u00a0\u00bfQu\u00e9 ofrecemos?<\/p>\n<ul>\n<li>Trabajo fijo, todo el a\u00f1o<\/li>\n<li>Crecimiento laboral<\/li>\n<li>Excelente clima de trabajo<\/li>\n<li>Estabilidad y proyecci\u00f3n a largo plazo<\/li>\n<\/ul>\n<p>&nbsp;<\/p>\n<p><img decoding=\"async\" class=\"emoji\" role=\"img\" draggable=\"false\" src=\"https:\/\/s.w.org\/images\/core\/emoji\/17.0.2\/svg\/1f539.svg\" alt=\"\ud83d\udd39\" \/>\u00a0Buscamos una persona que:<\/p>\n<ul>\n<li>Tenga vocaci\u00f3n por la gastronom\u00eda y elija esta profesi\u00f3n<\/li>\n<li>Busque estabilidad laboral y compromiso a largo plazo<\/li>\n<li>Sea mayor de 35 a\u00f1os y con intenci\u00f3n de instalarse en la localidad de Sierra de la Ventana<\/li>\n<li>Cuente con experiencia comprobable en el puesto<\/li>\n<li>Posea formaci\u00f3n en gastronom\u00eda (no excluyente, pero valorada)<\/li>\n<li>Tenga capacidad para trabajar bajo presi\u00f3n y resolver situaciones del d\u00eda a d\u00eda<\/li>\n<\/ul>\n<p>&nbsp;<\/p>\n<p><img decoding=\"async\" class=\"emoji\" role=\"img\" draggable=\"false\" src=\"https:\/\/s.w.org\/images\/core\/emoji\/17.0.2\/svg\/1f539.svg\" alt=\"\ud83d\udd39\" \/>\u00a0Habilidades y competencias<\/p>\n<ul>\n<li>Predisposici\u00f3n y actitud proactiva<\/li>\n<li>Orden, limpieza y prolijidad en el trabajo<\/li>\n<li>Buen manejo del trabajo en equipo<\/li>\n<li>Capacidad de resoluci\u00f3n de problemas y toma de decisiones<\/li>\n<li>Cuidado del espacio de trabajo y de los procesos<\/li>\n<\/ul>\n<p><img decoding=\"async\" class=\"emoji\" role=\"img\" draggable=\"false\" src=\"https:\/\/s.w.org\/images\/core\/emoji\/17.0.2\/svg\/1f539.svg\" alt=\"\ud83d\udd39\" \/>\u00a0Se valorar\u00e1 especialmente<\/p>\n<ul>\n<li>Experiencia comprobable en cocinas profesionales<\/li>\n<li>Estudios formales en gastronom\u00eda<\/li>\n<li>Buen trato interpersonal y aporte a un clima laboral sano<\/li>\n<\/ul>\n<p>&nbsp;<\/p>\n<p>Interesados enviar su CV a\u00a0<a href=\"mailto:rrhhgastronomiayotros@gmail.com\">rrhhgastronomiayotros@gmail.com<\/a>\u00a0con referencias comprobables.<\/p>\n<p>&nbsp;<\/p>\n<p>\u00a1Muchas gracias!<\/p>\n<p>&nbsp;<\/p>\n","protected":false},"excerpt":{"rendered":"<p>Restaurante reconocido en\u00a0Sierra de la Ventana\u00a0se encuentra en la b\u00fasqueda de un\/a Chef \/ Cocinero\/a para incorporarse a un equipo de trabajo estable, con continuidad laboral durante todo el a\u00f1o.<\/p>\n","protected":false},"author":3,"featured_media":60712,"comment_status":"closed","ping_status":"closed","sticky":false,"template":"","format":"standard","meta":{"footnotes":""},"categories":[37,33],"tags":[48],"class_list":["post-132076","post","type-post","status-publish","format-standard","has-post-thumbnail","hentry","category-clasificados","category-turismo","tag-destacada"],"yoast_head":"<!-- This site is optimized with the Yoast SEO plugin v25.9 - https:\/\/yoast.com\/wordpress\/plugins\/seo\/ -->\n<title>B\u00fasqueda laboral: Chef \/ Cocinero\/a - Noticias Radio Reflejos<\/title>\n<meta name=\"robots\" content=\"index, follow, max-snippet:-1, max-image-preview:large, max-video-preview:-1\" \/>\n<link rel=\"canonical\" href=\"https:\/\/www.noticiasradioreflejos.com.ar\/2021\/busqueda-laboral-chef-cocinero-a-2\/\" \/>\n<meta property=\"og:locale\" content=\"es_ES\" \/>\n<meta property=\"og:type\" content=\"article\" \/>\n<meta property=\"og:title\" content=\"B\u00fasqueda laboral: Chef \/ Cocinero\/a - Noticias Radio Reflejos\" \/>\n<meta property=\"og:description\" content=\"Restaurante reconocido en\u00a0Sierra de la Ventana\u00a0se encuentra en la b\u00fasqueda de un\/a Chef \/ Cocinero\/a para incorporarse a un equipo de trabajo estable, con continuidad laboral durante todo el a\u00f1o.\" \/>\n<meta property=\"og:url\" content=\"https:\/\/www.noticiasradioreflejos.com.ar\/2021\/busqueda-laboral-chef-cocinero-a-2\/\" \/>\n<meta property=\"og:site_name\" content=\"Noticias Radio Reflejos\" \/>\n<meta property=\"article:published_time\" content=\"2026-01-29T16:23:02+00:00\" \/>\n<meta property=\"article:modified_time\" content=\"2026-01-29T17:49:29+00:00\" \/>\n<meta property=\"og:image\" content=\"https:\/\/www.noticiasradioreflejos.com.ar\/2021\/wp-content\/uploads\/2021\/07\/Personal-de-cocina.jpg\" \/>\n\t<meta property=\"og:image:width\" content=\"625\" \/>\n\t<meta property=\"og:image:height\" content=\"350\" \/>\n\t<meta property=\"og:image:type\" content=\"image\/jpeg\" \/>\n<meta name=\"author\" content=\"Arnaldo Botto\" \/>\n<meta name=\"twitter:card\" content=\"summary_large_image\" \/>\n<script type=\"application\/ld+json\" class=\"yoast-schema-graph\">{\"@context\":\"https:\/\/schema.org\",\"@graph\":[{\"@type\":\"WebPage\",\"@id\":\"https:\/\/www.noticiasradioreflejos.com.ar\/2021\/busqueda-laboral-chef-cocinero-a-2\/\",\"url\":\"https:\/\/www.noticiasradioreflejos.com.ar\/2021\/busqueda-laboral-chef-cocinero-a-2\/\",\"name\":\"B\u00fasqueda laboral: Chef \/ Cocinero\/a - Noticias Radio Reflejos\",\"isPartOf\":{\"@id\":\"https:\/\/www.noticiasradioreflejos.com.ar\/2021\/#website\"},\"primaryImageOfPage\":{\"@id\":\"https:\/\/www.noticiasradioreflejos.com.ar\/2021\/busqueda-laboral-chef-cocinero-a-2\/#primaryimage\"},\"image\":{\"@id\":\"https:\/\/www.noticiasradioreflejos.com.ar\/2021\/busqueda-laboral-chef-cocinero-a-2\/#primaryimage\"},\"thumbnailUrl\":\"https:\/\/www.noticiasradioreflejos.com.ar\/2021\/wp-content\/uploads\/2021\/07\/Personal-de-cocina.jpg\",\"datePublished\":\"2026-01-29T16:23:02+00:00\",\"dateModified\":\"2026-01-29T17:49:29+00:00\",\"author\":{\"@id\":\"https:\/\/www.noticiasradioreflejos.com.ar\/2021\/#\/schema\/person\/ad82545263dcc5ec0996818884fd5fb1\"},\"breadcrumb\":{\"@id\":\"https:\/\/www.noticiasradioreflejos.com.ar\/2021\/busqueda-laboral-chef-cocinero-a-2\/#breadcrumb\"},\"inLanguage\":\"es\",\"potentialAction\":[{\"@type\":\"ReadAction\",\"target\":[\"https:\/\/www.noticiasradioreflejos.com.ar\/2021\/busqueda-laboral-chef-cocinero-a-2\/\"]}]},{\"@type\":\"ImageObject\",\"inLanguage\":\"es\",\"@id\":\"https:\/\/www.noticiasradioreflejos.com.ar\/2021\/busqueda-laboral-chef-cocinero-a-2\/#primaryimage\",\"url\":\"https:\/\/www.noticiasradioreflejos.com.ar\/2021\/wp-content\/uploads\/2021\/07\/Personal-de-cocina.jpg\",\"contentUrl\":\"https:\/\/www.noticiasradioreflejos.com.ar\/2021\/wp-content\/uploads\/2021\/07\/Personal-de-cocina.jpg\",\"width\":625,\"height\":350},{\"@type\":\"BreadcrumbList\",\"@id\":\"https:\/\/www.noticiasradioreflejos.com.ar\/2021\/busqueda-laboral-chef-cocinero-a-2\/#breadcrumb\",\"itemListElement\":[{\"@type\":\"ListItem\",\"position\":1,\"name\":\"Portada\",\"item\":\"https:\/\/www.noticiasradioreflejos.com.ar\/2021\/\"},{\"@type\":\"ListItem\",\"position\":2,\"name\":\"B\u00fasqueda laboral: Chef \/ Cocinero\/a\"}]},{\"@type\":\"WebSite\",\"@id\":\"https:\/\/www.noticiasradioreflejos.com.ar\/2021\/#website\",\"url\":\"https:\/\/www.noticiasradioreflejos.com.ar\/2021\/\",\"name\":\"Noticias Radio Reflejos\",\"description\":\"Las noticias de mi comarca\",\"potentialAction\":[{\"@type\":\"SearchAction\",\"target\":{\"@type\":\"EntryPoint\",\"urlTemplate\":\"https:\/\/www.noticiasradioreflejos.com.ar\/2021\/?s={search_term_string}\"},\"query-input\":{\"@type\":\"PropertyValueSpecification\",\"valueRequired\":true,\"valueName\":\"search_term_string\"}}],\"inLanguage\":\"es\"},{\"@type\":\"Person\",\"@id\":\"https:\/\/www.noticiasradioreflejos.com.ar\/2021\/#\/schema\/person\/ad82545263dcc5ec0996818884fd5fb1\",\"name\":\"Arnaldo Botto\",\"image\":{\"@type\":\"ImageObject\",\"inLanguage\":\"es\",\"@id\":\"https:\/\/www.noticiasradioreflejos.com.ar\/2021\/#\/schema\/person\/image\/\",\"url\":\"https:\/\/secure.gravatar.com\/avatar\/55cb5e37c1efa326397366e6974cb338056df65cb50e7d64d1cf314e87504837?s=96&d=mm&r=g\",\"contentUrl\":\"https:\/\/secure.gravatar.com\/avatar\/55cb5e37c1efa326397366e6974cb338056df65cb50e7d64d1cf314e87504837?s=96&d=mm&r=g\",\"caption\":\"Arnaldo Botto\"},\"url\":\"https:\/\/www.noticiasradioreflejos.com.ar\/2021\/author\/arnaldo\/\"}]}<\/script>\n<!-- \/ Yoast SEO plugin. -->","yoast_head_json":{"title":"B\u00fasqueda laboral: Chef \/ Cocinero\/a - Noticias Radio Reflejos","robots":{"index":"index","follow":"follow","max-snippet":"max-snippet:-1","max-image-preview":"max-image-preview:large","max-video-preview":"max-video-preview:-1"},"canonical":"https:\/\/www.noticiasradioreflejos.com.ar\/2021\/busqueda-laboral-chef-cocinero-a-2\/","og_locale":"es_ES","og_type":"article","og_title":"B\u00fasqueda laboral: Chef \/ Cocinero\/a - Noticias Radio Reflejos","og_description":"Restaurante reconocido en\u00a0Sierra de la Ventana\u00a0se encuentra en la b\u00fasqueda de un\/a Chef \/ Cocinero\/a para incorporarse a un equipo de trabajo estable, con continuidad laboral durante todo el a\u00f1o.","og_url":"https:\/\/www.noticiasradioreflejos.com.ar\/2021\/busqueda-laboral-chef-cocinero-a-2\/","og_site_name":"Noticias Radio Reflejos","article_published_time":"2026-01-29T16:23:02+00:00","article_modified_time":"2026-01-29T17:49:29+00:00","og_image":[{"width":625,"height":350,"url":"https:\/\/www.noticiasradioreflejos.com.ar\/2021\/wp-content\/uploads\/2021\/07\/Personal-de-cocina.jpg","type":"image\/jpeg"}],"author":"Arnaldo Botto","twitter_card":"summary_large_image","schema":{"@context":"https:\/\/schema.org","@graph":[{"@type":"WebPage","@id":"https:\/\/www.noticiasradioreflejos.com.ar\/2021\/busqueda-laboral-chef-cocinero-a-2\/","url":"https:\/\/www.noticiasradioreflejos.com.ar\/2021\/busqueda-laboral-chef-cocinero-a-2\/","name":"B\u00fasqueda laboral: Chef \/ Cocinero\/a - Noticias Radio Reflejos","isPartOf":{"@id":"https:\/\/www.noticiasradioreflejos.com.ar\/2021\/#website"},"primaryImageOfPage":{"@id":"https:\/\/www.noticiasradioreflejos.com.ar\/2021\/busqueda-laboral-chef-cocinero-a-2\/#primaryimage"},"image":{"@id":"https:\/\/www.noticiasradioreflejos.com.ar\/2021\/busqueda-laboral-chef-cocinero-a-2\/#primaryimage"},"thumbnailUrl":"https:\/\/www.noticiasradioreflejos.com.ar\/2021\/wp-content\/uploads\/2021\/07\/Personal-de-cocina.jpg","datePublished":"2026-01-29T16:23:02+00:00","dateModified":"2026-01-29T17:49:29+00:00","author":{"@id":"https:\/\/www.noticiasradioreflejos.com.ar\/2021\/#\/schema\/person\/ad82545263dcc5ec0996818884fd5fb1"},"breadcrumb":{"@id":"https:\/\/www.noticiasradioreflejos.com.ar\/2021\/busqueda-laboral-chef-cocinero-a-2\/#breadcrumb"},"inLanguage":"es","potentialAction":[{"@type":"ReadAction","target":["https:\/\/www.noticiasradioreflejos.com.ar\/2021\/busqueda-laboral-chef-cocinero-a-2\/"]}]},{"@type":"ImageObject","inLanguage":"es","@id":"https:\/\/www.noticiasradioreflejos.com.ar\/2021\/busqueda-laboral-chef-cocinero-a-2\/#primaryimage","url":"https:\/\/www.noticiasradioreflejos.com.ar\/2021\/wp-content\/uploads\/2021\/07\/Personal-de-cocina.jpg","contentUrl":"https:\/\/www.noticiasradioreflejos.com.ar\/2021\/wp-content\/uploads\/2021\/07\/Personal-de-cocina.jpg","width":625,"height":350},{"@type":"BreadcrumbList","@id":"https:\/\/www.noticiasradioreflejos.com.ar\/2021\/busqueda-laboral-chef-cocinero-a-2\/#breadcrumb","itemListElement":[{"@type":"ListItem","position":1,"name":"Portada","item":"https:\/\/www.noticiasradioreflejos.com.ar\/2021\/"},{"@type":"ListItem","position":2,"name":"B\u00fasqueda laboral: Chef \/ Cocinero\/a"}]},{"@type":"WebSite","@id":"https:\/\/www.noticiasradioreflejos.com.ar\/2021\/#website","url":"https:\/\/www.noticiasradioreflejos.com.ar\/2021\/","name":"Noticias Radio Reflejos","description":"Las noticias de mi comarca","potentialAction":[{"@type":"SearchAction","target":{"@type":"EntryPoint","urlTemplate":"https:\/\/www.noticiasradioreflejos.com.ar\/2021\/?s={search_term_string}"},"query-input":{"@type":"PropertyValueSpecification","valueRequired":true,"valueName":"search_term_string"}}],"inLanguage":"es"},{"@type":"Person","@id":"https:\/\/www.noticiasradioreflejos.com.ar\/2021\/#\/schema\/person\/ad82545263dcc5ec0996818884fd5fb1","name":"Arnaldo Botto","image":{"@type":"ImageObject","inLanguage":"es","@id":"https:\/\/www.noticiasradioreflejos.com.ar\/2021\/#\/schema\/person\/image\/","url":"https:\/\/secure.gravatar.com\/avatar\/55cb5e37c1efa326397366e6974cb338056df65cb50e7d64d1cf314e87504837?s=96&d=mm&r=g","contentUrl":"https:\/\/secure.gravatar.com\/avatar\/55cb5e37c1efa326397366e6974cb338056df65cb50e7d64d1cf314e87504837?s=96&d=mm&r=g","caption":"Arnaldo Botto"},"url":"https:\/\/www.noticiasradioreflejos.com.ar\/2021\/author\/arnaldo\/"}]}},"_links":{"self":[{"href":"https:\/\/www.noticiasradioreflejos.com.ar\/2021\/wp-json\/wp\/v2\/posts\/132076","targetHints":{"allow":["GET"]}}],"collection":[{"href":"https:\/\/www.noticiasradioreflejos.com.ar\/2021\/wp-json\/wp\/v2\/posts"}],"about":[{"href":"https:\/\/www.noticiasradioreflejos.com.ar\/2021\/wp-json\/wp\/v2\/types\/post"}],"author":[{"embeddable":true,"href":"https:\/\/www.noticiasradioreflejos.com.ar\/2021\/wp-json\/wp\/v2\/users\/3"}],"replies":[{"embeddable":true,"href":"https:\/\/www.noticiasradioreflejos.com.ar\/2021\/wp-json\/wp\/v2\/comments?post=132076"}],"version-history":[{"count":1,"href":"https:\/\/www.noticiasradioreflejos.com.ar\/2021\/wp-json\/wp\/v2\/posts\/132076\/revisions"}],"predecessor-version":[{"id":132077,"href":"https:\/\/www.noticiasradioreflejos.com.ar\/2021\/wp-json\/wp\/v2\/posts\/132076\/revisions\/132077"}],"wp:featuredmedia":[{"embeddable":true,"href":"https:\/\/www.noticiasradioreflejos.com.ar\/2021\/wp-json\/wp\/v2\/media\/60712"}],"wp:attachment":[{"href":"https:\/\/www.noticiasradioreflejos.com.ar\/2021\/wp-json\/wp\/v2\/media?parent=132076"}],"wp:term":[{"taxonomy":"category","embeddable":true,"href":"https:\/\/www.noticiasradioreflejos.com.ar\/2021\/wp-json\/wp\/v2\/categories?post=132076"},{"taxonomy":"post_tag","embeddable":true,"href":"https:\/\/www.noticiasradioreflejos.com.ar\/2021\/wp-json\/wp\/v2\/tags?post=132076"}],"curies":[{"name":"wp","href":"https:\/\/api.w.org\/{rel}","templated":true}]}}