{"id":13205,"date":"2017-08-07T12:38:47","date_gmt":"2017-08-07T15:38:47","guid":{"rendered":"http:\/\/www.noticiasradioreflejos.com.ar\/noticias\/?p=13205"},"modified":"2017-08-07T12:38:47","modified_gmt":"2017-08-07T15:38:47","slug":"la-gente-esta-desilusionada-con-cambiemos-y-muy-preocupada-con-el-futuro-alejandro-dichiara","status":"publish","type":"post","link":"https:\/\/www.noticiasradioreflejos.com.ar\/2021\/la-gente-esta-desilusionada-con-cambiemos-y-muy-preocupada-con-el-futuro-alejandro-dichiara\/","title":{"rendered":"&quot;La gente esta desilusionada con &quot;Cambiemos&quot; y muy preocupada con el futuro&quot; Alejandro Dichiara"},"content":{"rendered":"<p>En comunicaci\u00f3n telef\u00f3nica, charlamos con el Senador Provincial Alejandro Dichiara, hoy encabezando la lista del Frente Justicialista \u00abCumplir\u00bb que lidera Florencio Randazzo, como candidato a Diputado Prov.<br \/>\nDichiara, de una vasta trayectoria en la funci\u00f3n p\u00fablica y legislativa en Monte Hermoso, nos describe como trabajan junto a Gustavo Trankels y todos los candidatos de \u00abCumplir\u00bb para las PASO del pr\u00f3ximo domingo.<!--more--><br \/>\n\u00abVeo a la gente con un hartazgo hacia los pol\u00edticos\u00bb destaca el actual senador, confirmando que \u00abLa gente esta desilusionada con \u00abCambiemos\u00bb y muy preocupada con el futuro inmediato\u00bb a esto afirma que nota muy poco inter\u00e9s del electorado por estas elecciones.<br \/>\nDichiara contin\u00faa dando referencias durante la charla de la percepci\u00f3n y recepci\u00f3n de la gente de la 6ta. Secci\u00f3n y dice: \u00abSe ve un momento muy complicado, especialmente por el aumento de los costos de los servicios\u00bb, a lo que afirma como respuesta a la cr\u00edtica situaci\u00f3n: \u00abEl Frente Cumplir se consolida, la gente busca un lider que sepa enfrentar los intereses del gobierno y nosotros somos los \u00fanicos que representamos al peronismo\u00bb, considerando a Randazzo como un hombre que hce culto y honor de la palabra y con una s\u00f3lida formaci\u00f3n y experiencia en gesti\u00f3n de gobierno a lo que considera \u00abUn c\u00f3ctel impactante para que lo voten\u00bb.<br \/>\nAlejandro trabaj\u00f3 en Monte Hermoso en 1984 como Director Deportes de la comuna, cargo que desempe\u00f1\u00f3 hasta 1989, cuando asumi\u00f3 como Director de Turismo, Cultura y Deportes de la Municipalidad.<br \/>\nEn 1991, durante la intendencia de Alberto Abraham, ocup\u00f3 el cargo de la jerarquizada \u00e1rea de Turismo.<br \/>\nDesde el 5 de mayo de 1998 hasta diciembre de 1999 fue Director de Turismo de la provincia de Buenos Aires.<br \/>\nEn diciembre de 1999 fue elegido Concejal del PJ montehermose\u00f1o y como tal, titular del cuerpo, cargo del que pidi\u00f3 licencia para desempe\u00f1arse como jefe de Gabinete del Ministerio de la Producci\u00f3n bonaerense, desde mayo de 2003 hasta diciembre de 2004.<br \/>\nEn octubre de 2005 asume como Intendente por ser el primer Concejal en la lista que encabez\u00f3 en el 2003 Marcelo Di Pascuale, quien dej\u00f3 su cargo al asumir como Diputado Provincial por el FPV, y es ese el puesto que cubri\u00f3 durante los siguientes 2 per\u00edodos hasta que finalmente es ratificada su intendencia mediante el 74% de los votos en las elecciones del 30 de octubre de 2007. El 10 de diciembre de 2007 asume la Intendencia Municipal.<br \/>\nEn 2011 se presenta como candidato a Senador provincial en las listas del Frente para la Victoria y logra acceder a una banca.<br \/>\n<iframe loading=\"lazy\" src=\"https:\/\/w.soundcloud.com\/player\/?url=https%3A\/\/api.soundcloud.com\/tracks\/336842910&amp;color=ff5500&amp;auto_play=false&amp;hide_related=false&amp;show_comments=true&amp;show_user=true&amp;show_reposts=false\" width=\"100%\" height=\"166\" frameborder=\"no\" scrolling=\"no\"><\/iframe><\/p>\n","protected":false},"excerpt":{"rendered":"<p>En comunicaci\u00f3n telef\u00f3nica, charlamos con el Senador Provincial Alejandro Dichiara, hoy encabezando la lista del Frente Justicialista \u00abCumplir\u00bb que lidera Florencio Randazzo, como candidato a Diputado Prov. Dichiara, de una vasta trayectoria en la funci\u00f3n p\u00fablica y legislativa en Monte Hermoso, nos describe como trabajan junto a Gustavo Trankels y todos los candidatos de \u00abCumplir\u00bb [&hellip;]<\/p>\n","protected":false},"author":3,"featured_media":0,"comment_status":"closed","ping_status":"open","sticky":false,"template":"","format":"standard","meta":{"footnotes":""},"categories":[24],"tags":[],"class_list":["post-13205","post","type-post","status-publish","format-standard","hentry","category-politica"],"yoast_head":"<!-- This site is optimized with the Yoast SEO plugin v25.9 - https:\/\/yoast.com\/wordpress\/plugins\/seo\/ -->\n<title>&quot;La gente esta desilusionada con &quot;Cambiemos&quot; y muy preocupada con el futuro&quot; Alejandro Dichiara - Noticias Radio Reflejos<\/title>\n<meta name=\"robots\" content=\"index, follow, max-snippet:-1, max-image-preview:large, max-video-preview:-1\" \/>\n<link rel=\"canonical\" href=\"https:\/\/www.noticiasradioreflejos.com.ar\/2021\/la-gente-esta-desilusionada-con-cambiemos-y-muy-preocupada-con-el-futuro-alejandro-dichiara\/\" \/>\n<meta property=\"og:locale\" content=\"es_ES\" \/>\n<meta property=\"og:type\" content=\"article\" \/>\n<meta property=\"og:title\" content=\"&quot;La gente esta desilusionada con &quot;Cambiemos&quot; y muy preocupada con el futuro&quot; Alejandro Dichiara - Noticias Radio Reflejos\" \/>\n<meta property=\"og:description\" content=\"En comunicaci\u00f3n telef\u00f3nica, charlamos con el Senador Provincial Alejandro Dichiara, hoy encabezando la lista del Frente Justicialista \u00abCumplir\u00bb que lidera Florencio Randazzo, como candidato a Diputado Prov. Dichiara, de una vasta trayectoria en la funci\u00f3n p\u00fablica y legislativa en Monte Hermoso, nos describe como trabajan junto a Gustavo Trankels y todos los candidatos de \u00abCumplir\u00bb [&hellip;]\" \/>\n<meta property=\"og:url\" content=\"https:\/\/www.noticiasradioreflejos.com.ar\/2021\/la-gente-esta-desilusionada-con-cambiemos-y-muy-preocupada-con-el-futuro-alejandro-dichiara\/\" \/>\n<meta property=\"og:site_name\" content=\"Noticias Radio Reflejos\" \/>\n<meta property=\"article:published_time\" content=\"2017-08-07T15:38:47+00:00\" \/>\n<meta property=\"og:image\" content=\"https:\/\/www.noticiasradioreflejos.com.ar\/2021\/wp-content\/uploads\/2021\/07\/logosol300x200.png\" \/>\n\t<meta property=\"og:image:width\" content=\"300\" \/>\n\t<meta property=\"og:image:height\" content=\"200\" \/>\n\t<meta property=\"og:image:type\" content=\"image\/png\" \/>\n<meta name=\"author\" content=\"Arnaldo Botto\" \/>\n<meta name=\"twitter:card\" content=\"summary_large_image\" \/>\n<script type=\"application\/ld+json\" class=\"yoast-schema-graph\">{\"@context\":\"https:\/\/schema.org\",\"@graph\":[{\"@type\":\"WebPage\",\"@id\":\"https:\/\/www.noticiasradioreflejos.com.ar\/2021\/la-gente-esta-desilusionada-con-cambiemos-y-muy-preocupada-con-el-futuro-alejandro-dichiara\/\",\"url\":\"https:\/\/www.noticiasradioreflejos.com.ar\/2021\/la-gente-esta-desilusionada-con-cambiemos-y-muy-preocupada-con-el-futuro-alejandro-dichiara\/\",\"name\":\"&quot;La gente esta desilusionada con &quot;Cambiemos&quot; y muy preocupada con el futuro&quot; Alejandro Dichiara - Noticias Radio Reflejos\",\"isPartOf\":{\"@id\":\"https:\/\/www.noticiasradioreflejos.com.ar\/2021\/#website\"},\"datePublished\":\"2017-08-07T15:38:47+00:00\",\"author\":{\"@id\":\"https:\/\/www.noticiasradioreflejos.com.ar\/2021\/#\/schema\/person\/ad82545263dcc5ec0996818884fd5fb1\"},\"breadcrumb\":{\"@id\":\"https:\/\/www.noticiasradioreflejos.com.ar\/2021\/la-gente-esta-desilusionada-con-cambiemos-y-muy-preocupada-con-el-futuro-alejandro-dichiara\/#breadcrumb\"},\"inLanguage\":\"es\",\"potentialAction\":[{\"@type\":\"ReadAction\",\"target\":[\"https:\/\/www.noticiasradioreflejos.com.ar\/2021\/la-gente-esta-desilusionada-con-cambiemos-y-muy-preocupada-con-el-futuro-alejandro-dichiara\/\"]}]},{\"@type\":\"BreadcrumbList\",\"@id\":\"https:\/\/www.noticiasradioreflejos.com.ar\/2021\/la-gente-esta-desilusionada-con-cambiemos-y-muy-preocupada-con-el-futuro-alejandro-dichiara\/#breadcrumb\",\"itemListElement\":[{\"@type\":\"ListItem\",\"position\":1,\"name\":\"Portada\",\"item\":\"https:\/\/www.noticiasradioreflejos.com.ar\/2021\/\"},{\"@type\":\"ListItem\",\"position\":2,\"name\":\"&quot;La gente esta desilusionada con &quot;Cambiemos&quot; y muy preocupada con el futuro&quot; Alejandro Dichiara\"}]},{\"@type\":\"WebSite\",\"@id\":\"https:\/\/www.noticiasradioreflejos.com.ar\/2021\/#website\",\"url\":\"https:\/\/www.noticiasradioreflejos.com.ar\/2021\/\",\"name\":\"Noticias Radio Reflejos\",\"description\":\"Las noticias de mi comarca\",\"potentialAction\":[{\"@type\":\"SearchAction\",\"target\":{\"@type\":\"EntryPoint\",\"urlTemplate\":\"https:\/\/www.noticiasradioreflejos.com.ar\/2021\/?s={search_term_string}\"},\"query-input\":{\"@type\":\"PropertyValueSpecification\",\"valueRequired\":true,\"valueName\":\"search_term_string\"}}],\"inLanguage\":\"es\"},{\"@type\":\"Person\",\"@id\":\"https:\/\/www.noticiasradioreflejos.com.ar\/2021\/#\/schema\/person\/ad82545263dcc5ec0996818884fd5fb1\",\"name\":\"Arnaldo Botto\",\"image\":{\"@type\":\"ImageObject\",\"inLanguage\":\"es\",\"@id\":\"https:\/\/www.noticiasradioreflejos.com.ar\/2021\/#\/schema\/person\/image\/\",\"url\":\"https:\/\/secure.gravatar.com\/avatar\/55cb5e37c1efa326397366e6974cb338056df65cb50e7d64d1cf314e87504837?s=96&d=mm&r=g\",\"contentUrl\":\"https:\/\/secure.gravatar.com\/avatar\/55cb5e37c1efa326397366e6974cb338056df65cb50e7d64d1cf314e87504837?s=96&d=mm&r=g\",\"caption\":\"Arnaldo Botto\"},\"url\":\"https:\/\/www.noticiasradioreflejos.com.ar\/2021\/author\/arnaldo\/\"}]}<\/script>\n<!-- \/ Yoast SEO plugin. -->","yoast_head_json":{"title":"&quot;La gente esta desilusionada con &quot;Cambiemos&quot; y muy preocupada con el futuro&quot; Alejandro Dichiara - Noticias Radio Reflejos","robots":{"index":"index","follow":"follow","max-snippet":"max-snippet:-1","max-image-preview":"max-image-preview:large","max-video-preview":"max-video-preview:-1"},"canonical":"https:\/\/www.noticiasradioreflejos.com.ar\/2021\/la-gente-esta-desilusionada-con-cambiemos-y-muy-preocupada-con-el-futuro-alejandro-dichiara\/","og_locale":"es_ES","og_type":"article","og_title":"&quot;La gente esta desilusionada con &quot;Cambiemos&quot; y muy preocupada con el futuro&quot; Alejandro Dichiara - Noticias Radio Reflejos","og_description":"En comunicaci\u00f3n telef\u00f3nica, charlamos con el Senador Provincial Alejandro Dichiara, hoy encabezando la lista del Frente Justicialista \u00abCumplir\u00bb que lidera Florencio Randazzo, como candidato a Diputado Prov. Dichiara, de una vasta trayectoria en la funci\u00f3n p\u00fablica y legislativa en Monte Hermoso, nos describe como trabajan junto a Gustavo Trankels y todos los candidatos de \u00abCumplir\u00bb [&hellip;]","og_url":"https:\/\/www.noticiasradioreflejos.com.ar\/2021\/la-gente-esta-desilusionada-con-cambiemos-y-muy-preocupada-con-el-futuro-alejandro-dichiara\/","og_site_name":"Noticias Radio Reflejos","article_published_time":"2017-08-07T15:38:47+00:00","og_image":[{"width":300,"height":200,"url":"https:\/\/www.noticiasradioreflejos.com.ar\/2021\/wp-content\/uploads\/2021\/07\/logosol300x200.png","type":"image\/png"}],"author":"Arnaldo Botto","twitter_card":"summary_large_image","schema":{"@context":"https:\/\/schema.org","@graph":[{"@type":"WebPage","@id":"https:\/\/www.noticiasradioreflejos.com.ar\/2021\/la-gente-esta-desilusionada-con-cambiemos-y-muy-preocupada-con-el-futuro-alejandro-dichiara\/","url":"https:\/\/www.noticiasradioreflejos.com.ar\/2021\/la-gente-esta-desilusionada-con-cambiemos-y-muy-preocupada-con-el-futuro-alejandro-dichiara\/","name":"&quot;La gente esta desilusionada con &quot;Cambiemos&quot; y muy preocupada con el futuro&quot; Alejandro Dichiara - Noticias Radio Reflejos","isPartOf":{"@id":"https:\/\/www.noticiasradioreflejos.com.ar\/2021\/#website"},"datePublished":"2017-08-07T15:38:47+00:00","author":{"@id":"https:\/\/www.noticiasradioreflejos.com.ar\/2021\/#\/schema\/person\/ad82545263dcc5ec0996818884fd5fb1"},"breadcrumb":{"@id":"https:\/\/www.noticiasradioreflejos.com.ar\/2021\/la-gente-esta-desilusionada-con-cambiemos-y-muy-preocupada-con-el-futuro-alejandro-dichiara\/#breadcrumb"},"inLanguage":"es","potentialAction":[{"@type":"ReadAction","target":["https:\/\/www.noticiasradioreflejos.com.ar\/2021\/la-gente-esta-desilusionada-con-cambiemos-y-muy-preocupada-con-el-futuro-alejandro-dichiara\/"]}]},{"@type":"BreadcrumbList","@id":"https:\/\/www.noticiasradioreflejos.com.ar\/2021\/la-gente-esta-desilusionada-con-cambiemos-y-muy-preocupada-con-el-futuro-alejandro-dichiara\/#breadcrumb","itemListElement":[{"@type":"ListItem","position":1,"name":"Portada","item":"https:\/\/www.noticiasradioreflejos.com.ar\/2021\/"},{"@type":"ListItem","position":2,"name":"&quot;La gente esta desilusionada con &quot;Cambiemos&quot; y muy preocupada con el futuro&quot; Alejandro Dichiara"}]},{"@type":"WebSite","@id":"https:\/\/www.noticiasradioreflejos.com.ar\/2021\/#website","url":"https:\/\/www.noticiasradioreflejos.com.ar\/2021\/","name":"Noticias Radio Reflejos","description":"Las noticias de mi comarca","potentialAction":[{"@type":"SearchAction","target":{"@type":"EntryPoint","urlTemplate":"https:\/\/www.noticiasradioreflejos.com.ar\/2021\/?s={search_term_string}"},"query-input":{"@type":"PropertyValueSpecification","valueRequired":true,"valueName":"search_term_string"}}],"inLanguage":"es"},{"@type":"Person","@id":"https:\/\/www.noticiasradioreflejos.com.ar\/2021\/#\/schema\/person\/ad82545263dcc5ec0996818884fd5fb1","name":"Arnaldo Botto","image":{"@type":"ImageObject","inLanguage":"es","@id":"https:\/\/www.noticiasradioreflejos.com.ar\/2021\/#\/schema\/person\/image\/","url":"https:\/\/secure.gravatar.com\/avatar\/55cb5e37c1efa326397366e6974cb338056df65cb50e7d64d1cf314e87504837?s=96&d=mm&r=g","contentUrl":"https:\/\/secure.gravatar.com\/avatar\/55cb5e37c1efa326397366e6974cb338056df65cb50e7d64d1cf314e87504837?s=96&d=mm&r=g","caption":"Arnaldo Botto"},"url":"https:\/\/www.noticiasradioreflejos.com.ar\/2021\/author\/arnaldo\/"}]}},"_links":{"self":[{"href":"https:\/\/www.noticiasradioreflejos.com.ar\/2021\/wp-json\/wp\/v2\/posts\/13205","targetHints":{"allow":["GET"]}}],"collection":[{"href":"https:\/\/www.noticiasradioreflejos.com.ar\/2021\/wp-json\/wp\/v2\/posts"}],"about":[{"href":"https:\/\/www.noticiasradioreflejos.com.ar\/2021\/wp-json\/wp\/v2\/types\/post"}],"author":[{"embeddable":true,"href":"https:\/\/www.noticiasradioreflejos.com.ar\/2021\/wp-json\/wp\/v2\/users\/3"}],"replies":[{"embeddable":true,"href":"https:\/\/www.noticiasradioreflejos.com.ar\/2021\/wp-json\/wp\/v2\/comments?post=13205"}],"version-history":[{"count":0,"href":"https:\/\/www.noticiasradioreflejos.com.ar\/2021\/wp-json\/wp\/v2\/posts\/13205\/revisions"}],"wp:attachment":[{"href":"https:\/\/www.noticiasradioreflejos.com.ar\/2021\/wp-json\/wp\/v2\/media?parent=13205"}],"wp:term":[{"taxonomy":"category","embeddable":true,"href":"https:\/\/www.noticiasradioreflejos.com.ar\/2021\/wp-json\/wp\/v2\/categories?post=13205"},{"taxonomy":"post_tag","embeddable":true,"href":"https:\/\/www.noticiasradioreflejos.com.ar\/2021\/wp-json\/wp\/v2\/tags?post=13205"}],"curies":[{"name":"wp","href":"https:\/\/api.w.org\/{rel}","templated":true}]}}