{"id":132038,"date":"2026-01-28T18:06:12","date_gmt":"2026-01-28T21:06:12","guid":{"rendered":"https:\/\/www.noticiasradioreflejos.com.ar\/2021\/?p=132038"},"modified":"2026-01-28T18:06:12","modified_gmt":"2026-01-28T21:06:12","slug":"el-chaqueno-palavecino-fue-expulsado-de-la-asociacion-federal-de-raices-criollas-el-motivo","status":"publish","type":"post","link":"https:\/\/www.noticiasradioreflejos.com.ar\/2021\/el-chaqueno-palavecino-fue-expulsado-de-la-asociacion-federal-de-raices-criollas-el-motivo\/","title":{"rendered":"El Chaque\u00f1o Palavecino fue expulsado de la Asociaci\u00f3n Federal de Ra\u00edces Criollas: el motivo"},"content":{"rendered":"<header class=\"article-header\" data-tadevel-template=\"web\/article-header\">\n<p class=\"article-deck\">La conducci\u00f3n remarc\u00f3 que hist\u00f3ricamente mantuvieron una postura ligada a las expresiones populares, luchas sociales, y alejada de los espacios de poder.<\/p>\n<p><time class=\"article-date\" datetime=\"2026-01-27T19:11:58.336Z\"><\/time><\/header>\n<p><!--more--><\/p>\n<div class=\"columns\" data-tadevel-template=\"web\/article-columns\">\n<div class=\"column-main\">\n<figure class=\"multimedia\" data-tadevel-template=\"web\/multimedia\" data-type=\"photo\">\n<div class=\"content\"><\/div>\n<\/figure>\n<div class=\"article-body\" data-tadevel-template=\"web\/article-body\">\n<div class=\"article-body-content\">\n<p>\u00a0La participaci\u00f3n del\u00a0<strong>Chaque\u00f1o Palavecino<\/strong>\u00a0junto al presidente\u00a0<strong>Javier Milei<\/strong>\u00a0en el Festival Nacional de la Doma y el Folklore de Jes\u00fas Mar\u00eda sigue generando repercusiones.<\/p>\n<p>A trav\u00e9s de Lape Club Social, la <strong>Asociaci\u00f3n Federal de Ra\u00edces Criollas<\/strong>\u00a0anunci\u00f3 su expulsi\u00f3n del organismo, desatando un fuerte debate dentro del mundo del folklore.<\/p>\n<p>La decisi\u00f3n se oficializ\u00f3 mediante un comunicado en el que la entidad expres\u00f3 que la actuaci\u00f3n del cantante en un acto popular junto al mandatario resulta\u00a0<strong>\u201cincompatible con la esencia criolla\u201d<\/strong>, seg\u00fan los lineamientos que sostienen desde su creaci\u00f3n.<\/p>\n<p>En el texto difundido por la Asociaci\u00f3n, la conducci\u00f3n remarc\u00f3 que hist\u00f3ricamente mantuvieron una postura ligada a las\u00a0<strong>expresiones populares y luchas sociales<\/strong>, y alejada de los\u00a0<strong>espacios de poder<\/strong>.<\/p>\n<p>\u201cNuestros valores hist\u00f3ricos est\u00e1n del lado del pueblo, no del poder\u201d, sostuvieron, dejando en claro que la imagen del artista junto al Presidente no fue interpretada como un gesto aislado, sino como una contradicci\u00f3n respecto del movimiento cultural que representan.<\/p>\n<p><a href=\"https:\/\/noticiasargentinas.com\/-agenciana_t6916e70a4551e78eb9423f59\">#AgenciaNA<\/a><\/p>\n<\/div>\n<\/div>\n<\/div>\n<\/div>\n<p>&nbsp;<\/p>\n","protected":false},"excerpt":{"rendered":"<p>La conducci\u00f3n remarc\u00f3 que hist\u00f3ricamente mantuvieron una postura ligada a las expresiones populares, luchas sociales, y alejada de los espacios de poder.<\/p>\n","protected":false},"author":3,"featured_media":0,"comment_status":"closed","ping_status":"closed","sticky":false,"template":"","format":"standard","meta":{"footnotes":""},"categories":[35],"tags":[],"class_list":["post-132038","post","type-post","status-publish","format-standard","hentry","category-cultura"],"yoast_head":"<!-- This site is optimized with the Yoast SEO plugin v25.9 - https:\/\/yoast.com\/wordpress\/plugins\/seo\/ -->\n<title>El Chaque\u00f1o Palavecino fue expulsado de la Asociaci\u00f3n Federal de Ra\u00edces Criollas: el motivo - Noticias Radio Reflejos<\/title>\n<meta name=\"robots\" content=\"index, follow, max-snippet:-1, max-image-preview:large, max-video-preview:-1\" \/>\n<link rel=\"canonical\" href=\"https:\/\/www.noticiasradioreflejos.com.ar\/2021\/el-chaqueno-palavecino-fue-expulsado-de-la-asociacion-federal-de-raices-criollas-el-motivo\/\" \/>\n<meta property=\"og:locale\" content=\"es_ES\" \/>\n<meta property=\"og:type\" content=\"article\" \/>\n<meta property=\"og:title\" content=\"El Chaque\u00f1o Palavecino fue expulsado de la Asociaci\u00f3n Federal de Ra\u00edces Criollas: el motivo - Noticias Radio Reflejos\" \/>\n<meta property=\"og:description\" content=\"La conducci\u00f3n remarc\u00f3 que hist\u00f3ricamente mantuvieron una postura ligada a las expresiones populares, luchas sociales, y alejada de los espacios de poder.\" \/>\n<meta property=\"og:url\" content=\"https:\/\/www.noticiasradioreflejos.com.ar\/2021\/el-chaqueno-palavecino-fue-expulsado-de-la-asociacion-federal-de-raices-criollas-el-motivo\/\" \/>\n<meta property=\"og:site_name\" content=\"Noticias Radio Reflejos\" \/>\n<meta property=\"article:published_time\" content=\"2026-01-28T21:06:12+00:00\" \/>\n<meta property=\"og:image\" content=\"https:\/\/www.noticiasradioreflejos.com.ar\/2021\/wp-content\/uploads\/2026\/01\/720-3.jpg\" \/>\n\t<meta property=\"og:image:width\" content=\"669\" \/>\n\t<meta property=\"og:image:height\" content=\"368\" \/>\n\t<meta property=\"og:image:type\" content=\"image\/jpeg\" \/>\n<meta name=\"author\" content=\"Arnaldo Botto\" \/>\n<meta name=\"twitter:card\" content=\"summary_large_image\" \/>\n<script type=\"application\/ld+json\" class=\"yoast-schema-graph\">{\"@context\":\"https:\/\/schema.org\",\"@graph\":[{\"@type\":\"WebPage\",\"@id\":\"https:\/\/www.noticiasradioreflejos.com.ar\/2021\/el-chaqueno-palavecino-fue-expulsado-de-la-asociacion-federal-de-raices-criollas-el-motivo\/\",\"url\":\"https:\/\/www.noticiasradioreflejos.com.ar\/2021\/el-chaqueno-palavecino-fue-expulsado-de-la-asociacion-federal-de-raices-criollas-el-motivo\/\",\"name\":\"El Chaque\u00f1o Palavecino fue expulsado de la Asociaci\u00f3n Federal de Ra\u00edces Criollas: el motivo - Noticias Radio Reflejos\",\"isPartOf\":{\"@id\":\"https:\/\/www.noticiasradioreflejos.com.ar\/2021\/#website\"},\"datePublished\":\"2026-01-28T21:06:12+00:00\",\"author\":{\"@id\":\"https:\/\/www.noticiasradioreflejos.com.ar\/2021\/#\/schema\/person\/ad82545263dcc5ec0996818884fd5fb1\"},\"breadcrumb\":{\"@id\":\"https:\/\/www.noticiasradioreflejos.com.ar\/2021\/el-chaqueno-palavecino-fue-expulsado-de-la-asociacion-federal-de-raices-criollas-el-motivo\/#breadcrumb\"},\"inLanguage\":\"es\",\"potentialAction\":[{\"@type\":\"ReadAction\",\"target\":[\"https:\/\/www.noticiasradioreflejos.com.ar\/2021\/el-chaqueno-palavecino-fue-expulsado-de-la-asociacion-federal-de-raices-criollas-el-motivo\/\"]}]},{\"@type\":\"BreadcrumbList\",\"@id\":\"https:\/\/www.noticiasradioreflejos.com.ar\/2021\/el-chaqueno-palavecino-fue-expulsado-de-la-asociacion-federal-de-raices-criollas-el-motivo\/#breadcrumb\",\"itemListElement\":[{\"@type\":\"ListItem\",\"position\":1,\"name\":\"Portada\",\"item\":\"https:\/\/www.noticiasradioreflejos.com.ar\/2021\/\"},{\"@type\":\"ListItem\",\"position\":2,\"name\":\"El Chaque\u00f1o Palavecino fue expulsado de la Asociaci\u00f3n Federal de Ra\u00edces Criollas: el motivo\"}]},{\"@type\":\"WebSite\",\"@id\":\"https:\/\/www.noticiasradioreflejos.com.ar\/2021\/#website\",\"url\":\"https:\/\/www.noticiasradioreflejos.com.ar\/2021\/\",\"name\":\"Noticias Radio Reflejos\",\"description\":\"Las noticias de mi comarca\",\"potentialAction\":[{\"@type\":\"SearchAction\",\"target\":{\"@type\":\"EntryPoint\",\"urlTemplate\":\"https:\/\/www.noticiasradioreflejos.com.ar\/2021\/?s={search_term_string}\"},\"query-input\":{\"@type\":\"PropertyValueSpecification\",\"valueRequired\":true,\"valueName\":\"search_term_string\"}}],\"inLanguage\":\"es\"},{\"@type\":\"Person\",\"@id\":\"https:\/\/www.noticiasradioreflejos.com.ar\/2021\/#\/schema\/person\/ad82545263dcc5ec0996818884fd5fb1\",\"name\":\"Arnaldo Botto\",\"image\":{\"@type\":\"ImageObject\",\"inLanguage\":\"es\",\"@id\":\"https:\/\/www.noticiasradioreflejos.com.ar\/2021\/#\/schema\/person\/image\/\",\"url\":\"https:\/\/secure.gravatar.com\/avatar\/55cb5e37c1efa326397366e6974cb338056df65cb50e7d64d1cf314e87504837?s=96&d=mm&r=g\",\"contentUrl\":\"https:\/\/secure.gravatar.com\/avatar\/55cb5e37c1efa326397366e6974cb338056df65cb50e7d64d1cf314e87504837?s=96&d=mm&r=g\",\"caption\":\"Arnaldo Botto\"},\"url\":\"https:\/\/www.noticiasradioreflejos.com.ar\/2021\/author\/arnaldo\/\"}]}<\/script>\n<!-- \/ Yoast SEO plugin. -->","yoast_head_json":{"title":"El Chaque\u00f1o Palavecino fue expulsado de la Asociaci\u00f3n Federal de Ra\u00edces Criollas: el motivo - Noticias Radio Reflejos","robots":{"index":"index","follow":"follow","max-snippet":"max-snippet:-1","max-image-preview":"max-image-preview:large","max-video-preview":"max-video-preview:-1"},"canonical":"https:\/\/www.noticiasradioreflejos.com.ar\/2021\/el-chaqueno-palavecino-fue-expulsado-de-la-asociacion-federal-de-raices-criollas-el-motivo\/","og_locale":"es_ES","og_type":"article","og_title":"El Chaque\u00f1o Palavecino fue expulsado de la Asociaci\u00f3n Federal de Ra\u00edces Criollas: el motivo - Noticias Radio Reflejos","og_description":"La conducci\u00f3n remarc\u00f3 que hist\u00f3ricamente mantuvieron una postura ligada a las expresiones populares, luchas sociales, y alejada de los espacios de poder.","og_url":"https:\/\/www.noticiasradioreflejos.com.ar\/2021\/el-chaqueno-palavecino-fue-expulsado-de-la-asociacion-federal-de-raices-criollas-el-motivo\/","og_site_name":"Noticias Radio Reflejos","article_published_time":"2026-01-28T21:06:12+00:00","og_image":[{"width":669,"height":368,"url":"https:\/\/www.noticiasradioreflejos.com.ar\/2021\/wp-content\/uploads\/2026\/01\/720-3.jpg","type":"image\/jpeg"}],"author":"Arnaldo Botto","twitter_card":"summary_large_image","schema":{"@context":"https:\/\/schema.org","@graph":[{"@type":"WebPage","@id":"https:\/\/www.noticiasradioreflejos.com.ar\/2021\/el-chaqueno-palavecino-fue-expulsado-de-la-asociacion-federal-de-raices-criollas-el-motivo\/","url":"https:\/\/www.noticiasradioreflejos.com.ar\/2021\/el-chaqueno-palavecino-fue-expulsado-de-la-asociacion-federal-de-raices-criollas-el-motivo\/","name":"El Chaque\u00f1o Palavecino fue expulsado de la Asociaci\u00f3n Federal de Ra\u00edces Criollas: el motivo - Noticias Radio Reflejos","isPartOf":{"@id":"https:\/\/www.noticiasradioreflejos.com.ar\/2021\/#website"},"datePublished":"2026-01-28T21:06:12+00:00","author":{"@id":"https:\/\/www.noticiasradioreflejos.com.ar\/2021\/#\/schema\/person\/ad82545263dcc5ec0996818884fd5fb1"},"breadcrumb":{"@id":"https:\/\/www.noticiasradioreflejos.com.ar\/2021\/el-chaqueno-palavecino-fue-expulsado-de-la-asociacion-federal-de-raices-criollas-el-motivo\/#breadcrumb"},"inLanguage":"es","potentialAction":[{"@type":"ReadAction","target":["https:\/\/www.noticiasradioreflejos.com.ar\/2021\/el-chaqueno-palavecino-fue-expulsado-de-la-asociacion-federal-de-raices-criollas-el-motivo\/"]}]},{"@type":"BreadcrumbList","@id":"https:\/\/www.noticiasradioreflejos.com.ar\/2021\/el-chaqueno-palavecino-fue-expulsado-de-la-asociacion-federal-de-raices-criollas-el-motivo\/#breadcrumb","itemListElement":[{"@type":"ListItem","position":1,"name":"Portada","item":"https:\/\/www.noticiasradioreflejos.com.ar\/2021\/"},{"@type":"ListItem","position":2,"name":"El Chaque\u00f1o Palavecino fue expulsado de la Asociaci\u00f3n Federal de Ra\u00edces Criollas: el motivo"}]},{"@type":"WebSite","@id":"https:\/\/www.noticiasradioreflejos.com.ar\/2021\/#website","url":"https:\/\/www.noticiasradioreflejos.com.ar\/2021\/","name":"Noticias Radio Reflejos","description":"Las noticias de mi comarca","potentialAction":[{"@type":"SearchAction","target":{"@type":"EntryPoint","urlTemplate":"https:\/\/www.noticiasradioreflejos.com.ar\/2021\/?s={search_term_string}"},"query-input":{"@type":"PropertyValueSpecification","valueRequired":true,"valueName":"search_term_string"}}],"inLanguage":"es"},{"@type":"Person","@id":"https:\/\/www.noticiasradioreflejos.com.ar\/2021\/#\/schema\/person\/ad82545263dcc5ec0996818884fd5fb1","name":"Arnaldo Botto","image":{"@type":"ImageObject","inLanguage":"es","@id":"https:\/\/www.noticiasradioreflejos.com.ar\/2021\/#\/schema\/person\/image\/","url":"https:\/\/secure.gravatar.com\/avatar\/55cb5e37c1efa326397366e6974cb338056df65cb50e7d64d1cf314e87504837?s=96&d=mm&r=g","contentUrl":"https:\/\/secure.gravatar.com\/avatar\/55cb5e37c1efa326397366e6974cb338056df65cb50e7d64d1cf314e87504837?s=96&d=mm&r=g","caption":"Arnaldo Botto"},"url":"https:\/\/www.noticiasradioreflejos.com.ar\/2021\/author\/arnaldo\/"}]}},"_links":{"self":[{"href":"https:\/\/www.noticiasradioreflejos.com.ar\/2021\/wp-json\/wp\/v2\/posts\/132038","targetHints":{"allow":["GET"]}}],"collection":[{"href":"https:\/\/www.noticiasradioreflejos.com.ar\/2021\/wp-json\/wp\/v2\/posts"}],"about":[{"href":"https:\/\/www.noticiasradioreflejos.com.ar\/2021\/wp-json\/wp\/v2\/types\/post"}],"author":[{"embeddable":true,"href":"https:\/\/www.noticiasradioreflejos.com.ar\/2021\/wp-json\/wp\/v2\/users\/3"}],"replies":[{"embeddable":true,"href":"https:\/\/www.noticiasradioreflejos.com.ar\/2021\/wp-json\/wp\/v2\/comments?post=132038"}],"version-history":[{"count":1,"href":"https:\/\/www.noticiasradioreflejos.com.ar\/2021\/wp-json\/wp\/v2\/posts\/132038\/revisions"}],"predecessor-version":[{"id":132040,"href":"https:\/\/www.noticiasradioreflejos.com.ar\/2021\/wp-json\/wp\/v2\/posts\/132038\/revisions\/132040"}],"wp:attachment":[{"href":"https:\/\/www.noticiasradioreflejos.com.ar\/2021\/wp-json\/wp\/v2\/media?parent=132038"}],"wp:term":[{"taxonomy":"category","embeddable":true,"href":"https:\/\/www.noticiasradioreflejos.com.ar\/2021\/wp-json\/wp\/v2\/categories?post=132038"},{"taxonomy":"post_tag","embeddable":true,"href":"https:\/\/www.noticiasradioreflejos.com.ar\/2021\/wp-json\/wp\/v2\/tags?post=132038"}],"curies":[{"name":"wp","href":"https:\/\/api.w.org\/{rel}","templated":true}]}}