{"id":132016,"date":"2026-01-28T13:45:26","date_gmt":"2026-01-28T16:45:26","guid":{"rendered":"https:\/\/www.noticiasradioreflejos.com.ar\/2021\/?p=132016"},"modified":"2026-01-28T13:45:26","modified_gmt":"2026-01-28T16:45:26","slug":"fuerte-choque-y-vuelco-en-la-ruta-51-entre-un-auto-y-una-camioneta","status":"publish","type":"post","link":"https:\/\/www.noticiasradioreflejos.com.ar\/2021\/fuerte-choque-y-vuelco-en-la-ruta-51-entre-un-auto-y-una-camioneta\/","title":{"rendered":"Fuerte choque y vuelco en la Ruta 51 entre un auto y una camioneta"},"content":{"rendered":"<header id=\"mvp-post-head\" class=\"left relative\">Un choque de consideraci\u00f3n se produjo en la ma\u00f1ana de este mi\u00e9rcoles en la Ruta 51, a la altura del kil\u00f3metro 720, frente al parque e\u00f3lico y en inmediaciones de la estaci\u00f3n de Transba, donde colisionaron un autom\u00f3vil y una camioneta, lo que deriv\u00f3 en el vuelco de uno de los veh\u00edculos.<\/p>\n<\/header>\n<p><!--more--><\/p>\n<div class=\"mvp-post-main-out left relative\">\n<div class=\"mvp-post-main-in\">\n<div id=\"mvp-post-content\" class=\"left relative\">\n<div id=\"mvp-content-wrap\" class=\"left relative\">\n<div class=\"mvp-post-soc-out right relative\">\n<div class=\"mvp-post-soc-in\">\n<div id=\"mvp-content-body\" class=\"left relative\">\n<div id=\"mvp-content-body-top\" class=\"left relative\">\n<div id=\"mvp-content-main\" class=\"left relative\">\n<p>A ra\u00edz del impacto, una ambulancia acudi\u00f3 al lugar para asistir a una mujer que presentaba golpes, al igual que al resto de las personas involucradas.<\/p>\n<p>Seg\u00fan trascendi\u00f3, una chica de unos 30 a\u00f1os sufri\u00f3 una herida leve y debi\u00f3 ser atendida en el lugar por una ambulancia de Cabildo.<\/p>\n<figure class=\"wp-block-image size-full\"><img loading=\"lazy\" decoding=\"async\" class=\"wp-image-481370\" src=\"https:\/\/www.labrujula24.com\/wp-content\/uploads\/2026\/01\/accidente1.jpg\" sizes=\"auto, (max-width: 1200px) 100vw, 1200px\" srcset=\"https:\/\/www.labrujula24.com\/wp-content\/uploads\/2026\/01\/accidente1.jpg 1200w, https:\/\/www.labrujula24.com\/wp-content\/uploads\/2026\/01\/accidente1-590x354.jpg 590w, https:\/\/www.labrujula24.com\/wp-content\/uploads\/2026\/01\/accidente1-400x240.jpg 400w\" alt=\"\" width=\"1200\" height=\"722\" \/><\/figure>\n<p>La mujer circulaba sola en el Volkswagen Fox\u00a0y el hombre iba solo en la Toyota Hilux en sentido hacia Bah\u00eda. Seg\u00fan relataron algunos testigos, el conductor quiso pasar a un tercer veh\u00edculo, pero no pudo y termin\u00f3 chocando contra el auto y volcando.<\/p>\n<p>Adem\u00e1s cabe destacar que la ruta no est\u00e1 cortada, aunque el tr\u00e1nsito estuvo moment\u00e1neamente reducido mientras se desarrollaban las tareas de asistencia y prevenci\u00f3n en la zona.<\/p>\n<p>Las causas del siniestro son materia de an\u00e1lisis, mientras que los veh\u00edculos fueron retirados una vez finalizadas las actuaciones correspondientes.<\/p>\n<\/div>\n<\/div>\n<\/div>\n<\/div>\n<\/div>\n<\/div>\n<\/div>\n<\/div>\n<\/div>\n<p>&nbsp;<\/p>\n<p><em><strong>Fuente LA Br\u00fajula 24<\/strong><\/em><\/p>\n","protected":false},"excerpt":{"rendered":"<p>Un choque de consideraci\u00f3n se produjo en la ma\u00f1ana de este mi\u00e9rcoles en la Ruta 51, a la altura del kil\u00f3metro 720, frente al parque e\u00f3lico y en inmediaciones de la estaci\u00f3n de Transba, donde colisionaron un autom\u00f3vil y una camioneta, lo que deriv\u00f3 en el vuelco de uno de los veh\u00edculos.<\/p>\n","protected":false},"author":3,"featured_media":132017,"comment_status":"closed","ping_status":"closed","sticky":false,"template":"","format":"standard","meta":{"footnotes":""},"categories":[29],"tags":[],"class_list":["post-132016","post","type-post","status-publish","format-standard","has-post-thumbnail","hentry","category-policiales"],"yoast_head":"<!-- This site is optimized with the Yoast SEO plugin v25.9 - https:\/\/yoast.com\/wordpress\/plugins\/seo\/ -->\n<title>Fuerte choque y vuelco en la Ruta 51 entre un auto y una camioneta - Noticias Radio Reflejos<\/title>\n<meta name=\"robots\" content=\"index, follow, max-snippet:-1, max-image-preview:large, max-video-preview:-1\" \/>\n<link rel=\"canonical\" href=\"https:\/\/www.noticiasradioreflejos.com.ar\/2021\/fuerte-choque-y-vuelco-en-la-ruta-51-entre-un-auto-y-una-camioneta\/\" \/>\n<meta property=\"og:locale\" content=\"es_ES\" \/>\n<meta property=\"og:type\" content=\"article\" \/>\n<meta property=\"og:title\" content=\"Fuerte choque y vuelco en la Ruta 51 entre un auto y una camioneta - Noticias Radio Reflejos\" \/>\n<meta property=\"og:description\" content=\"Un choque de consideraci\u00f3n se produjo en la ma\u00f1ana de este mi\u00e9rcoles en la Ruta 51, a la altura del kil\u00f3metro 720, frente al parque e\u00f3lico y en inmediaciones de la estaci\u00f3n de Transba, donde colisionaron un autom\u00f3vil y una camioneta, lo que deriv\u00f3 en el vuelco de uno de los veh\u00edculos.\" \/>\n<meta property=\"og:url\" content=\"https:\/\/www.noticiasradioreflejos.com.ar\/2021\/fuerte-choque-y-vuelco-en-la-ruta-51-entre-un-auto-y-una-camioneta\/\" \/>\n<meta property=\"og:site_name\" content=\"Noticias Radio Reflejos\" \/>\n<meta property=\"article:published_time\" content=\"2026-01-28T16:45:26+00:00\" \/>\n<meta property=\"og:image\" content=\"https:\/\/www.noticiasradioreflejos.com.ar\/2021\/wp-content\/uploads\/2026\/01\/accidente.jpeg\" \/>\n\t<meta property=\"og:image:width\" content=\"1200\" \/>\n\t<meta property=\"og:image:height\" content=\"720\" \/>\n\t<meta property=\"og:image:type\" content=\"image\/jpeg\" \/>\n<meta name=\"author\" content=\"Arnaldo Botto\" \/>\n<meta name=\"twitter:card\" content=\"summary_large_image\" \/>\n<script type=\"application\/ld+json\" class=\"yoast-schema-graph\">{\"@context\":\"https:\/\/schema.org\",\"@graph\":[{\"@type\":\"WebPage\",\"@id\":\"https:\/\/www.noticiasradioreflejos.com.ar\/2021\/fuerte-choque-y-vuelco-en-la-ruta-51-entre-un-auto-y-una-camioneta\/\",\"url\":\"https:\/\/www.noticiasradioreflejos.com.ar\/2021\/fuerte-choque-y-vuelco-en-la-ruta-51-entre-un-auto-y-una-camioneta\/\",\"name\":\"Fuerte choque y vuelco en la Ruta 51 entre un auto y una camioneta - Noticias Radio Reflejos\",\"isPartOf\":{\"@id\":\"https:\/\/www.noticiasradioreflejos.com.ar\/2021\/#website\"},\"primaryImageOfPage\":{\"@id\":\"https:\/\/www.noticiasradioreflejos.com.ar\/2021\/fuerte-choque-y-vuelco-en-la-ruta-51-entre-un-auto-y-una-camioneta\/#primaryimage\"},\"image\":{\"@id\":\"https:\/\/www.noticiasradioreflejos.com.ar\/2021\/fuerte-choque-y-vuelco-en-la-ruta-51-entre-un-auto-y-una-camioneta\/#primaryimage\"},\"thumbnailUrl\":\"https:\/\/www.noticiasradioreflejos.com.ar\/2021\/wp-content\/uploads\/2026\/01\/accidente.jpeg\",\"datePublished\":\"2026-01-28T16:45:26+00:00\",\"author\":{\"@id\":\"https:\/\/www.noticiasradioreflejos.com.ar\/2021\/#\/schema\/person\/ad82545263dcc5ec0996818884fd5fb1\"},\"breadcrumb\":{\"@id\":\"https:\/\/www.noticiasradioreflejos.com.ar\/2021\/fuerte-choque-y-vuelco-en-la-ruta-51-entre-un-auto-y-una-camioneta\/#breadcrumb\"},\"inLanguage\":\"es\",\"potentialAction\":[{\"@type\":\"ReadAction\",\"target\":[\"https:\/\/www.noticiasradioreflejos.com.ar\/2021\/fuerte-choque-y-vuelco-en-la-ruta-51-entre-un-auto-y-una-camioneta\/\"]}]},{\"@type\":\"ImageObject\",\"inLanguage\":\"es\",\"@id\":\"https:\/\/www.noticiasradioreflejos.com.ar\/2021\/fuerte-choque-y-vuelco-en-la-ruta-51-entre-un-auto-y-una-camioneta\/#primaryimage\",\"url\":\"https:\/\/www.noticiasradioreflejos.com.ar\/2021\/wp-content\/uploads\/2026\/01\/accidente.jpeg\",\"contentUrl\":\"https:\/\/www.noticiasradioreflejos.com.ar\/2021\/wp-content\/uploads\/2026\/01\/accidente.jpeg\",\"width\":1200,\"height\":720},{\"@type\":\"BreadcrumbList\",\"@id\":\"https:\/\/www.noticiasradioreflejos.com.ar\/2021\/fuerte-choque-y-vuelco-en-la-ruta-51-entre-un-auto-y-una-camioneta\/#breadcrumb\",\"itemListElement\":[{\"@type\":\"ListItem\",\"position\":1,\"name\":\"Portada\",\"item\":\"https:\/\/www.noticiasradioreflejos.com.ar\/2021\/\"},{\"@type\":\"ListItem\",\"position\":2,\"name\":\"Fuerte choque y vuelco en la Ruta 51 entre un auto y una camioneta\"}]},{\"@type\":\"WebSite\",\"@id\":\"https:\/\/www.noticiasradioreflejos.com.ar\/2021\/#website\",\"url\":\"https:\/\/www.noticiasradioreflejos.com.ar\/2021\/\",\"name\":\"Noticias Radio Reflejos\",\"description\":\"Las noticias de mi comarca\",\"potentialAction\":[{\"@type\":\"SearchAction\",\"target\":{\"@type\":\"EntryPoint\",\"urlTemplate\":\"https:\/\/www.noticiasradioreflejos.com.ar\/2021\/?s={search_term_string}\"},\"query-input\":{\"@type\":\"PropertyValueSpecification\",\"valueRequired\":true,\"valueName\":\"search_term_string\"}}],\"inLanguage\":\"es\"},{\"@type\":\"Person\",\"@id\":\"https:\/\/www.noticiasradioreflejos.com.ar\/2021\/#\/schema\/person\/ad82545263dcc5ec0996818884fd5fb1\",\"name\":\"Arnaldo Botto\",\"image\":{\"@type\":\"ImageObject\",\"inLanguage\":\"es\",\"@id\":\"https:\/\/www.noticiasradioreflejos.com.ar\/2021\/#\/schema\/person\/image\/\",\"url\":\"https:\/\/secure.gravatar.com\/avatar\/55cb5e37c1efa326397366e6974cb338056df65cb50e7d64d1cf314e87504837?s=96&d=mm&r=g\",\"contentUrl\":\"https:\/\/secure.gravatar.com\/avatar\/55cb5e37c1efa326397366e6974cb338056df65cb50e7d64d1cf314e87504837?s=96&d=mm&r=g\",\"caption\":\"Arnaldo Botto\"},\"url\":\"https:\/\/www.noticiasradioreflejos.com.ar\/2021\/author\/arnaldo\/\"}]}<\/script>\n<!-- \/ Yoast SEO plugin. -->","yoast_head_json":{"title":"Fuerte choque y vuelco en la Ruta 51 entre un auto y una camioneta - Noticias Radio Reflejos","robots":{"index":"index","follow":"follow","max-snippet":"max-snippet:-1","max-image-preview":"max-image-preview:large","max-video-preview":"max-video-preview:-1"},"canonical":"https:\/\/www.noticiasradioreflejos.com.ar\/2021\/fuerte-choque-y-vuelco-en-la-ruta-51-entre-un-auto-y-una-camioneta\/","og_locale":"es_ES","og_type":"article","og_title":"Fuerte choque y vuelco en la Ruta 51 entre un auto y una camioneta - Noticias Radio Reflejos","og_description":"Un choque de consideraci\u00f3n se produjo en la ma\u00f1ana de este mi\u00e9rcoles en la Ruta 51, a la altura del kil\u00f3metro 720, frente al parque e\u00f3lico y en inmediaciones de la estaci\u00f3n de Transba, donde colisionaron un autom\u00f3vil y una camioneta, lo que deriv\u00f3 en el vuelco de uno de los veh\u00edculos.","og_url":"https:\/\/www.noticiasradioreflejos.com.ar\/2021\/fuerte-choque-y-vuelco-en-la-ruta-51-entre-un-auto-y-una-camioneta\/","og_site_name":"Noticias Radio Reflejos","article_published_time":"2026-01-28T16:45:26+00:00","og_image":[{"width":1200,"height":720,"url":"https:\/\/www.noticiasradioreflejos.com.ar\/2021\/wp-content\/uploads\/2026\/01\/accidente.jpeg","type":"image\/jpeg"}],"author":"Arnaldo Botto","twitter_card":"summary_large_image","schema":{"@context":"https:\/\/schema.org","@graph":[{"@type":"WebPage","@id":"https:\/\/www.noticiasradioreflejos.com.ar\/2021\/fuerte-choque-y-vuelco-en-la-ruta-51-entre-un-auto-y-una-camioneta\/","url":"https:\/\/www.noticiasradioreflejos.com.ar\/2021\/fuerte-choque-y-vuelco-en-la-ruta-51-entre-un-auto-y-una-camioneta\/","name":"Fuerte choque y vuelco en la Ruta 51 entre un auto y una camioneta - Noticias Radio Reflejos","isPartOf":{"@id":"https:\/\/www.noticiasradioreflejos.com.ar\/2021\/#website"},"primaryImageOfPage":{"@id":"https:\/\/www.noticiasradioreflejos.com.ar\/2021\/fuerte-choque-y-vuelco-en-la-ruta-51-entre-un-auto-y-una-camioneta\/#primaryimage"},"image":{"@id":"https:\/\/www.noticiasradioreflejos.com.ar\/2021\/fuerte-choque-y-vuelco-en-la-ruta-51-entre-un-auto-y-una-camioneta\/#primaryimage"},"thumbnailUrl":"https:\/\/www.noticiasradioreflejos.com.ar\/2021\/wp-content\/uploads\/2026\/01\/accidente.jpeg","datePublished":"2026-01-28T16:45:26+00:00","author":{"@id":"https:\/\/www.noticiasradioreflejos.com.ar\/2021\/#\/schema\/person\/ad82545263dcc5ec0996818884fd5fb1"},"breadcrumb":{"@id":"https:\/\/www.noticiasradioreflejos.com.ar\/2021\/fuerte-choque-y-vuelco-en-la-ruta-51-entre-un-auto-y-una-camioneta\/#breadcrumb"},"inLanguage":"es","potentialAction":[{"@type":"ReadAction","target":["https:\/\/www.noticiasradioreflejos.com.ar\/2021\/fuerte-choque-y-vuelco-en-la-ruta-51-entre-un-auto-y-una-camioneta\/"]}]},{"@type":"ImageObject","inLanguage":"es","@id":"https:\/\/www.noticiasradioreflejos.com.ar\/2021\/fuerte-choque-y-vuelco-en-la-ruta-51-entre-un-auto-y-una-camioneta\/#primaryimage","url":"https:\/\/www.noticiasradioreflejos.com.ar\/2021\/wp-content\/uploads\/2026\/01\/accidente.jpeg","contentUrl":"https:\/\/www.noticiasradioreflejos.com.ar\/2021\/wp-content\/uploads\/2026\/01\/accidente.jpeg","width":1200,"height":720},{"@type":"BreadcrumbList","@id":"https:\/\/www.noticiasradioreflejos.com.ar\/2021\/fuerte-choque-y-vuelco-en-la-ruta-51-entre-un-auto-y-una-camioneta\/#breadcrumb","itemListElement":[{"@type":"ListItem","position":1,"name":"Portada","item":"https:\/\/www.noticiasradioreflejos.com.ar\/2021\/"},{"@type":"ListItem","position":2,"name":"Fuerte choque y vuelco en la Ruta 51 entre un auto y una camioneta"}]},{"@type":"WebSite","@id":"https:\/\/www.noticiasradioreflejos.com.ar\/2021\/#website","url":"https:\/\/www.noticiasradioreflejos.com.ar\/2021\/","name":"Noticias Radio Reflejos","description":"Las noticias de mi comarca","potentialAction":[{"@type":"SearchAction","target":{"@type":"EntryPoint","urlTemplate":"https:\/\/www.noticiasradioreflejos.com.ar\/2021\/?s={search_term_string}"},"query-input":{"@type":"PropertyValueSpecification","valueRequired":true,"valueName":"search_term_string"}}],"inLanguage":"es"},{"@type":"Person","@id":"https:\/\/www.noticiasradioreflejos.com.ar\/2021\/#\/schema\/person\/ad82545263dcc5ec0996818884fd5fb1","name":"Arnaldo Botto","image":{"@type":"ImageObject","inLanguage":"es","@id":"https:\/\/www.noticiasradioreflejos.com.ar\/2021\/#\/schema\/person\/image\/","url":"https:\/\/secure.gravatar.com\/avatar\/55cb5e37c1efa326397366e6974cb338056df65cb50e7d64d1cf314e87504837?s=96&d=mm&r=g","contentUrl":"https:\/\/secure.gravatar.com\/avatar\/55cb5e37c1efa326397366e6974cb338056df65cb50e7d64d1cf314e87504837?s=96&d=mm&r=g","caption":"Arnaldo Botto"},"url":"https:\/\/www.noticiasradioreflejos.com.ar\/2021\/author\/arnaldo\/"}]}},"_links":{"self":[{"href":"https:\/\/www.noticiasradioreflejos.com.ar\/2021\/wp-json\/wp\/v2\/posts\/132016","targetHints":{"allow":["GET"]}}],"collection":[{"href":"https:\/\/www.noticiasradioreflejos.com.ar\/2021\/wp-json\/wp\/v2\/posts"}],"about":[{"href":"https:\/\/www.noticiasradioreflejos.com.ar\/2021\/wp-json\/wp\/v2\/types\/post"}],"author":[{"embeddable":true,"href":"https:\/\/www.noticiasradioreflejos.com.ar\/2021\/wp-json\/wp\/v2\/users\/3"}],"replies":[{"embeddable":true,"href":"https:\/\/www.noticiasradioreflejos.com.ar\/2021\/wp-json\/wp\/v2\/comments?post=132016"}],"version-history":[{"count":1,"href":"https:\/\/www.noticiasradioreflejos.com.ar\/2021\/wp-json\/wp\/v2\/posts\/132016\/revisions"}],"predecessor-version":[{"id":132018,"href":"https:\/\/www.noticiasradioreflejos.com.ar\/2021\/wp-json\/wp\/v2\/posts\/132016\/revisions\/132018"}],"wp:featuredmedia":[{"embeddable":true,"href":"https:\/\/www.noticiasradioreflejos.com.ar\/2021\/wp-json\/wp\/v2\/media\/132017"}],"wp:attachment":[{"href":"https:\/\/www.noticiasradioreflejos.com.ar\/2021\/wp-json\/wp\/v2\/media?parent=132016"}],"wp:term":[{"taxonomy":"category","embeddable":true,"href":"https:\/\/www.noticiasradioreflejos.com.ar\/2021\/wp-json\/wp\/v2\/categories?post=132016"},{"taxonomy":"post_tag","embeddable":true,"href":"https:\/\/www.noticiasradioreflejos.com.ar\/2021\/wp-json\/wp\/v2\/tags?post=132016"}],"curies":[{"name":"wp","href":"https:\/\/api.w.org\/{rel}","templated":true}]}}