{"id":132013,"date":"2026-01-28T15:17:24","date_gmt":"2026-01-28T18:17:24","guid":{"rendered":"https:\/\/www.noticiasradioreflejos.com.ar\/2021\/?p=132013"},"modified":"2026-01-28T15:20:59","modified_gmt":"2026-01-28T18:20:59","slug":"132013-2","status":"publish","type":"post","link":"https:\/\/www.noticiasradioreflejos.com.ar\/2021\/132013-2\/","title":{"rendered":"Sierra de la Ventana despide a Bulldozer Blues Band antes de su hist\u00f3rico debut en el Cosqu\u00edn Rock"},"content":{"rendered":"<p data-path-to-node=\"3\"><strong>Federico Obes<\/strong>, integrante de la banda serrana Bulldozer Blues, brind\u00f3 detalles en <strong><a href=\"https:\/\/www.noticiasradioreflejos.com.ar\/2021\/radio-en-vivo\/\">FM REFLEJOS<\/a> <\/strong>del festival que se realizar\u00e1 este s\u00e1bado 31 en la calle Roca. El evento funcionar\u00e1 como un agasajo para el p\u00fablico local antes de que el grupo parta hacia C\u00f3rdoba para representar a Sierra de la Ventana en el festival de rock m\u00e1s importante del pa\u00eds, el Cosqu\u00edn Rock.<!--more--><\/p>\n<p data-path-to-node=\"4\">Sierra de la Ventana se prepara para vivir una noche a puro ritmo con un festival que recupera la m\u00edstica de los eventos callejeros. Este s\u00e1bado 31, a partir de las 20:00 hs, la calle Roca ser\u00e1 el escenario de un encuentro organizado por comerciantes y amigos locales. <b data-path-to-node=\"4\" data-index-in-node=\"269\">Fede \u00abArmoni\u00bb Obes<\/b>, referente de <b data-path-to-node=\"4\" data-index-in-node=\"299\">Bulldozer Blues<\/b>, explic\u00f3 que la iniciativa busca retomar el formato de cortar la calle para que el p\u00fablico se apropie del espacio: \u00abSe logr\u00f3 formar nuevamente un festival de la mano de comerciantes y gente amiga. Es una especie de despedida simb\u00f3lica y un acompa\u00f1amiento a la gente que nos ha apoyado en el tiempo\u00bb, se\u00f1al\u00f3 el m\u00fasico.<\/p>\n<p data-path-to-node=\"5\">El evento cuenta con la colaboraci\u00f3n de espacios emblem\u00e1ticos como El Pasillo Bar, C\u00f3digo Muzza y La Chiara, entre otros. La grilla art\u00edstica promete una noche larga y variada, comenzando con propuestas de folklore, seguidas por las actuaciones de Mirko Pumx y Radio Robot, para cerrar con el potente sonido de Bulldozer Blues y un set de DJ para finalizar la jornada.<\/p>\n<p data-path-to-node=\"7\">La presentaci\u00f3n de este s\u00e1bado tiene un condimento especial: ser\u00e1 la \u00faltima en la zona antes de que la banda viaje a Santa Mar\u00eda de Punilla para participar del <b data-path-to-node=\"7\" data-index-in-node=\"160\">Cosqu\u00edn Rock 2026<\/b>. Para el grupo, esta oportunidad representa un salto profesional sin precedentes. \u00abEs nuestra primera vez; realmente es algo totalmente nuevo. Al ser un evento tan masivo, te exige una estructura de prensa y manejo que nosotros no ten\u00edamos, pero lo estamos llevando de la mejor manera\u00bb, confes\u00f3 Obes.<\/p>\n<p data-path-to-node=\"8\">El v\u00ednculo con el festival cordob\u00e9s se gest\u00f3 tras la experiencia de la banda teloneando a La Renga y El Plan de la Mariposa el a\u00f1o pasado. A partir de ese contacto con la producci\u00f3n, Federico inici\u00f3 las gestiones que hoy los posicionan en la grilla oficial. Respecto al show que brindar\u00e1n en C\u00f3rdoba, Fede adelant\u00f3 que ser\u00e1 una presentaci\u00f3n \u00abreducida y contundente\u00bb, con un repertorio compuesto exclusivamente por temas propios: \u00abTenemos media hora o cuarenta minutos, as\u00ed que ser\u00e1 un show especial en contenido de letra y m\u00fasica\u00bb.<\/p>\n<p data-path-to-node=\"9\">Bulldozer Blues se presentar\u00e1 oficialmente en el escenario del <b data-path-to-node=\"9\" data-index-in-node=\"63\">Cosqu\u00edn Rock el domingo 15 de febrero a las 16:40 hs<\/b>, marcando un hito para la m\u00fasica de la Comarca Serrana. Antes de ese gran paso, la cita obligada para los vecinos y turistas es este s\u00e1bado en la calle Roca, para despedir a la banda que llevar\u00e1 el sonido de las sierras a lo m\u00e1s alto del rock nacional.<\/p>\n<p>&nbsp;<\/p>\n<audio class=\"wp-audio-shortcode\" id=\"audio-132013-1\" preload=\"none\" style=\"width: 100%;\" controls=\"controls\"><source type=\"audio\/mpeg\" src=\"https:\/\/www.noticiasradioreflejos.com.ar\/2021\/wp-content\/uploads\/2026\/01\/Fede-Bulldozer-blues-27-01.mp3?_=1\" \/><a href=\"https:\/\/www.noticiasradioreflejos.com.ar\/2021\/wp-content\/uploads\/2026\/01\/Fede-Bulldozer-blues-27-01.mp3\">https:\/\/www.noticiasradioreflejos.com.ar\/2021\/wp-content\/uploads\/2026\/01\/Fede-Bulldozer-blues-27-01.mp3<\/a><\/audio>\n<p><a href=\"https:\/\/www.noticiasradioreflejos.com.ar\/2021\/132013-2\/feed-2\/\" rel=\"attachment wp-att-132031\"><img loading=\"lazy\" decoding=\"async\" class=\"aligncenter size-full wp-image-132031\" src=\"https:\/\/www.noticiasradioreflejos.com.ar\/2021\/wp-content\/uploads\/2026\/01\/feed.png\" alt=\"\" width=\"1080\" height=\"1350\" srcset=\"https:\/\/www.noticiasradioreflejos.com.ar\/2021\/wp-content\/uploads\/2026\/01\/feed.png 1080w, https:\/\/www.noticiasradioreflejos.com.ar\/2021\/wp-content\/uploads\/2026\/01\/feed-240x300.png 240w, https:\/\/www.noticiasradioreflejos.com.ar\/2021\/wp-content\/uploads\/2026\/01\/feed-819x1024.png 819w, https:\/\/www.noticiasradioreflejos.com.ar\/2021\/wp-content\/uploads\/2026\/01\/feed-768x960.png 768w, https:\/\/www.noticiasradioreflejos.com.ar\/2021\/wp-content\/uploads\/2026\/01\/feed-750x938.png 750w\" sizes=\"auto, (max-width: 1080px) 100vw, 1080px\" \/><\/a><\/p>\n","protected":false},"excerpt":{"rendered":"<p>Federico Obes, integrante de la banda serrana Bulldozer Blues, brind\u00f3 detalles en FM REFLEJOS del festival que se realizar\u00e1 este s\u00e1bado 31 en la calle Roca. El evento funcionar\u00e1 como un agasajo para el p\u00fablico local antes de que el grupo parta hacia C\u00f3rdoba para representar a Sierra de la Ventana en el festival de [&hellip;]<\/p>\n","protected":false},"author":3,"featured_media":126444,"comment_status":"closed","ping_status":"closed","sticky":false,"template":"","format":"standard","meta":{"footnotes":""},"categories":[35],"tags":[48],"class_list":["post-132013","post","type-post","status-publish","format-standard","has-post-thumbnail","hentry","category-cultura","tag-destacada"],"yoast_head":"<!-- This site is optimized with the Yoast SEO plugin v25.9 - https:\/\/yoast.com\/wordpress\/plugins\/seo\/ -->\n<title>Sierra de la Ventana despide a Bulldozer Blues Band antes de su hist\u00f3rico debut en el Cosqu\u00edn Rock - Noticias Radio Reflejos<\/title>\n<meta name=\"robots\" content=\"index, follow, max-snippet:-1, max-image-preview:large, max-video-preview:-1\" \/>\n<link rel=\"canonical\" href=\"https:\/\/www.noticiasradioreflejos.com.ar\/2021\/132013-2\/\" \/>\n<meta property=\"og:locale\" content=\"es_ES\" \/>\n<meta property=\"og:type\" content=\"article\" \/>\n<meta property=\"og:title\" content=\"Sierra de la Ventana despide a Bulldozer Blues Band antes de su hist\u00f3rico debut en el Cosqu\u00edn Rock - Noticias Radio Reflejos\" \/>\n<meta property=\"og:description\" content=\"Federico Obes, integrante de la banda serrana Bulldozer Blues, brind\u00f3 detalles en FM REFLEJOS del festival que se realizar\u00e1 este s\u00e1bado 31 en la calle Roca. El evento funcionar\u00e1 como un agasajo para el p\u00fablico local antes de que el grupo parta hacia C\u00f3rdoba para representar a Sierra de la Ventana en el festival de [&hellip;]\" \/>\n<meta property=\"og:url\" content=\"https:\/\/www.noticiasradioreflejos.com.ar\/2021\/132013-2\/\" \/>\n<meta property=\"og:site_name\" content=\"Noticias Radio Reflejos\" \/>\n<meta property=\"article:published_time\" content=\"2026-01-28T18:17:24+00:00\" \/>\n<meta property=\"article:modified_time\" content=\"2026-01-28T18:20:59+00:00\" \/>\n<meta property=\"og:image\" content=\"https:\/\/www.noticiasradioreflejos.com.ar\/2021\/wp-content\/uploads\/2025\/10\/bulldozer.jpeg\" \/>\n\t<meta property=\"og:image:width\" content=\"1132\" \/>\n\t<meta property=\"og:image:height\" content=\"755\" \/>\n\t<meta property=\"og:image:type\" content=\"image\/jpeg\" \/>\n<meta name=\"author\" content=\"Arnaldo Botto\" \/>\n<meta name=\"twitter:card\" content=\"summary_large_image\" \/>\n<script type=\"application\/ld+json\" class=\"yoast-schema-graph\">{\"@context\":\"https:\/\/schema.org\",\"@graph\":[{\"@type\":\"WebPage\",\"@id\":\"https:\/\/www.noticiasradioreflejos.com.ar\/2021\/132013-2\/\",\"url\":\"https:\/\/www.noticiasradioreflejos.com.ar\/2021\/132013-2\/\",\"name\":\"Sierra de la Ventana despide a Bulldozer Blues Band antes de su hist\u00f3rico debut en el Cosqu\u00edn Rock - Noticias Radio Reflejos\",\"isPartOf\":{\"@id\":\"https:\/\/www.noticiasradioreflejos.com.ar\/2021\/#website\"},\"primaryImageOfPage\":{\"@id\":\"https:\/\/www.noticiasradioreflejos.com.ar\/2021\/132013-2\/#primaryimage\"},\"image\":{\"@id\":\"https:\/\/www.noticiasradioreflejos.com.ar\/2021\/132013-2\/#primaryimage\"},\"thumbnailUrl\":\"https:\/\/www.noticiasradioreflejos.com.ar\/2021\/wp-content\/uploads\/2025\/10\/bulldozer.jpeg\",\"datePublished\":\"2026-01-28T18:17:24+00:00\",\"dateModified\":\"2026-01-28T18:20:59+00:00\",\"author\":{\"@id\":\"https:\/\/www.noticiasradioreflejos.com.ar\/2021\/#\/schema\/person\/ad82545263dcc5ec0996818884fd5fb1\"},\"breadcrumb\":{\"@id\":\"https:\/\/www.noticiasradioreflejos.com.ar\/2021\/132013-2\/#breadcrumb\"},\"inLanguage\":\"es\",\"potentialAction\":[{\"@type\":\"ReadAction\",\"target\":[\"https:\/\/www.noticiasradioreflejos.com.ar\/2021\/132013-2\/\"]}]},{\"@type\":\"ImageObject\",\"inLanguage\":\"es\",\"@id\":\"https:\/\/www.noticiasradioreflejos.com.ar\/2021\/132013-2\/#primaryimage\",\"url\":\"https:\/\/www.noticiasradioreflejos.com.ar\/2021\/wp-content\/uploads\/2025\/10\/bulldozer.jpeg\",\"contentUrl\":\"https:\/\/www.noticiasradioreflejos.com.ar\/2021\/wp-content\/uploads\/2025\/10\/bulldozer.jpeg\",\"width\":1132,\"height\":755},{\"@type\":\"BreadcrumbList\",\"@id\":\"https:\/\/www.noticiasradioreflejos.com.ar\/2021\/132013-2\/#breadcrumb\",\"itemListElement\":[{\"@type\":\"ListItem\",\"position\":1,\"name\":\"Portada\",\"item\":\"https:\/\/www.noticiasradioreflejos.com.ar\/2021\/\"},{\"@type\":\"ListItem\",\"position\":2,\"name\":\"Sierra de la Ventana despide a Bulldozer Blues Band antes de su hist\u00f3rico debut en el Cosqu\u00edn Rock\"}]},{\"@type\":\"WebSite\",\"@id\":\"https:\/\/www.noticiasradioreflejos.com.ar\/2021\/#website\",\"url\":\"https:\/\/www.noticiasradioreflejos.com.ar\/2021\/\",\"name\":\"Noticias Radio Reflejos\",\"description\":\"Las noticias de mi comarca\",\"potentialAction\":[{\"@type\":\"SearchAction\",\"target\":{\"@type\":\"EntryPoint\",\"urlTemplate\":\"https:\/\/www.noticiasradioreflejos.com.ar\/2021\/?s={search_term_string}\"},\"query-input\":{\"@type\":\"PropertyValueSpecification\",\"valueRequired\":true,\"valueName\":\"search_term_string\"}}],\"inLanguage\":\"es\"},{\"@type\":\"Person\",\"@id\":\"https:\/\/www.noticiasradioreflejos.com.ar\/2021\/#\/schema\/person\/ad82545263dcc5ec0996818884fd5fb1\",\"name\":\"Arnaldo Botto\",\"image\":{\"@type\":\"ImageObject\",\"inLanguage\":\"es\",\"@id\":\"https:\/\/www.noticiasradioreflejos.com.ar\/2021\/#\/schema\/person\/image\/\",\"url\":\"https:\/\/secure.gravatar.com\/avatar\/55cb5e37c1efa326397366e6974cb338056df65cb50e7d64d1cf314e87504837?s=96&d=mm&r=g\",\"contentUrl\":\"https:\/\/secure.gravatar.com\/avatar\/55cb5e37c1efa326397366e6974cb338056df65cb50e7d64d1cf314e87504837?s=96&d=mm&r=g\",\"caption\":\"Arnaldo Botto\"},\"url\":\"https:\/\/www.noticiasradioreflejos.com.ar\/2021\/author\/arnaldo\/\"}]}<\/script>\n<!-- \/ Yoast SEO plugin. -->","yoast_head_json":{"title":"Sierra de la Ventana despide a Bulldozer Blues Band antes de su hist\u00f3rico debut en el Cosqu\u00edn Rock - Noticias Radio Reflejos","robots":{"index":"index","follow":"follow","max-snippet":"max-snippet:-1","max-image-preview":"max-image-preview:large","max-video-preview":"max-video-preview:-1"},"canonical":"https:\/\/www.noticiasradioreflejos.com.ar\/2021\/132013-2\/","og_locale":"es_ES","og_type":"article","og_title":"Sierra de la Ventana despide a Bulldozer Blues Band antes de su hist\u00f3rico debut en el Cosqu\u00edn Rock - Noticias Radio Reflejos","og_description":"Federico Obes, integrante de la banda serrana Bulldozer Blues, brind\u00f3 detalles en FM REFLEJOS del festival que se realizar\u00e1 este s\u00e1bado 31 en la calle Roca. El evento funcionar\u00e1 como un agasajo para el p\u00fablico local antes de que el grupo parta hacia C\u00f3rdoba para representar a Sierra de la Ventana en el festival de [&hellip;]","og_url":"https:\/\/www.noticiasradioreflejos.com.ar\/2021\/132013-2\/","og_site_name":"Noticias Radio Reflejos","article_published_time":"2026-01-28T18:17:24+00:00","article_modified_time":"2026-01-28T18:20:59+00:00","og_image":[{"width":1132,"height":755,"url":"https:\/\/www.noticiasradioreflejos.com.ar\/2021\/wp-content\/uploads\/2025\/10\/bulldozer.jpeg","type":"image\/jpeg"}],"author":"Arnaldo Botto","twitter_card":"summary_large_image","schema":{"@context":"https:\/\/schema.org","@graph":[{"@type":"WebPage","@id":"https:\/\/www.noticiasradioreflejos.com.ar\/2021\/132013-2\/","url":"https:\/\/www.noticiasradioreflejos.com.ar\/2021\/132013-2\/","name":"Sierra de la Ventana despide a Bulldozer Blues Band antes de su hist\u00f3rico debut en el Cosqu\u00edn Rock - Noticias Radio Reflejos","isPartOf":{"@id":"https:\/\/www.noticiasradioreflejos.com.ar\/2021\/#website"},"primaryImageOfPage":{"@id":"https:\/\/www.noticiasradioreflejos.com.ar\/2021\/132013-2\/#primaryimage"},"image":{"@id":"https:\/\/www.noticiasradioreflejos.com.ar\/2021\/132013-2\/#primaryimage"},"thumbnailUrl":"https:\/\/www.noticiasradioreflejos.com.ar\/2021\/wp-content\/uploads\/2025\/10\/bulldozer.jpeg","datePublished":"2026-01-28T18:17:24+00:00","dateModified":"2026-01-28T18:20:59+00:00","author":{"@id":"https:\/\/www.noticiasradioreflejos.com.ar\/2021\/#\/schema\/person\/ad82545263dcc5ec0996818884fd5fb1"},"breadcrumb":{"@id":"https:\/\/www.noticiasradioreflejos.com.ar\/2021\/132013-2\/#breadcrumb"},"inLanguage":"es","potentialAction":[{"@type":"ReadAction","target":["https:\/\/www.noticiasradioreflejos.com.ar\/2021\/132013-2\/"]}]},{"@type":"ImageObject","inLanguage":"es","@id":"https:\/\/www.noticiasradioreflejos.com.ar\/2021\/132013-2\/#primaryimage","url":"https:\/\/www.noticiasradioreflejos.com.ar\/2021\/wp-content\/uploads\/2025\/10\/bulldozer.jpeg","contentUrl":"https:\/\/www.noticiasradioreflejos.com.ar\/2021\/wp-content\/uploads\/2025\/10\/bulldozer.jpeg","width":1132,"height":755},{"@type":"BreadcrumbList","@id":"https:\/\/www.noticiasradioreflejos.com.ar\/2021\/132013-2\/#breadcrumb","itemListElement":[{"@type":"ListItem","position":1,"name":"Portada","item":"https:\/\/www.noticiasradioreflejos.com.ar\/2021\/"},{"@type":"ListItem","position":2,"name":"Sierra de la Ventana despide a Bulldozer Blues Band antes de su hist\u00f3rico debut en el Cosqu\u00edn Rock"}]},{"@type":"WebSite","@id":"https:\/\/www.noticiasradioreflejos.com.ar\/2021\/#website","url":"https:\/\/www.noticiasradioreflejos.com.ar\/2021\/","name":"Noticias Radio Reflejos","description":"Las noticias de mi comarca","potentialAction":[{"@type":"SearchAction","target":{"@type":"EntryPoint","urlTemplate":"https:\/\/www.noticiasradioreflejos.com.ar\/2021\/?s={search_term_string}"},"query-input":{"@type":"PropertyValueSpecification","valueRequired":true,"valueName":"search_term_string"}}],"inLanguage":"es"},{"@type":"Person","@id":"https:\/\/www.noticiasradioreflejos.com.ar\/2021\/#\/schema\/person\/ad82545263dcc5ec0996818884fd5fb1","name":"Arnaldo Botto","image":{"@type":"ImageObject","inLanguage":"es","@id":"https:\/\/www.noticiasradioreflejos.com.ar\/2021\/#\/schema\/person\/image\/","url":"https:\/\/secure.gravatar.com\/avatar\/55cb5e37c1efa326397366e6974cb338056df65cb50e7d64d1cf314e87504837?s=96&d=mm&r=g","contentUrl":"https:\/\/secure.gravatar.com\/avatar\/55cb5e37c1efa326397366e6974cb338056df65cb50e7d64d1cf314e87504837?s=96&d=mm&r=g","caption":"Arnaldo Botto"},"url":"https:\/\/www.noticiasradioreflejos.com.ar\/2021\/author\/arnaldo\/"}]}},"_links":{"self":[{"href":"https:\/\/www.noticiasradioreflejos.com.ar\/2021\/wp-json\/wp\/v2\/posts\/132013","targetHints":{"allow":["GET"]}}],"collection":[{"href":"https:\/\/www.noticiasradioreflejos.com.ar\/2021\/wp-json\/wp\/v2\/posts"}],"about":[{"href":"https:\/\/www.noticiasradioreflejos.com.ar\/2021\/wp-json\/wp\/v2\/types\/post"}],"author":[{"embeddable":true,"href":"https:\/\/www.noticiasradioreflejos.com.ar\/2021\/wp-json\/wp\/v2\/users\/3"}],"replies":[{"embeddable":true,"href":"https:\/\/www.noticiasradioreflejos.com.ar\/2021\/wp-json\/wp\/v2\/comments?post=132013"}],"version-history":[{"count":7,"href":"https:\/\/www.noticiasradioreflejos.com.ar\/2021\/wp-json\/wp\/v2\/posts\/132013\/revisions"}],"predecessor-version":[{"id":132034,"href":"https:\/\/www.noticiasradioreflejos.com.ar\/2021\/wp-json\/wp\/v2\/posts\/132013\/revisions\/132034"}],"wp:featuredmedia":[{"embeddable":true,"href":"https:\/\/www.noticiasradioreflejos.com.ar\/2021\/wp-json\/wp\/v2\/media\/126444"}],"wp:attachment":[{"href":"https:\/\/www.noticiasradioreflejos.com.ar\/2021\/wp-json\/wp\/v2\/media?parent=132013"}],"wp:term":[{"taxonomy":"category","embeddable":true,"href":"https:\/\/www.noticiasradioreflejos.com.ar\/2021\/wp-json\/wp\/v2\/categories?post=132013"},{"taxonomy":"post_tag","embeddable":true,"href":"https:\/\/www.noticiasradioreflejos.com.ar\/2021\/wp-json\/wp\/v2\/tags?post=132013"}],"curies":[{"name":"wp","href":"https:\/\/api.w.org\/{rel}","templated":true}]}}