{"id":132010,"date":"2026-01-28T15:05:19","date_gmt":"2026-01-28T18:05:19","guid":{"rendered":"https:\/\/www.noticiasradioreflejos.com.ar\/2021\/?p=132010"},"modified":"2026-01-28T15:05:19","modified_gmt":"2026-01-28T18:05:19","slug":"salarios-municipales-marcolini-marco-los-limites-legales-frente-al-rechazo-de-los-libertarios","status":"publish","type":"post","link":"https:\/\/www.noticiasradioreflejos.com.ar\/2021\/salarios-municipales-marcolini-marco-los-limites-legales-frente-al-rechazo-de-los-libertarios\/","title":{"rendered":"Salarios municipales: Marcolini marc\u00f3 los l\u00edmites legales frente al rechazo de los libertarios"},"content":{"rendered":"<p>La concejal de la UCR analiz\u00f3 en<a href=\"https:\/\/www.noticiasradioreflejos.com.ar\/2021\/wp-content\/uploads\/2024\/09\/streaming.png\"><strong> FM Reflejos<\/strong><\/a> la negativa de La Libertad Avanza al incremento del 3% y explic\u00f3 por qu\u00e9 el cuerpo legislativo no tiene facultades para fragmentar las ordenanzas salariales ni reasignar partidas. Si bien coincidi\u00f3 en la necesidad de gestos de austeridad pol\u00edtica, subray\u00f3 que la situaci\u00f3n de los trabajadores de categor\u00edas bajas es cr\u00edtica y prima sobre el debate t\u00e9cnico.<br \/>\n<!--more--><\/p>\n<p data-path-to-node=\"3\">La concejal de la UCR Susana Marcolini, analiz\u00f3 en el <a href=\"https:\/\/www.noticiasradioreflejos.com.ar\/2021\/wp-content\/uploads\/2024\/09\/streaming.png\">programa \u00abUn Mate y un Caf\u00e9\u00bb<\/a> el voto negativo del bloque libertario ante el aumento del 3% para la planta municipal. Si bien coincidi\u00f3 con algunos argumentos sobre la necesidad de restringir el gasto pol\u00edtico, explic\u00f3 por qu\u00e9 legalmente el cuerpo deliberativo no puede fragmentar las ordenanzas salariales ni reasignar partidas del Ejecutivo.<\/p>\n<p data-path-to-node=\"4\"><strong><a href=\"https:\/\/www.noticiasradioreflejos.com.ar\/2021\/el-concejo-deliberante-aprobo-el-aumento-salarial-2026-con-el-rechazo-del-bloque-libertario\/\">La \u00faltima sesi\u00f3n del Concejo Deliberante de Tornquist dej\u00f3 al descubierto visiones contrapuestas sobre el manejo de los recursos p\u00fablicos.<\/a><\/strong> Tras el rechazo de los ediles de La Libertad Avanza (LLA) al incremento salarial del 3% para los trabajadores municipales, la concejal radical <b data-path-to-node=\"4\" data-index-in-node=\"282\">Susana Marcolini<\/b> sali\u00f3 al cruce para aclarar los alcances de la funci\u00f3n legislativa. \u00abEl radicalismo hizo lo que tradicionalmente hace: los aumentos de sueldos los votamos favorablemente porque entendemos que el Ejecutivo tiene el derecho a manejar el recurso presupuestario\u00bb, se\u00f1al\u00f3.<\/p>\n<p data-path-to-node=\"5\">Marcolini fue cr\u00edtica respecto a la postura de LLA, argumentando que, aunque su punto de vista pol\u00edtico puede resultar l\u00f3gico, carece de sustento pr\u00e1ctico dentro del marco legal. \u00abCreo que a LLA le falta el conocimiento t\u00e9cnico de este paso. Una cosa es la cr\u00edtica pol\u00edtica y otra lo que efectivamente se puede hacer. No podemos ni cambiar partidas, ni decir si el monto es mucho o poco; eso no es funci\u00f3n del departamento deliberativo\u00bb, explic\u00f3. En ese sentido, subray\u00f3 que los salarios llegan en un mismo cuerpo de ordenanza, lo que imposibilita t\u00e9cnicamente rechazar el aumento para los funcionarios sin afectar al resto de los trabajadores.<\/p>\n<p data-path-to-node=\"7\">No obstante, la concejal coincidi\u00f3 en que el gobierno municipal podr\u00eda haber implementado una estrategia de mayor restricci\u00f3n en gastos presupuestarios y de funcionarios para acompa\u00f1ar el contexto actual. Record\u00f3 que el bloque de Juntos ya hab\u00eda propuesto en su momento congelar la planta pol\u00edtica, deslind\u00e1ndola del resto de los empleados. \u00abHab\u00eda posibilidades de hacer un gesto. Este bloque, sin que la comunidad lo reconozca, ya lo hizo, porque entendemos que no estamos en tiempos en que los funcionarios debamos recibir bonos\u00bb, afirm\u00f3 en referencia al pago de $200.000 otorgado a fin de a\u00f1o.<\/p>\n<p data-path-to-node=\"8\">Finalmente, Marcolini puso el foco en la urgencia de sostener los ingresos de los trabajadores municipales en un escenario de crisis. \u00abEl sueldo de las categor\u00edas menores no llega a ser un sueldo de supervivencia, y eso invalida cualquier discusi\u00f3n que podamos tener\u00bb, sentenci\u00f3. Para la edil, la convalidaci\u00f3n de los aumentos \u2014que se dan por acuerdo con el sindicato seg\u00fan la coparticipaci\u00f3n\u2014 es un acto de \u00abcredibilidad en el criterio de la Intendente\u00bb, pero tambi\u00e9n una necesidad humana que debe primar sobre cualquier debate t\u00e9cnico-pol\u00edtico.<\/p>\n<p>&nbsp;<\/p>\n<audio class=\"wp-audio-shortcode\" id=\"audio-132010-1\" preload=\"none\" style=\"width: 100%;\" controls=\"controls\"><source type=\"audio\/mpeg\" src=\"https:\/\/www.noticiasradioreflejos.com.ar\/2021\/wp-content\/uploads\/2026\/01\/Susana-Marcolini-27-01.mp3?_=1\" \/><a href=\"https:\/\/www.noticiasradioreflejos.com.ar\/2021\/wp-content\/uploads\/2026\/01\/Susana-Marcolini-27-01.mp3\">https:\/\/www.noticiasradioreflejos.com.ar\/2021\/wp-content\/uploads\/2026\/01\/Susana-Marcolini-27-01.mp3<\/a><\/audio>\n","protected":false},"excerpt":{"rendered":"<p>La concejal de la UCR analiz\u00f3 en FM Reflejos la negativa de La Libertad Avanza al incremento del 3% y explic\u00f3 por qu\u00e9 el cuerpo legislativo no tiene facultades para fragmentar las ordenanzas salariales ni reasignar partidas. Si bien coincidi\u00f3 en la necesidad de gestos de austeridad pol\u00edtica, subray\u00f3 que la situaci\u00f3n de los trabajadores [&hellip;]<\/p>\n","protected":false},"author":3,"featured_media":130203,"comment_status":"closed","ping_status":"closed","sticky":false,"template":"","format":"standard","meta":{"footnotes":""},"categories":[28,31],"tags":[48],"class_list":["post-132010","post","type-post","status-publish","format-standard","has-post-thumbnail","hentry","category-municipales","category-programas","tag-destacada"],"yoast_head":"<!-- This site is optimized with the Yoast SEO plugin v25.9 - https:\/\/yoast.com\/wordpress\/plugins\/seo\/ -->\n<title>Salarios municipales: Marcolini marc\u00f3 los l\u00edmites legales frente al rechazo de los libertarios - Noticias Radio Reflejos<\/title>\n<meta name=\"robots\" content=\"index, follow, max-snippet:-1, max-image-preview:large, max-video-preview:-1\" \/>\n<link rel=\"canonical\" href=\"https:\/\/www.noticiasradioreflejos.com.ar\/2021\/salarios-municipales-marcolini-marco-los-limites-legales-frente-al-rechazo-de-los-libertarios\/\" \/>\n<meta property=\"og:locale\" content=\"es_ES\" \/>\n<meta property=\"og:type\" content=\"article\" \/>\n<meta property=\"og:title\" content=\"Salarios municipales: Marcolini marc\u00f3 los l\u00edmites legales frente al rechazo de los libertarios - Noticias Radio Reflejos\" \/>\n<meta property=\"og:description\" content=\"La concejal de la UCR analiz\u00f3 en FM Reflejos la negativa de La Libertad Avanza al incremento del 3% y explic\u00f3 por qu\u00e9 el cuerpo legislativo no tiene facultades para fragmentar las ordenanzas salariales ni reasignar partidas. Si bien coincidi\u00f3 en la necesidad de gestos de austeridad pol\u00edtica, subray\u00f3 que la situaci\u00f3n de los trabajadores [&hellip;]\" \/>\n<meta property=\"og:url\" content=\"https:\/\/www.noticiasradioreflejos.com.ar\/2021\/salarios-municipales-marcolini-marco-los-limites-legales-frente-al-rechazo-de-los-libertarios\/\" \/>\n<meta property=\"og:site_name\" content=\"Noticias Radio Reflejos\" \/>\n<meta property=\"article:published_time\" content=\"2026-01-28T18:05:19+00:00\" \/>\n<meta property=\"og:image\" content=\"https:\/\/www.noticiasradioreflejos.com.ar\/2021\/wp-content\/uploads\/2025\/12\/Susana-Marcolini.jpg\" \/>\n\t<meta property=\"og:image:width\" content=\"1600\" \/>\n\t<meta property=\"og:image:height\" content=\"1067\" \/>\n\t<meta property=\"og:image:type\" content=\"image\/jpeg\" \/>\n<meta name=\"author\" content=\"Arnaldo Botto\" \/>\n<meta name=\"twitter:card\" content=\"summary_large_image\" \/>\n<script type=\"application\/ld+json\" class=\"yoast-schema-graph\">{\"@context\":\"https:\/\/schema.org\",\"@graph\":[{\"@type\":\"WebPage\",\"@id\":\"https:\/\/www.noticiasradioreflejos.com.ar\/2021\/salarios-municipales-marcolini-marco-los-limites-legales-frente-al-rechazo-de-los-libertarios\/\",\"url\":\"https:\/\/www.noticiasradioreflejos.com.ar\/2021\/salarios-municipales-marcolini-marco-los-limites-legales-frente-al-rechazo-de-los-libertarios\/\",\"name\":\"Salarios municipales: Marcolini marc\u00f3 los l\u00edmites legales frente al rechazo de los libertarios - Noticias Radio Reflejos\",\"isPartOf\":{\"@id\":\"https:\/\/www.noticiasradioreflejos.com.ar\/2021\/#website\"},\"primaryImageOfPage\":{\"@id\":\"https:\/\/www.noticiasradioreflejos.com.ar\/2021\/salarios-municipales-marcolini-marco-los-limites-legales-frente-al-rechazo-de-los-libertarios\/#primaryimage\"},\"image\":{\"@id\":\"https:\/\/www.noticiasradioreflejos.com.ar\/2021\/salarios-municipales-marcolini-marco-los-limites-legales-frente-al-rechazo-de-los-libertarios\/#primaryimage\"},\"thumbnailUrl\":\"https:\/\/www.noticiasradioreflejos.com.ar\/2021\/wp-content\/uploads\/2025\/12\/Susana-Marcolini.jpg\",\"datePublished\":\"2026-01-28T18:05:19+00:00\",\"author\":{\"@id\":\"https:\/\/www.noticiasradioreflejos.com.ar\/2021\/#\/schema\/person\/ad82545263dcc5ec0996818884fd5fb1\"},\"breadcrumb\":{\"@id\":\"https:\/\/www.noticiasradioreflejos.com.ar\/2021\/salarios-municipales-marcolini-marco-los-limites-legales-frente-al-rechazo-de-los-libertarios\/#breadcrumb\"},\"inLanguage\":\"es\",\"potentialAction\":[{\"@type\":\"ReadAction\",\"target\":[\"https:\/\/www.noticiasradioreflejos.com.ar\/2021\/salarios-municipales-marcolini-marco-los-limites-legales-frente-al-rechazo-de-los-libertarios\/\"]}]},{\"@type\":\"ImageObject\",\"inLanguage\":\"es\",\"@id\":\"https:\/\/www.noticiasradioreflejos.com.ar\/2021\/salarios-municipales-marcolini-marco-los-limites-legales-frente-al-rechazo-de-los-libertarios\/#primaryimage\",\"url\":\"https:\/\/www.noticiasradioreflejos.com.ar\/2021\/wp-content\/uploads\/2025\/12\/Susana-Marcolini.jpg\",\"contentUrl\":\"https:\/\/www.noticiasradioreflejos.com.ar\/2021\/wp-content\/uploads\/2025\/12\/Susana-Marcolini.jpg\",\"width\":1600,\"height\":1067},{\"@type\":\"BreadcrumbList\",\"@id\":\"https:\/\/www.noticiasradioreflejos.com.ar\/2021\/salarios-municipales-marcolini-marco-los-limites-legales-frente-al-rechazo-de-los-libertarios\/#breadcrumb\",\"itemListElement\":[{\"@type\":\"ListItem\",\"position\":1,\"name\":\"Portada\",\"item\":\"https:\/\/www.noticiasradioreflejos.com.ar\/2021\/\"},{\"@type\":\"ListItem\",\"position\":2,\"name\":\"Salarios municipales: Marcolini marc\u00f3 los l\u00edmites legales frente al rechazo de los libertarios\"}]},{\"@type\":\"WebSite\",\"@id\":\"https:\/\/www.noticiasradioreflejos.com.ar\/2021\/#website\",\"url\":\"https:\/\/www.noticiasradioreflejos.com.ar\/2021\/\",\"name\":\"Noticias Radio Reflejos\",\"description\":\"Las noticias de mi comarca\",\"potentialAction\":[{\"@type\":\"SearchAction\",\"target\":{\"@type\":\"EntryPoint\",\"urlTemplate\":\"https:\/\/www.noticiasradioreflejos.com.ar\/2021\/?s={search_term_string}\"},\"query-input\":{\"@type\":\"PropertyValueSpecification\",\"valueRequired\":true,\"valueName\":\"search_term_string\"}}],\"inLanguage\":\"es\"},{\"@type\":\"Person\",\"@id\":\"https:\/\/www.noticiasradioreflejos.com.ar\/2021\/#\/schema\/person\/ad82545263dcc5ec0996818884fd5fb1\",\"name\":\"Arnaldo Botto\",\"image\":{\"@type\":\"ImageObject\",\"inLanguage\":\"es\",\"@id\":\"https:\/\/www.noticiasradioreflejos.com.ar\/2021\/#\/schema\/person\/image\/\",\"url\":\"https:\/\/secure.gravatar.com\/avatar\/55cb5e37c1efa326397366e6974cb338056df65cb50e7d64d1cf314e87504837?s=96&d=mm&r=g\",\"contentUrl\":\"https:\/\/secure.gravatar.com\/avatar\/55cb5e37c1efa326397366e6974cb338056df65cb50e7d64d1cf314e87504837?s=96&d=mm&r=g\",\"caption\":\"Arnaldo Botto\"},\"url\":\"https:\/\/www.noticiasradioreflejos.com.ar\/2021\/author\/arnaldo\/\"}]}<\/script>\n<!-- \/ Yoast SEO plugin. -->","yoast_head_json":{"title":"Salarios municipales: Marcolini marc\u00f3 los l\u00edmites legales frente al rechazo de los libertarios - Noticias Radio Reflejos","robots":{"index":"index","follow":"follow","max-snippet":"max-snippet:-1","max-image-preview":"max-image-preview:large","max-video-preview":"max-video-preview:-1"},"canonical":"https:\/\/www.noticiasradioreflejos.com.ar\/2021\/salarios-municipales-marcolini-marco-los-limites-legales-frente-al-rechazo-de-los-libertarios\/","og_locale":"es_ES","og_type":"article","og_title":"Salarios municipales: Marcolini marc\u00f3 los l\u00edmites legales frente al rechazo de los libertarios - Noticias Radio Reflejos","og_description":"La concejal de la UCR analiz\u00f3 en FM Reflejos la negativa de La Libertad Avanza al incremento del 3% y explic\u00f3 por qu\u00e9 el cuerpo legislativo no tiene facultades para fragmentar las ordenanzas salariales ni reasignar partidas. Si bien coincidi\u00f3 en la necesidad de gestos de austeridad pol\u00edtica, subray\u00f3 que la situaci\u00f3n de los trabajadores [&hellip;]","og_url":"https:\/\/www.noticiasradioreflejos.com.ar\/2021\/salarios-municipales-marcolini-marco-los-limites-legales-frente-al-rechazo-de-los-libertarios\/","og_site_name":"Noticias Radio Reflejos","article_published_time":"2026-01-28T18:05:19+00:00","og_image":[{"width":1600,"height":1067,"url":"https:\/\/www.noticiasradioreflejos.com.ar\/2021\/wp-content\/uploads\/2025\/12\/Susana-Marcolini.jpg","type":"image\/jpeg"}],"author":"Arnaldo Botto","twitter_card":"summary_large_image","schema":{"@context":"https:\/\/schema.org","@graph":[{"@type":"WebPage","@id":"https:\/\/www.noticiasradioreflejos.com.ar\/2021\/salarios-municipales-marcolini-marco-los-limites-legales-frente-al-rechazo-de-los-libertarios\/","url":"https:\/\/www.noticiasradioreflejos.com.ar\/2021\/salarios-municipales-marcolini-marco-los-limites-legales-frente-al-rechazo-de-los-libertarios\/","name":"Salarios municipales: Marcolini marc\u00f3 los l\u00edmites legales frente al rechazo de los libertarios - Noticias Radio Reflejos","isPartOf":{"@id":"https:\/\/www.noticiasradioreflejos.com.ar\/2021\/#website"},"primaryImageOfPage":{"@id":"https:\/\/www.noticiasradioreflejos.com.ar\/2021\/salarios-municipales-marcolini-marco-los-limites-legales-frente-al-rechazo-de-los-libertarios\/#primaryimage"},"image":{"@id":"https:\/\/www.noticiasradioreflejos.com.ar\/2021\/salarios-municipales-marcolini-marco-los-limites-legales-frente-al-rechazo-de-los-libertarios\/#primaryimage"},"thumbnailUrl":"https:\/\/www.noticiasradioreflejos.com.ar\/2021\/wp-content\/uploads\/2025\/12\/Susana-Marcolini.jpg","datePublished":"2026-01-28T18:05:19+00:00","author":{"@id":"https:\/\/www.noticiasradioreflejos.com.ar\/2021\/#\/schema\/person\/ad82545263dcc5ec0996818884fd5fb1"},"breadcrumb":{"@id":"https:\/\/www.noticiasradioreflejos.com.ar\/2021\/salarios-municipales-marcolini-marco-los-limites-legales-frente-al-rechazo-de-los-libertarios\/#breadcrumb"},"inLanguage":"es","potentialAction":[{"@type":"ReadAction","target":["https:\/\/www.noticiasradioreflejos.com.ar\/2021\/salarios-municipales-marcolini-marco-los-limites-legales-frente-al-rechazo-de-los-libertarios\/"]}]},{"@type":"ImageObject","inLanguage":"es","@id":"https:\/\/www.noticiasradioreflejos.com.ar\/2021\/salarios-municipales-marcolini-marco-los-limites-legales-frente-al-rechazo-de-los-libertarios\/#primaryimage","url":"https:\/\/www.noticiasradioreflejos.com.ar\/2021\/wp-content\/uploads\/2025\/12\/Susana-Marcolini.jpg","contentUrl":"https:\/\/www.noticiasradioreflejos.com.ar\/2021\/wp-content\/uploads\/2025\/12\/Susana-Marcolini.jpg","width":1600,"height":1067},{"@type":"BreadcrumbList","@id":"https:\/\/www.noticiasradioreflejos.com.ar\/2021\/salarios-municipales-marcolini-marco-los-limites-legales-frente-al-rechazo-de-los-libertarios\/#breadcrumb","itemListElement":[{"@type":"ListItem","position":1,"name":"Portada","item":"https:\/\/www.noticiasradioreflejos.com.ar\/2021\/"},{"@type":"ListItem","position":2,"name":"Salarios municipales: Marcolini marc\u00f3 los l\u00edmites legales frente al rechazo de los libertarios"}]},{"@type":"WebSite","@id":"https:\/\/www.noticiasradioreflejos.com.ar\/2021\/#website","url":"https:\/\/www.noticiasradioreflejos.com.ar\/2021\/","name":"Noticias Radio Reflejos","description":"Las noticias de mi comarca","potentialAction":[{"@type":"SearchAction","target":{"@type":"EntryPoint","urlTemplate":"https:\/\/www.noticiasradioreflejos.com.ar\/2021\/?s={search_term_string}"},"query-input":{"@type":"PropertyValueSpecification","valueRequired":true,"valueName":"search_term_string"}}],"inLanguage":"es"},{"@type":"Person","@id":"https:\/\/www.noticiasradioreflejos.com.ar\/2021\/#\/schema\/person\/ad82545263dcc5ec0996818884fd5fb1","name":"Arnaldo Botto","image":{"@type":"ImageObject","inLanguage":"es","@id":"https:\/\/www.noticiasradioreflejos.com.ar\/2021\/#\/schema\/person\/image\/","url":"https:\/\/secure.gravatar.com\/avatar\/55cb5e37c1efa326397366e6974cb338056df65cb50e7d64d1cf314e87504837?s=96&d=mm&r=g","contentUrl":"https:\/\/secure.gravatar.com\/avatar\/55cb5e37c1efa326397366e6974cb338056df65cb50e7d64d1cf314e87504837?s=96&d=mm&r=g","caption":"Arnaldo Botto"},"url":"https:\/\/www.noticiasradioreflejos.com.ar\/2021\/author\/arnaldo\/"}]}},"_links":{"self":[{"href":"https:\/\/www.noticiasradioreflejos.com.ar\/2021\/wp-json\/wp\/v2\/posts\/132010","targetHints":{"allow":["GET"]}}],"collection":[{"href":"https:\/\/www.noticiasradioreflejos.com.ar\/2021\/wp-json\/wp\/v2\/posts"}],"about":[{"href":"https:\/\/www.noticiasradioreflejos.com.ar\/2021\/wp-json\/wp\/v2\/types\/post"}],"author":[{"embeddable":true,"href":"https:\/\/www.noticiasradioreflejos.com.ar\/2021\/wp-json\/wp\/v2\/users\/3"}],"replies":[{"embeddable":true,"href":"https:\/\/www.noticiasradioreflejos.com.ar\/2021\/wp-json\/wp\/v2\/comments?post=132010"}],"version-history":[{"count":3,"href":"https:\/\/www.noticiasradioreflejos.com.ar\/2021\/wp-json\/wp\/v2\/posts\/132010\/revisions"}],"predecessor-version":[{"id":132030,"href":"https:\/\/www.noticiasradioreflejos.com.ar\/2021\/wp-json\/wp\/v2\/posts\/132010\/revisions\/132030"}],"wp:featuredmedia":[{"embeddable":true,"href":"https:\/\/www.noticiasradioreflejos.com.ar\/2021\/wp-json\/wp\/v2\/media\/130203"}],"wp:attachment":[{"href":"https:\/\/www.noticiasradioreflejos.com.ar\/2021\/wp-json\/wp\/v2\/media?parent=132010"}],"wp:term":[{"taxonomy":"category","embeddable":true,"href":"https:\/\/www.noticiasradioreflejos.com.ar\/2021\/wp-json\/wp\/v2\/categories?post=132010"},{"taxonomy":"post_tag","embeddable":true,"href":"https:\/\/www.noticiasradioreflejos.com.ar\/2021\/wp-json\/wp\/v2\/tags?post=132010"}],"curies":[{"name":"wp","href":"https:\/\/api.w.org\/{rel}","templated":true}]}}