{"id":132002,"date":"2026-01-28T11:26:36","date_gmt":"2026-01-28T14:26:36","guid":{"rendered":"https:\/\/www.noticiasradioreflejos.com.ar\/2021\/?p=132002"},"modified":"2026-01-28T12:31:23","modified_gmt":"2026-01-28T15:31:23","slug":"abrio-la-inscripcion-para-la-preseleccion-de-beneficiarios-de-38-viviendas-de-tornquist","status":"publish","type":"post","link":"https:\/\/www.noticiasradioreflejos.com.ar\/2021\/abrio-la-inscripcion-para-la-preseleccion-de-beneficiarios-de-38-viviendas-de-tornquist\/","title":{"rendered":"Abri\u00f3 la inscripci\u00f3n para la preselecci\u00f3n de beneficiarios de 38 viviendas de Tornquist"},"content":{"rendered":"<p>Tornquist Municipio informa que, desde este mi\u00e9rcoles 28 hasta el viernes 20 de febrero, permanece abierta la inscripci\u00f3n al proceso de preselecci\u00f3n de beneficiarios del programa \u2018Construcci\u00f3n 38 viviendas en la localidad de Tornquist, Partido de Tornquist\u2019.<!--more--><\/p>\n<p>Los interesados deben anotarse \u00fanicamente de manera presencial en la Subsecretar\u00eda de Desarrollo Social (Av. Moreno 5), los d\u00edas h\u00e1biles de 10 a 16 hs.<\/p>\n<p><strong>Requisitos:<\/strong><\/p>\n<p>-Estar inscripto en el Registro \u00danico Permanente de Demanda Habitacional;<\/p>\n<p>-Constituir o conformar grupo familiar;<\/p>\n<p>-Ser ciudadano argentino nativo o por opci\u00f3n;<\/p>\n<p>-Ser mayor de dieciocho (18) a\u00f1os de edad;<\/p>\n<p>-Poseer una antig\u00fcedad m\u00ednima de diez (10) a\u00f1os de residencia efectiva en el Partido de Tornquist y cinco (5) a\u00f1os de residencia estable, consecutiva e ininterrumpida en la localidad de Tornquist dentro de los \u00faltimos diez (10) a\u00f1os;<\/p>\n<p>-Los ingresos del grupo familiar no podr\u00e1n superar los doce (12) Salarios M\u00ednimo, Vitales y M\u00f3viles (SMVM);<\/p>\n<p>-Ninguno de los integrantes del grupo familiar debe ser beneficiario, incluyendo una posesi\u00f3n precaria, de ninguna vivienda o terreno otorgado por el Estado Nacional, Provincial y\/o Municipal;<\/p>\n<p>-Ninguno de los integrantes del grupo familiar deber\u00e1 ser titular registral de bienes inmuebles como as\u00ed tampoco de otros bienes muebles registrables o no cuyo valor le permita adquirir una vivienda;<\/p>\n<p>-No formar parte del listado de deudores morosos de alimentos ni ser parte en juicio vigente patrimonial en que el estado municipal tambi\u00e9n revista tal car\u00e1cter.<\/p>\n<p>&nbsp;<\/p>\n<p>Documentaci\u00f3n a presentar:<\/p>\n<p>-DNI original y copia;<\/p>\n<p>-Recibo\/s de sueldo y\/o de ingresos del grupo familiar (en caso de tener);<\/p>\n<p>-Certificado \u00danico de Discapacidad (en caso de poseer).<\/p>\n<p>&nbsp;<\/p>\n<p>Con la inscripci\u00f3n, los aspirantes deber\u00e1n completar una declaraci\u00f3n jurada y luego se efectuar\u00e1 un sorteo con la totalidad de los inscriptos. Las personas que resulten seleccionadas a trav\u00e9s de dicho mecanismo, pasar\u00e1n por un estudio socio-econ\u00f3mico a trav\u00e9s del cual se constatar\u00e1 lo expresado en la declaraci\u00f3n jurada para luego acceder a la vivienda.<\/p>\n","protected":false},"excerpt":{"rendered":"<p>Tornquist Municipio informa que, desde este mi\u00e9rcoles 28 hasta el viernes 20 de febrero, permanece abierta la inscripci\u00f3n al proceso de preselecci\u00f3n de beneficiarios del programa \u2018Construcci\u00f3n 38 viviendas en la localidad de Tornquist, Partido de Tornquist\u2019.<\/p>\n","protected":false},"author":3,"featured_media":132003,"comment_status":"closed","ping_status":"closed","sticky":false,"template":"","format":"standard","meta":{"footnotes":""},"categories":[28],"tags":[],"class_list":["post-132002","post","type-post","status-publish","format-standard","has-post-thumbnail","hentry","category-municipales"],"yoast_head":"<!-- This site is optimized with the Yoast SEO plugin v25.9 - https:\/\/yoast.com\/wordpress\/plugins\/seo\/ -->\n<title>Abri\u00f3 la inscripci\u00f3n para la preselecci\u00f3n de beneficiarios de 38 viviendas de Tornquist - Noticias Radio Reflejos<\/title>\n<meta name=\"robots\" content=\"index, follow, max-snippet:-1, max-image-preview:large, max-video-preview:-1\" \/>\n<link rel=\"canonical\" href=\"https:\/\/www.noticiasradioreflejos.com.ar\/2021\/abrio-la-inscripcion-para-la-preseleccion-de-beneficiarios-de-38-viviendas-de-tornquist\/\" \/>\n<meta property=\"og:locale\" content=\"es_ES\" \/>\n<meta property=\"og:type\" content=\"article\" \/>\n<meta property=\"og:title\" content=\"Abri\u00f3 la inscripci\u00f3n para la preselecci\u00f3n de beneficiarios de 38 viviendas de Tornquist - Noticias Radio Reflejos\" \/>\n<meta property=\"og:description\" content=\"Tornquist Municipio informa que, desde este mi\u00e9rcoles 28 hasta el viernes 20 de febrero, permanece abierta la inscripci\u00f3n al proceso de preselecci\u00f3n de beneficiarios del programa \u2018Construcci\u00f3n 38 viviendas en la localidad de Tornquist, Partido de Tornquist\u2019.\" \/>\n<meta property=\"og:url\" content=\"https:\/\/www.noticiasradioreflejos.com.ar\/2021\/abrio-la-inscripcion-para-la-preseleccion-de-beneficiarios-de-38-viviendas-de-tornquist\/\" \/>\n<meta property=\"og:site_name\" content=\"Noticias Radio Reflejos\" \/>\n<meta property=\"article:published_time\" content=\"2026-01-28T14:26:36+00:00\" \/>\n<meta property=\"article:modified_time\" content=\"2026-01-28T15:31:23+00:00\" \/>\n<meta property=\"og:image\" content=\"https:\/\/www.noticiasradioreflejos.com.ar\/2021\/wp-content\/uploads\/2026\/01\/Inscrip-viviendas.png\" \/>\n\t<meta property=\"og:image:width\" content=\"1080\" \/>\n\t<meta property=\"og:image:height\" content=\"1350\" \/>\n\t<meta property=\"og:image:type\" content=\"image\/png\" \/>\n<meta name=\"author\" content=\"Arnaldo Botto\" \/>\n<meta name=\"twitter:card\" content=\"summary_large_image\" \/>\n<script type=\"application\/ld+json\" class=\"yoast-schema-graph\">{\"@context\":\"https:\/\/schema.org\",\"@graph\":[{\"@type\":\"WebPage\",\"@id\":\"https:\/\/www.noticiasradioreflejos.com.ar\/2021\/abrio-la-inscripcion-para-la-preseleccion-de-beneficiarios-de-38-viviendas-de-tornquist\/\",\"url\":\"https:\/\/www.noticiasradioreflejos.com.ar\/2021\/abrio-la-inscripcion-para-la-preseleccion-de-beneficiarios-de-38-viviendas-de-tornquist\/\",\"name\":\"Abri\u00f3 la inscripci\u00f3n para la preselecci\u00f3n de beneficiarios de 38 viviendas de Tornquist - Noticias Radio Reflejos\",\"isPartOf\":{\"@id\":\"https:\/\/www.noticiasradioreflejos.com.ar\/2021\/#website\"},\"primaryImageOfPage\":{\"@id\":\"https:\/\/www.noticiasradioreflejos.com.ar\/2021\/abrio-la-inscripcion-para-la-preseleccion-de-beneficiarios-de-38-viviendas-de-tornquist\/#primaryimage\"},\"image\":{\"@id\":\"https:\/\/www.noticiasradioreflejos.com.ar\/2021\/abrio-la-inscripcion-para-la-preseleccion-de-beneficiarios-de-38-viviendas-de-tornquist\/#primaryimage\"},\"thumbnailUrl\":\"https:\/\/www.noticiasradioreflejos.com.ar\/2021\/wp-content\/uploads\/2026\/01\/Inscrip-viviendas.png\",\"datePublished\":\"2026-01-28T14:26:36+00:00\",\"dateModified\":\"2026-01-28T15:31:23+00:00\",\"author\":{\"@id\":\"https:\/\/www.noticiasradioreflejos.com.ar\/2021\/#\/schema\/person\/ad82545263dcc5ec0996818884fd5fb1\"},\"breadcrumb\":{\"@id\":\"https:\/\/www.noticiasradioreflejos.com.ar\/2021\/abrio-la-inscripcion-para-la-preseleccion-de-beneficiarios-de-38-viviendas-de-tornquist\/#breadcrumb\"},\"inLanguage\":\"es\",\"potentialAction\":[{\"@type\":\"ReadAction\",\"target\":[\"https:\/\/www.noticiasradioreflejos.com.ar\/2021\/abrio-la-inscripcion-para-la-preseleccion-de-beneficiarios-de-38-viviendas-de-tornquist\/\"]}]},{\"@type\":\"ImageObject\",\"inLanguage\":\"es\",\"@id\":\"https:\/\/www.noticiasradioreflejos.com.ar\/2021\/abrio-la-inscripcion-para-la-preseleccion-de-beneficiarios-de-38-viviendas-de-tornquist\/#primaryimage\",\"url\":\"https:\/\/www.noticiasradioreflejos.com.ar\/2021\/wp-content\/uploads\/2026\/01\/Inscrip-viviendas.png\",\"contentUrl\":\"https:\/\/www.noticiasradioreflejos.com.ar\/2021\/wp-content\/uploads\/2026\/01\/Inscrip-viviendas.png\",\"width\":1080,\"height\":1350},{\"@type\":\"BreadcrumbList\",\"@id\":\"https:\/\/www.noticiasradioreflejos.com.ar\/2021\/abrio-la-inscripcion-para-la-preseleccion-de-beneficiarios-de-38-viviendas-de-tornquist\/#breadcrumb\",\"itemListElement\":[{\"@type\":\"ListItem\",\"position\":1,\"name\":\"Portada\",\"item\":\"https:\/\/www.noticiasradioreflejos.com.ar\/2021\/\"},{\"@type\":\"ListItem\",\"position\":2,\"name\":\"Abri\u00f3 la inscripci\u00f3n para la preselecci\u00f3n de beneficiarios de 38 viviendas de Tornquist\"}]},{\"@type\":\"WebSite\",\"@id\":\"https:\/\/www.noticiasradioreflejos.com.ar\/2021\/#website\",\"url\":\"https:\/\/www.noticiasradioreflejos.com.ar\/2021\/\",\"name\":\"Noticias Radio Reflejos\",\"description\":\"Las noticias de mi comarca\",\"potentialAction\":[{\"@type\":\"SearchAction\",\"target\":{\"@type\":\"EntryPoint\",\"urlTemplate\":\"https:\/\/www.noticiasradioreflejos.com.ar\/2021\/?s={search_term_string}\"},\"query-input\":{\"@type\":\"PropertyValueSpecification\",\"valueRequired\":true,\"valueName\":\"search_term_string\"}}],\"inLanguage\":\"es\"},{\"@type\":\"Person\",\"@id\":\"https:\/\/www.noticiasradioreflejos.com.ar\/2021\/#\/schema\/person\/ad82545263dcc5ec0996818884fd5fb1\",\"name\":\"Arnaldo Botto\",\"image\":{\"@type\":\"ImageObject\",\"inLanguage\":\"es\",\"@id\":\"https:\/\/www.noticiasradioreflejos.com.ar\/2021\/#\/schema\/person\/image\/\",\"url\":\"https:\/\/secure.gravatar.com\/avatar\/55cb5e37c1efa326397366e6974cb338056df65cb50e7d64d1cf314e87504837?s=96&d=mm&r=g\",\"contentUrl\":\"https:\/\/secure.gravatar.com\/avatar\/55cb5e37c1efa326397366e6974cb338056df65cb50e7d64d1cf314e87504837?s=96&d=mm&r=g\",\"caption\":\"Arnaldo Botto\"},\"url\":\"https:\/\/www.noticiasradioreflejos.com.ar\/2021\/author\/arnaldo\/\"}]}<\/script>\n<!-- \/ Yoast SEO plugin. -->","yoast_head_json":{"title":"Abri\u00f3 la inscripci\u00f3n para la preselecci\u00f3n de beneficiarios de 38 viviendas de Tornquist - Noticias Radio Reflejos","robots":{"index":"index","follow":"follow","max-snippet":"max-snippet:-1","max-image-preview":"max-image-preview:large","max-video-preview":"max-video-preview:-1"},"canonical":"https:\/\/www.noticiasradioreflejos.com.ar\/2021\/abrio-la-inscripcion-para-la-preseleccion-de-beneficiarios-de-38-viviendas-de-tornquist\/","og_locale":"es_ES","og_type":"article","og_title":"Abri\u00f3 la inscripci\u00f3n para la preselecci\u00f3n de beneficiarios de 38 viviendas de Tornquist - Noticias Radio Reflejos","og_description":"Tornquist Municipio informa que, desde este mi\u00e9rcoles 28 hasta el viernes 20 de febrero, permanece abierta la inscripci\u00f3n al proceso de preselecci\u00f3n de beneficiarios del programa \u2018Construcci\u00f3n 38 viviendas en la localidad de Tornquist, Partido de Tornquist\u2019.","og_url":"https:\/\/www.noticiasradioreflejos.com.ar\/2021\/abrio-la-inscripcion-para-la-preseleccion-de-beneficiarios-de-38-viviendas-de-tornquist\/","og_site_name":"Noticias Radio Reflejos","article_published_time":"2026-01-28T14:26:36+00:00","article_modified_time":"2026-01-28T15:31:23+00:00","og_image":[{"width":1080,"height":1350,"url":"https:\/\/www.noticiasradioreflejos.com.ar\/2021\/wp-content\/uploads\/2026\/01\/Inscrip-viviendas.png","type":"image\/png"}],"author":"Arnaldo Botto","twitter_card":"summary_large_image","schema":{"@context":"https:\/\/schema.org","@graph":[{"@type":"WebPage","@id":"https:\/\/www.noticiasradioreflejos.com.ar\/2021\/abrio-la-inscripcion-para-la-preseleccion-de-beneficiarios-de-38-viviendas-de-tornquist\/","url":"https:\/\/www.noticiasradioreflejos.com.ar\/2021\/abrio-la-inscripcion-para-la-preseleccion-de-beneficiarios-de-38-viviendas-de-tornquist\/","name":"Abri\u00f3 la inscripci\u00f3n para la preselecci\u00f3n de beneficiarios de 38 viviendas de Tornquist - Noticias Radio Reflejos","isPartOf":{"@id":"https:\/\/www.noticiasradioreflejos.com.ar\/2021\/#website"},"primaryImageOfPage":{"@id":"https:\/\/www.noticiasradioreflejos.com.ar\/2021\/abrio-la-inscripcion-para-la-preseleccion-de-beneficiarios-de-38-viviendas-de-tornquist\/#primaryimage"},"image":{"@id":"https:\/\/www.noticiasradioreflejos.com.ar\/2021\/abrio-la-inscripcion-para-la-preseleccion-de-beneficiarios-de-38-viviendas-de-tornquist\/#primaryimage"},"thumbnailUrl":"https:\/\/www.noticiasradioreflejos.com.ar\/2021\/wp-content\/uploads\/2026\/01\/Inscrip-viviendas.png","datePublished":"2026-01-28T14:26:36+00:00","dateModified":"2026-01-28T15:31:23+00:00","author":{"@id":"https:\/\/www.noticiasradioreflejos.com.ar\/2021\/#\/schema\/person\/ad82545263dcc5ec0996818884fd5fb1"},"breadcrumb":{"@id":"https:\/\/www.noticiasradioreflejos.com.ar\/2021\/abrio-la-inscripcion-para-la-preseleccion-de-beneficiarios-de-38-viviendas-de-tornquist\/#breadcrumb"},"inLanguage":"es","potentialAction":[{"@type":"ReadAction","target":["https:\/\/www.noticiasradioreflejos.com.ar\/2021\/abrio-la-inscripcion-para-la-preseleccion-de-beneficiarios-de-38-viviendas-de-tornquist\/"]}]},{"@type":"ImageObject","inLanguage":"es","@id":"https:\/\/www.noticiasradioreflejos.com.ar\/2021\/abrio-la-inscripcion-para-la-preseleccion-de-beneficiarios-de-38-viviendas-de-tornquist\/#primaryimage","url":"https:\/\/www.noticiasradioreflejos.com.ar\/2021\/wp-content\/uploads\/2026\/01\/Inscrip-viviendas.png","contentUrl":"https:\/\/www.noticiasradioreflejos.com.ar\/2021\/wp-content\/uploads\/2026\/01\/Inscrip-viviendas.png","width":1080,"height":1350},{"@type":"BreadcrumbList","@id":"https:\/\/www.noticiasradioreflejos.com.ar\/2021\/abrio-la-inscripcion-para-la-preseleccion-de-beneficiarios-de-38-viviendas-de-tornquist\/#breadcrumb","itemListElement":[{"@type":"ListItem","position":1,"name":"Portada","item":"https:\/\/www.noticiasradioreflejos.com.ar\/2021\/"},{"@type":"ListItem","position":2,"name":"Abri\u00f3 la inscripci\u00f3n para la preselecci\u00f3n de beneficiarios de 38 viviendas de Tornquist"}]},{"@type":"WebSite","@id":"https:\/\/www.noticiasradioreflejos.com.ar\/2021\/#website","url":"https:\/\/www.noticiasradioreflejos.com.ar\/2021\/","name":"Noticias Radio Reflejos","description":"Las noticias de mi comarca","potentialAction":[{"@type":"SearchAction","target":{"@type":"EntryPoint","urlTemplate":"https:\/\/www.noticiasradioreflejos.com.ar\/2021\/?s={search_term_string}"},"query-input":{"@type":"PropertyValueSpecification","valueRequired":true,"valueName":"search_term_string"}}],"inLanguage":"es"},{"@type":"Person","@id":"https:\/\/www.noticiasradioreflejos.com.ar\/2021\/#\/schema\/person\/ad82545263dcc5ec0996818884fd5fb1","name":"Arnaldo Botto","image":{"@type":"ImageObject","inLanguage":"es","@id":"https:\/\/www.noticiasradioreflejos.com.ar\/2021\/#\/schema\/person\/image\/","url":"https:\/\/secure.gravatar.com\/avatar\/55cb5e37c1efa326397366e6974cb338056df65cb50e7d64d1cf314e87504837?s=96&d=mm&r=g","contentUrl":"https:\/\/secure.gravatar.com\/avatar\/55cb5e37c1efa326397366e6974cb338056df65cb50e7d64d1cf314e87504837?s=96&d=mm&r=g","caption":"Arnaldo Botto"},"url":"https:\/\/www.noticiasradioreflejos.com.ar\/2021\/author\/arnaldo\/"}]}},"_links":{"self":[{"href":"https:\/\/www.noticiasradioreflejos.com.ar\/2021\/wp-json\/wp\/v2\/posts\/132002","targetHints":{"allow":["GET"]}}],"collection":[{"href":"https:\/\/www.noticiasradioreflejos.com.ar\/2021\/wp-json\/wp\/v2\/posts"}],"about":[{"href":"https:\/\/www.noticiasradioreflejos.com.ar\/2021\/wp-json\/wp\/v2\/types\/post"}],"author":[{"embeddable":true,"href":"https:\/\/www.noticiasradioreflejos.com.ar\/2021\/wp-json\/wp\/v2\/users\/3"}],"replies":[{"embeddable":true,"href":"https:\/\/www.noticiasradioreflejos.com.ar\/2021\/wp-json\/wp\/v2\/comments?post=132002"}],"version-history":[{"count":1,"href":"https:\/\/www.noticiasradioreflejos.com.ar\/2021\/wp-json\/wp\/v2\/posts\/132002\/revisions"}],"predecessor-version":[{"id":132008,"href":"https:\/\/www.noticiasradioreflejos.com.ar\/2021\/wp-json\/wp\/v2\/posts\/132002\/revisions\/132008"}],"wp:featuredmedia":[{"embeddable":true,"href":"https:\/\/www.noticiasradioreflejos.com.ar\/2021\/wp-json\/wp\/v2\/media\/132003"}],"wp:attachment":[{"href":"https:\/\/www.noticiasradioreflejos.com.ar\/2021\/wp-json\/wp\/v2\/media?parent=132002"}],"wp:term":[{"taxonomy":"category","embeddable":true,"href":"https:\/\/www.noticiasradioreflejos.com.ar\/2021\/wp-json\/wp\/v2\/categories?post=132002"},{"taxonomy":"post_tag","embeddable":true,"href":"https:\/\/www.noticiasradioreflejos.com.ar\/2021\/wp-json\/wp\/v2\/tags?post=132002"}],"curies":[{"name":"wp","href":"https:\/\/api.w.org\/{rel}","templated":true}]}}