{"id":131999,"date":"2026-01-28T10:38:29","date_gmt":"2026-01-28T13:38:29","guid":{"rendered":"https:\/\/www.noticiasradioreflejos.com.ar\/2021\/?p=131999"},"modified":"2026-01-28T10:38:29","modified_gmt":"2026-01-28T13:38:29","slug":"el-sindicato-municipal-de-tornquist-cargo-contra-la-libertad-avanza-por-oponerse-al-aumento-salarial","status":"publish","type":"post","link":"https:\/\/www.noticiasradioreflejos.com.ar\/2021\/el-sindicato-municipal-de-tornquist-cargo-contra-la-libertad-avanza-por-oponerse-al-aumento-salarial\/","title":{"rendered":"El Sindicato Municipal de Tornquist carg\u00f3 contra La Libertad Avanza por oponerse al aumento salarial"},"content":{"rendered":"<p>A trav\u00e9s de un duro comunicado, el STMT manifest\u00f3 su indignaci\u00f3n ante la postura del bloque libertario en el HCD, calific\u00e1ndola como una \u00abfalta de empat\u00eda\u00bb y una pol\u00edtica \u00abanti-Estado\u00bb que atenta contra el poder adquisitivo de los trabajadores.<!--more--><br \/>\nEl Sindicato de Trabajadores Municipales de Tornquist (STMT) emiti\u00f3 este mi\u00e9rcoles un fuerte descargo tras la \u00faltima sesi\u00f3n del Honorable Concejo Deliberante, donde el bloque de <b data-path-to-node=\"4\" data-index-in-node=\"190\">La Libertad Avanza (LLA)<\/b> manifest\u00f3 su rechazo al incremento salarial otorgado por el Ejecutivo Municipal a los empleados del distrito.<\/p>\n<p data-path-to-node=\"5\">Desde la Secretar\u00eda de Prensa del gremio, calificaron la postura de los concejales libertarios como una muestra de desconexi\u00f3n con la realidad social. \u00abEs muy f\u00e1cil oponerse con la seguridad de comer todos los d\u00edas y la tranquilidad de no tener que pagar un alquiler\u00bb, fustigaron, contrastando la situaci\u00f3n de los ediles con la de los trabajadores que sostienen el funcionamiento diario del municipio.<\/p>\n<p data-path-to-node=\"6\"><b data-path-to-node=\"6\" data-index-in-node=\"0\">Cuestionamiento a los argumentos de la oposici\u00f3n<\/b> El sindicato tild\u00f3 de \u00abardid\u00bb el argumento utilizado por LLA, quienes habr\u00edan justificado su negativa bajo la premisa de que el aumento tambi\u00e9n alcanzar\u00eda a la planta pol\u00edtica. Para el STMT, esta explicaci\u00f3n busca ocultar una mirada despectiva hacia el empleado municipal. \u00abEl discurso de la equidad es una m\u00e1scara; para ellos, el laburante no merece ni aumento ni casa\u00bb, sentenciaron en el comunicado.<\/p>\n<p data-path-to-node=\"7\"><b data-path-to-node=\"7\" data-index-in-node=\"0\">Diferencias en la oposici\u00f3n<\/b> En el mismo escrito, el gremio destac\u00f3 la actitud del bloque de la <b data-path-to-node=\"7\" data-index-in-node=\"95\">Uni\u00f3n C\u00edvica Radical (UCR)<\/b>, que a pesar de escuchar los argumentos de LLA, decidi\u00f3 acompa\u00f1ar la medida entendiendo la urgencia de proteger el salario frente al contexto econ\u00f3mico actual.<\/p>\n<p data-path-to-node=\"8\"><b data-path-to-node=\"8\" data-index-in-node=\"0\">\u00abEsto no se olvida\u00bb<\/b> Finalmente, el comunicado cierra con una advertencia pol\u00edtica directa, calificando el accionar de LLA como una \u00abnueva pol\u00edtica anti-Estado\u00bb que ser\u00e1 recordada por los trabajadores. \u00abLLA nunca m\u00e1s\u00bb, concluye la gacetilla, marcando un punto de ruptura total entre el sindicato y el espacio libertario en el distrito de Tornquist.<\/p>\n<p><iframe loading=\"lazy\" style=\"border: none; overflow: hidden;\" src=\"https:\/\/www.facebook.com\/plugins\/post.php?href=https%3A%2F%2Fwww.facebook.com%2Fsindmuni.tornquist%2Fposts%2Fpfbid0WA4Yahspgpt5GKBMeSN1U91HYg12rNo8VvCHvjHDds2zLAX9ym2d4dEEqub5wY5jl&amp;show_text=true&amp;width=500\" width=\"500\" height=\"576\" frameborder=\"0\" scrolling=\"no\" allowfullscreen=\"allowfullscreen\"><\/iframe><\/p>\n","protected":false},"excerpt":{"rendered":"<p>A trav\u00e9s de un duro comunicado, el STMT manifest\u00f3 su indignaci\u00f3n ante la postura del bloque libertario en el HCD, calific\u00e1ndola como una \u00abfalta de empat\u00eda\u00bb y una pol\u00edtica \u00abanti-Estado\u00bb que atenta contra el poder adquisitivo de los trabajadores.<\/p>\n","protected":false},"author":3,"featured_media":132000,"comment_status":"closed","ping_status":"closed","sticky":false,"template":"","format":"standard","meta":{"footnotes":""},"categories":[24],"tags":[48],"class_list":["post-131999","post","type-post","status-publish","format-standard","has-post-thumbnail","hentry","category-politica","tag-destacada"],"yoast_head":"<!-- This site is optimized with the Yoast SEO plugin v25.9 - https:\/\/yoast.com\/wordpress\/plugins\/seo\/ -->\n<title>El Sindicato Municipal de Tornquist carg\u00f3 contra La Libertad Avanza por oponerse al aumento salarial - Noticias Radio Reflejos<\/title>\n<meta name=\"robots\" content=\"index, follow, max-snippet:-1, max-image-preview:large, max-video-preview:-1\" \/>\n<link rel=\"canonical\" href=\"https:\/\/www.noticiasradioreflejos.com.ar\/2021\/el-sindicato-municipal-de-tornquist-cargo-contra-la-libertad-avanza-por-oponerse-al-aumento-salarial\/\" \/>\n<meta property=\"og:locale\" content=\"es_ES\" \/>\n<meta property=\"og:type\" content=\"article\" \/>\n<meta property=\"og:title\" content=\"El Sindicato Municipal de Tornquist carg\u00f3 contra La Libertad Avanza por oponerse al aumento salarial - Noticias Radio Reflejos\" \/>\n<meta property=\"og:description\" content=\"A trav\u00e9s de un duro comunicado, el STMT manifest\u00f3 su indignaci\u00f3n ante la postura del bloque libertario en el HCD, calific\u00e1ndola como una \u00abfalta de empat\u00eda\u00bb y una pol\u00edtica \u00abanti-Estado\u00bb que atenta contra el poder adquisitivo de los trabajadores.\" \/>\n<meta property=\"og:url\" content=\"https:\/\/www.noticiasradioreflejos.com.ar\/2021\/el-sindicato-municipal-de-tornquist-cargo-contra-la-libertad-avanza-por-oponerse-al-aumento-salarial\/\" \/>\n<meta property=\"og:site_name\" content=\"Noticias Radio Reflejos\" \/>\n<meta property=\"article:published_time\" content=\"2026-01-28T13:38:29+00:00\" \/>\n<meta property=\"og:image\" content=\"https:\/\/www.noticiasradioreflejos.com.ar\/2021\/wp-content\/uploads\/2026\/01\/sindicato-municipales.jpg\" \/>\n\t<meta property=\"og:image:width\" content=\"720\" \/>\n\t<meta property=\"og:image:height\" content=\"477\" \/>\n\t<meta property=\"og:image:type\" content=\"image\/jpeg\" \/>\n<meta name=\"author\" content=\"Arnaldo Botto\" \/>\n<meta name=\"twitter:card\" content=\"summary_large_image\" \/>\n<script type=\"application\/ld+json\" class=\"yoast-schema-graph\">{\"@context\":\"https:\/\/schema.org\",\"@graph\":[{\"@type\":\"WebPage\",\"@id\":\"https:\/\/www.noticiasradioreflejos.com.ar\/2021\/el-sindicato-municipal-de-tornquist-cargo-contra-la-libertad-avanza-por-oponerse-al-aumento-salarial\/\",\"url\":\"https:\/\/www.noticiasradioreflejos.com.ar\/2021\/el-sindicato-municipal-de-tornquist-cargo-contra-la-libertad-avanza-por-oponerse-al-aumento-salarial\/\",\"name\":\"El Sindicato Municipal de Tornquist carg\u00f3 contra La Libertad Avanza por oponerse al aumento salarial - Noticias Radio Reflejos\",\"isPartOf\":{\"@id\":\"https:\/\/www.noticiasradioreflejos.com.ar\/2021\/#website\"},\"primaryImageOfPage\":{\"@id\":\"https:\/\/www.noticiasradioreflejos.com.ar\/2021\/el-sindicato-municipal-de-tornquist-cargo-contra-la-libertad-avanza-por-oponerse-al-aumento-salarial\/#primaryimage\"},\"image\":{\"@id\":\"https:\/\/www.noticiasradioreflejos.com.ar\/2021\/el-sindicato-municipal-de-tornquist-cargo-contra-la-libertad-avanza-por-oponerse-al-aumento-salarial\/#primaryimage\"},\"thumbnailUrl\":\"https:\/\/www.noticiasradioreflejos.com.ar\/2021\/wp-content\/uploads\/2026\/01\/sindicato-municipales.jpg\",\"datePublished\":\"2026-01-28T13:38:29+00:00\",\"author\":{\"@id\":\"https:\/\/www.noticiasradioreflejos.com.ar\/2021\/#\/schema\/person\/ad82545263dcc5ec0996818884fd5fb1\"},\"breadcrumb\":{\"@id\":\"https:\/\/www.noticiasradioreflejos.com.ar\/2021\/el-sindicato-municipal-de-tornquist-cargo-contra-la-libertad-avanza-por-oponerse-al-aumento-salarial\/#breadcrumb\"},\"inLanguage\":\"es\",\"potentialAction\":[{\"@type\":\"ReadAction\",\"target\":[\"https:\/\/www.noticiasradioreflejos.com.ar\/2021\/el-sindicato-municipal-de-tornquist-cargo-contra-la-libertad-avanza-por-oponerse-al-aumento-salarial\/\"]}]},{\"@type\":\"ImageObject\",\"inLanguage\":\"es\",\"@id\":\"https:\/\/www.noticiasradioreflejos.com.ar\/2021\/el-sindicato-municipal-de-tornquist-cargo-contra-la-libertad-avanza-por-oponerse-al-aumento-salarial\/#primaryimage\",\"url\":\"https:\/\/www.noticiasradioreflejos.com.ar\/2021\/wp-content\/uploads\/2026\/01\/sindicato-municipales.jpg\",\"contentUrl\":\"https:\/\/www.noticiasradioreflejos.com.ar\/2021\/wp-content\/uploads\/2026\/01\/sindicato-municipales.jpg\",\"width\":720,\"height\":477},{\"@type\":\"BreadcrumbList\",\"@id\":\"https:\/\/www.noticiasradioreflejos.com.ar\/2021\/el-sindicato-municipal-de-tornquist-cargo-contra-la-libertad-avanza-por-oponerse-al-aumento-salarial\/#breadcrumb\",\"itemListElement\":[{\"@type\":\"ListItem\",\"position\":1,\"name\":\"Portada\",\"item\":\"https:\/\/www.noticiasradioreflejos.com.ar\/2021\/\"},{\"@type\":\"ListItem\",\"position\":2,\"name\":\"El Sindicato Municipal de Tornquist carg\u00f3 contra La Libertad Avanza por oponerse al aumento salarial\"}]},{\"@type\":\"WebSite\",\"@id\":\"https:\/\/www.noticiasradioreflejos.com.ar\/2021\/#website\",\"url\":\"https:\/\/www.noticiasradioreflejos.com.ar\/2021\/\",\"name\":\"Noticias Radio Reflejos\",\"description\":\"Las noticias de mi comarca\",\"potentialAction\":[{\"@type\":\"SearchAction\",\"target\":{\"@type\":\"EntryPoint\",\"urlTemplate\":\"https:\/\/www.noticiasradioreflejos.com.ar\/2021\/?s={search_term_string}\"},\"query-input\":{\"@type\":\"PropertyValueSpecification\",\"valueRequired\":true,\"valueName\":\"search_term_string\"}}],\"inLanguage\":\"es\"},{\"@type\":\"Person\",\"@id\":\"https:\/\/www.noticiasradioreflejos.com.ar\/2021\/#\/schema\/person\/ad82545263dcc5ec0996818884fd5fb1\",\"name\":\"Arnaldo Botto\",\"image\":{\"@type\":\"ImageObject\",\"inLanguage\":\"es\",\"@id\":\"https:\/\/www.noticiasradioreflejos.com.ar\/2021\/#\/schema\/person\/image\/\",\"url\":\"https:\/\/secure.gravatar.com\/avatar\/55cb5e37c1efa326397366e6974cb338056df65cb50e7d64d1cf314e87504837?s=96&d=mm&r=g\",\"contentUrl\":\"https:\/\/secure.gravatar.com\/avatar\/55cb5e37c1efa326397366e6974cb338056df65cb50e7d64d1cf314e87504837?s=96&d=mm&r=g\",\"caption\":\"Arnaldo Botto\"},\"url\":\"https:\/\/www.noticiasradioreflejos.com.ar\/2021\/author\/arnaldo\/\"}]}<\/script>\n<!-- \/ Yoast SEO plugin. -->","yoast_head_json":{"title":"El Sindicato Municipal de Tornquist carg\u00f3 contra La Libertad Avanza por oponerse al aumento salarial - Noticias Radio Reflejos","robots":{"index":"index","follow":"follow","max-snippet":"max-snippet:-1","max-image-preview":"max-image-preview:large","max-video-preview":"max-video-preview:-1"},"canonical":"https:\/\/www.noticiasradioreflejos.com.ar\/2021\/el-sindicato-municipal-de-tornquist-cargo-contra-la-libertad-avanza-por-oponerse-al-aumento-salarial\/","og_locale":"es_ES","og_type":"article","og_title":"El Sindicato Municipal de Tornquist carg\u00f3 contra La Libertad Avanza por oponerse al aumento salarial - Noticias Radio Reflejos","og_description":"A trav\u00e9s de un duro comunicado, el STMT manifest\u00f3 su indignaci\u00f3n ante la postura del bloque libertario en el HCD, calific\u00e1ndola como una \u00abfalta de empat\u00eda\u00bb y una pol\u00edtica \u00abanti-Estado\u00bb que atenta contra el poder adquisitivo de los trabajadores.","og_url":"https:\/\/www.noticiasradioreflejos.com.ar\/2021\/el-sindicato-municipal-de-tornquist-cargo-contra-la-libertad-avanza-por-oponerse-al-aumento-salarial\/","og_site_name":"Noticias Radio Reflejos","article_published_time":"2026-01-28T13:38:29+00:00","og_image":[{"width":720,"height":477,"url":"https:\/\/www.noticiasradioreflejos.com.ar\/2021\/wp-content\/uploads\/2026\/01\/sindicato-municipales.jpg","type":"image\/jpeg"}],"author":"Arnaldo Botto","twitter_card":"summary_large_image","schema":{"@context":"https:\/\/schema.org","@graph":[{"@type":"WebPage","@id":"https:\/\/www.noticiasradioreflejos.com.ar\/2021\/el-sindicato-municipal-de-tornquist-cargo-contra-la-libertad-avanza-por-oponerse-al-aumento-salarial\/","url":"https:\/\/www.noticiasradioreflejos.com.ar\/2021\/el-sindicato-municipal-de-tornquist-cargo-contra-la-libertad-avanza-por-oponerse-al-aumento-salarial\/","name":"El Sindicato Municipal de Tornquist carg\u00f3 contra La Libertad Avanza por oponerse al aumento salarial - Noticias Radio Reflejos","isPartOf":{"@id":"https:\/\/www.noticiasradioreflejos.com.ar\/2021\/#website"},"primaryImageOfPage":{"@id":"https:\/\/www.noticiasradioreflejos.com.ar\/2021\/el-sindicato-municipal-de-tornquist-cargo-contra-la-libertad-avanza-por-oponerse-al-aumento-salarial\/#primaryimage"},"image":{"@id":"https:\/\/www.noticiasradioreflejos.com.ar\/2021\/el-sindicato-municipal-de-tornquist-cargo-contra-la-libertad-avanza-por-oponerse-al-aumento-salarial\/#primaryimage"},"thumbnailUrl":"https:\/\/www.noticiasradioreflejos.com.ar\/2021\/wp-content\/uploads\/2026\/01\/sindicato-municipales.jpg","datePublished":"2026-01-28T13:38:29+00:00","author":{"@id":"https:\/\/www.noticiasradioreflejos.com.ar\/2021\/#\/schema\/person\/ad82545263dcc5ec0996818884fd5fb1"},"breadcrumb":{"@id":"https:\/\/www.noticiasradioreflejos.com.ar\/2021\/el-sindicato-municipal-de-tornquist-cargo-contra-la-libertad-avanza-por-oponerse-al-aumento-salarial\/#breadcrumb"},"inLanguage":"es","potentialAction":[{"@type":"ReadAction","target":["https:\/\/www.noticiasradioreflejos.com.ar\/2021\/el-sindicato-municipal-de-tornquist-cargo-contra-la-libertad-avanza-por-oponerse-al-aumento-salarial\/"]}]},{"@type":"ImageObject","inLanguage":"es","@id":"https:\/\/www.noticiasradioreflejos.com.ar\/2021\/el-sindicato-municipal-de-tornquist-cargo-contra-la-libertad-avanza-por-oponerse-al-aumento-salarial\/#primaryimage","url":"https:\/\/www.noticiasradioreflejos.com.ar\/2021\/wp-content\/uploads\/2026\/01\/sindicato-municipales.jpg","contentUrl":"https:\/\/www.noticiasradioreflejos.com.ar\/2021\/wp-content\/uploads\/2026\/01\/sindicato-municipales.jpg","width":720,"height":477},{"@type":"BreadcrumbList","@id":"https:\/\/www.noticiasradioreflejos.com.ar\/2021\/el-sindicato-municipal-de-tornquist-cargo-contra-la-libertad-avanza-por-oponerse-al-aumento-salarial\/#breadcrumb","itemListElement":[{"@type":"ListItem","position":1,"name":"Portada","item":"https:\/\/www.noticiasradioreflejos.com.ar\/2021\/"},{"@type":"ListItem","position":2,"name":"El Sindicato Municipal de Tornquist carg\u00f3 contra La Libertad Avanza por oponerse al aumento salarial"}]},{"@type":"WebSite","@id":"https:\/\/www.noticiasradioreflejos.com.ar\/2021\/#website","url":"https:\/\/www.noticiasradioreflejos.com.ar\/2021\/","name":"Noticias Radio Reflejos","description":"Las noticias de mi comarca","potentialAction":[{"@type":"SearchAction","target":{"@type":"EntryPoint","urlTemplate":"https:\/\/www.noticiasradioreflejos.com.ar\/2021\/?s={search_term_string}"},"query-input":{"@type":"PropertyValueSpecification","valueRequired":true,"valueName":"search_term_string"}}],"inLanguage":"es"},{"@type":"Person","@id":"https:\/\/www.noticiasradioreflejos.com.ar\/2021\/#\/schema\/person\/ad82545263dcc5ec0996818884fd5fb1","name":"Arnaldo Botto","image":{"@type":"ImageObject","inLanguage":"es","@id":"https:\/\/www.noticiasradioreflejos.com.ar\/2021\/#\/schema\/person\/image\/","url":"https:\/\/secure.gravatar.com\/avatar\/55cb5e37c1efa326397366e6974cb338056df65cb50e7d64d1cf314e87504837?s=96&d=mm&r=g","contentUrl":"https:\/\/secure.gravatar.com\/avatar\/55cb5e37c1efa326397366e6974cb338056df65cb50e7d64d1cf314e87504837?s=96&d=mm&r=g","caption":"Arnaldo Botto"},"url":"https:\/\/www.noticiasradioreflejos.com.ar\/2021\/author\/arnaldo\/"}]}},"_links":{"self":[{"href":"https:\/\/www.noticiasradioreflejos.com.ar\/2021\/wp-json\/wp\/v2\/posts\/131999","targetHints":{"allow":["GET"]}}],"collection":[{"href":"https:\/\/www.noticiasradioreflejos.com.ar\/2021\/wp-json\/wp\/v2\/posts"}],"about":[{"href":"https:\/\/www.noticiasradioreflejos.com.ar\/2021\/wp-json\/wp\/v2\/types\/post"}],"author":[{"embeddable":true,"href":"https:\/\/www.noticiasradioreflejos.com.ar\/2021\/wp-json\/wp\/v2\/users\/3"}],"replies":[{"embeddable":true,"href":"https:\/\/www.noticiasradioreflejos.com.ar\/2021\/wp-json\/wp\/v2\/comments?post=131999"}],"version-history":[{"count":1,"href":"https:\/\/www.noticiasradioreflejos.com.ar\/2021\/wp-json\/wp\/v2\/posts\/131999\/revisions"}],"predecessor-version":[{"id":132001,"href":"https:\/\/www.noticiasradioreflejos.com.ar\/2021\/wp-json\/wp\/v2\/posts\/131999\/revisions\/132001"}],"wp:featuredmedia":[{"embeddable":true,"href":"https:\/\/www.noticiasradioreflejos.com.ar\/2021\/wp-json\/wp\/v2\/media\/132000"}],"wp:attachment":[{"href":"https:\/\/www.noticiasradioreflejos.com.ar\/2021\/wp-json\/wp\/v2\/media?parent=131999"}],"wp:term":[{"taxonomy":"category","embeddable":true,"href":"https:\/\/www.noticiasradioreflejos.com.ar\/2021\/wp-json\/wp\/v2\/categories?post=131999"},{"taxonomy":"post_tag","embeddable":true,"href":"https:\/\/www.noticiasradioreflejos.com.ar\/2021\/wp-json\/wp\/v2\/tags?post=131999"}],"curies":[{"name":"wp","href":"https:\/\/api.w.org\/{rel}","templated":true}]}}