{"id":131996,"date":"2026-01-28T10:32:38","date_gmt":"2026-01-28T13:32:38","guid":{"rendered":"https:\/\/www.noticiasradioreflejos.com.ar\/2021\/?p=131996"},"modified":"2026-01-28T10:32:38","modified_gmt":"2026-01-28T13:32:38","slug":"cineclub-en-coopersive-una-noche-magica-con-el-universo-de-federico-fellini","status":"publish","type":"post","link":"https:\/\/www.noticiasradioreflejos.com.ar\/2021\/cineclub-en-coopersive-una-noche-magica-con-el-universo-de-federico-fellini\/","title":{"rendered":"Cineclub en Coopersive: Una noche m\u00e1gica con el universo de Federico Fellini"},"content":{"rendered":"<p data-path-to-node=\"3\"><b data-path-to-node=\"3\" data-index-in-node=\"0\">Este viernes, el ciclo de cine debate de la cooperativa local invita a sumergirse en la po\u00e9tica del gran maestro italiano. Se proyectar\u00e1 \u00abLa voce de la luna\u00bb (La voz de la luna), la \u00faltima obra cinematogr\u00e1fica de Fellini, que propone un viaje surrealista y conmovedor a trav\u00e9s de la locura y el silencio.<\/b><!--more--><\/p>\n<p data-path-to-node=\"6\">El Cineclub Coopersive contin\u00faa consolid\u00e1ndose como un espacio de encuentro y reflexi\u00f3n en Sierra de la Ventana. En esta oportunidad, la pantalla se rinde ante la genialidad de <b data-path-to-node=\"6\" data-index-in-node=\"177\">Federico Fellini<\/b> con una pieza que sirve como testamento art\u00edstico del director de <i data-path-to-node=\"6\" data-index-in-node=\"260\">La Dolce Vita<\/i> y <i data-path-to-node=\"6\" data-index-in-node=\"276\">8\u00bd<\/i>.<\/p>\n<p data-path-to-node=\"8,0,0\"><b>Este <\/b>Viernes 30 de enero (semana actual) a las 21 horas en el SUM\u00a0de Coopersive, Sierra de la Ventana.<\/p>\n<ul data-path-to-node=\"8\">\n<li>\n<p data-path-to-node=\"8,2,0\"><b data-path-to-node=\"8,2,0\" data-index-in-node=\"0\">Pel\u00edcula:<\/b> <i data-path-to-node=\"8,2,0\" data-index-in-node=\"10\">La voce della luna<\/i> (1990).<\/p>\n<\/li>\n<li>\n<p data-path-to-node=\"8,3,0\"><b data-path-to-node=\"8,3,0\" data-index-in-node=\"0\">Protagonistas:<\/b> Roberto Benigni y Paolo Villaggio.<\/p>\n<\/li>\n<\/ul>\n<h3 data-path-to-node=\"9\"><b data-path-to-node=\"9\" data-index-in-node=\"0\">Resumen de la pel\u00edcula: \u00ab\u00bfQui\u00e9n es capaz de escuchar la voz de la luna?\u00bb<\/b><\/h3>\n<p data-path-to-node=\"10\">Salvini (interpretado por un magistral Roberto Benigni), un hombre reci\u00e9n salido de un hospital psiqui\u00e1trico, deambula por los paisajes nocturnos de la llanura de Padana. En su viaje, se encuentra con personajes extravagantes y situaciones on\u00edricas mientras intenta capturar la \u00abvoz de la luna\u00bb, una met\u00e1fora sobre la necesidad de silencio y pureza en un mundo moderno cada vez m\u00e1s ruidoso y vac\u00edo.<\/p>\n<p data-path-to-node=\"11\">La pel\u00edcula es una f\u00e1bula visual que invita a la reflexi\u00f3n sobre la locura, la vejez y la belleza de lo irracional. Al finalizar la proyecci\u00f3n, se realizar\u00e1 el habitual espacio de debate para compartir impresiones sobre la est\u00e9tica felliniana y los mensajes ocultos en esta obra final.<\/p>\n","protected":false},"excerpt":{"rendered":"<p>Este viernes, el ciclo de cine debate de la cooperativa local invita a sumergirse en la po\u00e9tica del gran maestro italiano. Se proyectar\u00e1 \u00abLa voce de la luna\u00bb (La voz de la luna), la \u00faltima obra cinematogr\u00e1fica de Fellini, que propone un viaje surrealista y conmovedor a trav\u00e9s de la locura y el silencio.<\/p>\n","protected":false},"author":3,"featured_media":131997,"comment_status":"closed","ping_status":"closed","sticky":false,"template":"","format":"standard","meta":{"footnotes":""},"categories":[35],"tags":[],"class_list":["post-131996","post","type-post","status-publish","format-standard","has-post-thumbnail","hentry","category-cultura"],"yoast_head":"<!-- This site is optimized with the Yoast SEO plugin v25.9 - https:\/\/yoast.com\/wordpress\/plugins\/seo\/ -->\n<title>Cineclub en Coopersive: Una noche m\u00e1gica con el universo de Federico Fellini - Noticias Radio Reflejos<\/title>\n<meta name=\"robots\" content=\"index, follow, max-snippet:-1, max-image-preview:large, max-video-preview:-1\" \/>\n<link rel=\"canonical\" href=\"https:\/\/www.noticiasradioreflejos.com.ar\/2021\/cineclub-en-coopersive-una-noche-magica-con-el-universo-de-federico-fellini\/\" \/>\n<meta property=\"og:locale\" content=\"es_ES\" \/>\n<meta property=\"og:type\" content=\"article\" \/>\n<meta property=\"og:title\" content=\"Cineclub en Coopersive: Una noche m\u00e1gica con el universo de Federico Fellini - Noticias Radio Reflejos\" \/>\n<meta property=\"og:description\" content=\"Este viernes, el ciclo de cine debate de la cooperativa local invita a sumergirse en la po\u00e9tica del gran maestro italiano. Se proyectar\u00e1 \u00abLa voce de la luna\u00bb (La voz de la luna), la \u00faltima obra cinematogr\u00e1fica de Fellini, que propone un viaje surrealista y conmovedor a trav\u00e9s de la locura y el silencio.\" \/>\n<meta property=\"og:url\" content=\"https:\/\/www.noticiasradioreflejos.com.ar\/2021\/cineclub-en-coopersive-una-noche-magica-con-el-universo-de-federico-fellini\/\" \/>\n<meta property=\"og:site_name\" content=\"Noticias Radio Reflejos\" \/>\n<meta property=\"article:published_time\" content=\"2026-01-28T13:32:38+00:00\" \/>\n<meta property=\"og:image\" content=\"https:\/\/www.noticiasradioreflejos.com.ar\/2021\/wp-content\/uploads\/2026\/01\/WhatsApp-Image-2026-01-27-at-11.32.40.jpeg\" \/>\n\t<meta property=\"og:image:width\" content=\"900\" \/>\n\t<meta property=\"og:image:height\" content=\"1600\" \/>\n\t<meta property=\"og:image:type\" content=\"image\/jpeg\" \/>\n<meta name=\"author\" content=\"Arnaldo Botto\" \/>\n<meta name=\"twitter:card\" content=\"summary_large_image\" \/>\n<script type=\"application\/ld+json\" class=\"yoast-schema-graph\">{\"@context\":\"https:\/\/schema.org\",\"@graph\":[{\"@type\":\"WebPage\",\"@id\":\"https:\/\/www.noticiasradioreflejos.com.ar\/2021\/cineclub-en-coopersive-una-noche-magica-con-el-universo-de-federico-fellini\/\",\"url\":\"https:\/\/www.noticiasradioreflejos.com.ar\/2021\/cineclub-en-coopersive-una-noche-magica-con-el-universo-de-federico-fellini\/\",\"name\":\"Cineclub en Coopersive: Una noche m\u00e1gica con el universo de Federico Fellini - Noticias Radio Reflejos\",\"isPartOf\":{\"@id\":\"https:\/\/www.noticiasradioreflejos.com.ar\/2021\/#website\"},\"primaryImageOfPage\":{\"@id\":\"https:\/\/www.noticiasradioreflejos.com.ar\/2021\/cineclub-en-coopersive-una-noche-magica-con-el-universo-de-federico-fellini\/#primaryimage\"},\"image\":{\"@id\":\"https:\/\/www.noticiasradioreflejos.com.ar\/2021\/cineclub-en-coopersive-una-noche-magica-con-el-universo-de-federico-fellini\/#primaryimage\"},\"thumbnailUrl\":\"https:\/\/www.noticiasradioreflejos.com.ar\/2021\/wp-content\/uploads\/2026\/01\/WhatsApp-Image-2026-01-27-at-11.32.40.jpeg\",\"datePublished\":\"2026-01-28T13:32:38+00:00\",\"author\":{\"@id\":\"https:\/\/www.noticiasradioreflejos.com.ar\/2021\/#\/schema\/person\/ad82545263dcc5ec0996818884fd5fb1\"},\"breadcrumb\":{\"@id\":\"https:\/\/www.noticiasradioreflejos.com.ar\/2021\/cineclub-en-coopersive-una-noche-magica-con-el-universo-de-federico-fellini\/#breadcrumb\"},\"inLanguage\":\"es\",\"potentialAction\":[{\"@type\":\"ReadAction\",\"target\":[\"https:\/\/www.noticiasradioreflejos.com.ar\/2021\/cineclub-en-coopersive-una-noche-magica-con-el-universo-de-federico-fellini\/\"]}]},{\"@type\":\"ImageObject\",\"inLanguage\":\"es\",\"@id\":\"https:\/\/www.noticiasradioreflejos.com.ar\/2021\/cineclub-en-coopersive-una-noche-magica-con-el-universo-de-federico-fellini\/#primaryimage\",\"url\":\"https:\/\/www.noticiasradioreflejos.com.ar\/2021\/wp-content\/uploads\/2026\/01\/WhatsApp-Image-2026-01-27-at-11.32.40.jpeg\",\"contentUrl\":\"https:\/\/www.noticiasradioreflejos.com.ar\/2021\/wp-content\/uploads\/2026\/01\/WhatsApp-Image-2026-01-27-at-11.32.40.jpeg\",\"width\":900,\"height\":1600},{\"@type\":\"BreadcrumbList\",\"@id\":\"https:\/\/www.noticiasradioreflejos.com.ar\/2021\/cineclub-en-coopersive-una-noche-magica-con-el-universo-de-federico-fellini\/#breadcrumb\",\"itemListElement\":[{\"@type\":\"ListItem\",\"position\":1,\"name\":\"Portada\",\"item\":\"https:\/\/www.noticiasradioreflejos.com.ar\/2021\/\"},{\"@type\":\"ListItem\",\"position\":2,\"name\":\"Cineclub en Coopersive: Una noche m\u00e1gica con el universo de Federico Fellini\"}]},{\"@type\":\"WebSite\",\"@id\":\"https:\/\/www.noticiasradioreflejos.com.ar\/2021\/#website\",\"url\":\"https:\/\/www.noticiasradioreflejos.com.ar\/2021\/\",\"name\":\"Noticias Radio Reflejos\",\"description\":\"Las noticias de mi comarca\",\"potentialAction\":[{\"@type\":\"SearchAction\",\"target\":{\"@type\":\"EntryPoint\",\"urlTemplate\":\"https:\/\/www.noticiasradioreflejos.com.ar\/2021\/?s={search_term_string}\"},\"query-input\":{\"@type\":\"PropertyValueSpecification\",\"valueRequired\":true,\"valueName\":\"search_term_string\"}}],\"inLanguage\":\"es\"},{\"@type\":\"Person\",\"@id\":\"https:\/\/www.noticiasradioreflejos.com.ar\/2021\/#\/schema\/person\/ad82545263dcc5ec0996818884fd5fb1\",\"name\":\"Arnaldo Botto\",\"image\":{\"@type\":\"ImageObject\",\"inLanguage\":\"es\",\"@id\":\"https:\/\/www.noticiasradioreflejos.com.ar\/2021\/#\/schema\/person\/image\/\",\"url\":\"https:\/\/secure.gravatar.com\/avatar\/55cb5e37c1efa326397366e6974cb338056df65cb50e7d64d1cf314e87504837?s=96&d=mm&r=g\",\"contentUrl\":\"https:\/\/secure.gravatar.com\/avatar\/55cb5e37c1efa326397366e6974cb338056df65cb50e7d64d1cf314e87504837?s=96&d=mm&r=g\",\"caption\":\"Arnaldo Botto\"},\"url\":\"https:\/\/www.noticiasradioreflejos.com.ar\/2021\/author\/arnaldo\/\"}]}<\/script>\n<!-- \/ Yoast SEO plugin. -->","yoast_head_json":{"title":"Cineclub en Coopersive: Una noche m\u00e1gica con el universo de Federico Fellini - Noticias Radio Reflejos","robots":{"index":"index","follow":"follow","max-snippet":"max-snippet:-1","max-image-preview":"max-image-preview:large","max-video-preview":"max-video-preview:-1"},"canonical":"https:\/\/www.noticiasradioreflejos.com.ar\/2021\/cineclub-en-coopersive-una-noche-magica-con-el-universo-de-federico-fellini\/","og_locale":"es_ES","og_type":"article","og_title":"Cineclub en Coopersive: Una noche m\u00e1gica con el universo de Federico Fellini - Noticias Radio Reflejos","og_description":"Este viernes, el ciclo de cine debate de la cooperativa local invita a sumergirse en la po\u00e9tica del gran maestro italiano. Se proyectar\u00e1 \u00abLa voce de la luna\u00bb (La voz de la luna), la \u00faltima obra cinematogr\u00e1fica de Fellini, que propone un viaje surrealista y conmovedor a trav\u00e9s de la locura y el silencio.","og_url":"https:\/\/www.noticiasradioreflejos.com.ar\/2021\/cineclub-en-coopersive-una-noche-magica-con-el-universo-de-federico-fellini\/","og_site_name":"Noticias Radio Reflejos","article_published_time":"2026-01-28T13:32:38+00:00","og_image":[{"width":900,"height":1600,"url":"https:\/\/www.noticiasradioreflejos.com.ar\/2021\/wp-content\/uploads\/2026\/01\/WhatsApp-Image-2026-01-27-at-11.32.40.jpeg","type":"image\/jpeg"}],"author":"Arnaldo Botto","twitter_card":"summary_large_image","schema":{"@context":"https:\/\/schema.org","@graph":[{"@type":"WebPage","@id":"https:\/\/www.noticiasradioreflejos.com.ar\/2021\/cineclub-en-coopersive-una-noche-magica-con-el-universo-de-federico-fellini\/","url":"https:\/\/www.noticiasradioreflejos.com.ar\/2021\/cineclub-en-coopersive-una-noche-magica-con-el-universo-de-federico-fellini\/","name":"Cineclub en Coopersive: Una noche m\u00e1gica con el universo de Federico Fellini - Noticias Radio Reflejos","isPartOf":{"@id":"https:\/\/www.noticiasradioreflejos.com.ar\/2021\/#website"},"primaryImageOfPage":{"@id":"https:\/\/www.noticiasradioreflejos.com.ar\/2021\/cineclub-en-coopersive-una-noche-magica-con-el-universo-de-federico-fellini\/#primaryimage"},"image":{"@id":"https:\/\/www.noticiasradioreflejos.com.ar\/2021\/cineclub-en-coopersive-una-noche-magica-con-el-universo-de-federico-fellini\/#primaryimage"},"thumbnailUrl":"https:\/\/www.noticiasradioreflejos.com.ar\/2021\/wp-content\/uploads\/2026\/01\/WhatsApp-Image-2026-01-27-at-11.32.40.jpeg","datePublished":"2026-01-28T13:32:38+00:00","author":{"@id":"https:\/\/www.noticiasradioreflejos.com.ar\/2021\/#\/schema\/person\/ad82545263dcc5ec0996818884fd5fb1"},"breadcrumb":{"@id":"https:\/\/www.noticiasradioreflejos.com.ar\/2021\/cineclub-en-coopersive-una-noche-magica-con-el-universo-de-federico-fellini\/#breadcrumb"},"inLanguage":"es","potentialAction":[{"@type":"ReadAction","target":["https:\/\/www.noticiasradioreflejos.com.ar\/2021\/cineclub-en-coopersive-una-noche-magica-con-el-universo-de-federico-fellini\/"]}]},{"@type":"ImageObject","inLanguage":"es","@id":"https:\/\/www.noticiasradioreflejos.com.ar\/2021\/cineclub-en-coopersive-una-noche-magica-con-el-universo-de-federico-fellini\/#primaryimage","url":"https:\/\/www.noticiasradioreflejos.com.ar\/2021\/wp-content\/uploads\/2026\/01\/WhatsApp-Image-2026-01-27-at-11.32.40.jpeg","contentUrl":"https:\/\/www.noticiasradioreflejos.com.ar\/2021\/wp-content\/uploads\/2026\/01\/WhatsApp-Image-2026-01-27-at-11.32.40.jpeg","width":900,"height":1600},{"@type":"BreadcrumbList","@id":"https:\/\/www.noticiasradioreflejos.com.ar\/2021\/cineclub-en-coopersive-una-noche-magica-con-el-universo-de-federico-fellini\/#breadcrumb","itemListElement":[{"@type":"ListItem","position":1,"name":"Portada","item":"https:\/\/www.noticiasradioreflejos.com.ar\/2021\/"},{"@type":"ListItem","position":2,"name":"Cineclub en Coopersive: Una noche m\u00e1gica con el universo de Federico Fellini"}]},{"@type":"WebSite","@id":"https:\/\/www.noticiasradioreflejos.com.ar\/2021\/#website","url":"https:\/\/www.noticiasradioreflejos.com.ar\/2021\/","name":"Noticias Radio Reflejos","description":"Las noticias de mi comarca","potentialAction":[{"@type":"SearchAction","target":{"@type":"EntryPoint","urlTemplate":"https:\/\/www.noticiasradioreflejos.com.ar\/2021\/?s={search_term_string}"},"query-input":{"@type":"PropertyValueSpecification","valueRequired":true,"valueName":"search_term_string"}}],"inLanguage":"es"},{"@type":"Person","@id":"https:\/\/www.noticiasradioreflejos.com.ar\/2021\/#\/schema\/person\/ad82545263dcc5ec0996818884fd5fb1","name":"Arnaldo Botto","image":{"@type":"ImageObject","inLanguage":"es","@id":"https:\/\/www.noticiasradioreflejos.com.ar\/2021\/#\/schema\/person\/image\/","url":"https:\/\/secure.gravatar.com\/avatar\/55cb5e37c1efa326397366e6974cb338056df65cb50e7d64d1cf314e87504837?s=96&d=mm&r=g","contentUrl":"https:\/\/secure.gravatar.com\/avatar\/55cb5e37c1efa326397366e6974cb338056df65cb50e7d64d1cf314e87504837?s=96&d=mm&r=g","caption":"Arnaldo Botto"},"url":"https:\/\/www.noticiasradioreflejos.com.ar\/2021\/author\/arnaldo\/"}]}},"_links":{"self":[{"href":"https:\/\/www.noticiasradioreflejos.com.ar\/2021\/wp-json\/wp\/v2\/posts\/131996","targetHints":{"allow":["GET"]}}],"collection":[{"href":"https:\/\/www.noticiasradioreflejos.com.ar\/2021\/wp-json\/wp\/v2\/posts"}],"about":[{"href":"https:\/\/www.noticiasradioreflejos.com.ar\/2021\/wp-json\/wp\/v2\/types\/post"}],"author":[{"embeddable":true,"href":"https:\/\/www.noticiasradioreflejos.com.ar\/2021\/wp-json\/wp\/v2\/users\/3"}],"replies":[{"embeddable":true,"href":"https:\/\/www.noticiasradioreflejos.com.ar\/2021\/wp-json\/wp\/v2\/comments?post=131996"}],"version-history":[{"count":1,"href":"https:\/\/www.noticiasradioreflejos.com.ar\/2021\/wp-json\/wp\/v2\/posts\/131996\/revisions"}],"predecessor-version":[{"id":131998,"href":"https:\/\/www.noticiasradioreflejos.com.ar\/2021\/wp-json\/wp\/v2\/posts\/131996\/revisions\/131998"}],"wp:featuredmedia":[{"embeddable":true,"href":"https:\/\/www.noticiasradioreflejos.com.ar\/2021\/wp-json\/wp\/v2\/media\/131997"}],"wp:attachment":[{"href":"https:\/\/www.noticiasradioreflejos.com.ar\/2021\/wp-json\/wp\/v2\/media?parent=131996"}],"wp:term":[{"taxonomy":"category","embeddable":true,"href":"https:\/\/www.noticiasradioreflejos.com.ar\/2021\/wp-json\/wp\/v2\/categories?post=131996"},{"taxonomy":"post_tag","embeddable":true,"href":"https:\/\/www.noticiasradioreflejos.com.ar\/2021\/wp-json\/wp\/v2\/tags?post=131996"}],"curies":[{"name":"wp","href":"https:\/\/api.w.org\/{rel}","templated":true}]}}